{"id":13300,"date":"2025-05-23T09:15:00","date_gmt":"2025-05-23T07:15:00","guid":{"rendered":"https:\/\/www.saint-paul-angouleme.fr\/application\/?p=13300"},"modified":"2025-07-11T16:43:57","modified_gmt":"2025-07-11T14:43:57","slug":"concours-non-au-harcelement-une-premiere-pour-notre-etablissement","status":"publish","type":"post","link":"https:\/\/www.saint-paul-angouleme.fr\/application\/concours-non-au-harcelement-une-premiere-pour-notre-etablissement\/","title":{"rendered":"Concours \u00ab\u00a0Non au Harc\u00e8lement\u00a0\u00bb, une Premi\u00e8re pour notre \u00e9tablissement\u00a0!"},"content":{"rendered":"<div class=\"wp-block-image\">\n<figure class=\"aligncenter size-full\"><img loading=\"lazy\" decoding=\"async\" width=\"639\" height=\"901\" src=\"https:\/\/www.saint-paul-angouleme.fr\/application\/wp-content\/uploads\/2025\/07\/2.png\" alt=\"Affiche &quot;Non au harc\u00e8lement&quot; Coll\u00e8ge\" class=\"wp-image-13302\" srcset=\"https:\/\/www.saint-paul-angouleme.fr\/application\/wp-content\/uploads\/2025\/07\/2.png 639w, https:\/\/www.saint-paul-angouleme.fr\/application\/wp-content\/uploads\/2025\/07\/2-213x300.png 213w\" sizes=\"(max-width: 639px) 100vw, 639px\" \/><\/figure><\/div>\n\n\n<p><\/p>\n\n\n\n<p>Cette ann\u00e9e, les \u00e9l\u00e8ves de l\u2019<a href=\"https:\/\/www.saint-paul-angouleme.fr\/application\/cyberharcelement-sensibiliser-aux-bons-usages-dinternet\/\">atelier<\/a> de sensibilisation pour lutter contre le harc\u00e8lement ont particip\u00e9 au concours \u00ab\u00a0Non au Harc\u00e8lement\u00a0\u00bb.\u00a0<\/p>\n\n\n\n<p>Nos \u00e9l\u00e8ves ont choisi de r\u00e9aliser deux affiches&nbsp;: une pour la cat\u00e9gorie coll\u00e8ge et une autre pour la cat\u00e9gorie lyc\u00e9e.<\/p>\n\n\n\n<p>Jeudi 15 mai 2025, tous les \u00e9tablissements du d\u00e9partement ayant particip\u00e9 au concours, \u00e9taient convi\u00e9s, salle les Palmiers, \u00e0 la Direction des services d\u00e9partementaux de l\u2019<a href=\"https:\/\/www.education.gouv.fr\/\">Education nationale<\/a> de Charente, pour la c\u00e9r\u00e9monie de remise des attestations de participation.<\/p>\n\n\n\n<p>Manon, Cl\u00e9ment, Romane et Flavie se sont port\u00e9s volontaires pour pr\u00e9senter devant l\u2019assembl\u00e9e, les affiches r\u00e9alis\u00e9es.<\/p>\n\n\n\n<p>Ils ont expliqu\u00e9 leurs choix et leurs motivations. C\u2019est dans une ambiance conviviale qu\u2019ils ont partag\u00e9, avec les autres participants, un go\u00fbter.<\/p>\n\n\n\n<p>F\u00e9licitations \u00e0 nos \u00e9l\u00e8ves pour leur engagement sans faille. Bravo aussi pour l\u2019\u00e9loquence dont ils ont fait preuve lors de cette c\u00e9r\u00e9monie&nbsp;!<\/p>\n\n\n\n<p><\/p>\n\n\n<div class=\"wp-block-image\">\n<figure class=\"aligncenter size-full\"><img loading=\"lazy\" decoding=\"async\" width=\"366\" height=\"654\" src=\"https:\/\/www.saint-paul-angouleme.fr\/application\/wp-content\/uploads\/2025\/07\/1.png\" alt=\"Affiche non au harc\u00e8lement Lyc\u00e9e\" class=\"wp-image-13303\" srcset=\"https:\/\/www.saint-paul-angouleme.fr\/application\/wp-content\/uploads\/2025\/07\/1.png 366w, https:\/\/www.saint-paul-angouleme.fr\/application\/wp-content\/uploads\/2025\/07\/1-168x300.png 168w\" sizes=\"(max-width: 366px) 100vw, 366px\" \/><\/figure><\/div>","protected":false},"excerpt":{"rendered":"<p>Cette ann\u00e9e, les \u00e9l\u00e8ves de l\u2019atelier de sensibilisation pour lutter contre le harc\u00e8lement ont particip\u00e9 au concours \u00ab\u00a0Non au Harc\u00e8lement\u00a0\u00bb.\u00a0 Nos \u00e9l\u00e8ves ont choisi de r\u00e9aliser deux affiches&nbsp;: une pour la cat\u00e9gorie coll\u00e8ge et une autre pour la cat\u00e9gorie lyc\u00e9e. Jeudi 15 mai 2025, tous les \u00e9tablissements du d\u00e9partement ayant particip\u00e9 au concours, \u00e9taient convi\u00e9s, &#8230; <a title=\"Concours \u00ab\u00a0Non au Harc\u00e8lement\u00a0\u00bb, une Premi\u00e8re pour notre \u00e9tablissement\u00a0!\" class=\"read-more\" href=\"https:\/\/www.saint-paul-angouleme.fr\/application\/concours-non-au-harcelement-une-premiere-pour-notre-etablissement\/\" aria-label=\"Read more about Concours \u00ab\u00a0Non au Harc\u00e8lement\u00a0\u00bb, une Premi\u00e8re pour notre \u00e9tablissement\u00a0!\">Lire la suite<\/a><\/p>\n","protected":false},"author":3,"featured_media":0,"comment_status":"open","ping_status":"open","sticky":false,"template":"","format":"standard","meta":{"_exactmetrics_skip_tracking":false,"_exactmetrics_sitenote_active":false,"_exactmetrics_sitenote_note":"","_exactmetrics_sitenote_category":0,"footnotes":""},"categories":[13],"tags":[],"class_list":["post-13300","post","type-post","status-publish","format-standard","hentry","category-pedagogie"],"yoast_head":"<!-- This site is optimized with the Yoast SEO plugin v23.3 - https:\/\/yoast.com\/wordpress\/plugins\/seo\/ -->\n<title>Concours &quot;Non au harc\u00e8lement&quot; : remise des attestaations<\/title>\n<meta name=\"description\" content=\"Notre \u00e9tablissement a particip\u00e9 au Concours d&#039;affiche &quot;Non au harc\u00e8lement&quot;. Le 15 mai \u00e9tait jour de remise des attestations.\" \/>\n<meta name=\"robots\" content=\"index, follow, max-snippet:-1, max-image-preview:large, max-video-preview:-1\" \/>\n<link rel=\"canonical\" href=\"https:\/\/www.saint-paul-angouleme.fr\/application\/concours-non-au-harcelement-une-premiere-pour-notre-etablissement\/\" \/>\n<meta property=\"og:locale\" content=\"fr_FR\" \/>\n<meta property=\"og:type\" content=\"article\" \/>\n<meta property=\"og:title\" content=\"Concours &quot;Non au harc\u00e8lement&quot; : remise des attestaations\" \/>\n<meta property=\"og:description\" content=\"Notre \u00e9tablissement a particip\u00e9 au Concours d&#039;affiche &quot;Non au harc\u00e8lement&quot;. Le 15 mai \u00e9tait jour de remise des attestations.\" \/>\n<meta property=\"og:url\" content=\"https:\/\/www.saint-paul-angouleme.fr\/application\/concours-non-au-harcelement-une-premiere-pour-notre-etablissement\/\" \/>\n<meta property=\"og:site_name\" content=\"Actualit\u00e9s\" \/>\n<meta property=\"article:publisher\" content=\"https:\/\/www.facebook.com\/SaintPaulAngouleme16\/\" \/>\n<meta property=\"article:published_time\" content=\"2025-05-23T07:15:00+00:00\" \/>\n<meta property=\"article:modified_time\" content=\"2025-07-11T14:43:57+00:00\" \/>\n<meta property=\"og:image\" content=\"https:\/\/www.saint-paul-angouleme.fr\/application\/wp-content\/uploads\/2025\/07\/2.png\" \/>\n<meta name=\"author\" content=\"SAINT-PAUL\" \/>\n<meta name=\"twitter:card\" content=\"summary_large_image\" \/>\n<meta name=\"twitter:creator\" content=\"@StPaulAngoulem\" \/>\n<meta name=\"twitter:site\" content=\"@StPaulAngoulem\" \/>\n<meta name=\"twitter:label1\" content=\"\u00c9crit par\" \/>\n\t<meta name=\"twitter:data1\" content=\"SAINT-PAUL\" \/>\n\t<meta name=\"twitter:label2\" content=\"Dur\u00e9e de lecture estim\u00e9e\" \/>\n\t<meta name=\"twitter:data2\" content=\"2 minutes\" \/>\n<script type=\"application\/ld+json\" class=\"yoast-schema-graph\">{\"@context\":\"https:\/\/schema.org\",\"@graph\":[{\"@type\":\"Article\",\"@id\":\"https:\/\/www.saint-paul-angouleme.fr\/application\/concours-non-au-harcelement-une-premiere-pour-notre-etablissement\/#article\",\"isPartOf\":{\"@id\":\"https:\/\/www.saint-paul-angouleme.fr\/application\/concours-non-au-harcelement-une-premiere-pour-notre-etablissement\/\"},\"author\":{\"name\":\"SAINT-PAUL\",\"@id\":\"https:\/\/www.saint-paul-angouleme.fr\/application\/#\/schema\/person\/ea152930b1a3823659065827b1a5fb9b\"},\"headline\":\"Concours \u00ab\u00a0Non au Harc\u00e8lement\u00a0\u00bb, une Premi\u00e8re pour notre \u00e9tablissement\u00a0!\",\"datePublished\":\"2025-05-23T07:15:00+00:00\",\"dateModified\":\"2025-07-11T14:43:57+00:00\",\"mainEntityOfPage\":{\"@id\":\"https:\/\/www.saint-paul-angouleme.fr\/application\/concours-non-au-harcelement-une-premiere-pour-notre-etablissement\/\"},\"wordCount\":179,\"commentCount\":0,\"publisher\":{\"@id\":\"https:\/\/www.saint-paul-angouleme.fr\/application\/#organization\"},\"image\":{\"@id\":\"https:\/\/www.saint-paul-angouleme.fr\/application\/concours-non-au-harcelement-une-premiere-pour-notre-etablissement\/#primaryimage\"},\"thumbnailUrl\":\"https:\/\/www.saint-paul-angouleme.fr\/application\/wp-content\/uploads\/2025\/07\/2.png\",\"articleSection\":[\"P\u00e9dagogie\"],\"inLanguage\":\"fr-FR\",\"potentialAction\":[{\"@type\":\"CommentAction\",\"name\":\"Comment\",\"target\":[\"https:\/\/www.saint-paul-angouleme.fr\/application\/concours-non-au-harcelement-une-premiere-pour-notre-etablissement\/#respond\"]}]},{\"@type\":\"WebPage\",\"@id\":\"https:\/\/www.saint-paul-angouleme.fr\/application\/concours-non-au-harcelement-une-premiere-pour-notre-etablissement\/\",\"url\":\"https:\/\/www.saint-paul-angouleme.fr\/application\/concours-non-au-harcelement-une-premiere-pour-notre-etablissement\/\",\"name\":\"Concours \\\"Non au harc\u00e8lement\\\" : remise des attestaations\",\"isPartOf\":{\"@id\":\"https:\/\/www.saint-paul-angouleme.fr\/application\/#website\"},\"primaryImageOfPage\":{\"@id\":\"https:\/\/www.saint-paul-angouleme.fr\/application\/concours-non-au-harcelement-une-premiere-pour-notre-etablissement\/#primaryimage\"},\"image\":{\"@id\":\"https:\/\/www.saint-paul-angouleme.fr\/application\/concours-non-au-harcelement-une-premiere-pour-notre-etablissement\/#primaryimage\"},\"thumbnailUrl\":\"https:\/\/www.saint-paul-angouleme.fr\/application\/wp-content\/uploads\/2025\/07\/2.png\",\"datePublished\":\"2025-05-23T07:15:00+00:00\",\"dateModified\":\"2025-07-11T14:43:57+00:00\",\"description\":\"Notre \u00e9tablissement a particip\u00e9 au Concours d'affiche \\\"Non au harc\u00e8lement\\\". Le 15 mai \u00e9tait jour de remise des attestations.\",\"breadcrumb\":{\"@id\":\"https:\/\/www.saint-paul-angouleme.fr\/application\/concours-non-au-harcelement-une-premiere-pour-notre-etablissement\/#breadcrumb\"},\"inLanguage\":\"fr-FR\",\"potentialAction\":[{\"@type\":\"ReadAction\",\"target\":[\"https:\/\/www.saint-paul-angouleme.fr\/application\/concours-non-au-harcelement-une-premiere-pour-notre-etablissement\/\"]}]},{\"@type\":\"ImageObject\",\"inLanguage\":\"fr-FR\",\"@id\":\"https:\/\/www.saint-paul-angouleme.fr\/application\/concours-non-au-harcelement-une-premiere-pour-notre-etablissement\/#primaryimage\",\"url\":\"https:\/\/www.saint-paul-angouleme.fr\/application\/wp-content\/uploads\/2025\/07\/2.png\",\"contentUrl\":\"https:\/\/www.saint-paul-angouleme.fr\/application\/wp-content\/uploads\/2025\/07\/2.png\",\"width\":639,\"height\":901},{\"@type\":\"BreadcrumbList\",\"@id\":\"https:\/\/www.saint-paul-angouleme.fr\/application\/concours-non-au-harcelement-une-premiere-pour-notre-etablissement\/#breadcrumb\",\"itemListElement\":[{\"@type\":\"ListItem\",\"position\":1,\"name\":\"Accueil\",\"item\":\"http:\/\/www.saint-paul-angouleme.fr\/application\/\"},{\"@type\":\"ListItem\",\"position\":2,\"name\":\"Concours \u00ab\u00a0Non au Harc\u00e8lement\u00a0\u00bb, une Premi\u00e8re pour notre \u00e9tablissement\u00a0!\"}]},{\"@type\":\"WebSite\",\"@id\":\"https:\/\/www.saint-paul-angouleme.fr\/application\/#website\",\"url\":\"https:\/\/www.saint-paul-angouleme.fr\/application\/\",\"name\":\"Actualit\u00e9s\",\"description\":\"Actualit\u00e9s Saint Paul\",\"publisher\":{\"@id\":\"https:\/\/www.saint-paul-angouleme.fr\/application\/#organization\"},\"potentialAction\":[{\"@type\":\"SearchAction\",\"target\":{\"@type\":\"EntryPoint\",\"urlTemplate\":\"https:\/\/www.saint-paul-angouleme.fr\/application\/?s={search_term_string}\"},\"query-input\":\"required name=search_term_string\"}],\"inLanguage\":\"fr-FR\"},{\"@type\":\"Organization\",\"@id\":\"https:\/\/www.saint-paul-angouleme.fr\/application\/#organization\",\"name\":\"Ensemble scolaire Saint-Paul\",\"url\":\"https:\/\/www.saint-paul-angouleme.fr\/application\/\",\"logo\":{\"@type\":\"ImageObject\",\"inLanguage\":\"fr-FR\",\"@id\":\"https:\/\/www.saint-paul-angouleme.fr\/application\/#\/schema\/logo\/image\/\",\"url\":\"https:\/\/www.saint-paul-angouleme.fr\/application\/wp-content\/uploads\/2018\/08\/logo-saint-paul-couleurs.jpg\",\"contentUrl\":\"https:\/\/www.saint-paul-angouleme.fr\/application\/wp-content\/uploads\/2018\/08\/logo-saint-paul-couleurs.jpg\",\"width\":1890,\"height\":709,\"caption\":\"Ensemble scolaire Saint-Paul\"},\"image\":{\"@id\":\"https:\/\/www.saint-paul-angouleme.fr\/application\/#\/schema\/logo\/image\/\"},\"sameAs\":[\"https:\/\/www.facebook.com\/SaintPaulAngouleme16\/\",\"https:\/\/x.com\/StPaulAngoulem\",\"https:\/\/www.youtube.com\/channel\/UCRLpz1CmPVqc0gn--YyXvjA?view_as=subscriber\"]},{\"@type\":\"Person\",\"@id\":\"https:\/\/www.saint-paul-angouleme.fr\/application\/#\/schema\/person\/ea152930b1a3823659065827b1a5fb9b\",\"name\":\"SAINT-PAUL\",\"image\":{\"@type\":\"ImageObject\",\"inLanguage\":\"fr-FR\",\"@id\":\"https:\/\/www.saint-paul-angouleme.fr\/application\/#\/schema\/person\/image\/\",\"url\":\"https:\/\/secure.gravatar.com\/avatar\/eadb0ffebc02683a61d69038eb2924f0?s=96&r=g\",\"contentUrl\":\"https:\/\/secure.gravatar.com\/avatar\/eadb0ffebc02683a61d69038eb2924f0?s=96&r=g\",\"caption\":\"SAINT-PAUL\"},\"url\":\"https:\/\/www.saint-paul-angouleme.fr\/application\/author\/myriam\/\"}]}<\/script>\n<!-- \/ Yoast SEO plugin. -->","yoast_head_json":{"title":"Concours \"Non au harc\u00e8lement\" : remise des attestaations","description":"Notre \u00e9tablissement a particip\u00e9 au Concours d'affiche \"Non au harc\u00e8lement\". Le 15 mai \u00e9tait jour de remise des attestations.","robots":{"index":"index","follow":"follow","max-snippet":"max-snippet:-1","max-image-preview":"max-image-preview:large","max-video-preview":"max-video-preview:-1"},"canonical":"https:\/\/www.saint-paul-angouleme.fr\/application\/concours-non-au-harcelement-une-premiere-pour-notre-etablissement\/","og_locale":"fr_FR","og_type":"article","og_title":"Concours \"Non au harc\u00e8lement\" : remise des attestaations","og_description":"Notre \u00e9tablissement a particip\u00e9 au Concours d'affiche \"Non au harc\u00e8lement\". Le 15 mai \u00e9tait jour de remise des attestations.","og_url":"https:\/\/www.saint-paul-angouleme.fr\/application\/concours-non-au-harcelement-une-premiere-pour-notre-etablissement\/","og_site_name":"Actualit\u00e9s","article_publisher":"https:\/\/www.facebook.com\/SaintPaulAngouleme16\/","article_published_time":"2025-05-23T07:15:00+00:00","article_modified_time":"2025-07-11T14:43:57+00:00","og_image":[{"url":"https:\/\/www.saint-paul-angouleme.fr\/application\/wp-content\/uploads\/2025\/07\/2.png"}],"author":"SAINT-PAUL","twitter_card":"summary_large_image","twitter_creator":"@StPaulAngoulem","twitter_site":"@StPaulAngoulem","twitter_misc":{"\u00c9crit par":"SAINT-PAUL","Dur\u00e9e de lecture estim\u00e9e":"2 minutes"},"schema":{"@context":"https:\/\/schema.org","@graph":[{"@type":"Article","@id":"https:\/\/www.saint-paul-angouleme.fr\/application\/concours-non-au-harcelement-une-premiere-pour-notre-etablissement\/#article","isPartOf":{"@id":"https:\/\/www.saint-paul-angouleme.fr\/application\/concours-non-au-harcelement-une-premiere-pour-notre-etablissement\/"},"author":{"name":"SAINT-PAUL","@id":"https:\/\/www.saint-paul-angouleme.fr\/application\/#\/schema\/person\/ea152930b1a3823659065827b1a5fb9b"},"headline":"Concours \u00ab\u00a0Non au Harc\u00e8lement\u00a0\u00bb, une Premi\u00e8re pour notre \u00e9tablissement\u00a0!","datePublished":"2025-05-23T07:15:00+00:00","dateModified":"2025-07-11T14:43:57+00:00","mainEntityOfPage":{"@id":"https:\/\/www.saint-paul-angouleme.fr\/application\/concours-non-au-harcelement-une-premiere-pour-notre-etablissement\/"},"wordCount":179,"commentCount":0,"publisher":{"@id":"https:\/\/www.saint-paul-angouleme.fr\/application\/#organization"},"image":{"@id":"https:\/\/www.saint-paul-angouleme.fr\/application\/concours-non-au-harcelement-une-premiere-pour-notre-etablissement\/#primaryimage"},"thumbnailUrl":"https:\/\/www.saint-paul-angouleme.fr\/application\/wp-content\/uploads\/2025\/07\/2.png","articleSection":["P\u00e9dagogie"],"inLanguage":"fr-FR","potentialAction":[{"@type":"CommentAction","name":"Comment","target":["https:\/\/www.saint-paul-angouleme.fr\/application\/concours-non-au-harcelement-une-premiere-pour-notre-etablissement\/#respond"]}]},{"@type":"WebPage","@id":"https:\/\/www.saint-paul-angouleme.fr\/application\/concours-non-au-harcelement-une-premiere-pour-notre-etablissement\/","url":"https:\/\/www.saint-paul-angouleme.fr\/application\/concours-non-au-harcelement-une-premiere-pour-notre-etablissement\/","name":"Concours \"Non au harc\u00e8lement\" : remise des attestaations","isPartOf":{"@id":"https:\/\/www.saint-paul-angouleme.fr\/application\/#website"},"primaryImageOfPage":{"@id":"https:\/\/www.saint-paul-angouleme.fr\/application\/concours-non-au-harcelement-une-premiere-pour-notre-etablissement\/#primaryimage"},"image":{"@id":"https:\/\/www.saint-paul-angouleme.fr\/application\/concours-non-au-harcelement-une-premiere-pour-notre-etablissement\/#primaryimage"},"thumbnailUrl":"https:\/\/www.saint-paul-angouleme.fr\/application\/wp-content\/uploads\/2025\/07\/2.png","datePublished":"2025-05-23T07:15:00+00:00","dateModified":"2025-07-11T14:43:57+00:00","description":"Notre \u00e9tablissement a particip\u00e9 au Concours d'affiche \"Non au harc\u00e8lement\". Le 15 mai \u00e9tait jour de remise des attestations.","breadcrumb":{"@id":"https:\/\/www.saint-paul-angouleme.fr\/application\/concours-non-au-harcelement-une-premiere-pour-notre-etablissement\/#breadcrumb"},"inLanguage":"fr-FR","potentialAction":[{"@type":"ReadAction","target":["https:\/\/www.saint-paul-angouleme.fr\/application\/concours-non-au-harcelement-une-premiere-pour-notre-etablissement\/"]}]},{"@type":"ImageObject","inLanguage":"fr-FR","@id":"https:\/\/www.saint-paul-angouleme.fr\/application\/concours-non-au-harcelement-une-premiere-pour-notre-etablissement\/#primaryimage","url":"https:\/\/www.saint-paul-angouleme.fr\/application\/wp-content\/uploads\/2025\/07\/2.png","contentUrl":"https:\/\/www.saint-paul-angouleme.fr\/application\/wp-content\/uploads\/2025\/07\/2.png","width":639,"height":901},{"@type":"BreadcrumbList","@id":"https:\/\/www.saint-paul-angouleme.fr\/application\/concours-non-au-harcelement-une-premiere-pour-notre-etablissement\/#breadcrumb","itemListElement":[{"@type":"ListItem","position":1,"name":"Accueil","item":"http:\/\/www.saint-paul-angouleme.fr\/application\/"},{"@type":"ListItem","position":2,"name":"Concours \u00ab\u00a0Non au Harc\u00e8lement\u00a0\u00bb, une Premi\u00e8re pour notre \u00e9tablissement\u00a0!"}]},{"@type":"WebSite","@id":"https:\/\/www.saint-paul-angouleme.fr\/application\/#website","url":"https:\/\/www.saint-paul-angouleme.fr\/application\/","name":"Actualit\u00e9s","description":"Actualit\u00e9s Saint Paul","publisher":{"@id":"https:\/\/www.saint-paul-angouleme.fr\/application\/#organization"},"potentialAction":[{"@type":"SearchAction","target":{"@type":"EntryPoint","urlTemplate":"https:\/\/www.saint-paul-angouleme.fr\/application\/?s={search_term_string}"},"query-input":"required name=search_term_string"}],"inLanguage":"fr-FR"},{"@type":"Organization","@id":"https:\/\/www.saint-paul-angouleme.fr\/application\/#organization","name":"Ensemble scolaire Saint-Paul","url":"https:\/\/www.saint-paul-angouleme.fr\/application\/","logo":{"@type":"ImageObject","inLanguage":"fr-FR","@id":"https:\/\/www.saint-paul-angouleme.fr\/application\/#\/schema\/logo\/image\/","url":"https:\/\/www.saint-paul-angouleme.fr\/application\/wp-content\/uploads\/2018\/08\/logo-saint-paul-couleurs.jpg","contentUrl":"https:\/\/www.saint-paul-angouleme.fr\/application\/wp-content\/uploads\/2018\/08\/logo-saint-paul-couleurs.jpg","width":1890,"height":709,"caption":"Ensemble scolaire Saint-Paul"},"image":{"@id":"https:\/\/www.saint-paul-angouleme.fr\/application\/#\/schema\/logo\/image\/"},"sameAs":["https:\/\/www.facebook.com\/SaintPaulAngouleme16\/","https:\/\/x.com\/StPaulAngoulem","https:\/\/www.youtube.com\/channel\/UCRLpz1CmPVqc0gn--YyXvjA?view_as=subscriber"]},{"@type":"Person","@id":"https:\/\/www.saint-paul-angouleme.fr\/application\/#\/schema\/person\/ea152930b1a3823659065827b1a5fb9b","name":"SAINT-PAUL","image":{"@type":"ImageObject","inLanguage":"fr-FR","@id":"https:\/\/www.saint-paul-angouleme.fr\/application\/#\/schema\/person\/image\/","url":"https:\/\/secure.gravatar.com\/avatar\/eadb0ffebc02683a61d69038eb2924f0?s=96&r=g","contentUrl":"https:\/\/secure.gravatar.com\/avatar\/eadb0ffebc02683a61d69038eb2924f0?s=96&r=g","caption":"SAINT-PAUL"},"url":"https:\/\/www.saint-paul-angouleme.fr\/application\/author\/myriam\/"}]}},"_links":{"self":[{"href":"https:\/\/www.saint-paul-angouleme.fr\/application\/wp-json\/wp\/v2\/posts\/13300"}],"collection":[{"href":"https:\/\/www.saint-paul-angouleme.fr\/application\/wp-json\/wp\/v2\/posts"}],"about":[{"href":"https:\/\/www.saint-paul-angouleme.fr\/application\/wp-json\/wp\/v2\/types\/post"}],"author":[{"embeddable":true,"href":"https:\/\/www.saint-paul-angouleme.fr\/application\/wp-json\/wp\/v2\/users\/3"}],"replies":[{"embeddable":true,"href":"https:\/\/www.saint-paul-angouleme.fr\/application\/wp-json\/wp\/v2\/comments?post=13300"}],"version-history":[{"count":4,"href":"https:\/\/www.saint-paul-angouleme.fr\/application\/wp-json\/wp\/v2\/posts\/13300\/revisions"}],"predecessor-version":[{"id":13307,"href":"https:\/\/www.saint-paul-angouleme.fr\/application\/wp-json\/wp\/v2\/posts\/13300\/revisions\/13307"}],"wp:attachment":[{"href":"https:\/\/www.saint-paul-angouleme.fr\/application\/wp-json\/wp\/v2\/media?parent=13300"}],"wp:term":[{"taxonomy":"category","embeddable":true,"href":"https:\/\/www.saint-paul-angouleme.fr\/application\/wp-json\/wp\/v2\/categories?post=13300"},{"taxonomy":"post_tag","embeddable":true,"href":"https:\/\/www.saint-paul-angouleme.fr\/application\/wp-json\/wp\/v2\/tags?post=13300"}],"curies":[{"name":"wp","href":"https:\/\/api.w.org\/{rel}","templated":true}]}}