{"id":130,"date":"2017-02-16T16:21:20","date_gmt":"2017-02-16T15:21:20","guid":{"rendered":"http:\/\/www.saint-paul-angouleme.fr\/application\/?p=130"},"modified":"2017-02-17T18:53:39","modified_gmt":"2017-02-17T17:53:39","slug":"echange-avec-altotting-quelques-nouvelles","status":"publish","type":"post","link":"https:\/\/www.saint-paul-angouleme.fr\/application\/echange-avec-altotting-quelques-nouvelles\/","title":{"rendered":"Echange avec Alt\u00f6tting : quelques nouvelles"},"content":{"rendered":"<p><span style=\"color: #993300; font-family: tahoma,arial,helvetica,sans-serif; font-size: 20px;\"><strong>ALT\u00d6TTING\u00a0: J+5<\/strong><\/span><\/p>\n<p><a href=\"http:\/\/www.saint-paul-angouleme.fr\/application\/wp-content\/uploads\/2017\/02\/Alt\u00f6tting.jpg\"><img loading=\"lazy\" decoding=\"async\" class=\"size-medium wp-image-131 alignleft\" src=\"http:\/\/www.saint-paul-angouleme.fr\/application\/wp-content\/uploads\/2017\/02\/Alt\u00f6tting-300x225.jpg\" alt=\"Alt\u00f6tting\" width=\"300\" height=\"225\" srcset=\"https:\/\/www.saint-paul-angouleme.fr\/application\/wp-content\/uploads\/2017\/02\/Alt\u00f6tting-300x225.jpg 300w, https:\/\/www.saint-paul-angouleme.fr\/application\/wp-content\/uploads\/2017\/02\/Alt\u00f6tting-768x576.jpg 768w, https:\/\/www.saint-paul-angouleme.fr\/application\/wp-content\/uploads\/2017\/02\/Alt\u00f6tting.jpg 960w\" sizes=\"(max-width: 300px) 100vw, 300px\" \/><\/a><\/p>\n<p style=\"text-align: justify;\"><span style=\"color: #333333; font-family: tahoma,arial,helvetica,sans-serif; font-size: 20px;\">Il y a maintenant cinq jours que nos 20 \u00e9l\u00e8ves de l\u2019\u00e9change &#8220;Alt\u00f6tting-Angoul\u00eame&#8221; sont arriv\u00e9s en Bavi\u00e8re, l\u2019occasion de partager quelques moments de ce s\u00e9jour.<\/span><\/p>\n<p style=\"text-align: justify;\"><span style=\"color: #333333; font-family: tahoma,arial,helvetica,sans-serif; font-size: 20px;\">Le 14 f\u00e9vrier le groupe \u00e9tait accueilli officiellement par M. Herbert HOFAUER, maire d\u2019Alt\u00f6tting. <\/span><\/p>\n<p style=\"text-align: justify;\"><span style=\"color: #333333; font-family: tahoma,arial,helvetica,sans-serif; font-size: 20px;\">Il a relay\u00e9 cette rencontre sur sa page FaceBook\u00a0:<\/span><\/p>\n<blockquote>\n<p style=\"text-align: justify;\"><span style=\"font-family: tahoma,arial,helvetica,sans-serif; font-size: 20px;\"><em><span style=\"color: #333333;\">\u00ab\u00a0Je viens d\u2019accueillir, dans la salle de r\u00e9ception de la mairie et dans le cadre d\u2019un \u00e9change scolaire, un groupe d\u2019\u00e9l\u00e8ves de la ville d\u2019Angoul\u00eame (France) avec leurs enseignantes\u00a0: Mme Emeline BAYLAC et Mme Florence PEYROL. Ils sont parmi nous ces jours-ci sur invitation de Maria WARD du lyc\u00e9e de notre ville d\u2019Alt\u00f6tting, repr\u00e9sent\u00e9e par Mme Sylvia RIEDER.<\/span><\/em><\/span><\/p>\n<p style=\"text-align: justify;\"><span style=\"font-family: tahoma,arial,helvetica,sans-serif; font-size: 20px;\"><em><span style=\"color: #333333;\">Apr\u00e8s avoir \u00e9voqu\u00e9 la riche histoire de notre ville, nous avons souhait\u00e9 immortaliser cet instant par une photo\u00a0souvenir avec, en toile de fond, la \u00ab\u00a0Gnadenkapelle\u00a0\u00bb (chapelle de la Mis\u00e9ricorde).\u00a0\u00bb<\/span><\/em><\/span><\/p>\n<\/blockquote>\n<p style=\"text-align: justify;\"><em>Ich habe gerade im Gro\u00dfen Sitzungssaal des Rathauses eine Gruppe von Austauschsch\u00fclerinnen und -sch\u00fclern aus der Stadt Angouleme\/Frankreich mit ihren Lehrkr\u00e4ften Madame Emiline Baylac und Madame Florence P\u00e9rol empfangen, die sich in diesen Tagen auf Einladung des Maria-Ward-Gymnasiums Alt\u00f6tting in unserer Stadt aufhalten. Das Maria-Ward-Gymnasiums war vertreten durch Frau Sylvia Rieder. Nachdem ich die reiche Geschichte unserer Stadt vorgestellt habe, fanden wir uns zu einem Erinnerungsfoto vor der Kulisse der Gnadenkapelle zusammen.<\/em><\/p>\n<p style=\"text-align: right;\"><span style=\"color: #808080; font-family: tahoma,arial,helvetica,sans-serif; font-size: 14px;\"><em>Herbert HOFAUER (FB le 14\/02\/2017)<\/em><\/span><\/p>\n<p style=\"text-align: right;\"><span style=\"font-family: arial,helvetica,sans-serif; font-size: 12px;\"><em>https:\/\/www.facebook.com\/photo.php?fbid=769051176575783&amp;set=a.118293134984927.23662.100004127222049&amp;type=3&amp;theater<\/em><\/span><span style=\"color: #333333; font-family: tahoma,arial,helvetica,sans-serif; font-size: 14px;\"><em>\u00a0<\/em><\/span><\/p>\n<p style=\"text-align: justify;\"><a href=\"http:\/\/www.saint-paul-angouleme.fr\/application\/wp-content\/uploads\/2017\/02\/Gnadenkapelle.jpg\"><img loading=\"lazy\" decoding=\"async\" class=\"size-medium wp-image-132 aligncenter\" src=\"http:\/\/www.saint-paul-angouleme.fr\/application\/wp-content\/uploads\/2017\/02\/Gnadenkapelle-300x200.jpg\" alt=\"Gnadenkapelle\" width=\"300\" height=\"200\" srcset=\"https:\/\/www.saint-paul-angouleme.fr\/application\/wp-content\/uploads\/2017\/02\/Gnadenkapelle-300x200.jpg 300w, https:\/\/www.saint-paul-angouleme.fr\/application\/wp-content\/uploads\/2017\/02\/Gnadenkapelle-768x513.jpg 768w, https:\/\/www.saint-paul-angouleme.fr\/application\/wp-content\/uploads\/2017\/02\/Gnadenkapelle-1024x684.jpg 1024w, https:\/\/www.saint-paul-angouleme.fr\/application\/wp-content\/uploads\/2017\/02\/Gnadenkapelle.jpg 2048w\" sizes=\"(max-width: 300px) 100vw, 300px\" \/><\/a><\/p>\n<p style=\"text-align: center;\"><span style=\"font-size: 12px;\"><em><span style=\"font-family: arial,helvetica,sans-serif;\">(Foto: Cornelia Marchner, Stadtverwaltung Alt\u00f6tting)<\/span><\/em><\/span><\/p>\n<p style=\"text-align: justify;\"><a href=\"http:\/\/www.saint-paul-angouleme.fr\/application\/wp-content\/uploads\/2017\/02\/En-route-vers-M\u00fcnchen.jpeg\"><img loading=\"lazy\" decoding=\"async\" class=\"size-medium wp-image-133 aligncenter\" src=\"http:\/\/www.saint-paul-angouleme.fr\/application\/wp-content\/uploads\/2017\/02\/En-route-vers-M\u00fcnchen-300x225.jpeg\" alt=\"En route vers M\u00fcnchen\" width=\"300\" height=\"225\" srcset=\"https:\/\/www.saint-paul-angouleme.fr\/application\/wp-content\/uploads\/2017\/02\/En-route-vers-M\u00fcnchen-300x225.jpeg 300w, https:\/\/www.saint-paul-angouleme.fr\/application\/wp-content\/uploads\/2017\/02\/En-route-vers-M\u00fcnchen-768x576.jpeg 768w, https:\/\/www.saint-paul-angouleme.fr\/application\/wp-content\/uploads\/2017\/02\/En-route-vers-M\u00fcnchen.jpeg 960w\" sizes=\"(max-width: 300px) 100vw, 300px\" \/><\/a><\/p>\n<p style=\"text-align: justify;\"><span style=\"color: #333333; font-family: tahoma,arial,helvetica,sans-serif; font-size: 20px;\">Aujourd\u2019hui, 16 f\u00e9vrier,\u00a0nous sommes \u00e0 la moiti\u00e9 du s\u00e9jour \u00e0 Alt\u00f6tting ; nos \u00e9l\u00e8ves ont pris la\u00a0route\u00a0de M\u00fcnchen (Munich) avec, bien s\u00fbr,\u00a0la visite\u00a0incontournable\u00a0\u00e0 l\u2019 \u00ab\u00a0Allianz Arena\u00a0\u00bb (stade du c\u00e9l\u00e8bre \u00ab\u00a0Bayern\u00a0\u00bb\u2026).<\/span><\/p>\n<p style=\"text-align: justify;\"><a href=\"http:\/\/www.saint-paul-angouleme.fr\/application\/wp-content\/uploads\/2017\/02\/Allianz-Arena-2.jpeg\">\u00a0<\/a><\/p>\n<p style=\"text-align: justify;\"><a href=\"http:\/\/www.saint-paul-angouleme.fr\/application\/wp-content\/uploads\/2017\/02\/Allianz-Arena-1.jpeg\"><img loading=\"lazy\" decoding=\"async\" class=\"size-medium wp-image-134 alignnone\" src=\"http:\/\/www.saint-paul-angouleme.fr\/application\/wp-content\/uploads\/2017\/02\/Allianz-Arena-1-300x225.jpeg\" alt=\"Allianz Arena 1\" width=\"300\" height=\"225\" srcset=\"https:\/\/www.saint-paul-angouleme.fr\/application\/wp-content\/uploads\/2017\/02\/Allianz-Arena-1-300x225.jpeg 300w, https:\/\/www.saint-paul-angouleme.fr\/application\/wp-content\/uploads\/2017\/02\/Allianz-Arena-1-768x576.jpeg 768w, https:\/\/www.saint-paul-angouleme.fr\/application\/wp-content\/uploads\/2017\/02\/Allianz-Arena-1-1024x768.jpeg 1024w, https:\/\/www.saint-paul-angouleme.fr\/application\/wp-content\/uploads\/2017\/02\/Allianz-Arena-1.jpeg 1776w\" sizes=\"(max-width: 300px) 100vw, 300px\" \/><\/a> <a href=\"http:\/\/www.saint-paul-angouleme.fr\/application\/wp-content\/uploads\/2017\/02\/Allianz-Arena-3.jpeg\"><img loading=\"lazy\" decoding=\"async\" class=\"size-medium wp-image-136 alignright\" src=\"http:\/\/www.saint-paul-angouleme.fr\/application\/wp-content\/uploads\/2017\/02\/Allianz-Arena-3-300x225.jpeg\" alt=\"Allianz Arena 3\" width=\"300\" height=\"225\" srcset=\"https:\/\/www.saint-paul-angouleme.fr\/application\/wp-content\/uploads\/2017\/02\/Allianz-Arena-3-300x225.jpeg 300w, https:\/\/www.saint-paul-angouleme.fr\/application\/wp-content\/uploads\/2017\/02\/Allianz-Arena-3-768x576.jpeg 768w, https:\/\/www.saint-paul-angouleme.fr\/application\/wp-content\/uploads\/2017\/02\/Allianz-Arena-3-1024x768.jpeg 1024w, https:\/\/www.saint-paul-angouleme.fr\/application\/wp-content\/uploads\/2017\/02\/Allianz-Arena-3.jpeg 1776w\" sizes=\"(max-width: 300px) 100vw, 300px\" \/><\/a><\/p>\n<p style=\"text-align: justify;\"><span style=\"color: #333333; font-family: tahoma,arial,helvetica,sans-serif; font-size: 20px;\">Visiblement, le ciel est bleu et, comme chez nous, le printemps semble \u00eatre en route (\u00ab<em>\u00a0Der Fr\u00fchling scheint im Anmarsch zu sein\u00a0\u00bb<\/em>)\u2026<\/span><\/p>\n<p style=\"text-align: justify;\"><span style=\"color: #333333; font-family: tahoma,arial,helvetica,sans-serif; font-size: 20px;\">Bis bald\u00a0!<\/span><\/p>\n<p style=\"text-align: center;\"><span style=\"color: #333333; font-family: tahoma,arial,helvetica,sans-serif; font-size: 20px;\"><a href=\"http:\/\/www.saint-paul-angouleme.fr\/application\/wp-content\/uploads\/2017\/02\/Neues-Rathaus.jpeg\"><img loading=\"lazy\" decoding=\"async\" class=\"size-medium wp-image-137 aligncenter\" src=\"http:\/\/www.saint-paul-angouleme.fr\/application\/wp-content\/uploads\/2017\/02\/Neues-Rathaus-225x300.jpeg\" alt=\"Neues Rathaus\" width=\"225\" height=\"300\" srcset=\"https:\/\/www.saint-paul-angouleme.fr\/application\/wp-content\/uploads\/2017\/02\/Neues-Rathaus-225x300.jpeg 225w, https:\/\/www.saint-paul-angouleme.fr\/application\/wp-content\/uploads\/2017\/02\/Neues-Rathaus-768x1024.jpeg 768w, https:\/\/www.saint-paul-angouleme.fr\/application\/wp-content\/uploads\/2017\/02\/Neues-Rathaus.jpeg 1332w\" sizes=\"(max-width: 225px) 100vw, 225px\" \/><\/a><span style=\"font-size: 12px;\"><span style=\"color: #333333;\">(Photos<\/span> : Mme E. BAYLAC)<\/span><\/span><\/p>\n","protected":false},"excerpt":{"rendered":"<p>ALT\u00d6TTING\u00a0: J+5 Il y a maintenant cinq jours que nos 20 \u00e9l\u00e8ves de l\u2019\u00e9change &#8220;Alt\u00f6tting-Angoul\u00eame&#8221; sont arriv\u00e9s en Bavi\u00e8re, l\u2019occasion de partager quelques moments de ce s\u00e9jour. Le 14 f\u00e9vrier le groupe \u00e9tait accueilli officiellement par M. Herbert HOFAUER, maire d\u2019Alt\u00f6tting. Il a relay\u00e9 cette rencontre sur sa page FaceBook\u00a0: \u00ab\u00a0Je viens d\u2019accueillir, dans la &#8230; <a title=\"Echange avec Alt\u00f6tting : quelques nouvelles\" class=\"read-more\" href=\"https:\/\/www.saint-paul-angouleme.fr\/application\/echange-avec-altotting-quelques-nouvelles\/\" aria-label=\"Read more about Echange avec Alt\u00f6tting : quelques nouvelles\">Lire la suite<\/a><\/p>\n","protected":false},"author":3,"featured_media":0,"comment_status":"open","ping_status":"open","sticky":false,"template":"","format":"standard","meta":{"_exactmetrics_skip_tracking":false,"_exactmetrics_sitenote_active":false,"_exactmetrics_sitenote_note":"","_exactmetrics_sitenote_category":0,"footnotes":""},"categories":[2],"tags":[],"class_list":["post-130","post","type-post","status-publish","format-standard","hentry","category-look-on"],"yoast_head":"<!-- This site is optimized with the Yoast SEO plugin v23.3 - https:\/\/yoast.com\/wordpress\/plugins\/seo\/ -->\n<title>Echange avec Alt\u00f6tting : quelques nouvelles - Actualit\u00e9s<\/title>\n<meta name=\"robots\" content=\"index, follow, max-snippet:-1, max-image-preview:large, max-video-preview:-1\" \/>\n<link rel=\"canonical\" href=\"https:\/\/www.saint-paul-angouleme.fr\/application\/echange-avec-altotting-quelques-nouvelles\/\" \/>\n<meta property=\"og:locale\" content=\"fr_FR\" \/>\n<meta property=\"og:type\" content=\"article\" \/>\n<meta property=\"og:title\" content=\"Echange avec Alt\u00f6tting : quelques nouvelles - Actualit\u00e9s\" \/>\n<meta property=\"og:description\" content=\"ALT\u00d6TTING\u00a0: J+5 Il y a maintenant cinq jours que nos 20 \u00e9l\u00e8ves de l\u2019\u00e9change &#8220;Alt\u00f6tting-Angoul\u00eame&#8221; sont arriv\u00e9s en Bavi\u00e8re, l\u2019occasion de partager quelques moments de ce s\u00e9jour. Le 14 f\u00e9vrier le groupe \u00e9tait accueilli officiellement par M. Herbert HOFAUER, maire d\u2019Alt\u00f6tting. Il a relay\u00e9 cette rencontre sur sa page FaceBook\u00a0: \u00ab\u00a0Je viens d\u2019accueillir, dans la ... Lire la suite\" \/>\n<meta property=\"og:url\" content=\"https:\/\/www.saint-paul-angouleme.fr\/application\/echange-avec-altotting-quelques-nouvelles\/\" \/>\n<meta property=\"og:site_name\" content=\"Actualit\u00e9s\" \/>\n<meta property=\"article:publisher\" content=\"https:\/\/www.facebook.com\/SaintPaulAngouleme16\/\" \/>\n<meta property=\"article:published_time\" content=\"2017-02-16T15:21:20+00:00\" \/>\n<meta property=\"article:modified_time\" content=\"2017-02-17T17:53:39+00:00\" \/>\n<meta property=\"og:image\" content=\"http:\/\/www.saint-paul-angouleme.fr\/application\/wp-content\/uploads\/2017\/02\/Gnadenkapelle-300x200.jpg\" \/>\n<meta name=\"author\" content=\"SAINT-PAUL\" \/>\n<meta name=\"twitter:card\" content=\"summary_large_image\" \/>\n<meta name=\"twitter:creator\" content=\"@StPaulAngoulem\" \/>\n<meta name=\"twitter:site\" content=\"@StPaulAngoulem\" \/>\n<meta name=\"twitter:label1\" content=\"\u00c9crit par\" \/>\n\t<meta name=\"twitter:data1\" content=\"SAINT-PAUL\" \/>\n\t<meta name=\"twitter:label2\" content=\"Dur\u00e9e de lecture estim\u00e9e\" \/>\n\t<meta name=\"twitter:data2\" content=\"2 minutes\" \/>\n<script type=\"application\/ld+json\" class=\"yoast-schema-graph\">{\"@context\":\"https:\/\/schema.org\",\"@graph\":[{\"@type\":\"Article\",\"@id\":\"https:\/\/www.saint-paul-angouleme.fr\/application\/echange-avec-altotting-quelques-nouvelles\/#article\",\"isPartOf\":{\"@id\":\"https:\/\/www.saint-paul-angouleme.fr\/application\/echange-avec-altotting-quelques-nouvelles\/\"},\"author\":{\"name\":\"SAINT-PAUL\",\"@id\":\"https:\/\/www.saint-paul-angouleme.fr\/application\/#\/schema\/person\/ea152930b1a3823659065827b1a5fb9b\"},\"headline\":\"Echange avec Alt\u00f6tting : quelques nouvelles\",\"datePublished\":\"2017-02-16T15:21:20+00:00\",\"dateModified\":\"2017-02-17T17:53:39+00:00\",\"mainEntityOfPage\":{\"@id\":\"https:\/\/www.saint-paul-angouleme.fr\/application\/echange-avec-altotting-quelques-nouvelles\/\"},\"wordCount\":340,\"commentCount\":0,\"publisher\":{\"@id\":\"https:\/\/www.saint-paul-angouleme.fr\/application\/#organization\"},\"image\":{\"@id\":\"https:\/\/www.saint-paul-angouleme.fr\/application\/echange-avec-altotting-quelques-nouvelles\/#primaryimage\"},\"thumbnailUrl\":\"http:\/\/www.saint-paul-angouleme.fr\/application\/wp-content\/uploads\/2017\/02\/Gnadenkapelle-300x200.jpg\",\"articleSection\":[\"Look on\"],\"inLanguage\":\"fr-FR\",\"potentialAction\":[{\"@type\":\"CommentAction\",\"name\":\"Comment\",\"target\":[\"https:\/\/www.saint-paul-angouleme.fr\/application\/echange-avec-altotting-quelques-nouvelles\/#respond\"]}]},{\"@type\":\"WebPage\",\"@id\":\"https:\/\/www.saint-paul-angouleme.fr\/application\/echange-avec-altotting-quelques-nouvelles\/\",\"url\":\"https:\/\/www.saint-paul-angouleme.fr\/application\/echange-avec-altotting-quelques-nouvelles\/\",\"name\":\"Echange avec Alt\u00f6tting : quelques nouvelles - Actualit\u00e9s\",\"isPartOf\":{\"@id\":\"https:\/\/www.saint-paul-angouleme.fr\/application\/#website\"},\"primaryImageOfPage\":{\"@id\":\"https:\/\/www.saint-paul-angouleme.fr\/application\/echange-avec-altotting-quelques-nouvelles\/#primaryimage\"},\"image\":{\"@id\":\"https:\/\/www.saint-paul-angouleme.fr\/application\/echange-avec-altotting-quelques-nouvelles\/#primaryimage\"},\"thumbnailUrl\":\"http:\/\/www.saint-paul-angouleme.fr\/application\/wp-content\/uploads\/2017\/02\/Gnadenkapelle-300x200.jpg\",\"datePublished\":\"2017-02-16T15:21:20+00:00\",\"dateModified\":\"2017-02-17T17:53:39+00:00\",\"breadcrumb\":{\"@id\":\"https:\/\/www.saint-paul-angouleme.fr\/application\/echange-avec-altotting-quelques-nouvelles\/#breadcrumb\"},\"inLanguage\":\"fr-FR\",\"potentialAction\":[{\"@type\":\"ReadAction\",\"target\":[\"https:\/\/www.saint-paul-angouleme.fr\/application\/echange-avec-altotting-quelques-nouvelles\/\"]}]},{\"@type\":\"ImageObject\",\"inLanguage\":\"fr-FR\",\"@id\":\"https:\/\/www.saint-paul-angouleme.fr\/application\/echange-avec-altotting-quelques-nouvelles\/#primaryimage\",\"url\":\"https:\/\/www.saint-paul-angouleme.fr\/application\/wp-content\/uploads\/2017\/02\/Gnadenkapelle.jpg\",\"contentUrl\":\"https:\/\/www.saint-paul-angouleme.fr\/application\/wp-content\/uploads\/2017\/02\/Gnadenkapelle.jpg\",\"width\":2048,\"height\":1367},{\"@type\":\"BreadcrumbList\",\"@id\":\"https:\/\/www.saint-paul-angouleme.fr\/application\/echange-avec-altotting-quelques-nouvelles\/#breadcrumb\",\"itemListElement\":[{\"@type\":\"ListItem\",\"position\":1,\"name\":\"Accueil\",\"item\":\"http:\/\/www.saint-paul-angouleme.fr\/application\/\"},{\"@type\":\"ListItem\",\"position\":2,\"name\":\"Echange avec Alt\u00f6tting : quelques nouvelles\"}]},{\"@type\":\"WebSite\",\"@id\":\"https:\/\/www.saint-paul-angouleme.fr\/application\/#website\",\"url\":\"https:\/\/www.saint-paul-angouleme.fr\/application\/\",\"name\":\"Actualit\u00e9s\",\"description\":\"Actualit\u00e9s Saint Paul\",\"publisher\":{\"@id\":\"https:\/\/www.saint-paul-angouleme.fr\/application\/#organization\"},\"potentialAction\":[{\"@type\":\"SearchAction\",\"target\":{\"@type\":\"EntryPoint\",\"urlTemplate\":\"https:\/\/www.saint-paul-angouleme.fr\/application\/?s={search_term_string}\"},\"query-input\":\"required name=search_term_string\"}],\"inLanguage\":\"fr-FR\"},{\"@type\":\"Organization\",\"@id\":\"https:\/\/www.saint-paul-angouleme.fr\/application\/#organization\",\"name\":\"Ensemble scolaire Saint-Paul\",\"url\":\"https:\/\/www.saint-paul-angouleme.fr\/application\/\",\"logo\":{\"@type\":\"ImageObject\",\"inLanguage\":\"fr-FR\",\"@id\":\"https:\/\/www.saint-paul-angouleme.fr\/application\/#\/schema\/logo\/image\/\",\"url\":\"https:\/\/www.saint-paul-angouleme.fr\/application\/wp-content\/uploads\/2018\/08\/logo-saint-paul-couleurs.jpg\",\"contentUrl\":\"https:\/\/www.saint-paul-angouleme.fr\/application\/wp-content\/uploads\/2018\/08\/logo-saint-paul-couleurs.jpg\",\"width\":1890,\"height\":709,\"caption\":\"Ensemble scolaire Saint-Paul\"},\"image\":{\"@id\":\"https:\/\/www.saint-paul-angouleme.fr\/application\/#\/schema\/logo\/image\/\"},\"sameAs\":[\"https:\/\/www.facebook.com\/SaintPaulAngouleme16\/\",\"https:\/\/x.com\/StPaulAngoulem\",\"https:\/\/www.youtube.com\/channel\/UCRLpz1CmPVqc0gn--YyXvjA?view_as=subscriber\"]},{\"@type\":\"Person\",\"@id\":\"https:\/\/www.saint-paul-angouleme.fr\/application\/#\/schema\/person\/ea152930b1a3823659065827b1a5fb9b\",\"name\":\"SAINT-PAUL\",\"image\":{\"@type\":\"ImageObject\",\"inLanguage\":\"fr-FR\",\"@id\":\"https:\/\/www.saint-paul-angouleme.fr\/application\/#\/schema\/person\/image\/\",\"url\":\"https:\/\/secure.gravatar.com\/avatar\/eadb0ffebc02683a61d69038eb2924f0?s=96&r=g\",\"contentUrl\":\"https:\/\/secure.gravatar.com\/avatar\/eadb0ffebc02683a61d69038eb2924f0?s=96&r=g\",\"caption\":\"SAINT-PAUL\"},\"url\":\"https:\/\/www.saint-paul-angouleme.fr\/application\/author\/myriam\/\"}]}<\/script>\n<!-- \/ Yoast SEO plugin. -->","yoast_head_json":{"title":"Echange avec Alt\u00f6tting : quelques nouvelles - Actualit\u00e9s","robots":{"index":"index","follow":"follow","max-snippet":"max-snippet:-1","max-image-preview":"max-image-preview:large","max-video-preview":"max-video-preview:-1"},"canonical":"https:\/\/www.saint-paul-angouleme.fr\/application\/echange-avec-altotting-quelques-nouvelles\/","og_locale":"fr_FR","og_type":"article","og_title":"Echange avec Alt\u00f6tting : quelques nouvelles - Actualit\u00e9s","og_description":"ALT\u00d6TTING\u00a0: J+5 Il y a maintenant cinq jours que nos 20 \u00e9l\u00e8ves de l\u2019\u00e9change &#8220;Alt\u00f6tting-Angoul\u00eame&#8221; sont arriv\u00e9s en Bavi\u00e8re, l\u2019occasion de partager quelques moments de ce s\u00e9jour. Le 14 f\u00e9vrier le groupe \u00e9tait accueilli officiellement par M. Herbert HOFAUER, maire d\u2019Alt\u00f6tting. Il a relay\u00e9 cette rencontre sur sa page FaceBook\u00a0: \u00ab\u00a0Je viens d\u2019accueillir, dans la ... Lire la suite","og_url":"https:\/\/www.saint-paul-angouleme.fr\/application\/echange-avec-altotting-quelques-nouvelles\/","og_site_name":"Actualit\u00e9s","article_publisher":"https:\/\/www.facebook.com\/SaintPaulAngouleme16\/","article_published_time":"2017-02-16T15:21:20+00:00","article_modified_time":"2017-02-17T17:53:39+00:00","og_image":[{"url":"http:\/\/www.saint-paul-angouleme.fr\/application\/wp-content\/uploads\/2017\/02\/Gnadenkapelle-300x200.jpg"}],"author":"SAINT-PAUL","twitter_card":"summary_large_image","twitter_creator":"@StPaulAngoulem","twitter_site":"@StPaulAngoulem","twitter_misc":{"\u00c9crit par":"SAINT-PAUL","Dur\u00e9e de lecture estim\u00e9e":"2 minutes"},"schema":{"@context":"https:\/\/schema.org","@graph":[{"@type":"Article","@id":"https:\/\/www.saint-paul-angouleme.fr\/application\/echange-avec-altotting-quelques-nouvelles\/#article","isPartOf":{"@id":"https:\/\/www.saint-paul-angouleme.fr\/application\/echange-avec-altotting-quelques-nouvelles\/"},"author":{"name":"SAINT-PAUL","@id":"https:\/\/www.saint-paul-angouleme.fr\/application\/#\/schema\/person\/ea152930b1a3823659065827b1a5fb9b"},"headline":"Echange avec Alt\u00f6tting : quelques nouvelles","datePublished":"2017-02-16T15:21:20+00:00","dateModified":"2017-02-17T17:53:39+00:00","mainEntityOfPage":{"@id":"https:\/\/www.saint-paul-angouleme.fr\/application\/echange-avec-altotting-quelques-nouvelles\/"},"wordCount":340,"commentCount":0,"publisher":{"@id":"https:\/\/www.saint-paul-angouleme.fr\/application\/#organization"},"image":{"@id":"https:\/\/www.saint-paul-angouleme.fr\/application\/echange-avec-altotting-quelques-nouvelles\/#primaryimage"},"thumbnailUrl":"http:\/\/www.saint-paul-angouleme.fr\/application\/wp-content\/uploads\/2017\/02\/Gnadenkapelle-300x200.jpg","articleSection":["Look on"],"inLanguage":"fr-FR","potentialAction":[{"@type":"CommentAction","name":"Comment","target":["https:\/\/www.saint-paul-angouleme.fr\/application\/echange-avec-altotting-quelques-nouvelles\/#respond"]}]},{"@type":"WebPage","@id":"https:\/\/www.saint-paul-angouleme.fr\/application\/echange-avec-altotting-quelques-nouvelles\/","url":"https:\/\/www.saint-paul-angouleme.fr\/application\/echange-avec-altotting-quelques-nouvelles\/","name":"Echange avec Alt\u00f6tting : quelques nouvelles - Actualit\u00e9s","isPartOf":{"@id":"https:\/\/www.saint-paul-angouleme.fr\/application\/#website"},"primaryImageOfPage":{"@id":"https:\/\/www.saint-paul-angouleme.fr\/application\/echange-avec-altotting-quelques-nouvelles\/#primaryimage"},"image":{"@id":"https:\/\/www.saint-paul-angouleme.fr\/application\/echange-avec-altotting-quelques-nouvelles\/#primaryimage"},"thumbnailUrl":"http:\/\/www.saint-paul-angouleme.fr\/application\/wp-content\/uploads\/2017\/02\/Gnadenkapelle-300x200.jpg","datePublished":"2017-02-16T15:21:20+00:00","dateModified":"2017-02-17T17:53:39+00:00","breadcrumb":{"@id":"https:\/\/www.saint-paul-angouleme.fr\/application\/echange-avec-altotting-quelques-nouvelles\/#breadcrumb"},"inLanguage":"fr-FR","potentialAction":[{"@type":"ReadAction","target":["https:\/\/www.saint-paul-angouleme.fr\/application\/echange-avec-altotting-quelques-nouvelles\/"]}]},{"@type":"ImageObject","inLanguage":"fr-FR","@id":"https:\/\/www.saint-paul-angouleme.fr\/application\/echange-avec-altotting-quelques-nouvelles\/#primaryimage","url":"https:\/\/www.saint-paul-angouleme.fr\/application\/wp-content\/uploads\/2017\/02\/Gnadenkapelle.jpg","contentUrl":"https:\/\/www.saint-paul-angouleme.fr\/application\/wp-content\/uploads\/2017\/02\/Gnadenkapelle.jpg","width":2048,"height":1367},{"@type":"BreadcrumbList","@id":"https:\/\/www.saint-paul-angouleme.fr\/application\/echange-avec-altotting-quelques-nouvelles\/#breadcrumb","itemListElement":[{"@type":"ListItem","position":1,"name":"Accueil","item":"http:\/\/www.saint-paul-angouleme.fr\/application\/"},{"@type":"ListItem","position":2,"name":"Echange avec Alt\u00f6tting : quelques nouvelles"}]},{"@type":"WebSite","@id":"https:\/\/www.saint-paul-angouleme.fr\/application\/#website","url":"https:\/\/www.saint-paul-angouleme.fr\/application\/","name":"Actualit\u00e9s","description":"Actualit\u00e9s Saint Paul","publisher":{"@id":"https:\/\/www.saint-paul-angouleme.fr\/application\/#organization"},"potentialAction":[{"@type":"SearchAction","target":{"@type":"EntryPoint","urlTemplate":"https:\/\/www.saint-paul-angouleme.fr\/application\/?s={search_term_string}"},"query-input":"required name=search_term_string"}],"inLanguage":"fr-FR"},{"@type":"Organization","@id":"https:\/\/www.saint-paul-angouleme.fr\/application\/#organization","name":"Ensemble scolaire Saint-Paul","url":"https:\/\/www.saint-paul-angouleme.fr\/application\/","logo":{"@type":"ImageObject","inLanguage":"fr-FR","@id":"https:\/\/www.saint-paul-angouleme.fr\/application\/#\/schema\/logo\/image\/","url":"https:\/\/www.saint-paul-angouleme.fr\/application\/wp-content\/uploads\/2018\/08\/logo-saint-paul-couleurs.jpg","contentUrl":"https:\/\/www.saint-paul-angouleme.fr\/application\/wp-content\/uploads\/2018\/08\/logo-saint-paul-couleurs.jpg","width":1890,"height":709,"caption":"Ensemble scolaire Saint-Paul"},"image":{"@id":"https:\/\/www.saint-paul-angouleme.fr\/application\/#\/schema\/logo\/image\/"},"sameAs":["https:\/\/www.facebook.com\/SaintPaulAngouleme16\/","https:\/\/x.com\/StPaulAngoulem","https:\/\/www.youtube.com\/channel\/UCRLpz1CmPVqc0gn--YyXvjA?view_as=subscriber"]},{"@type":"Person","@id":"https:\/\/www.saint-paul-angouleme.fr\/application\/#\/schema\/person\/ea152930b1a3823659065827b1a5fb9b","name":"SAINT-PAUL","image":{"@type":"ImageObject","inLanguage":"fr-FR","@id":"https:\/\/www.saint-paul-angouleme.fr\/application\/#\/schema\/person\/image\/","url":"https:\/\/secure.gravatar.com\/avatar\/eadb0ffebc02683a61d69038eb2924f0?s=96&r=g","contentUrl":"https:\/\/secure.gravatar.com\/avatar\/eadb0ffebc02683a61d69038eb2924f0?s=96&r=g","caption":"SAINT-PAUL"},"url":"https:\/\/www.saint-paul-angouleme.fr\/application\/author\/myriam\/"}]}},"_links":{"self":[{"href":"https:\/\/www.saint-paul-angouleme.fr\/application\/wp-json\/wp\/v2\/posts\/130"}],"collection":[{"href":"https:\/\/www.saint-paul-angouleme.fr\/application\/wp-json\/wp\/v2\/posts"}],"about":[{"href":"https:\/\/www.saint-paul-angouleme.fr\/application\/wp-json\/wp\/v2\/types\/post"}],"author":[{"embeddable":true,"href":"https:\/\/www.saint-paul-angouleme.fr\/application\/wp-json\/wp\/v2\/users\/3"}],"replies":[{"embeddable":true,"href":"https:\/\/www.saint-paul-angouleme.fr\/application\/wp-json\/wp\/v2\/comments?post=130"}],"version-history":[{"count":33,"href":"https:\/\/www.saint-paul-angouleme.fr\/application\/wp-json\/wp\/v2\/posts\/130\/revisions"}],"predecessor-version":[{"id":170,"href":"https:\/\/www.saint-paul-angouleme.fr\/application\/wp-json\/wp\/v2\/posts\/130\/revisions\/170"}],"wp:attachment":[{"href":"https:\/\/www.saint-paul-angouleme.fr\/application\/wp-json\/wp\/v2\/media?parent=130"}],"wp:term":[{"taxonomy":"category","embeddable":true,"href":"https:\/\/www.saint-paul-angouleme.fr\/application\/wp-json\/wp\/v2\/categories?post=130"},{"taxonomy":"post_tag","embeddable":true,"href":"https:\/\/www.saint-paul-angouleme.fr\/application\/wp-json\/wp\/v2\/tags?post=130"}],"curies":[{"name":"wp","href":"https:\/\/api.w.org\/{rel}","templated":true}]}}