{"id":12993,"date":"2025-06-25T09:26:00","date_gmt":"2025-06-25T07:26:00","guid":{"rendered":"https:\/\/www.saint-paul-angouleme.fr\/application\/?p=12993"},"modified":"2025-07-10T16:28:23","modified_gmt":"2025-07-10T14:28:23","slug":"belle-ile-en-mer-sejour-pedagogique-pour-nos-sixiemes","status":"publish","type":"post","link":"https:\/\/www.saint-paul-angouleme.fr\/application\/belle-ile-en-mer-sejour-pedagogique-pour-nos-sixiemes\/","title":{"rendered":"Belle-Ile-En-Mer : S\u00e9jour p\u00e9dagogique pour nos sixi\u00e8mes"},"content":{"rendered":"\n<figure class=\"wp-block-image size-large\"><img loading=\"lazy\" decoding=\"async\" width=\"1024\" height=\"768\" src=\"https:\/\/www.saint-paul-angouleme.fr\/application\/wp-content\/uploads\/2025\/07\/20250616_172040-1024x768.jpg\" alt=\"Belle-\u00cele-en-mer : photo d'une partie du groupe\" class=\"wp-image-12994\" srcset=\"https:\/\/www.saint-paul-angouleme.fr\/application\/wp-content\/uploads\/2025\/07\/20250616_172040-1024x768.jpg 1024w, https:\/\/www.saint-paul-angouleme.fr\/application\/wp-content\/uploads\/2025\/07\/20250616_172040-300x225.jpg 300w, https:\/\/www.saint-paul-angouleme.fr\/application\/wp-content\/uploads\/2025\/07\/20250616_172040-768x576.jpg 768w, https:\/\/www.saint-paul-angouleme.fr\/application\/wp-content\/uploads\/2025\/07\/20250616_172040.jpg 1215w\" sizes=\"(max-width: 1024px) 100vw, 1024px\" \/><\/figure>\n\n\n\n<p>Du 16 au 20 juin, les \u00e9l\u00e8ves des classes de 6\u00e8me ont pu se rendre \u00e0 <a href=\"https:\/\/www.belle-ile.com\/\">Belle-\u00eele-en-Mer<\/a> pour un s\u00e9jour p\u00e9dagogique. Plusieurs <a href=\"https:\/\/www.saint-paul-angouleme.fr\/application\/fevrier-2025-a-los-angeles-sejour-linguistique-et-culturel\/\">s\u00e9jours<\/a> ont \u00e9t\u00e9 propos\u00e9s, celui-ci est le dernier de l&#8217;ann\u00e9e. Partis de bon matin d&#8217;Angoul\u00eame, nous arrivons en Bretagne vers 17h00, en fin d&#8217;apr\u00e8s-midi. De Quiberon nous embarquons \u00e0 la gare maritime pour rejoindre l&#8217;Ile et accostons au port de <a href=\"https:\/\/www.lepalais.fr\/Default\/10-la-commune.html\">Le Palais<\/a> \u00e0 18h00. Ancr\u00e9e \u00e0 15 km de Quiberon, Belle-\u00cele-En-Mer est la plus grande \u00eele de Bretagne. Elle fait 83 Km<sup>2<\/sup> ; elle s&#8217;\u00e9l\u00e8ve \u00e0 71 m\u00e8tres au-dessus du niveau de la mer.<\/p>\n\n\n\n<blockquote class=\"wp-block-quote is-layout-flow wp-block-quote-is-layout-flow\">\n<p>Le Palais est la \u00abcapitale\u00bb de l&#8217;\u00eele tant sur le plan administratif qu\u2019\u00e9conomique, elle est la commune la moins \u00e9tendue et la plus peupl\u00e9e, avec plus de 2 500 habitants. La Citadelle Vauban domine l&#8217;acc\u00e8s du port qui est l&#8217;unique entr\u00e9e pour les liaisons maritimes.<\/p>\n\n\n\n<p><em>Source : https:\/\/www.lepalais.fr\/Default\/10-la-commune\/11-geographie-et-acces\/89-mairie-de-le-palais&#8211;belle-ile-en-mer-.html<\/em><\/p>\n<\/blockquote>\n\n\n\n<figure class=\"wp-block-gallery has-nested-images columns-2 is-cropped wp-block-gallery-1 is-layout-flex wp-block-gallery-is-layout-flex\">\n<figure class=\"wp-block-image size-large\"><img loading=\"lazy\" decoding=\"async\" width=\"1024\" height=\"768\" data-id=\"13002\" src=\"https:\/\/www.saint-paul-angouleme.fr\/application\/wp-content\/uploads\/2025\/07\/20250616_120241-1024x768.jpg\" alt=\"\" class=\"wp-image-13002\" srcset=\"https:\/\/www.saint-paul-angouleme.fr\/application\/wp-content\/uploads\/2025\/07\/20250616_120241-1024x768.jpg 1024w, https:\/\/www.saint-paul-angouleme.fr\/application\/wp-content\/uploads\/2025\/07\/20250616_120241-300x225.jpg 300w, https:\/\/www.saint-paul-angouleme.fr\/application\/wp-content\/uploads\/2025\/07\/20250616_120241-768x576.jpg 768w, https:\/\/www.saint-paul-angouleme.fr\/application\/wp-content\/uploads\/2025\/07\/20250616_120241.jpg 1215w\" sizes=\"(max-width: 1024px) 100vw, 1024px\" \/><\/figure>\n\n\n\n<figure class=\"wp-block-image size-large\"><img loading=\"lazy\" decoding=\"async\" width=\"1024\" height=\"768\" data-id=\"13004\" src=\"https:\/\/www.saint-paul-angouleme.fr\/application\/wp-content\/uploads\/2025\/07\/20250616_120303-1024x768.jpg\" alt=\"\" class=\"wp-image-13004\" srcset=\"https:\/\/www.saint-paul-angouleme.fr\/application\/wp-content\/uploads\/2025\/07\/20250616_120303-1024x768.jpg 1024w, https:\/\/www.saint-paul-angouleme.fr\/application\/wp-content\/uploads\/2025\/07\/20250616_120303-300x225.jpg 300w, https:\/\/www.saint-paul-angouleme.fr\/application\/wp-content\/uploads\/2025\/07\/20250616_120303-768x576.jpg 768w, https:\/\/www.saint-paul-angouleme.fr\/application\/wp-content\/uploads\/2025\/07\/20250616_120303.jpg 1215w\" sizes=\"(max-width: 1024px) 100vw, 1024px\" \/><\/figure>\n\n\n\n<figure class=\"wp-block-image size-large\"><img loading=\"lazy\" decoding=\"async\" width=\"683\" height=\"911\" data-id=\"13003\" src=\"https:\/\/www.saint-paul-angouleme.fr\/application\/wp-content\/uploads\/2025\/07\/20250616_163321_001.jpg\" alt=\"\" class=\"wp-image-13003\" srcset=\"https:\/\/www.saint-paul-angouleme.fr\/application\/wp-content\/uploads\/2025\/07\/20250616_163321_001.jpg 683w, https:\/\/www.saint-paul-angouleme.fr\/application\/wp-content\/uploads\/2025\/07\/20250616_163321_001-225x300.jpg 225w\" sizes=\"(max-width: 683px) 100vw, 683px\" \/><\/figure>\n\n\n\n<figure class=\"wp-block-image size-large\"><img loading=\"lazy\" decoding=\"async\" width=\"1024\" height=\"768\" data-id=\"13006\" src=\"https:\/\/www.saint-paul-angouleme.fr\/application\/wp-content\/uploads\/2025\/07\/20250616_163548-1024x768.jpg\" alt=\"\" class=\"wp-image-13006\" srcset=\"https:\/\/www.saint-paul-angouleme.fr\/application\/wp-content\/uploads\/2025\/07\/20250616_163548-1024x768.jpg 1024w, https:\/\/www.saint-paul-angouleme.fr\/application\/wp-content\/uploads\/2025\/07\/20250616_163548-300x225.jpg 300w, https:\/\/www.saint-paul-angouleme.fr\/application\/wp-content\/uploads\/2025\/07\/20250616_163548-768x576.jpg 768w, https:\/\/www.saint-paul-angouleme.fr\/application\/wp-content\/uploads\/2025\/07\/20250616_163548.jpg 1215w\" sizes=\"(max-width: 1024px) 100vw, 1024px\" \/><\/figure>\n\n\n\n<figure class=\"wp-block-image size-large\"><img loading=\"lazy\" decoding=\"async\" width=\"1024\" height=\"768\" data-id=\"13005\" src=\"https:\/\/www.saint-paul-angouleme.fr\/application\/wp-content\/uploads\/2025\/07\/20250616_171943-1024x768.jpg\" alt=\"\" class=\"wp-image-13005\" srcset=\"https:\/\/www.saint-paul-angouleme.fr\/application\/wp-content\/uploads\/2025\/07\/20250616_171943-1024x768.jpg 1024w, https:\/\/www.saint-paul-angouleme.fr\/application\/wp-content\/uploads\/2025\/07\/20250616_171943-300x225.jpg 300w, https:\/\/www.saint-paul-angouleme.fr\/application\/wp-content\/uploads\/2025\/07\/20250616_171943-768x576.jpg 768w, https:\/\/www.saint-paul-angouleme.fr\/application\/wp-content\/uploads\/2025\/07\/20250616_171943.jpg 1215w\" sizes=\"(max-width: 1024px) 100vw, 1024px\" \/><\/figure>\n\n\n\n<figure class=\"wp-block-image size-large\"><img loading=\"lazy\" decoding=\"async\" width=\"1024\" height=\"768\" data-id=\"13008\" src=\"https:\/\/www.saint-paul-angouleme.fr\/application\/wp-content\/uploads\/2025\/07\/20250616_173244-1024x768.jpg\" alt=\"\" class=\"wp-image-13008\" srcset=\"https:\/\/www.saint-paul-angouleme.fr\/application\/wp-content\/uploads\/2025\/07\/20250616_173244-1024x768.jpg 1024w, https:\/\/www.saint-paul-angouleme.fr\/application\/wp-content\/uploads\/2025\/07\/20250616_173244-300x225.jpg 300w, https:\/\/www.saint-paul-angouleme.fr\/application\/wp-content\/uploads\/2025\/07\/20250616_173244-768x576.jpg 768w, https:\/\/www.saint-paul-angouleme.fr\/application\/wp-content\/uploads\/2025\/07\/20250616_173244.jpg 1215w\" sizes=\"(max-width: 1024px) 100vw, 1024px\" \/><\/figure>\n\n\n\n<figure class=\"wp-block-image size-large\"><img loading=\"lazy\" decoding=\"async\" width=\"1024\" height=\"768\" data-id=\"13009\" src=\"https:\/\/www.saint-paul-angouleme.fr\/application\/wp-content\/uploads\/2025\/07\/20250616_180028-1024x768.jpg\" alt=\"\" class=\"wp-image-13009\" srcset=\"https:\/\/www.saint-paul-angouleme.fr\/application\/wp-content\/uploads\/2025\/07\/20250616_180028-1024x768.jpg 1024w, https:\/\/www.saint-paul-angouleme.fr\/application\/wp-content\/uploads\/2025\/07\/20250616_180028-300x225.jpg 300w, https:\/\/www.saint-paul-angouleme.fr\/application\/wp-content\/uploads\/2025\/07\/20250616_180028-768x576.jpg 768w, https:\/\/www.saint-paul-angouleme.fr\/application\/wp-content\/uploads\/2025\/07\/20250616_180028.jpg 1215w\" sizes=\"(max-width: 1024px) 100vw, 1024px\" \/><\/figure>\n\n\n\n<figure class=\"wp-block-image size-large\"><img loading=\"lazy\" decoding=\"async\" width=\"1024\" height=\"768\" data-id=\"13010\" src=\"https:\/\/www.saint-paul-angouleme.fr\/application\/wp-content\/uploads\/2025\/07\/20250616_180107-1024x768.jpg\" alt=\"\" class=\"wp-image-13010\" srcset=\"https:\/\/www.saint-paul-angouleme.fr\/application\/wp-content\/uploads\/2025\/07\/20250616_180107-1024x768.jpg 1024w, https:\/\/www.saint-paul-angouleme.fr\/application\/wp-content\/uploads\/2025\/07\/20250616_180107-300x225.jpg 300w, https:\/\/www.saint-paul-angouleme.fr\/application\/wp-content\/uploads\/2025\/07\/20250616_180107-768x576.jpg 768w, https:\/\/www.saint-paul-angouleme.fr\/application\/wp-content\/uploads\/2025\/07\/20250616_180107.jpg 1215w\" sizes=\"(max-width: 1024px) 100vw, 1024px\" \/><\/figure>\n\n\n\n<figure class=\"wp-block-image size-large\"><img loading=\"lazy\" decoding=\"async\" width=\"683\" height=\"911\" data-id=\"13012\" src=\"https:\/\/www.saint-paul-angouleme.fr\/application\/wp-content\/uploads\/2025\/07\/IMG_20250616_160130.jpg\" alt=\"\" class=\"wp-image-13012\" srcset=\"https:\/\/www.saint-paul-angouleme.fr\/application\/wp-content\/uploads\/2025\/07\/IMG_20250616_160130.jpg 683w, https:\/\/www.saint-paul-angouleme.fr\/application\/wp-content\/uploads\/2025\/07\/IMG_20250616_160130-225x300.jpg 225w\" sizes=\"(max-width: 683px) 100vw, 683px\" \/><\/figure>\n\n\n\n<figure class=\"wp-block-image size-large\"><img loading=\"lazy\" decoding=\"async\" width=\"683\" height=\"911\" data-id=\"13011\" src=\"https:\/\/www.saint-paul-angouleme.fr\/application\/wp-content\/uploads\/2025\/07\/IMG_20250616_1604122.jpg\" alt=\"\" class=\"wp-image-13011\" srcset=\"https:\/\/www.saint-paul-angouleme.fr\/application\/wp-content\/uploads\/2025\/07\/IMG_20250616_1604122.jpg 683w, https:\/\/www.saint-paul-angouleme.fr\/application\/wp-content\/uploads\/2025\/07\/IMG_20250616_1604122-225x300.jpg 225w\" sizes=\"(max-width: 683px) 100vw, 683px\" \/><\/figure>\n\n\n\n<figure class=\"wp-block-image size-large\"><img loading=\"lazy\" decoding=\"async\" width=\"1024\" height=\"839\" data-id=\"13013\" src=\"https:\/\/www.saint-paul-angouleme.fr\/application\/wp-content\/uploads\/2025\/07\/original_51455fba-38e7-4ec2-9b59-2e871b2a5c53_20250616_172052-1024x839.jpg\" alt=\"\" class=\"wp-image-13013\" srcset=\"https:\/\/www.saint-paul-angouleme.fr\/application\/wp-content\/uploads\/2025\/07\/original_51455fba-38e7-4ec2-9b59-2e871b2a5c53_20250616_172052-1024x839.jpg 1024w, https:\/\/www.saint-paul-angouleme.fr\/application\/wp-content\/uploads\/2025\/07\/original_51455fba-38e7-4ec2-9b59-2e871b2a5c53_20250616_172052-300x246.jpg 300w, https:\/\/www.saint-paul-angouleme.fr\/application\/wp-content\/uploads\/2025\/07\/original_51455fba-38e7-4ec2-9b59-2e871b2a5c53_20250616_172052-768x629.jpg 768w, https:\/\/www.saint-paul-angouleme.fr\/application\/wp-content\/uploads\/2025\/07\/original_51455fba-38e7-4ec2-9b59-2e871b2a5c53_20250616_172052.jpg 1112w\" sizes=\"(max-width: 1024px) 100vw, 1024px\" \/><\/figure>\n<\/figure>\n\n\n\n<p><\/p>\n\n\n\n<h3 class=\"wp-block-heading\">Mardi 17 juin : d\u00e9couverte de LE PALAIS et croquis de paysage <\/h3>\n\n\n\n<p>Nous quittons l&#8217;<a href=\"https:\/\/www.belle-ile.com\/offres\/auberge-de-jeunesse-hi-belle-ile-en-mer-le-palais-fr-135685\/\">Auberge de Jeunesse<\/a> et allons \u00e0 la d\u00e9couverte de Le Palais. Direction la Citadelle situ\u00e9e sur l&#8217;\u00e9peron rocheux qui domine la rade. Ce fort a d\u00e9fendu l&#8217;\u00eele contre les pirates, les Espagnols et surtout les Anglais. Les ducs de GONDI de RETZ en font une citadelle. Puis Vauban y ajoute notamment une double enceinte, des bastions d&#8217;angle. Les arm\u00e9es des royaumes anglais et n\u00e9erlandais ont cherch\u00e9 \u00e0 s&#8217;emparer de Belle-\u00cele, la bien nomm\u00e9e pour disposer d&#8217;un poste avanc\u00e9 face aux ports de Lorient et Nantes. Elle sera prise de 1761 \u00e0 1763 par les Anglais. Les \u00e9l\u00e8ves d\u00e9couvrent les fortifications des fosses&#8230;et s&#8217;interrogent.<\/p>\n\n\n\n<p>Le port de Le Palais et ses trois bassins : apr\u00e8s une activit\u00e9 \u00e9conomique essentiellement tourn\u00e9e vers la p\u00eache (sardines \u00e0 profusion), le tourisme insulaire s&#8217;est d\u00e9velopp\u00e9 avec l&#8217;arriv\u00e9e du chemin de fer sur le continent. Les \u00e9l\u00e8ves s&#8217;exercent \u00e0 distinguer les diff\u00e9rentes unit\u00e9s paysag\u00e8res pour r\u00e9aliser le &#8220;croquis de paysage&#8221; du site. Le travail est assidu. D&#8217;abord, les bassins du port de Le Palais. L&#8217;imposante citadelle Vauban surplombe le port. Ce dernier constitue la porte d&#8217;entr\u00e9e principale pour les liaisons avec le continent. On remarque la pr\u00e9sence de l&#8217;\u00e9cluse qui d\u00e9limite le bassin de commerce. En sa hauteur nous identifions un \u00e9difice religieux : l&#8217;\u00e9glise Saint G\u00e9ran.<\/p>\n\n\n\n<p>Les bassins du port. Le bassin de plaisance puis le bassin de la Saline qui est d\u00e9limit\u00e9 par le pont Oga et \u00e0 nos pieds le bassin commercial et les entrep\u00f4ts sur le quai Nicolas Fouquet. Le b\u00e2ti sur le quai Gambetta est surmont\u00e9 \u00e0 sa droite par l&#8217;h\u00f4pital.<\/p>\n\n\n\n<figure class=\"wp-block-gallery has-nested-images columns-default is-cropped wp-block-gallery-2 is-layout-flex wp-block-gallery-is-layout-flex\">\n<figure class=\"wp-block-image size-large\"><img loading=\"lazy\" decoding=\"async\" width=\"1010\" height=\"911\" data-id=\"13020\" src=\"https:\/\/www.saint-paul-angouleme.fr\/application\/wp-content\/uploads\/2025\/07\/20250617_0916272.jpg\" alt=\"\" class=\"wp-image-13020\" srcset=\"https:\/\/www.saint-paul-angouleme.fr\/application\/wp-content\/uploads\/2025\/07\/20250617_0916272.jpg 1010w, https:\/\/www.saint-paul-angouleme.fr\/application\/wp-content\/uploads\/2025\/07\/20250617_0916272-300x271.jpg 300w, https:\/\/www.saint-paul-angouleme.fr\/application\/wp-content\/uploads\/2025\/07\/20250617_0916272-768x693.jpg 768w\" sizes=\"(max-width: 1010px) 100vw, 1010px\" \/><\/figure>\n\n\n\n<figure class=\"wp-block-image size-large\"><img loading=\"lazy\" decoding=\"async\" width=\"1024\" height=\"795\" data-id=\"13021\" src=\"https:\/\/www.saint-paul-angouleme.fr\/application\/wp-content\/uploads\/2025\/07\/20250617_091632-1024x795.jpg\" alt=\"\" class=\"wp-image-13021\" srcset=\"https:\/\/www.saint-paul-angouleme.fr\/application\/wp-content\/uploads\/2025\/07\/20250617_091632-1024x795.jpg 1024w, https:\/\/www.saint-paul-angouleme.fr\/application\/wp-content\/uploads\/2025\/07\/20250617_091632-300x233.jpg 300w, https:\/\/www.saint-paul-angouleme.fr\/application\/wp-content\/uploads\/2025\/07\/20250617_091632-768x596.jpg 768w, https:\/\/www.saint-paul-angouleme.fr\/application\/wp-content\/uploads\/2025\/07\/20250617_091632.jpg 1173w\" sizes=\"(max-width: 1024px) 100vw, 1024px\" \/><\/figure>\n\n\n\n<figure class=\"wp-block-image size-large\"><img loading=\"lazy\" decoding=\"async\" width=\"1024\" height=\"768\" data-id=\"13022\" src=\"https:\/\/www.saint-paul-angouleme.fr\/application\/wp-content\/uploads\/2025\/07\/20250617_091640-1024x768.jpg\" alt=\"\" class=\"wp-image-13022\" srcset=\"https:\/\/www.saint-paul-angouleme.fr\/application\/wp-content\/uploads\/2025\/07\/20250617_091640-1024x768.jpg 1024w, https:\/\/www.saint-paul-angouleme.fr\/application\/wp-content\/uploads\/2025\/07\/20250617_091640-300x225.jpg 300w, https:\/\/www.saint-paul-angouleme.fr\/application\/wp-content\/uploads\/2025\/07\/20250617_091640-768x576.jpg 768w, https:\/\/www.saint-paul-angouleme.fr\/application\/wp-content\/uploads\/2025\/07\/20250617_091640.jpg 1215w\" sizes=\"(max-width: 1024px) 100vw, 1024px\" \/><\/figure>\n\n\n\n<figure class=\"wp-block-image size-large\"><img loading=\"lazy\" decoding=\"async\" width=\"1024\" height=\"768\" data-id=\"13023\" src=\"https:\/\/www.saint-paul-angouleme.fr\/application\/wp-content\/uploads\/2025\/07\/20250617_092916-1024x768.jpg\" alt=\"\" class=\"wp-image-13023\" srcset=\"https:\/\/www.saint-paul-angouleme.fr\/application\/wp-content\/uploads\/2025\/07\/20250617_092916-1024x768.jpg 1024w, https:\/\/www.saint-paul-angouleme.fr\/application\/wp-content\/uploads\/2025\/07\/20250617_092916-300x225.jpg 300w, https:\/\/www.saint-paul-angouleme.fr\/application\/wp-content\/uploads\/2025\/07\/20250617_092916-768x576.jpg 768w, https:\/\/www.saint-paul-angouleme.fr\/application\/wp-content\/uploads\/2025\/07\/20250617_092916.jpg 1215w\" sizes=\"(max-width: 1024px) 100vw, 1024px\" \/><\/figure>\n\n\n\n<figure class=\"wp-block-image size-large\"><img loading=\"lazy\" decoding=\"async\" width=\"1024\" height=\"768\" data-id=\"13024\" src=\"https:\/\/www.saint-paul-angouleme.fr\/application\/wp-content\/uploads\/2025\/07\/20250617_0930422-1024x768.jpg\" alt=\"\" class=\"wp-image-13024\" srcset=\"https:\/\/www.saint-paul-angouleme.fr\/application\/wp-content\/uploads\/2025\/07\/20250617_0930422-1024x768.jpg 1024w, https:\/\/www.saint-paul-angouleme.fr\/application\/wp-content\/uploads\/2025\/07\/20250617_0930422-300x225.jpg 300w, https:\/\/www.saint-paul-angouleme.fr\/application\/wp-content\/uploads\/2025\/07\/20250617_0930422-768x576.jpg 768w, https:\/\/www.saint-paul-angouleme.fr\/application\/wp-content\/uploads\/2025\/07\/20250617_0930422.jpg 1215w\" sizes=\"(max-width: 1024px) 100vw, 1024px\" \/><\/figure>\n\n\n\n<figure class=\"wp-block-image size-large\"><img loading=\"lazy\" decoding=\"async\" width=\"1024\" height=\"768\" data-id=\"13025\" src=\"https:\/\/www.saint-paul-angouleme.fr\/application\/wp-content\/uploads\/2025\/07\/20250617_093117-1024x768.jpg\" alt=\"\" class=\"wp-image-13025\" srcset=\"https:\/\/www.saint-paul-angouleme.fr\/application\/wp-content\/uploads\/2025\/07\/20250617_093117-1024x768.jpg 1024w, https:\/\/www.saint-paul-angouleme.fr\/application\/wp-content\/uploads\/2025\/07\/20250617_093117-300x225.jpg 300w, https:\/\/www.saint-paul-angouleme.fr\/application\/wp-content\/uploads\/2025\/07\/20250617_093117-768x576.jpg 768w, https:\/\/www.saint-paul-angouleme.fr\/application\/wp-content\/uploads\/2025\/07\/20250617_093117.jpg 1215w\" sizes=\"(max-width: 1024px) 100vw, 1024px\" \/><\/figure>\n\n\n\n<figure class=\"wp-block-image size-large\"><img loading=\"lazy\" decoding=\"async\" width=\"683\" height=\"911\" data-id=\"13027\" src=\"https:\/\/www.saint-paul-angouleme.fr\/application\/wp-content\/uploads\/2025\/07\/20250617_093152.jpg\" alt=\"\" class=\"wp-image-13027\" srcset=\"https:\/\/www.saint-paul-angouleme.fr\/application\/wp-content\/uploads\/2025\/07\/20250617_093152.jpg 683w, https:\/\/www.saint-paul-angouleme.fr\/application\/wp-content\/uploads\/2025\/07\/20250617_093152-225x300.jpg 225w\" sizes=\"(max-width: 683px) 100vw, 683px\" \/><\/figure>\n\n\n\n<figure class=\"wp-block-image size-large\"><img loading=\"lazy\" decoding=\"async\" width=\"1024\" height=\"768\" data-id=\"13026\" src=\"https:\/\/www.saint-paul-angouleme.fr\/application\/wp-content\/uploads\/2025\/07\/20250617_094031-1024x768.jpg\" alt=\"\" class=\"wp-image-13026\" srcset=\"https:\/\/www.saint-paul-angouleme.fr\/application\/wp-content\/uploads\/2025\/07\/20250617_094031-1024x768.jpg 1024w, https:\/\/www.saint-paul-angouleme.fr\/application\/wp-content\/uploads\/2025\/07\/20250617_094031-300x225.jpg 300w, https:\/\/www.saint-paul-angouleme.fr\/application\/wp-content\/uploads\/2025\/07\/20250617_094031-768x576.jpg 768w, https:\/\/www.saint-paul-angouleme.fr\/application\/wp-content\/uploads\/2025\/07\/20250617_094031.jpg 1215w\" sizes=\"(max-width: 1024px) 100vw, 1024px\" \/><\/figure>\n\n\n\n<figure class=\"wp-block-image size-large\"><img loading=\"lazy\" decoding=\"async\" width=\"1024\" height=\"775\" data-id=\"13028\" src=\"https:\/\/www.saint-paul-angouleme.fr\/application\/wp-content\/uploads\/2025\/07\/20250617_094246-1024x775.jpg\" alt=\"\" class=\"wp-image-13028\" srcset=\"https:\/\/www.saint-paul-angouleme.fr\/application\/wp-content\/uploads\/2025\/07\/20250617_094246-1024x775.jpg 1024w, https:\/\/www.saint-paul-angouleme.fr\/application\/wp-content\/uploads\/2025\/07\/20250617_094246-300x227.jpg 300w, https:\/\/www.saint-paul-angouleme.fr\/application\/wp-content\/uploads\/2025\/07\/20250617_094246-768x582.jpg 768w, https:\/\/www.saint-paul-angouleme.fr\/application\/wp-content\/uploads\/2025\/07\/20250617_094246.jpg 1203w\" sizes=\"(max-width: 1024px) 100vw, 1024px\" \/><\/figure>\n\n\n\n<figure class=\"wp-block-image size-large\"><img loading=\"lazy\" decoding=\"async\" width=\"1024\" height=\"768\" data-id=\"13029\" src=\"https:\/\/www.saint-paul-angouleme.fr\/application\/wp-content\/uploads\/2025\/07\/20250617_095634-1024x768.jpg\" alt=\"\" class=\"wp-image-13029\" srcset=\"https:\/\/www.saint-paul-angouleme.fr\/application\/wp-content\/uploads\/2025\/07\/20250617_095634-1024x768.jpg 1024w, https:\/\/www.saint-paul-angouleme.fr\/application\/wp-content\/uploads\/2025\/07\/20250617_095634-300x225.jpg 300w, https:\/\/www.saint-paul-angouleme.fr\/application\/wp-content\/uploads\/2025\/07\/20250617_095634-768x576.jpg 768w, https:\/\/www.saint-paul-angouleme.fr\/application\/wp-content\/uploads\/2025\/07\/20250617_095634.jpg 1215w\" sizes=\"(max-width: 1024px) 100vw, 1024px\" \/><\/figure>\n\n\n\n<figure class=\"wp-block-image size-large\"><img loading=\"lazy\" decoding=\"async\" width=\"1024\" height=\"754\" data-id=\"13030\" src=\"https:\/\/www.saint-paul-angouleme.fr\/application\/wp-content\/uploads\/2025\/07\/20250617_105145-1024x754.jpg\" alt=\"\" class=\"wp-image-13030\" srcset=\"https:\/\/www.saint-paul-angouleme.fr\/application\/wp-content\/uploads\/2025\/07\/20250617_105145-1024x754.jpg 1024w, https:\/\/www.saint-paul-angouleme.fr\/application\/wp-content\/uploads\/2025\/07\/20250617_105145-300x221.jpg 300w, https:\/\/www.saint-paul-angouleme.fr\/application\/wp-content\/uploads\/2025\/07\/20250617_105145-768x566.jpg 768w, https:\/\/www.saint-paul-angouleme.fr\/application\/wp-content\/uploads\/2025\/07\/20250617_105145.jpg 1237w\" sizes=\"(max-width: 1024px) 100vw, 1024px\" \/><\/figure>\n\n\n\n<figure class=\"wp-block-image size-large\"><img loading=\"lazy\" decoding=\"async\" width=\"1024\" height=\"383\" data-id=\"13031\" src=\"https:\/\/www.saint-paul-angouleme.fr\/application\/wp-content\/uploads\/2025\/07\/20250617_105254-1024x383.jpg\" alt=\"\" class=\"wp-image-13031\" srcset=\"https:\/\/www.saint-paul-angouleme.fr\/application\/wp-content\/uploads\/2025\/07\/20250617_105254-1024x383.jpg 1024w, https:\/\/www.saint-paul-angouleme.fr\/application\/wp-content\/uploads\/2025\/07\/20250617_105254-300x112.jpg 300w, https:\/\/www.saint-paul-angouleme.fr\/application\/wp-content\/uploads\/2025\/07\/20250617_105254-768x288.jpg 768w, https:\/\/www.saint-paul-angouleme.fr\/application\/wp-content\/uploads\/2025\/07\/20250617_105254-1536x575.jpg 1536w, https:\/\/www.saint-paul-angouleme.fr\/application\/wp-content\/uploads\/2025\/07\/20250617_105254.jpg 1560w\" sizes=\"(max-width: 1024px) 100vw, 1024px\" \/><\/figure>\n\n\n\n<figure class=\"wp-block-image size-large\"><img loading=\"lazy\" decoding=\"async\" width=\"1024\" height=\"768\" data-id=\"13035\" src=\"https:\/\/www.saint-paul-angouleme.fr\/application\/wp-content\/uploads\/2025\/07\/20250617_113923-1024x768.jpg\" alt=\"\" class=\"wp-image-13035\" srcset=\"https:\/\/www.saint-paul-angouleme.fr\/application\/wp-content\/uploads\/2025\/07\/20250617_113923-1024x768.jpg 1024w, https:\/\/www.saint-paul-angouleme.fr\/application\/wp-content\/uploads\/2025\/07\/20250617_113923-300x225.jpg 300w, https:\/\/www.saint-paul-angouleme.fr\/application\/wp-content\/uploads\/2025\/07\/20250617_113923-768x576.jpg 768w, https:\/\/www.saint-paul-angouleme.fr\/application\/wp-content\/uploads\/2025\/07\/20250617_113923.jpg 1215w\" sizes=\"(max-width: 1024px) 100vw, 1024px\" \/><\/figure>\n\n\n\n<figure class=\"wp-block-image size-large\"><img loading=\"lazy\" decoding=\"async\" width=\"1024\" height=\"768\" data-id=\"13034\" src=\"https:\/\/www.saint-paul-angouleme.fr\/application\/wp-content\/uploads\/2025\/07\/20250617_110608-1024x768.jpg\" alt=\"\" class=\"wp-image-13034\" srcset=\"https:\/\/www.saint-paul-angouleme.fr\/application\/wp-content\/uploads\/2025\/07\/20250617_110608-1024x768.jpg 1024w, https:\/\/www.saint-paul-angouleme.fr\/application\/wp-content\/uploads\/2025\/07\/20250617_110608-300x225.jpg 300w, https:\/\/www.saint-paul-angouleme.fr\/application\/wp-content\/uploads\/2025\/07\/20250617_110608-768x576.jpg 768w, https:\/\/www.saint-paul-angouleme.fr\/application\/wp-content\/uploads\/2025\/07\/20250617_110608.jpg 1215w\" sizes=\"(max-width: 1024px) 100vw, 1024px\" \/><\/figure>\n\n\n\n<figure class=\"wp-block-image size-large\"><img loading=\"lazy\" decoding=\"async\" width=\"1024\" height=\"768\" data-id=\"13033\" src=\"https:\/\/www.saint-paul-angouleme.fr\/application\/wp-content\/uploads\/2025\/07\/20250617_110525-1024x768.jpg\" alt=\"\" class=\"wp-image-13033\" srcset=\"https:\/\/www.saint-paul-angouleme.fr\/application\/wp-content\/uploads\/2025\/07\/20250617_110525-1024x768.jpg 1024w, https:\/\/www.saint-paul-angouleme.fr\/application\/wp-content\/uploads\/2025\/07\/20250617_110525-300x225.jpg 300w, https:\/\/www.saint-paul-angouleme.fr\/application\/wp-content\/uploads\/2025\/07\/20250617_110525-768x576.jpg 768w, https:\/\/www.saint-paul-angouleme.fr\/application\/wp-content\/uploads\/2025\/07\/20250617_110525.jpg 1215w\" sizes=\"(max-width: 1024px) 100vw, 1024px\" \/><\/figure>\n<\/figure>\n\n\n\n<p><\/p>\n\n\n\n<p>A propos du croquis de paysage :<\/p>\n\n\n\n<figure class=\"wp-block-embed is-type-video is-provider-youtube wp-block-embed-youtube\"><div style=\"display: contents;\" >\n<div class=\"arve\" data-mode=\"normal\" data-oembed=\"1\" data-provider=\"youtube\" id=\"arve-youtube-bfjn7g8pone\">\n<div class=\"arve-inner\">\n<div class=\"arve-embed arve-embed--has-aspect-ratio\">\n<span class=\"arve-ar\" style=\"padding-top:56.250000%\"><\/span><iframe credentialless referrerpolicy=\"strict-origin-when-cross-origin\" allow=\"accelerometer &#039;none&#039;;ambient-light-sensor &#039;none&#039;;autoplay &#039;none&#039;;battery &#039;none&#039;;bluetooth &#039;none&#039;;browsing-topics &#039;none&#039;;camera &#039;none&#039;;ch-ua &#039;none&#039;;clipboard-read &#039;none&#039;;clipboard-write;display-capture &#039;none&#039;;document-domain &#039;none&#039;;domain-agent &#039;none&#039;;encrypted-media &#039;none&#039;;execution-while-not-rendered &#039;none&#039;;execution-while-out-of-viewport &#039;none&#039;;gamepad &#039;none&#039;;geolocation &#039;none&#039;;gyroscope &#039;none&#039;;hid &#039;none&#039;;identity-credentials-get &#039;none&#039;;idle-detection &#039;none&#039;;keyboard-map &#039;none&#039;;local-fonts &#039;none&#039;;magnetometer &#039;none&#039;;microphone &#039;none&#039;;midi &#039;none&#039;;navigation-override &#039;none&#039;;otp-credentials &#039;none&#039;;payment &#039;none&#039;;picture-in-picture;publickey-credentials-create &#039;none&#039;;publickey-credentials-get &#039;none&#039;;screen-wake-lock &#039;none&#039;;serial &#039;none&#039;;speaker-selection;sync-xhr &#039;none&#039;;usb &#039;none&#039;;web-share;window-management &#039;none&#039;;xr-spatial-tracking &#039;none&#039;;\" allowfullscreen class=\"arve-iframe fitvidsignore\" data-arve=\"arve-youtube-bfjn7g8pone\" data-src-no-ap=\"https:\/\/www.youtube-nocookie.com\/embed\/bFjN7g8ponE?feature=oembed&amp;iv_load_policy=3&amp;modestbranding=1&amp;rel=0&amp;autohide=1&amp;playsinline=0&amp;autoplay=0\" frameborder=\"0\" height=\"0\" name sandbox=\"allow-scripts allow-same-origin allow-presentation allow-popups allow-popups-to-escape-sandbox\" scrolling=\"no\" src=\"https:\/\/www.youtube-nocookie.com\/embed\/bFjN7g8ponE?feature=oembed&#038;iv_load_policy=3&#038;modestbranding=1&#038;rel=0&#038;autohide=1&#038;playsinline=0&#038;autoplay=0\" width=\"0\" title loading=\"lazy\"><\/iframe>\n\n<\/div>\n\n<\/div>\n<script type=\"application\/ld+json\">{\"@context\":\"http:\\\/\\\/schema.org\\\/\",\"@id\":\"https:\\\/\\\/www.saint-paul-angouleme.fr\\\/application\\\/belle-ile-en-mer-sejour-pedagogique-pour-nos-sixiemes\\\/#arve-youtube-bfjn7g8pone\",\"type\":\"VideoObject\",\"embedURL\":\"https:\\\/\\\/www.youtube-nocookie.com\\\/embed\\\/bFjN7g8ponE?feature=oembed&iv_load_policy=3&modestbranding=1&rel=0&autohide=1&playsinline=0&autoplay=0\"}<\/script>\n<\/div>\n\n<\/div><\/figure>\n\n\n\n<h3 class=\"wp-block-heading\">Suite de la d\u00e9couverte du Palais et emplettes <\/h3>\n\n\n\n<p>Nous d\u00e9jeunons au r\u00e9fectoire de l&#8217;Auberge de Jeunesse puis c&#8217;est le d\u00e9part pour le circuit en \u00e9quipes&#8230;<\/p>\n\n\n\n<p>Sur une passerelle, nous voyons une plaque comm\u00e9morative en l&#8217;honneur d&#8217;un h\u00e9ros qui a sauv\u00e9 la ville de Le Palais du feu lors de la canicule de l&#8217;\u00e9t\u00e9 1976 : Pierre GENDRON. Alors que le navire &#8220;L&#8217;\u00cele du Ponant&#8221; assure son d\u00e9potage, le carburant qui a transit\u00e9 dans le pipeline prend feu dans le local de station sur le quai. Chef m\u00e9canicien \u00e0 bord du caboteur Pierre Gendron se pr\u00e9cipite vers la station pour fermer la vanne alors que les flammes de l&#8217;incendie gagnent 25 m\u00e8tres de haut.<\/p>\n\n\n\n<p>L&#8217;\u00e9glise Saint-G\u00e9ran du Palais construite \u00e0 partir de 1905 de style n\u00e9o-gothique d\u00e9di\u00e9e au Sacr\u00e9-C\u0153ur. Elle remplace un premier \u00e9difice d\u00e9moli en 1904 suite au d\u00e9g\u00e2ts provoqu\u00e9s par l&#8217;incendie du clocher. Le granite et les pierres blanches qui ont servi \u00e0 la construction ont \u00e9t\u00e9 import\u00e9s du continent. Des vitraux singuliers aux couleurs intenses de style Art D\u00e9co r\u00e9alis\u00e9s entre 1930 et 1945 dans l&#8217;\u00e9glise de Le Palais. Les grandes surfaces de mosa\u00efques s&#8217;apparente l&#8217;\u00e9glise au Sacr\u00e9-C\u0153ur de Montmartre. Les \u00e9l\u00e9ments de mosa\u00efques proviennent des ateliers parisiens de Maum\u00e9jean.<\/p>\n\n\n\n<p>En hauteur de l&#8217;avenue Carnot et la Porte Vauban. Dix sept panneaux racontent l&#8217;histoire de quelques lieux phares de Le Palais. On d\u00e9couvre l\u2019enceinte urbaine de Le Palais Nos \u00e9l\u00e8ves parcourent la ville avec plans \u00e0 diff\u00e9rentes \u00e9chelles pour d\u00e9couvrir les vestiges du riche pass\u00e9 de Le Palais. En fin d&#8217;apr\u00e8s-midi, passage incontournable : les souvenirs&#8230;<\/p>\n\n\n\n<figure class=\"wp-block-gallery has-nested-images columns-default is-cropped wp-block-gallery-3 is-layout-flex wp-block-gallery-is-layout-flex\">\n<figure class=\"wp-block-image size-large\"><img loading=\"lazy\" decoding=\"async\" width=\"683\" height=\"911\" data-id=\"13051\" src=\"https:\/\/www.saint-paul-angouleme.fr\/application\/wp-content\/uploads\/2025\/07\/IMG_20250617_115004-1.jpg\" alt=\"\" class=\"wp-image-13051\" srcset=\"https:\/\/www.saint-paul-angouleme.fr\/application\/wp-content\/uploads\/2025\/07\/IMG_20250617_115004-1.jpg 683w, https:\/\/www.saint-paul-angouleme.fr\/application\/wp-content\/uploads\/2025\/07\/IMG_20250617_115004-1-225x300.jpg 225w\" sizes=\"(max-width: 683px) 100vw, 683px\" \/><\/figure>\n\n\n\n<figure class=\"wp-block-image size-large\"><img loading=\"lazy\" decoding=\"async\" width=\"683\" height=\"911\" data-id=\"13046\" src=\"https:\/\/www.saint-paul-angouleme.fr\/application\/wp-content\/uploads\/2025\/07\/20250617_154425.jpg\" alt=\"\" class=\"wp-image-13046\" srcset=\"https:\/\/www.saint-paul-angouleme.fr\/application\/wp-content\/uploads\/2025\/07\/20250617_154425.jpg 683w, https:\/\/www.saint-paul-angouleme.fr\/application\/wp-content\/uploads\/2025\/07\/20250617_154425-225x300.jpg 225w\" sizes=\"(max-width: 683px) 100vw, 683px\" \/><\/figure>\n\n\n\n<figure class=\"wp-block-image size-large\"><img loading=\"lazy\" decoding=\"async\" width=\"683\" height=\"911\" data-id=\"13047\" src=\"https:\/\/www.saint-paul-angouleme.fr\/application\/wp-content\/uploads\/2025\/07\/20250617_153752.jpg\" alt=\"\" class=\"wp-image-13047\" srcset=\"https:\/\/www.saint-paul-angouleme.fr\/application\/wp-content\/uploads\/2025\/07\/20250617_153752.jpg 683w, https:\/\/www.saint-paul-angouleme.fr\/application\/wp-content\/uploads\/2025\/07\/20250617_153752-225x300.jpg 225w\" sizes=\"(max-width: 683px) 100vw, 683px\" \/><\/figure>\n\n\n\n<figure class=\"wp-block-image size-large\"><img loading=\"lazy\" decoding=\"async\" width=\"683\" height=\"911\" data-id=\"13045\" src=\"https:\/\/www.saint-paul-angouleme.fr\/application\/wp-content\/uploads\/2025\/07\/20250617_153940.jpg\" alt=\"\" class=\"wp-image-13045\" srcset=\"https:\/\/www.saint-paul-angouleme.fr\/application\/wp-content\/uploads\/2025\/07\/20250617_153940.jpg 683w, https:\/\/www.saint-paul-angouleme.fr\/application\/wp-content\/uploads\/2025\/07\/20250617_153940-225x300.jpg 225w\" sizes=\"(max-width: 683px) 100vw, 683px\" \/><\/figure>\n\n\n\n<figure class=\"wp-block-image size-large\"><img loading=\"lazy\" decoding=\"async\" width=\"683\" height=\"911\" data-id=\"13055\" src=\"https:\/\/www.saint-paul-angouleme.fr\/application\/wp-content\/uploads\/2025\/07\/20250617_155127.jpg\" alt=\"\" class=\"wp-image-13055\" srcset=\"https:\/\/www.saint-paul-angouleme.fr\/application\/wp-content\/uploads\/2025\/07\/20250617_155127.jpg 683w, https:\/\/www.saint-paul-angouleme.fr\/application\/wp-content\/uploads\/2025\/07\/20250617_155127-225x300.jpg 225w\" sizes=\"(max-width: 683px) 100vw, 683px\" \/><\/figure>\n\n\n\n<figure class=\"wp-block-image size-large\"><img loading=\"lazy\" decoding=\"async\" width=\"683\" height=\"911\" data-id=\"13050\" src=\"https:\/\/www.saint-paul-angouleme.fr\/application\/wp-content\/uploads\/2025\/07\/20250617_164402.jpg\" alt=\"\" class=\"wp-image-13050\" srcset=\"https:\/\/www.saint-paul-angouleme.fr\/application\/wp-content\/uploads\/2025\/07\/20250617_164402.jpg 683w, https:\/\/www.saint-paul-angouleme.fr\/application\/wp-content\/uploads\/2025\/07\/20250617_164402-225x300.jpg 225w\" sizes=\"(max-width: 683px) 100vw, 683px\" \/><\/figure>\n\n\n\n<figure class=\"wp-block-image size-large\"><img loading=\"lazy\" decoding=\"async\" width=\"683\" height=\"911\" data-id=\"13056\" src=\"https:\/\/www.saint-paul-angouleme.fr\/application\/wp-content\/uploads\/2025\/07\/IMG_20250617_223046.jpg\" alt=\"\" class=\"wp-image-13056\" srcset=\"https:\/\/www.saint-paul-angouleme.fr\/application\/wp-content\/uploads\/2025\/07\/IMG_20250617_223046.jpg 683w, https:\/\/www.saint-paul-angouleme.fr\/application\/wp-content\/uploads\/2025\/07\/IMG_20250617_223046-225x300.jpg 225w\" sizes=\"(max-width: 683px) 100vw, 683px\" \/><\/figure>\n\n\n\n<figure class=\"wp-block-image size-large\"><img loading=\"lazy\" decoding=\"async\" width=\"683\" height=\"911\" data-id=\"13049\" src=\"https:\/\/www.saint-paul-angouleme.fr\/application\/wp-content\/uploads\/2025\/07\/IMG_20250617_114942.jpg\" alt=\"\" class=\"wp-image-13049\" srcset=\"https:\/\/www.saint-paul-angouleme.fr\/application\/wp-content\/uploads\/2025\/07\/IMG_20250617_114942.jpg 683w, https:\/\/www.saint-paul-angouleme.fr\/application\/wp-content\/uploads\/2025\/07\/IMG_20250617_114942-225x300.jpg 225w\" sizes=\"(max-width: 683px) 100vw, 683px\" \/><\/figure>\n\n\n\n<figure class=\"wp-block-image size-large\"><img loading=\"lazy\" decoding=\"async\" width=\"574\" height=\"911\" data-id=\"13048\" src=\"https:\/\/www.saint-paul-angouleme.fr\/application\/wp-content\/uploads\/2025\/07\/IMG_20250617_2255462.jpg\" alt=\"\" class=\"wp-image-13048\" srcset=\"https:\/\/www.saint-paul-angouleme.fr\/application\/wp-content\/uploads\/2025\/07\/IMG_20250617_2255462.jpg 574w, https:\/\/www.saint-paul-angouleme.fr\/application\/wp-content\/uploads\/2025\/07\/IMG_20250617_2255462-189x300.jpg 189w\" sizes=\"(max-width: 574px) 100vw, 574px\" \/><\/figure>\n\n\n\n<figure class=\"wp-block-image size-large\"><img loading=\"lazy\" decoding=\"async\" width=\"683\" height=\"911\" data-id=\"13054\" src=\"https:\/\/www.saint-paul-angouleme.fr\/application\/wp-content\/uploads\/2025\/07\/20250617_163056.jpg\" alt=\"\" class=\"wp-image-13054\" srcset=\"https:\/\/www.saint-paul-angouleme.fr\/application\/wp-content\/uploads\/2025\/07\/20250617_163056.jpg 683w, https:\/\/www.saint-paul-angouleme.fr\/application\/wp-content\/uploads\/2025\/07\/20250617_163056-225x300.jpg 225w\" sizes=\"(max-width: 683px) 100vw, 683px\" \/><\/figure>\n\n\n\n<figure class=\"wp-block-image size-large\"><img loading=\"lazy\" decoding=\"async\" width=\"683\" height=\"911\" data-id=\"13052\" src=\"https:\/\/www.saint-paul-angouleme.fr\/application\/wp-content\/uploads\/2025\/07\/IMG_20250617_225803.jpg\" alt=\"\" class=\"wp-image-13052\" srcset=\"https:\/\/www.saint-paul-angouleme.fr\/application\/wp-content\/uploads\/2025\/07\/IMG_20250617_225803.jpg 683w, https:\/\/www.saint-paul-angouleme.fr\/application\/wp-content\/uploads\/2025\/07\/IMG_20250617_225803-225x300.jpg 225w\" sizes=\"(max-width: 683px) 100vw, 683px\" \/><\/figure>\n\n\n\n<figure class=\"wp-block-image size-large\"><img loading=\"lazy\" decoding=\"async\" width=\"683\" height=\"911\" data-id=\"13053\" src=\"https:\/\/www.saint-paul-angouleme.fr\/application\/wp-content\/uploads\/2025\/07\/IMG_20250617_225926.jpg\" alt=\"\" class=\"wp-image-13053\" srcset=\"https:\/\/www.saint-paul-angouleme.fr\/application\/wp-content\/uploads\/2025\/07\/IMG_20250617_225926.jpg 683w, https:\/\/www.saint-paul-angouleme.fr\/application\/wp-content\/uploads\/2025\/07\/IMG_20250617_225926-225x300.jpg 225w\" sizes=\"(max-width: 683px) 100vw, 683px\" \/><\/figure>\n\n\n\n<figure class=\"wp-block-image size-large\"><img loading=\"lazy\" decoding=\"async\" width=\"1024\" height=\"768\" data-id=\"13058\" src=\"https:\/\/www.saint-paul-angouleme.fr\/application\/wp-content\/uploads\/2025\/07\/IMG_20250617_223144-1024x768.jpg\" alt=\"\" class=\"wp-image-13058\" srcset=\"https:\/\/www.saint-paul-angouleme.fr\/application\/wp-content\/uploads\/2025\/07\/IMG_20250617_223144-1024x768.jpg 1024w, https:\/\/www.saint-paul-angouleme.fr\/application\/wp-content\/uploads\/2025\/07\/IMG_20250617_223144-300x225.jpg 300w, https:\/\/www.saint-paul-angouleme.fr\/application\/wp-content\/uploads\/2025\/07\/IMG_20250617_223144-768x576.jpg 768w, https:\/\/www.saint-paul-angouleme.fr\/application\/wp-content\/uploads\/2025\/07\/IMG_20250617_223144.jpg 1215w\" sizes=\"(max-width: 1024px) 100vw, 1024px\" \/><\/figure>\n<\/figure>\n\n\n\n<p><\/p>\n\n\n\n<h3 class=\"wp-block-heading\">Mercredi 18 juin : BANGOR et sa c\u00f4te sauvage<\/h3>\n\n\n\n<p>C&#8217;est au au VIe si\u00e8cle que des moines venus d&#8217;Outre-Manche fondent Bangor. C&#8217;est aujourd&#8217;hui un village de 1023 habitants. L&#8217;\u00e9glise Saint-Pierre et Saint-Paul veille sur le village. Bangor est la partie la plus sauvage de l&#8217;\u00cele. Entre landes et hautes falaises, Bangor offre un paysage typiquement breton. Les richesses naturelles de Bangor sont class\u00e9es au patrimoine national. Randonn\u00e9e \u00e0 la d\u00e9couverte de la d\u00e9prise rurale de Bangor. Pour le d\u00e9jeuner, nous faisons halte pr\u00e8s de la plage de K\u00e9rel. Nous avons de la chance : l&#8217;Auberge de Jeunesse nous livre sur place.<\/p>\n\n\n\n<p><\/p>\n\n\n\n<p>L&#8217;apr\u00e8s-midi, nous marchons dans les vallons sujets \u00e0 la d\u00e9prise agricole. Les prairies ont disparu dans les vallons. Une exp\u00e9rience &#8230; quand les milieux naturels reprennent leurs droits. C&#8217;est aussi l&#8217;occasion de d\u00e9couvrir la biodiversit\u00e9 des lieux. Vue des hauteurs. A diff\u00e9rentes \u00e9chelles, les communes, le d\u00e9partement du Morbihan associ\u00e9s au Conservatoire du Littoral agissent pour pr\u00e9server les milieux naturels de Belle-\u00cele.<\/p>\n\n\n\n<p><\/p>\n\n\n\n<figure class=\"wp-block-gallery has-nested-images columns-2 is-cropped wp-block-gallery-4 is-layout-flex wp-block-gallery-is-layout-flex\">\n<figure class=\"wp-block-image size-large\"><img loading=\"lazy\" decoding=\"async\" width=\"683\" height=\"911\" data-id=\"13081\" src=\"https:\/\/www.saint-paul-angouleme.fr\/application\/wp-content\/uploads\/2025\/07\/IMG_20250618_210506.jpg\" alt=\"\" class=\"wp-image-13081\" srcset=\"https:\/\/www.saint-paul-angouleme.fr\/application\/wp-content\/uploads\/2025\/07\/IMG_20250618_210506.jpg 683w, https:\/\/www.saint-paul-angouleme.fr\/application\/wp-content\/uploads\/2025\/07\/IMG_20250618_210506-225x300.jpg 225w\" sizes=\"(max-width: 683px) 100vw, 683px\" \/><\/figure>\n\n\n\n<figure class=\"wp-block-image size-large\"><img loading=\"lazy\" decoding=\"async\" width=\"1024\" height=\"768\" data-id=\"13073\" src=\"https:\/\/www.saint-paul-angouleme.fr\/application\/wp-content\/uploads\/2025\/07\/20250618_131646-1024x768.jpg\" alt=\"\" class=\"wp-image-13073\" srcset=\"https:\/\/www.saint-paul-angouleme.fr\/application\/wp-content\/uploads\/2025\/07\/20250618_131646-1024x768.jpg 1024w, https:\/\/www.saint-paul-angouleme.fr\/application\/wp-content\/uploads\/2025\/07\/20250618_131646-300x225.jpg 300w, https:\/\/www.saint-paul-angouleme.fr\/application\/wp-content\/uploads\/2025\/07\/20250618_131646-768x576.jpg 768w, https:\/\/www.saint-paul-angouleme.fr\/application\/wp-content\/uploads\/2025\/07\/20250618_131646.jpg 1215w\" sizes=\"(max-width: 1024px) 100vw, 1024px\" \/><\/figure>\n\n\n\n<figure class=\"wp-block-image size-large\"><img loading=\"lazy\" decoding=\"async\" width=\"683\" height=\"911\" data-id=\"13069\" src=\"https:\/\/www.saint-paul-angouleme.fr\/application\/wp-content\/uploads\/2025\/07\/20250618_104707.jpg\" alt=\"\" class=\"wp-image-13069\" srcset=\"https:\/\/www.saint-paul-angouleme.fr\/application\/wp-content\/uploads\/2025\/07\/20250618_104707.jpg 683w, https:\/\/www.saint-paul-angouleme.fr\/application\/wp-content\/uploads\/2025\/07\/20250618_104707-225x300.jpg 225w\" sizes=\"(max-width: 683px) 100vw, 683px\" \/><\/figure>\n\n\n\n<figure class=\"wp-block-image size-large\"><img loading=\"lazy\" decoding=\"async\" width=\"1024\" height=\"768\" data-id=\"13071\" src=\"https:\/\/www.saint-paul-angouleme.fr\/application\/wp-content\/uploads\/2025\/07\/20250618_113508-1024x768.jpg\" alt=\"\" class=\"wp-image-13071\" srcset=\"https:\/\/www.saint-paul-angouleme.fr\/application\/wp-content\/uploads\/2025\/07\/20250618_113508-1024x768.jpg 1024w, https:\/\/www.saint-paul-angouleme.fr\/application\/wp-content\/uploads\/2025\/07\/20250618_113508-300x225.jpg 300w, https:\/\/www.saint-paul-angouleme.fr\/application\/wp-content\/uploads\/2025\/07\/20250618_113508-768x576.jpg 768w, https:\/\/www.saint-paul-angouleme.fr\/application\/wp-content\/uploads\/2025\/07\/20250618_113508.jpg 1215w\" sizes=\"(max-width: 1024px) 100vw, 1024px\" \/><\/figure>\n\n\n\n<figure class=\"wp-block-image size-large\"><img loading=\"lazy\" decoding=\"async\" width=\"1024\" height=\"768\" data-id=\"13070\" src=\"https:\/\/www.saint-paul-angouleme.fr\/application\/wp-content\/uploads\/2025\/07\/20250618_105249-1024x768.jpg\" alt=\"\" class=\"wp-image-13070\" srcset=\"https:\/\/www.saint-paul-angouleme.fr\/application\/wp-content\/uploads\/2025\/07\/20250618_105249-1024x768.jpg 1024w, https:\/\/www.saint-paul-angouleme.fr\/application\/wp-content\/uploads\/2025\/07\/20250618_105249-300x225.jpg 300w, https:\/\/www.saint-paul-angouleme.fr\/application\/wp-content\/uploads\/2025\/07\/20250618_105249-768x576.jpg 768w, https:\/\/www.saint-paul-angouleme.fr\/application\/wp-content\/uploads\/2025\/07\/20250618_105249.jpg 1215w\" sizes=\"(max-width: 1024px) 100vw, 1024px\" \/><\/figure>\n\n\n\n<figure class=\"wp-block-image size-large\"><img loading=\"lazy\" decoding=\"async\" width=\"1024\" height=\"768\" data-id=\"13072\" src=\"https:\/\/www.saint-paul-angouleme.fr\/application\/wp-content\/uploads\/2025\/07\/20250618_113608-1024x768.jpg\" alt=\"\" class=\"wp-image-13072\" srcset=\"https:\/\/www.saint-paul-angouleme.fr\/application\/wp-content\/uploads\/2025\/07\/20250618_113608-1024x768.jpg 1024w, https:\/\/www.saint-paul-angouleme.fr\/application\/wp-content\/uploads\/2025\/07\/20250618_113608-300x225.jpg 300w, https:\/\/www.saint-paul-angouleme.fr\/application\/wp-content\/uploads\/2025\/07\/20250618_113608-768x576.jpg 768w, https:\/\/www.saint-paul-angouleme.fr\/application\/wp-content\/uploads\/2025\/07\/20250618_113608.jpg 1215w\" sizes=\"(max-width: 1024px) 100vw, 1024px\" \/><\/figure>\n\n\n\n<figure class=\"wp-block-image size-large\"><img loading=\"lazy\" decoding=\"async\" width=\"1024\" height=\"903\" data-id=\"13074\" src=\"https:\/\/www.saint-paul-angouleme.fr\/application\/wp-content\/uploads\/2025\/07\/20250618_1419532-1024x903.jpg\" alt=\"\" class=\"wp-image-13074\" srcset=\"https:\/\/www.saint-paul-angouleme.fr\/application\/wp-content\/uploads\/2025\/07\/20250618_1419532-1024x903.jpg 1024w, https:\/\/www.saint-paul-angouleme.fr\/application\/wp-content\/uploads\/2025\/07\/20250618_1419532-300x265.jpg 300w, https:\/\/www.saint-paul-angouleme.fr\/application\/wp-content\/uploads\/2025\/07\/20250618_1419532-768x677.jpg 768w, https:\/\/www.saint-paul-angouleme.fr\/application\/wp-content\/uploads\/2025\/07\/20250618_1419532.jpg 1033w\" sizes=\"(max-width: 1024px) 100vw, 1024px\" \/><\/figure>\n\n\n\n<figure class=\"wp-block-image size-large\"><img loading=\"lazy\" decoding=\"async\" width=\"1024\" height=\"768\" data-id=\"13075\" src=\"https:\/\/www.saint-paul-angouleme.fr\/application\/wp-content\/uploads\/2025\/07\/20250618_1420393-1024x768.jpg\" alt=\"\" class=\"wp-image-13075\" srcset=\"https:\/\/www.saint-paul-angouleme.fr\/application\/wp-content\/uploads\/2025\/07\/20250618_1420393-1024x768.jpg 1024w, https:\/\/www.saint-paul-angouleme.fr\/application\/wp-content\/uploads\/2025\/07\/20250618_1420393-300x225.jpg 300w, https:\/\/www.saint-paul-angouleme.fr\/application\/wp-content\/uploads\/2025\/07\/20250618_1420393-768x576.jpg 768w, https:\/\/www.saint-paul-angouleme.fr\/application\/wp-content\/uploads\/2025\/07\/20250618_1420393.jpg 1215w\" sizes=\"(max-width: 1024px) 100vw, 1024px\" \/><\/figure>\n\n\n\n<figure class=\"wp-block-image size-large\"><img loading=\"lazy\" decoding=\"async\" width=\"471\" height=\"911\" data-id=\"13077\" src=\"https:\/\/www.saint-paul-angouleme.fr\/application\/wp-content\/uploads\/2025\/07\/IMG_20250618_205938.jpg\" alt=\"\" class=\"wp-image-13077\" srcset=\"https:\/\/www.saint-paul-angouleme.fr\/application\/wp-content\/uploads\/2025\/07\/IMG_20250618_205938.jpg 471w, https:\/\/www.saint-paul-angouleme.fr\/application\/wp-content\/uploads\/2025\/07\/IMG_20250618_205938-155x300.jpg 155w\" sizes=\"(max-width: 471px) 100vw, 471px\" \/><\/figure>\n\n\n\n<figure class=\"wp-block-image size-large\"><img loading=\"lazy\" decoding=\"async\" width=\"683\" height=\"911\" data-id=\"13076\" src=\"https:\/\/www.saint-paul-angouleme.fr\/application\/wp-content\/uploads\/2025\/07\/20250618_143455.jpg\" alt=\"\" class=\"wp-image-13076\" srcset=\"https:\/\/www.saint-paul-angouleme.fr\/application\/wp-content\/uploads\/2025\/07\/20250618_143455.jpg 683w, https:\/\/www.saint-paul-angouleme.fr\/application\/wp-content\/uploads\/2025\/07\/20250618_143455-225x300.jpg 225w\" sizes=\"(max-width: 683px) 100vw, 683px\" \/><\/figure>\n\n\n\n<figure class=\"wp-block-image size-large\"><img loading=\"lazy\" decoding=\"async\" width=\"683\" height=\"911\" data-id=\"13078\" src=\"https:\/\/www.saint-paul-angouleme.fr\/application\/wp-content\/uploads\/2025\/07\/IMG_20250618_210139.jpg\" alt=\"\" class=\"wp-image-13078\" srcset=\"https:\/\/www.saint-paul-angouleme.fr\/application\/wp-content\/uploads\/2025\/07\/IMG_20250618_210139.jpg 683w, https:\/\/www.saint-paul-angouleme.fr\/application\/wp-content\/uploads\/2025\/07\/IMG_20250618_210139-225x300.jpg 225w\" sizes=\"(max-width: 683px) 100vw, 683px\" \/><\/figure>\n\n\n\n<figure class=\"wp-block-image size-large\"><img loading=\"lazy\" decoding=\"async\" width=\"683\" height=\"911\" data-id=\"13079\" src=\"https:\/\/www.saint-paul-angouleme.fr\/application\/wp-content\/uploads\/2025\/07\/IMG_20250618_210313.jpg\" alt=\"\" class=\"wp-image-13079\" srcset=\"https:\/\/www.saint-paul-angouleme.fr\/application\/wp-content\/uploads\/2025\/07\/IMG_20250618_210313.jpg 683w, https:\/\/www.saint-paul-angouleme.fr\/application\/wp-content\/uploads\/2025\/07\/IMG_20250618_210313-225x300.jpg 225w\" sizes=\"(max-width: 683px) 100vw, 683px\" \/><\/figure>\n\n\n\n<figure class=\"wp-block-image size-large\"><img loading=\"lazy\" decoding=\"async\" width=\"683\" height=\"911\" data-id=\"13080\" src=\"https:\/\/www.saint-paul-angouleme.fr\/application\/wp-content\/uploads\/2025\/07\/IMG_20250618_210432.jpg\" alt=\"\" class=\"wp-image-13080\" srcset=\"https:\/\/www.saint-paul-angouleme.fr\/application\/wp-content\/uploads\/2025\/07\/IMG_20250618_210432.jpg 683w, https:\/\/www.saint-paul-angouleme.fr\/application\/wp-content\/uploads\/2025\/07\/IMG_20250618_210432-225x300.jpg 225w\" sizes=\"(max-width: 683px) 100vw, 683px\" \/><\/figure>\n<\/figure>\n\n\n\n<p><\/p>\n\n\n\n<h3 class=\"wp-block-heading\">Jeudi 19 juin : Goulphare, aiguilles de Port Coton et mur de l&#8217;Atlantique<\/h3>\n\n\n\n<p>Ce matin, nous partons l&#8217;assaut du Grand Phare : tour de granite construite entre 1826 et 1835 avec une port\u00e9e de plus de 50 kilom\u00e8tres. Le Grand Phare est une tour de granite construite entre 1826 et 1835 selon le projet d&#8217;Augustin Fresnel. Avec une port\u00e9e de plus de 50 kilom\u00e8tres, le Grand Phare s&#8217;\u00e9l\u00e8ve \u00e0 92 m\u00e8tres au-dessus de la mer.<\/p>\n\n\n\n<p>Nous sommes pr\u00eats \u00e0 affronter les 247 marches de Goulphar pour atteindre ses 52 m\u00e8tres. A l&#8217;int\u00e9rieur, nous d\u00e9couvrons une carte des phares du littoral ainsi que des instruments techniques les plus modernes de chaque \u00e9poque. Une fois arriv\u00e9s au sommet la vue est imprenable.<\/p>\n\n\n\n<p>Ensuite, nous d\u00e9couvrons des vestiges du Mur de l\u2019Atlantique notamment la station radar et des bunkers construits par les Allemands.<\/p>\n\n\n\n<p>Nous empruntons alors le sentier c\u00f4tier du GR 34 pour arriver aux &#8220;Aiguilles de Port Coton&#8221;. <\/p>\n\n\n\n<blockquote class=\"wp-block-quote is-layout-flow wp-block-quote-is-layout-flow\">\n<p>&#8220;C&#8217;est sinistre, diabolique mais superbe et je ne crois pas retrouver pareille chose ailleurs&#8221;<\/p>\n\n\n\n<p>Claude MONET<\/p>\n<\/blockquote>\n\n\n\n<p>A la recherche de paysages naturels, le peintre impressionniste C. Monet r\u00e9alise \u00e0 l&#8217;\u00e9t\u00e9 1886 39 toiles en 10 semaines des sites de la c\u00f4te sauvage. Nos \u00e9l\u00e8ves se mettent \u00e0 son \u00e9cole et tentent des repr\u00e9sentations des Aiguilles de Port Coton.<\/p>\n\n\n\n<figure class=\"wp-block-gallery has-nested-images columns-2 is-cropped wp-block-gallery-5 is-layout-flex wp-block-gallery-is-layout-flex\">\n<figure class=\"wp-block-image size-large\"><img loading=\"lazy\" decoding=\"async\" width=\"683\" height=\"911\" data-id=\"13087\" src=\"https:\/\/www.saint-paul-angouleme.fr\/application\/wp-content\/uploads\/2025\/07\/IMG_20250618_210816.jpg\" alt=\"\" class=\"wp-image-13087\" srcset=\"https:\/\/www.saint-paul-angouleme.fr\/application\/wp-content\/uploads\/2025\/07\/IMG_20250618_210816.jpg 683w, https:\/\/www.saint-paul-angouleme.fr\/application\/wp-content\/uploads\/2025\/07\/IMG_20250618_210816-225x300.jpg 225w\" sizes=\"(max-width: 683px) 100vw, 683px\" \/><\/figure>\n\n\n\n<figure class=\"wp-block-image size-large\"><img loading=\"lazy\" decoding=\"async\" width=\"683\" height=\"911\" data-id=\"13103\" src=\"https:\/\/www.saint-paul-angouleme.fr\/application\/wp-content\/uploads\/2025\/07\/20250618_153621.jpg\" alt=\"\" class=\"wp-image-13103\" srcset=\"https:\/\/www.saint-paul-angouleme.fr\/application\/wp-content\/uploads\/2025\/07\/20250618_153621.jpg 683w, https:\/\/www.saint-paul-angouleme.fr\/application\/wp-content\/uploads\/2025\/07\/20250618_153621-225x300.jpg 225w\" sizes=\"(max-width: 683px) 100vw, 683px\" \/><\/figure>\n\n\n\n<figure class=\"wp-block-image size-large\"><img loading=\"lazy\" decoding=\"async\" width=\"1024\" height=\"768\" data-id=\"13104\" src=\"https:\/\/www.saint-paul-angouleme.fr\/application\/wp-content\/uploads\/2025\/07\/20250618_155517-1024x768.jpg\" alt=\"\" class=\"wp-image-13104\" srcset=\"https:\/\/www.saint-paul-angouleme.fr\/application\/wp-content\/uploads\/2025\/07\/20250618_155517-1024x768.jpg 1024w, https:\/\/www.saint-paul-angouleme.fr\/application\/wp-content\/uploads\/2025\/07\/20250618_155517-300x225.jpg 300w, https:\/\/www.saint-paul-angouleme.fr\/application\/wp-content\/uploads\/2025\/07\/20250618_155517-768x576.jpg 768w, https:\/\/www.saint-paul-angouleme.fr\/application\/wp-content\/uploads\/2025\/07\/20250618_155517.jpg 1215w\" sizes=\"(max-width: 1024px) 100vw, 1024px\" \/><\/figure>\n\n\n\n<figure class=\"wp-block-image size-large\"><img loading=\"lazy\" decoding=\"async\" width=\"1024\" height=\"768\" data-id=\"13090\" src=\"https:\/\/www.saint-paul-angouleme.fr\/application\/wp-content\/uploads\/2025\/07\/20250619_140348-1024x768.jpg\" alt=\"\" class=\"wp-image-13090\" srcset=\"https:\/\/www.saint-paul-angouleme.fr\/application\/wp-content\/uploads\/2025\/07\/20250619_140348-1024x768.jpg 1024w, https:\/\/www.saint-paul-angouleme.fr\/application\/wp-content\/uploads\/2025\/07\/20250619_140348-300x225.jpg 300w, https:\/\/www.saint-paul-angouleme.fr\/application\/wp-content\/uploads\/2025\/07\/20250619_140348-768x576.jpg 768w, https:\/\/www.saint-paul-angouleme.fr\/application\/wp-content\/uploads\/2025\/07\/20250619_140348.jpg 1215w\" sizes=\"(max-width: 1024px) 100vw, 1024px\" \/><\/figure>\n\n\n\n<figure class=\"wp-block-image size-large\"><img loading=\"lazy\" decoding=\"async\" width=\"683\" height=\"911\" data-id=\"13092\" src=\"https:\/\/www.saint-paul-angouleme.fr\/application\/wp-content\/uploads\/2025\/07\/IMG_20250619_205803.jpg\" alt=\"\" class=\"wp-image-13092\" srcset=\"https:\/\/www.saint-paul-angouleme.fr\/application\/wp-content\/uploads\/2025\/07\/IMG_20250619_205803.jpg 683w, https:\/\/www.saint-paul-angouleme.fr\/application\/wp-content\/uploads\/2025\/07\/IMG_20250619_205803-225x300.jpg 225w\" sizes=\"(max-width: 683px) 100vw, 683px\" \/><\/figure>\n\n\n\n<figure class=\"wp-block-image size-large\"><img loading=\"lazy\" decoding=\"async\" width=\"790\" height=\"911\" data-id=\"13097\" src=\"https:\/\/www.saint-paul-angouleme.fr\/application\/wp-content\/uploads\/2025\/07\/original_68d95127-ed2f-4516-9143-da85cf2a66e9_20250618_170643.jpg\" alt=\"\" class=\"wp-image-13097\" srcset=\"https:\/\/www.saint-paul-angouleme.fr\/application\/wp-content\/uploads\/2025\/07\/original_68d95127-ed2f-4516-9143-da85cf2a66e9_20250618_170643.jpg 790w, https:\/\/www.saint-paul-angouleme.fr\/application\/wp-content\/uploads\/2025\/07\/original_68d95127-ed2f-4516-9143-da85cf2a66e9_20250618_170643-260x300.jpg 260w, https:\/\/www.saint-paul-angouleme.fr\/application\/wp-content\/uploads\/2025\/07\/original_68d95127-ed2f-4516-9143-da85cf2a66e9_20250618_170643-768x886.jpg 768w\" sizes=\"(max-width: 790px) 100vw, 790px\" \/><\/figure>\n\n\n\n<figure class=\"wp-block-image size-large\"><img loading=\"lazy\" decoding=\"async\" width=\"683\" height=\"911\" data-id=\"13093\" src=\"https:\/\/www.saint-paul-angouleme.fr\/application\/wp-content\/uploads\/2025\/07\/IMG_20250619_210421.jpg\" alt=\"\" class=\"wp-image-13093\" srcset=\"https:\/\/www.saint-paul-angouleme.fr\/application\/wp-content\/uploads\/2025\/07\/IMG_20250619_210421.jpg 683w, https:\/\/www.saint-paul-angouleme.fr\/application\/wp-content\/uploads\/2025\/07\/IMG_20250619_210421-225x300.jpg 225w\" sizes=\"(max-width: 683px) 100vw, 683px\" \/><\/figure>\n\n\n\n<figure class=\"wp-block-image size-large\"><img loading=\"lazy\" decoding=\"async\" width=\"683\" height=\"911\" data-id=\"13108\" src=\"https:\/\/www.saint-paul-angouleme.fr\/application\/wp-content\/uploads\/2025\/07\/20250618_170937.jpg\" alt=\"\" class=\"wp-image-13108\" srcset=\"https:\/\/www.saint-paul-angouleme.fr\/application\/wp-content\/uploads\/2025\/07\/20250618_170937.jpg 683w, https:\/\/www.saint-paul-angouleme.fr\/application\/wp-content\/uploads\/2025\/07\/20250618_170937-225x300.jpg 225w\" sizes=\"(max-width: 683px) 100vw, 683px\" \/><\/figure>\n\n\n\n<figure class=\"wp-block-image size-large\"><img loading=\"lazy\" decoding=\"async\" width=\"683\" height=\"911\" data-id=\"13107\" src=\"https:\/\/www.saint-paul-angouleme.fr\/application\/wp-content\/uploads\/2025\/07\/20250618_171207.jpg\" alt=\"\" class=\"wp-image-13107\" srcset=\"https:\/\/www.saint-paul-angouleme.fr\/application\/wp-content\/uploads\/2025\/07\/20250618_171207.jpg 683w, https:\/\/www.saint-paul-angouleme.fr\/application\/wp-content\/uploads\/2025\/07\/20250618_171207-225x300.jpg 225w\" sizes=\"(max-width: 683px) 100vw, 683px\" \/><\/figure>\n\n\n\n<figure class=\"wp-block-image size-large\"><img loading=\"lazy\" decoding=\"async\" width=\"683\" height=\"911\" data-id=\"13106\" src=\"https:\/\/www.saint-paul-angouleme.fr\/application\/wp-content\/uploads\/2025\/07\/20250618_170858.jpg\" alt=\"\" class=\"wp-image-13106\" srcset=\"https:\/\/www.saint-paul-angouleme.fr\/application\/wp-content\/uploads\/2025\/07\/20250618_170858.jpg 683w, https:\/\/www.saint-paul-angouleme.fr\/application\/wp-content\/uploads\/2025\/07\/20250618_170858-225x300.jpg 225w\" sizes=\"(max-width: 683px) 100vw, 683px\" \/><\/figure>\n\n\n\n<figure class=\"wp-block-image size-large\"><img loading=\"lazy\" decoding=\"async\" width=\"1024\" height=\"768\" data-id=\"13091\" src=\"https:\/\/www.saint-paul-angouleme.fr\/application\/wp-content\/uploads\/2025\/07\/IMG_20250619_205949-1024x768.jpg\" alt=\"\" class=\"wp-image-13091\" srcset=\"https:\/\/www.saint-paul-angouleme.fr\/application\/wp-content\/uploads\/2025\/07\/IMG_20250619_205949-1024x768.jpg 1024w, https:\/\/www.saint-paul-angouleme.fr\/application\/wp-content\/uploads\/2025\/07\/IMG_20250619_205949-300x225.jpg 300w, https:\/\/www.saint-paul-angouleme.fr\/application\/wp-content\/uploads\/2025\/07\/IMG_20250619_205949-768x576.jpg 768w, https:\/\/www.saint-paul-angouleme.fr\/application\/wp-content\/uploads\/2025\/07\/IMG_20250619_205949.jpg 1215w\" sizes=\"(max-width: 1024px) 100vw, 1024px\" \/><\/figure>\n\n\n\n<figure class=\"wp-block-image size-large\"><img loading=\"lazy\" decoding=\"async\" width=\"1024\" height=\"768\" data-id=\"13109\" src=\"https:\/\/www.saint-paul-angouleme.fr\/application\/wp-content\/uploads\/2025\/07\/20250619_105700-1024x768.jpg\" alt=\"\" class=\"wp-image-13109\" srcset=\"https:\/\/www.saint-paul-angouleme.fr\/application\/wp-content\/uploads\/2025\/07\/20250619_105700-1024x768.jpg 1024w, https:\/\/www.saint-paul-angouleme.fr\/application\/wp-content\/uploads\/2025\/07\/20250619_105700-300x225.jpg 300w, https:\/\/www.saint-paul-angouleme.fr\/application\/wp-content\/uploads\/2025\/07\/20250619_105700-768x576.jpg 768w, https:\/\/www.saint-paul-angouleme.fr\/application\/wp-content\/uploads\/2025\/07\/20250619_105700.jpg 1215w\" sizes=\"(max-width: 1024px) 100vw, 1024px\" \/><\/figure>\n\n\n\n<figure class=\"wp-block-image size-large\"><img loading=\"lazy\" decoding=\"async\" width=\"683\" height=\"911\" data-id=\"13094\" src=\"https:\/\/www.saint-paul-angouleme.fr\/application\/wp-content\/uploads\/2025\/07\/IMG_20250619_210558.jpg\" alt=\"\" class=\"wp-image-13094\" srcset=\"https:\/\/www.saint-paul-angouleme.fr\/application\/wp-content\/uploads\/2025\/07\/IMG_20250619_210558.jpg 683w, https:\/\/www.saint-paul-angouleme.fr\/application\/wp-content\/uploads\/2025\/07\/IMG_20250619_210558-225x300.jpg 225w\" sizes=\"(max-width: 683px) 100vw, 683px\" \/><\/figure>\n\n\n\n<figure class=\"wp-block-image size-large\"><img loading=\"lazy\" decoding=\"async\" width=\"683\" height=\"911\" data-id=\"13095\" src=\"https:\/\/www.saint-paul-angouleme.fr\/application\/wp-content\/uploads\/2025\/07\/IMG_20250619_214601.jpg\" alt=\"\" class=\"wp-image-13095\" srcset=\"https:\/\/www.saint-paul-angouleme.fr\/application\/wp-content\/uploads\/2025\/07\/IMG_20250619_214601.jpg 683w, https:\/\/www.saint-paul-angouleme.fr\/application\/wp-content\/uploads\/2025\/07\/IMG_20250619_214601-225x300.jpg 225w\" sizes=\"(max-width: 683px) 100vw, 683px\" \/><\/figure>\n\n\n\n<figure class=\"wp-block-image size-large\"><img loading=\"lazy\" decoding=\"async\" width=\"683\" height=\"911\" data-id=\"13096\" src=\"https:\/\/www.saint-paul-angouleme.fr\/application\/wp-content\/uploads\/2025\/07\/IMG_20250619_215637.jpg\" alt=\"\" class=\"wp-image-13096\" srcset=\"https:\/\/www.saint-paul-angouleme.fr\/application\/wp-content\/uploads\/2025\/07\/IMG_20250619_215637.jpg 683w, https:\/\/www.saint-paul-angouleme.fr\/application\/wp-content\/uploads\/2025\/07\/IMG_20250619_215637-225x300.jpg 225w\" sizes=\"(max-width: 683px) 100vw, 683px\" \/><\/figure>\n\n\n\n<figure class=\"wp-block-image size-large\"><img loading=\"lazy\" decoding=\"async\" width=\"683\" height=\"911\" data-id=\"13100\" src=\"https:\/\/www.saint-paul-angouleme.fr\/application\/wp-content\/uploads\/2025\/07\/IMG_20250619_215941.jpg\" alt=\"\" class=\"wp-image-13100\" srcset=\"https:\/\/www.saint-paul-angouleme.fr\/application\/wp-content\/uploads\/2025\/07\/IMG_20250619_215941.jpg 683w, https:\/\/www.saint-paul-angouleme.fr\/application\/wp-content\/uploads\/2025\/07\/IMG_20250619_215941-225x300.jpg 225w\" sizes=\"(max-width: 683px) 100vw, 683px\" \/><\/figure>\n\n\n\n<figure class=\"wp-block-image size-large\"><img loading=\"lazy\" decoding=\"async\" width=\"1014\" height=\"911\" data-id=\"13101\" src=\"https:\/\/www.saint-paul-angouleme.fr\/application\/wp-content\/uploads\/2025\/07\/IMG_20250619_220201.jpg\" alt=\"\" class=\"wp-image-13101\" srcset=\"https:\/\/www.saint-paul-angouleme.fr\/application\/wp-content\/uploads\/2025\/07\/IMG_20250619_220201.jpg 1014w, https:\/\/www.saint-paul-angouleme.fr\/application\/wp-content\/uploads\/2025\/07\/IMG_20250619_220201-300x270.jpg 300w, https:\/\/www.saint-paul-angouleme.fr\/application\/wp-content\/uploads\/2025\/07\/IMG_20250619_220201-768x690.jpg 768w\" sizes=\"(max-width: 1014px) 100vw, 1014px\" \/><\/figure>\n\n\n\n<figure class=\"wp-block-image size-large\"><img loading=\"lazy\" decoding=\"async\" width=\"1024\" height=\"768\" data-id=\"13110\" src=\"https:\/\/www.saint-paul-angouleme.fr\/application\/wp-content\/uploads\/2025\/07\/20250619_132027-1024x768.jpg\" alt=\"Les aiguilles de Port Coton\" class=\"wp-image-13110\" srcset=\"https:\/\/www.saint-paul-angouleme.fr\/application\/wp-content\/uploads\/2025\/07\/20250619_132027-1024x768.jpg 1024w, https:\/\/www.saint-paul-angouleme.fr\/application\/wp-content\/uploads\/2025\/07\/20250619_132027-300x225.jpg 300w, https:\/\/www.saint-paul-angouleme.fr\/application\/wp-content\/uploads\/2025\/07\/20250619_132027-768x576.jpg 768w, https:\/\/www.saint-paul-angouleme.fr\/application\/wp-content\/uploads\/2025\/07\/20250619_132027.jpg 1215w\" sizes=\"(max-width: 1024px) 100vw, 1024px\" \/><\/figure>\n\n\n\n<figure class=\"wp-block-image size-large\"><img loading=\"lazy\" decoding=\"async\" width=\"683\" height=\"911\" data-id=\"13088\" src=\"https:\/\/www.saint-paul-angouleme.fr\/application\/wp-content\/uploads\/2025\/07\/20250619_142811.jpg\" alt=\"\" class=\"wp-image-13088\" srcset=\"https:\/\/www.saint-paul-angouleme.fr\/application\/wp-content\/uploads\/2025\/07\/20250619_142811.jpg 683w, https:\/\/www.saint-paul-angouleme.fr\/application\/wp-content\/uploads\/2025\/07\/20250619_142811-225x300.jpg 225w\" sizes=\"(max-width: 683px) 100vw, 683px\" \/><\/figure>\n\n\n\n<figure class=\"wp-block-image size-large\"><img loading=\"lazy\" decoding=\"async\" width=\"1024\" height=\"768\" data-id=\"13089\" src=\"https:\/\/www.saint-paul-angouleme.fr\/application\/wp-content\/uploads\/2025\/07\/20250619_143025-1024x768.jpg\" alt=\"\" class=\"wp-image-13089\" srcset=\"https:\/\/www.saint-paul-angouleme.fr\/application\/wp-content\/uploads\/2025\/07\/20250619_143025-1024x768.jpg 1024w, https:\/\/www.saint-paul-angouleme.fr\/application\/wp-content\/uploads\/2025\/07\/20250619_143025-300x225.jpg 300w, https:\/\/www.saint-paul-angouleme.fr\/application\/wp-content\/uploads\/2025\/07\/20250619_143025-768x576.jpg 768w, https:\/\/www.saint-paul-angouleme.fr\/application\/wp-content\/uploads\/2025\/07\/20250619_143025.jpg 1215w\" sizes=\"(max-width: 1024px) 100vw, 1024px\" \/><\/figure>\n\n\n\n<figure class=\"wp-block-image size-large\"><img loading=\"lazy\" decoding=\"async\" width=\"1024\" height=\"768\" data-id=\"13102\" src=\"https:\/\/www.saint-paul-angouleme.fr\/application\/wp-content\/uploads\/2025\/07\/original_198f3329-5446-4ca2-855d-f198e393272e_20250619_143042-1024x768.jpg\" alt=\"\" class=\"wp-image-13102\" srcset=\"https:\/\/www.saint-paul-angouleme.fr\/application\/wp-content\/uploads\/2025\/07\/original_198f3329-5446-4ca2-855d-f198e393272e_20250619_143042-1024x768.jpg 1024w, https:\/\/www.saint-paul-angouleme.fr\/application\/wp-content\/uploads\/2025\/07\/original_198f3329-5446-4ca2-855d-f198e393272e_20250619_143042-300x225.jpg 300w, https:\/\/www.saint-paul-angouleme.fr\/application\/wp-content\/uploads\/2025\/07\/original_198f3329-5446-4ca2-855d-f198e393272e_20250619_143042-768x576.jpg 768w, https:\/\/www.saint-paul-angouleme.fr\/application\/wp-content\/uploads\/2025\/07\/original_198f3329-5446-4ca2-855d-f198e393272e_20250619_143042.jpg 1215w\" sizes=\"(max-width: 1024px) 100vw, 1024px\" \/><\/figure>\n\n\n\n<figure class=\"wp-block-image size-large\"><img loading=\"lazy\" decoding=\"async\" width=\"1024\" height=\"768\" data-id=\"13105\" src=\"https:\/\/www.saint-paul-angouleme.fr\/application\/wp-content\/uploads\/2025\/07\/20250618_1539083-1024x768.jpg\" alt=\"\" class=\"wp-image-13105\" srcset=\"https:\/\/www.saint-paul-angouleme.fr\/application\/wp-content\/uploads\/2025\/07\/20250618_1539083-1024x768.jpg 1024w, https:\/\/www.saint-paul-angouleme.fr\/application\/wp-content\/uploads\/2025\/07\/20250618_1539083-300x225.jpg 300w, https:\/\/www.saint-paul-angouleme.fr\/application\/wp-content\/uploads\/2025\/07\/20250618_1539083-768x576.jpg 768w, https:\/\/www.saint-paul-angouleme.fr\/application\/wp-content\/uploads\/2025\/07\/20250618_1539083.jpg 1215w\" sizes=\"(max-width: 1024px) 100vw, 1024px\" \/><\/figure>\n\n\n\n<figure class=\"wp-block-image size-large\"><img loading=\"lazy\" decoding=\"async\" width=\"1024\" height=\"768\" data-id=\"13113\" src=\"https:\/\/www.saint-paul-angouleme.fr\/application\/wp-content\/uploads\/2025\/07\/20250619_135014-1024x768.jpg\" alt=\"\" class=\"wp-image-13113\" srcset=\"https:\/\/www.saint-paul-angouleme.fr\/application\/wp-content\/uploads\/2025\/07\/20250619_135014-1024x768.jpg 1024w, https:\/\/www.saint-paul-angouleme.fr\/application\/wp-content\/uploads\/2025\/07\/20250619_135014-300x225.jpg 300w, https:\/\/www.saint-paul-angouleme.fr\/application\/wp-content\/uploads\/2025\/07\/20250619_135014-768x576.jpg 768w, https:\/\/www.saint-paul-angouleme.fr\/application\/wp-content\/uploads\/2025\/07\/20250619_135014.jpg 1215w\" sizes=\"(max-width: 1024px) 100vw, 1024px\" \/><\/figure>\n\n\n\n<figure class=\"wp-block-image size-large\"><img loading=\"lazy\" decoding=\"async\" width=\"1024\" height=\"768\" data-id=\"13111\" src=\"https:\/\/www.saint-paul-angouleme.fr\/application\/wp-content\/uploads\/2025\/07\/20250619_134243-1024x768.jpg\" alt=\"\" class=\"wp-image-13111\" srcset=\"https:\/\/www.saint-paul-angouleme.fr\/application\/wp-content\/uploads\/2025\/07\/20250619_134243-1024x768.jpg 1024w, https:\/\/www.saint-paul-angouleme.fr\/application\/wp-content\/uploads\/2025\/07\/20250619_134243-300x225.jpg 300w, https:\/\/www.saint-paul-angouleme.fr\/application\/wp-content\/uploads\/2025\/07\/20250619_134243-768x576.jpg 768w, https:\/\/www.saint-paul-angouleme.fr\/application\/wp-content\/uploads\/2025\/07\/20250619_134243.jpg 1215w\" sizes=\"(max-width: 1024px) 100vw, 1024px\" \/><\/figure>\n\n\n\n<figure class=\"wp-block-image size-large\"><img loading=\"lazy\" decoding=\"async\" width=\"1024\" height=\"768\" data-id=\"13099\" src=\"https:\/\/www.saint-paul-angouleme.fr\/application\/wp-content\/uploads\/2025\/07\/IMG_20250619_214816-1024x768.jpg\" alt=\"\" class=\"wp-image-13099\" srcset=\"https:\/\/www.saint-paul-angouleme.fr\/application\/wp-content\/uploads\/2025\/07\/IMG_20250619_214816-1024x768.jpg 1024w, https:\/\/www.saint-paul-angouleme.fr\/application\/wp-content\/uploads\/2025\/07\/IMG_20250619_214816-300x225.jpg 300w, https:\/\/www.saint-paul-angouleme.fr\/application\/wp-content\/uploads\/2025\/07\/IMG_20250619_214816-768x576.jpg 768w, https:\/\/www.saint-paul-angouleme.fr\/application\/wp-content\/uploads\/2025\/07\/IMG_20250619_214816.jpg 1215w\" sizes=\"(max-width: 1024px) 100vw, 1024px\" \/><\/figure>\n\n\n\n<figure class=\"wp-block-image size-large\"><img loading=\"lazy\" decoding=\"async\" width=\"1024\" height=\"768\" data-id=\"13086\" src=\"https:\/\/www.saint-paul-angouleme.fr\/application\/wp-content\/uploads\/2025\/07\/20250619_140126-1024x768.jpg\" alt=\"Vestige du mur de l'Atlantique\" class=\"wp-image-13086\" srcset=\"https:\/\/www.saint-paul-angouleme.fr\/application\/wp-content\/uploads\/2025\/07\/20250619_140126-1024x768.jpg 1024w, https:\/\/www.saint-paul-angouleme.fr\/application\/wp-content\/uploads\/2025\/07\/20250619_140126-300x225.jpg 300w, https:\/\/www.saint-paul-angouleme.fr\/application\/wp-content\/uploads\/2025\/07\/20250619_140126-768x576.jpg 768w, https:\/\/www.saint-paul-angouleme.fr\/application\/wp-content\/uploads\/2025\/07\/20250619_140126.jpg 1215w\" sizes=\"(max-width: 1024px) 100vw, 1024px\" \/><\/figure>\n\n\n\n<figure class=\"wp-block-image size-large\"><img loading=\"lazy\" decoding=\"async\" width=\"1024\" height=\"768\" data-id=\"13112\" src=\"https:\/\/www.saint-paul-angouleme.fr\/application\/wp-content\/uploads\/2025\/07\/20250619_135645-1024x768.jpg\" alt=\"\" class=\"wp-image-13112\" srcset=\"https:\/\/www.saint-paul-angouleme.fr\/application\/wp-content\/uploads\/2025\/07\/20250619_135645-1024x768.jpg 1024w, https:\/\/www.saint-paul-angouleme.fr\/application\/wp-content\/uploads\/2025\/07\/20250619_135645-300x225.jpg 300w, https:\/\/www.saint-paul-angouleme.fr\/application\/wp-content\/uploads\/2025\/07\/20250619_135645-768x576.jpg 768w, https:\/\/www.saint-paul-angouleme.fr\/application\/wp-content\/uploads\/2025\/07\/20250619_135645.jpg 1215w\" sizes=\"(max-width: 1024px) 100vw, 1024px\" \/><\/figure>\n\n\n\n<figure class=\"wp-block-image size-large\"><img loading=\"lazy\" decoding=\"async\" width=\"1024\" height=\"768\" data-id=\"13114\" src=\"https:\/\/www.saint-paul-angouleme.fr\/application\/wp-content\/uploads\/2025\/07\/20250619_140037-1024x768.jpg\" alt=\"\" class=\"wp-image-13114\" srcset=\"https:\/\/www.saint-paul-angouleme.fr\/application\/wp-content\/uploads\/2025\/07\/20250619_140037-1024x768.jpg 1024w, https:\/\/www.saint-paul-angouleme.fr\/application\/wp-content\/uploads\/2025\/07\/20250619_140037-300x225.jpg 300w, https:\/\/www.saint-paul-angouleme.fr\/application\/wp-content\/uploads\/2025\/07\/20250619_140037-768x576.jpg 768w, https:\/\/www.saint-paul-angouleme.fr\/application\/wp-content\/uploads\/2025\/07\/20250619_140037.jpg 1215w\" sizes=\"(max-width: 1024px) 100vw, 1024px\" \/><\/figure>\n<\/figure>\n\n\n\n<p><\/p>\n\n\n\n<h3 class=\"wp-block-heading\">Vendredi 20 juin : KENAVO Belle-\u00cele-en-Mer et retour en Nouvelle Aquitaine<\/h3>\n\n\n\n<p>Notre bateau nous attend. Au revoir Belle-\u00cele-en-Mer&#8230; Embarquement pour Quiberon et retour en Nouvelle Aquitaine, \u00e0 Angoul\u00eame. La citadelle reste sur ses gardes. Dernier clich\u00e9 de Belle-\u00cele-en-Mer&#8230;<\/p>\n\n\n\n<figure class=\"wp-block-gallery has-nested-images columns-2 is-cropped wp-block-gallery-6 is-layout-flex wp-block-gallery-is-layout-flex\">\n<figure class=\"wp-block-image size-large\"><img loading=\"lazy\" decoding=\"async\" width=\"683\" height=\"911\" data-id=\"13121\" src=\"https:\/\/www.saint-paul-angouleme.fr\/application\/wp-content\/uploads\/2025\/07\/20250620_072631.jpg\" alt=\"\" class=\"wp-image-13121\" srcset=\"https:\/\/www.saint-paul-angouleme.fr\/application\/wp-content\/uploads\/2025\/07\/20250620_072631.jpg 683w, https:\/\/www.saint-paul-angouleme.fr\/application\/wp-content\/uploads\/2025\/07\/20250620_072631-225x300.jpg 225w\" sizes=\"(max-width: 683px) 100vw, 683px\" \/><\/figure>\n\n\n\n<figure class=\"wp-block-image size-large\"><img loading=\"lazy\" decoding=\"async\" width=\"1024\" height=\"707\" data-id=\"13122\" src=\"https:\/\/www.saint-paul-angouleme.fr\/application\/wp-content\/uploads\/2025\/07\/20250620_080902-1024x707.jpg\" alt=\"\" class=\"wp-image-13122\" srcset=\"https:\/\/www.saint-paul-angouleme.fr\/application\/wp-content\/uploads\/2025\/07\/20250620_080902-1024x707.jpg 1024w, https:\/\/www.saint-paul-angouleme.fr\/application\/wp-content\/uploads\/2025\/07\/20250620_080902-300x207.jpg 300w, https:\/\/www.saint-paul-angouleme.fr\/application\/wp-content\/uploads\/2025\/07\/20250620_080902-768x530.jpg 768w, https:\/\/www.saint-paul-angouleme.fr\/application\/wp-content\/uploads\/2025\/07\/20250620_080902.jpg 1320w\" sizes=\"(max-width: 1024px) 100vw, 1024px\" \/><\/figure>\n\n\n\n<figure class=\"wp-block-image size-large\"><img loading=\"lazy\" decoding=\"async\" width=\"1024\" height=\"768\" data-id=\"13120\" src=\"https:\/\/www.saint-paul-angouleme.fr\/application\/wp-content\/uploads\/2025\/07\/20250620_072713-1024x768.jpg\" alt=\"\" class=\"wp-image-13120\" srcset=\"https:\/\/www.saint-paul-angouleme.fr\/application\/wp-content\/uploads\/2025\/07\/20250620_072713-1024x768.jpg 1024w, https:\/\/www.saint-paul-angouleme.fr\/application\/wp-content\/uploads\/2025\/07\/20250620_072713-300x225.jpg 300w, https:\/\/www.saint-paul-angouleme.fr\/application\/wp-content\/uploads\/2025\/07\/20250620_072713-768x576.jpg 768w, https:\/\/www.saint-paul-angouleme.fr\/application\/wp-content\/uploads\/2025\/07\/20250620_072713.jpg 1215w\" sizes=\"(max-width: 1024px) 100vw, 1024px\" \/><\/figure>\n\n\n\n<figure class=\"wp-block-image size-large\"><img loading=\"lazy\" decoding=\"async\" width=\"1024\" height=\"768\" data-id=\"13123\" src=\"https:\/\/www.saint-paul-angouleme.fr\/application\/wp-content\/uploads\/2025\/07\/20250620_080933-1024x768.jpg\" alt=\"\" class=\"wp-image-13123\" srcset=\"https:\/\/www.saint-paul-angouleme.fr\/application\/wp-content\/uploads\/2025\/07\/20250620_080933-1024x768.jpg 1024w, https:\/\/www.saint-paul-angouleme.fr\/application\/wp-content\/uploads\/2025\/07\/20250620_080933-300x225.jpg 300w, https:\/\/www.saint-paul-angouleme.fr\/application\/wp-content\/uploads\/2025\/07\/20250620_080933-768x576.jpg 768w, https:\/\/www.saint-paul-angouleme.fr\/application\/wp-content\/uploads\/2025\/07\/20250620_080933.jpg 1215w\" sizes=\"(max-width: 1024px) 100vw, 1024px\" \/><\/figure>\n\n\n\n<figure class=\"wp-block-image size-large\"><img loading=\"lazy\" decoding=\"async\" width=\"1024\" height=\"768\" data-id=\"13124\" src=\"https:\/\/www.saint-paul-angouleme.fr\/application\/wp-content\/uploads\/2025\/07\/20250620_081115-1024x768.jpg\" alt=\"\" class=\"wp-image-13124\" srcset=\"https:\/\/www.saint-paul-angouleme.fr\/application\/wp-content\/uploads\/2025\/07\/20250620_081115-1024x768.jpg 1024w, https:\/\/www.saint-paul-angouleme.fr\/application\/wp-content\/uploads\/2025\/07\/20250620_081115-300x225.jpg 300w, https:\/\/www.saint-paul-angouleme.fr\/application\/wp-content\/uploads\/2025\/07\/20250620_081115-768x576.jpg 768w, https:\/\/www.saint-paul-angouleme.fr\/application\/wp-content\/uploads\/2025\/07\/20250620_081115.jpg 1215w\" sizes=\"(max-width: 1024px) 100vw, 1024px\" \/><\/figure>\n\n\n\n<figure class=\"wp-block-image size-large\"><img loading=\"lazy\" decoding=\"async\" width=\"1024\" height=\"808\" data-id=\"13126\" src=\"https:\/\/www.saint-paul-angouleme.fr\/application\/wp-content\/uploads\/2025\/07\/20250620_081156-1024x808.jpg\" alt=\"\" class=\"wp-image-13126\" srcset=\"https:\/\/www.saint-paul-angouleme.fr\/application\/wp-content\/uploads\/2025\/07\/20250620_081156-1024x808.jpg 1024w, https:\/\/www.saint-paul-angouleme.fr\/application\/wp-content\/uploads\/2025\/07\/20250620_081156-300x237.jpg 300w, https:\/\/www.saint-paul-angouleme.fr\/application\/wp-content\/uploads\/2025\/07\/20250620_081156-768x606.jpg 768w, https:\/\/www.saint-paul-angouleme.fr\/application\/wp-content\/uploads\/2025\/07\/20250620_081156.jpg 1155w\" sizes=\"(max-width: 1024px) 100vw, 1024px\" \/><\/figure>\n\n\n\n<figure class=\"wp-block-image size-large\"><img loading=\"lazy\" decoding=\"async\" width=\"1024\" height=\"782\" data-id=\"13125\" src=\"https:\/\/www.saint-paul-angouleme.fr\/application\/wp-content\/uploads\/2025\/07\/original_bc29a452-47ee-4297-a163-18fb3cd15d6c_20250620_085454-1024x782.jpg\" alt=\"Un local salue notre d\u00e9part de Bretagne.\" class=\"wp-image-13125\" srcset=\"https:\/\/www.saint-paul-angouleme.fr\/application\/wp-content\/uploads\/2025\/07\/original_bc29a452-47ee-4297-a163-18fb3cd15d6c_20250620_085454-1024x782.jpg 1024w, https:\/\/www.saint-paul-angouleme.fr\/application\/wp-content\/uploads\/2025\/07\/original_bc29a452-47ee-4297-a163-18fb3cd15d6c_20250620_085454-300x229.jpg 300w, https:\/\/www.saint-paul-angouleme.fr\/application\/wp-content\/uploads\/2025\/07\/original_bc29a452-47ee-4297-a163-18fb3cd15d6c_20250620_085454-768x586.jpg 768w, https:\/\/www.saint-paul-angouleme.fr\/application\/wp-content\/uploads\/2025\/07\/original_bc29a452-47ee-4297-a163-18fb3cd15d6c_20250620_085454.jpg 1193w\" sizes=\"(max-width: 1024px) 100vw, 1024px\" \/><figcaption class=\"wp-element-caption\"><strong><mark style=\"background-color:var(--contrast)\" class=\"has-inline-color has-base-3-color\">Un local salue notre d\u00e9part de Bretagne.<\/mark><\/strong><\/figcaption><\/figure>\n<\/figure>\n\n\n\n<p><\/p>\n\n\n\n<p>Pour prolonger la visite :<\/p>\n\n\n\n<figure class=\"wp-block-embed is-type-video is-provider-youtube wp-block-embed-youtube\"><div style=\"display: contents;\" >\n<div class=\"arve\" data-mode=\"normal\" data-oembed=\"1\" data-provider=\"youtube\" id=\"arve-youtube-8oaod8kxa2q\">\n<div class=\"arve-inner\">\n<div class=\"arve-embed arve-embed--has-aspect-ratio\">\n<span class=\"arve-ar\" style=\"padding-top:56.250000%\"><\/span><iframe credentialless referrerpolicy=\"strict-origin-when-cross-origin\" allow=\"accelerometer &#039;none&#039;;ambient-light-sensor &#039;none&#039;;autoplay &#039;none&#039;;battery &#039;none&#039;;bluetooth &#039;none&#039;;browsing-topics &#039;none&#039;;camera &#039;none&#039;;ch-ua &#039;none&#039;;clipboard-read &#039;none&#039;;clipboard-write;display-capture &#039;none&#039;;document-domain &#039;none&#039;;domain-agent &#039;none&#039;;encrypted-media &#039;none&#039;;execution-while-not-rendered &#039;none&#039;;execution-while-out-of-viewport &#039;none&#039;;gamepad &#039;none&#039;;geolocation &#039;none&#039;;gyroscope &#039;none&#039;;hid &#039;none&#039;;identity-credentials-get &#039;none&#039;;idle-detection &#039;none&#039;;keyboard-map &#039;none&#039;;local-fonts &#039;none&#039;;magnetometer &#039;none&#039;;microphone &#039;none&#039;;midi &#039;none&#039;;navigation-override &#039;none&#039;;otp-credentials &#039;none&#039;;payment &#039;none&#039;;picture-in-picture;publickey-credentials-create &#039;none&#039;;publickey-credentials-get &#039;none&#039;;screen-wake-lock &#039;none&#039;;serial &#039;none&#039;;speaker-selection;sync-xhr &#039;none&#039;;usb &#039;none&#039;;web-share;window-management &#039;none&#039;;xr-spatial-tracking &#039;none&#039;;\" allowfullscreen class=\"arve-iframe fitvidsignore\" data-arve=\"arve-youtube-8oaod8kxa2q\" data-src-no-ap=\"https:\/\/www.youtube-nocookie.com\/embed\/8oaoD8kXA2Q?feature=oembed&amp;iv_load_policy=3&amp;modestbranding=1&amp;rel=0&amp;autohide=1&amp;playsinline=0&amp;autoplay=0\" frameborder=\"0\" height=\"0\" name sandbox=\"allow-scripts allow-same-origin allow-presentation allow-popups allow-popups-to-escape-sandbox\" scrolling=\"no\" src=\"https:\/\/www.youtube-nocookie.com\/embed\/8oaoD8kXA2Q?feature=oembed&#038;iv_load_policy=3&#038;modestbranding=1&#038;rel=0&#038;autohide=1&#038;playsinline=0&#038;autoplay=0\" width=\"0\" title loading=\"lazy\"><\/iframe>\n\n<\/div>\n\n<\/div>\n<script type=\"application\/ld+json\">{\"@context\":\"http:\\\/\\\/schema.org\\\/\",\"@id\":\"https:\\\/\\\/www.saint-paul-angouleme.fr\\\/application\\\/belle-ile-en-mer-sejour-pedagogique-pour-nos-sixiemes\\\/#arve-youtube-8oaod8kxa2q\",\"type\":\"VideoObject\",\"embedURL\":\"https:\\\/\\\/www.youtube-nocookie.com\\\/embed\\\/8oaoD8kXA2Q?feature=oembed&iv_load_policy=3&modestbranding=1&rel=0&autohide=1&playsinline=0&autoplay=0\"}<\/script>\n<\/div>\n\n<\/div><\/figure>\n","protected":false},"excerpt":{"rendered":"<p>Du 16 au 20 juin, les \u00e9l\u00e8ves des classes de 6\u00e8me ont pu se rendre \u00e0 Belle-\u00eele-en-Mer pour un s\u00e9jour p\u00e9dagogique. Plusieurs s\u00e9jours ont \u00e9t\u00e9 propos\u00e9s, celui-ci est le dernier de l&#8217;ann\u00e9e. Partis de bon matin d&#8217;Angoul\u00eame, nous arrivons en Bretagne vers 17h00, en fin d&#8217;apr\u00e8s-midi. De Quiberon nous embarquons \u00e0 la gare maritime pour &#8230; <a title=\"Belle-Ile-En-Mer : S\u00e9jour p\u00e9dagogique pour nos sixi\u00e8mes\" class=\"read-more\" href=\"https:\/\/www.saint-paul-angouleme.fr\/application\/belle-ile-en-mer-sejour-pedagogique-pour-nos-sixiemes\/\" aria-label=\"Read more about Belle-Ile-En-Mer : S\u00e9jour p\u00e9dagogique pour nos sixi\u00e8mes\">Lire la suite<\/a><\/p>\n","protected":false},"author":3,"featured_media":13067,"comment_status":"open","ping_status":"open","sticky":false,"template":"","format":"standard","meta":{"_exactmetrics_skip_tracking":false,"_exactmetrics_sitenote_active":false,"_exactmetrics_sitenote_note":"","_exactmetrics_sitenote_category":0,"footnotes":""},"categories":[13,523],"tags":[929,735,927],"class_list":["post-12993","post","type-post","status-publish","format-standard","has-post-thumbnail","hentry","category-pedagogie","category-regard-sur","tag-belle-ile-en-mer","tag-bretagne","tag-sejour-pedagogique"],"yoast_head":"<!-- This site is optimized with the Yoast SEO plugin v23.3 - https:\/\/yoast.com\/wordpress\/plugins\/seo\/ -->\n<title>Belle-\u00cele-En-Mer : dernier s\u00e9jour p\u00e9dagogique de l&#039;ann\u00e9e<\/title>\n<meta name=\"description\" content=\"Du 16 au 20 juin les \u00e9l\u00e8ves de 6\u00e8me ont pu b\u00e9n\u00e9ficier du dernier s\u00e9jour p\u00e9dagogique de l&#039;ann\u00e9e. Direction Belle-Ile-En-Mer.\" \/>\n<meta name=\"robots\" content=\"index, follow, max-snippet:-1, max-image-preview:large, max-video-preview:-1\" \/>\n<link rel=\"canonical\" href=\"https:\/\/www.saint-paul-angouleme.fr\/application\/belle-ile-en-mer-sejour-pedagogique-pour-nos-sixiemes\/\" \/>\n<meta property=\"og:locale\" content=\"fr_FR\" \/>\n<meta property=\"og:type\" content=\"article\" \/>\n<meta property=\"og:title\" content=\"Belle-\u00cele-En-Mer : dernier s\u00e9jour p\u00e9dagogique de l&#039;ann\u00e9e\" \/>\n<meta property=\"og:description\" content=\"Du 16 au 20 juin les \u00e9l\u00e8ves de 6\u00e8me ont pu b\u00e9n\u00e9ficier du dernier s\u00e9jour p\u00e9dagogique de l&#039;ann\u00e9e. Direction Belle-Ile-En-Mer.\" \/>\n<meta property=\"og:url\" content=\"https:\/\/www.saint-paul-angouleme.fr\/application\/belle-ile-en-mer-sejour-pedagogique-pour-nos-sixiemes\/\" \/>\n<meta property=\"og:site_name\" content=\"Actualit\u00e9s\" \/>\n<meta property=\"article:publisher\" content=\"https:\/\/www.facebook.com\/SaintPaulAngouleme16\/\" \/>\n<meta property=\"article:published_time\" content=\"2025-06-25T07:26:00+00:00\" \/>\n<meta property=\"article:modified_time\" content=\"2025-07-10T14:28:23+00:00\" \/>\n<meta property=\"og:image\" content=\"https:\/\/www.saint-paul-angouleme.fr\/application\/wp-content\/uploads\/2025\/07\/AdobeStock_432604050-1-scaled.jpeg\" \/>\n\t<meta property=\"og:image:width\" content=\"2560\" \/>\n\t<meta property=\"og:image:height\" content=\"1280\" \/>\n\t<meta property=\"og:image:type\" content=\"image\/jpeg\" \/>\n<meta name=\"author\" content=\"SAINT-PAUL\" \/>\n<meta name=\"twitter:card\" content=\"summary_large_image\" \/>\n<meta name=\"twitter:creator\" content=\"@StPaulAngoulem\" \/>\n<meta name=\"twitter:site\" content=\"@StPaulAngoulem\" \/>\n<meta name=\"twitter:label1\" content=\"\u00c9crit par\" \/>\n\t<meta name=\"twitter:data1\" content=\"SAINT-PAUL\" \/>\n\t<meta name=\"twitter:label2\" content=\"Dur\u00e9e de lecture estim\u00e9e\" \/>\n\t<meta name=\"twitter:data2\" content=\"24 minutes\" \/>\n<script type=\"application\/ld+json\" class=\"yoast-schema-graph\">{\"@context\":\"https:\/\/schema.org\",\"@graph\":[{\"@type\":\"Article\",\"@id\":\"https:\/\/www.saint-paul-angouleme.fr\/application\/belle-ile-en-mer-sejour-pedagogique-pour-nos-sixiemes\/#article\",\"isPartOf\":{\"@id\":\"https:\/\/www.saint-paul-angouleme.fr\/application\/belle-ile-en-mer-sejour-pedagogique-pour-nos-sixiemes\/\"},\"author\":{\"name\":\"SAINT-PAUL\",\"@id\":\"https:\/\/www.saint-paul-angouleme.fr\/application\/#\/schema\/person\/ea152930b1a3823659065827b1a5fb9b\"},\"headline\":\"Belle-Ile-En-Mer : S\u00e9jour p\u00e9dagogique pour nos sixi\u00e8mes\",\"datePublished\":\"2025-06-25T07:26:00+00:00\",\"dateModified\":\"2025-07-10T14:28:23+00:00\",\"mainEntityOfPage\":{\"@id\":\"https:\/\/www.saint-paul-angouleme.fr\/application\/belle-ile-en-mer-sejour-pedagogique-pour-nos-sixiemes\/\"},\"wordCount\":1257,\"commentCount\":0,\"publisher\":{\"@id\":\"https:\/\/www.saint-paul-angouleme.fr\/application\/#organization\"},\"image\":{\"@id\":\"https:\/\/www.saint-paul-angouleme.fr\/application\/belle-ile-en-mer-sejour-pedagogique-pour-nos-sixiemes\/#primaryimage\"},\"thumbnailUrl\":\"https:\/\/www.saint-paul-angouleme.fr\/application\/wp-content\/uploads\/2025\/07\/AdobeStock_432604050-1-scaled.jpeg\",\"keywords\":[\"Belle-\u00cele-En-Mer\",\"Bretagne\",\"S\u00e9jour p\u00e9dagogique\"],\"articleSection\":[\"P\u00e9dagogie\",\"Regard sur\"],\"inLanguage\":\"fr-FR\",\"potentialAction\":[{\"@type\":\"CommentAction\",\"name\":\"Comment\",\"target\":[\"https:\/\/www.saint-paul-angouleme.fr\/application\/belle-ile-en-mer-sejour-pedagogique-pour-nos-sixiemes\/#respond\"]}]},{\"@type\":\"WebPage\",\"@id\":\"https:\/\/www.saint-paul-angouleme.fr\/application\/belle-ile-en-mer-sejour-pedagogique-pour-nos-sixiemes\/\",\"url\":\"https:\/\/www.saint-paul-angouleme.fr\/application\/belle-ile-en-mer-sejour-pedagogique-pour-nos-sixiemes\/\",\"name\":\"Belle-\u00cele-En-Mer : dernier s\u00e9jour p\u00e9dagogique de l'ann\u00e9e\",\"isPartOf\":{\"@id\":\"https:\/\/www.saint-paul-angouleme.fr\/application\/#website\"},\"primaryImageOfPage\":{\"@id\":\"https:\/\/www.saint-paul-angouleme.fr\/application\/belle-ile-en-mer-sejour-pedagogique-pour-nos-sixiemes\/#primaryimage\"},\"image\":{\"@id\":\"https:\/\/www.saint-paul-angouleme.fr\/application\/belle-ile-en-mer-sejour-pedagogique-pour-nos-sixiemes\/#primaryimage\"},\"thumbnailUrl\":\"https:\/\/www.saint-paul-angouleme.fr\/application\/wp-content\/uploads\/2025\/07\/AdobeStock_432604050-1-scaled.jpeg\",\"datePublished\":\"2025-06-25T07:26:00+00:00\",\"dateModified\":\"2025-07-10T14:28:23+00:00\",\"description\":\"Du 16 au 20 juin les \u00e9l\u00e8ves de 6\u00e8me ont pu b\u00e9n\u00e9ficier du dernier s\u00e9jour p\u00e9dagogique de l'ann\u00e9e. Direction Belle-Ile-En-Mer.\",\"breadcrumb\":{\"@id\":\"https:\/\/www.saint-paul-angouleme.fr\/application\/belle-ile-en-mer-sejour-pedagogique-pour-nos-sixiemes\/#breadcrumb\"},\"inLanguage\":\"fr-FR\",\"potentialAction\":[{\"@type\":\"ReadAction\",\"target\":[\"https:\/\/www.saint-paul-angouleme.fr\/application\/belle-ile-en-mer-sejour-pedagogique-pour-nos-sixiemes\/\"]}]},{\"@type\":\"ImageObject\",\"inLanguage\":\"fr-FR\",\"@id\":\"https:\/\/www.saint-paul-angouleme.fr\/application\/belle-ile-en-mer-sejour-pedagogique-pour-nos-sixiemes\/#primaryimage\",\"url\":\"https:\/\/www.saint-paul-angouleme.fr\/application\/wp-content\/uploads\/2025\/07\/AdobeStock_432604050-1-scaled.jpeg\",\"contentUrl\":\"https:\/\/www.saint-paul-angouleme.fr\/application\/wp-content\/uploads\/2025\/07\/AdobeStock_432604050-1-scaled.jpeg\",\"width\":2560,\"height\":1280},{\"@type\":\"BreadcrumbList\",\"@id\":\"https:\/\/www.saint-paul-angouleme.fr\/application\/belle-ile-en-mer-sejour-pedagogique-pour-nos-sixiemes\/#breadcrumb\",\"itemListElement\":[{\"@type\":\"ListItem\",\"position\":1,\"name\":\"Accueil\",\"item\":\"http:\/\/www.saint-paul-angouleme.fr\/application\/\"},{\"@type\":\"ListItem\",\"position\":2,\"name\":\"Belle-Ile-En-Mer : S\u00e9jour p\u00e9dagogique pour nos sixi\u00e8mes\"}]},{\"@type\":\"WebSite\",\"@id\":\"https:\/\/www.saint-paul-angouleme.fr\/application\/#website\",\"url\":\"https:\/\/www.saint-paul-angouleme.fr\/application\/\",\"name\":\"Actualit\u00e9s\",\"description\":\"Actualit\u00e9s Saint Paul\",\"publisher\":{\"@id\":\"https:\/\/www.saint-paul-angouleme.fr\/application\/#organization\"},\"potentialAction\":[{\"@type\":\"SearchAction\",\"target\":{\"@type\":\"EntryPoint\",\"urlTemplate\":\"https:\/\/www.saint-paul-angouleme.fr\/application\/?s={search_term_string}\"},\"query-input\":\"required name=search_term_string\"}],\"inLanguage\":\"fr-FR\"},{\"@type\":\"Organization\",\"@id\":\"https:\/\/www.saint-paul-angouleme.fr\/application\/#organization\",\"name\":\"Ensemble scolaire Saint-Paul\",\"url\":\"https:\/\/www.saint-paul-angouleme.fr\/application\/\",\"logo\":{\"@type\":\"ImageObject\",\"inLanguage\":\"fr-FR\",\"@id\":\"https:\/\/www.saint-paul-angouleme.fr\/application\/#\/schema\/logo\/image\/\",\"url\":\"https:\/\/www.saint-paul-angouleme.fr\/application\/wp-content\/uploads\/2018\/08\/logo-saint-paul-couleurs.jpg\",\"contentUrl\":\"https:\/\/www.saint-paul-angouleme.fr\/application\/wp-content\/uploads\/2018\/08\/logo-saint-paul-couleurs.jpg\",\"width\":1890,\"height\":709,\"caption\":\"Ensemble scolaire Saint-Paul\"},\"image\":{\"@id\":\"https:\/\/www.saint-paul-angouleme.fr\/application\/#\/schema\/logo\/image\/\"},\"sameAs\":[\"https:\/\/www.facebook.com\/SaintPaulAngouleme16\/\",\"https:\/\/x.com\/StPaulAngoulem\",\"https:\/\/www.youtube.com\/channel\/UCRLpz1CmPVqc0gn--YyXvjA?view_as=subscriber\"]},{\"@type\":\"Person\",\"@id\":\"https:\/\/www.saint-paul-angouleme.fr\/application\/#\/schema\/person\/ea152930b1a3823659065827b1a5fb9b\",\"name\":\"SAINT-PAUL\",\"image\":{\"@type\":\"ImageObject\",\"inLanguage\":\"fr-FR\",\"@id\":\"https:\/\/www.saint-paul-angouleme.fr\/application\/#\/schema\/person\/image\/\",\"url\":\"https:\/\/secure.gravatar.com\/avatar\/eadb0ffebc02683a61d69038eb2924f0?s=96&r=g\",\"contentUrl\":\"https:\/\/secure.gravatar.com\/avatar\/eadb0ffebc02683a61d69038eb2924f0?s=96&r=g\",\"caption\":\"SAINT-PAUL\"},\"url\":\"https:\/\/www.saint-paul-angouleme.fr\/application\/author\/myriam\/\"}]}<\/script>\n<!-- \/ Yoast SEO plugin. -->","yoast_head_json":{"title":"Belle-\u00cele-En-Mer : dernier s\u00e9jour p\u00e9dagogique de l'ann\u00e9e","description":"Du 16 au 20 juin les \u00e9l\u00e8ves de 6\u00e8me ont pu b\u00e9n\u00e9ficier du dernier s\u00e9jour p\u00e9dagogique de l'ann\u00e9e. Direction Belle-Ile-En-Mer.","robots":{"index":"index","follow":"follow","max-snippet":"max-snippet:-1","max-image-preview":"max-image-preview:large","max-video-preview":"max-video-preview:-1"},"canonical":"https:\/\/www.saint-paul-angouleme.fr\/application\/belle-ile-en-mer-sejour-pedagogique-pour-nos-sixiemes\/","og_locale":"fr_FR","og_type":"article","og_title":"Belle-\u00cele-En-Mer : dernier s\u00e9jour p\u00e9dagogique de l'ann\u00e9e","og_description":"Du 16 au 20 juin les \u00e9l\u00e8ves de 6\u00e8me ont pu b\u00e9n\u00e9ficier du dernier s\u00e9jour p\u00e9dagogique de l'ann\u00e9e. Direction Belle-Ile-En-Mer.","og_url":"https:\/\/www.saint-paul-angouleme.fr\/application\/belle-ile-en-mer-sejour-pedagogique-pour-nos-sixiemes\/","og_site_name":"Actualit\u00e9s","article_publisher":"https:\/\/www.facebook.com\/SaintPaulAngouleme16\/","article_published_time":"2025-06-25T07:26:00+00:00","article_modified_time":"2025-07-10T14:28:23+00:00","og_image":[{"width":2560,"height":1280,"url":"https:\/\/www.saint-paul-angouleme.fr\/application\/wp-content\/uploads\/2025\/07\/AdobeStock_432604050-1-scaled.jpeg","type":"image\/jpeg"}],"author":"SAINT-PAUL","twitter_card":"summary_large_image","twitter_creator":"@StPaulAngoulem","twitter_site":"@StPaulAngoulem","twitter_misc":{"\u00c9crit par":"SAINT-PAUL","Dur\u00e9e de lecture estim\u00e9e":"24 minutes"},"schema":{"@context":"https:\/\/schema.org","@graph":[{"@type":"Article","@id":"https:\/\/www.saint-paul-angouleme.fr\/application\/belle-ile-en-mer-sejour-pedagogique-pour-nos-sixiemes\/#article","isPartOf":{"@id":"https:\/\/www.saint-paul-angouleme.fr\/application\/belle-ile-en-mer-sejour-pedagogique-pour-nos-sixiemes\/"},"author":{"name":"SAINT-PAUL","@id":"https:\/\/www.saint-paul-angouleme.fr\/application\/#\/schema\/person\/ea152930b1a3823659065827b1a5fb9b"},"headline":"Belle-Ile-En-Mer : S\u00e9jour p\u00e9dagogique pour nos sixi\u00e8mes","datePublished":"2025-06-25T07:26:00+00:00","dateModified":"2025-07-10T14:28:23+00:00","mainEntityOfPage":{"@id":"https:\/\/www.saint-paul-angouleme.fr\/application\/belle-ile-en-mer-sejour-pedagogique-pour-nos-sixiemes\/"},"wordCount":1257,"commentCount":0,"publisher":{"@id":"https:\/\/www.saint-paul-angouleme.fr\/application\/#organization"},"image":{"@id":"https:\/\/www.saint-paul-angouleme.fr\/application\/belle-ile-en-mer-sejour-pedagogique-pour-nos-sixiemes\/#primaryimage"},"thumbnailUrl":"https:\/\/www.saint-paul-angouleme.fr\/application\/wp-content\/uploads\/2025\/07\/AdobeStock_432604050-1-scaled.jpeg","keywords":["Belle-\u00cele-En-Mer","Bretagne","S\u00e9jour p\u00e9dagogique"],"articleSection":["P\u00e9dagogie","Regard sur"],"inLanguage":"fr-FR","potentialAction":[{"@type":"CommentAction","name":"Comment","target":["https:\/\/www.saint-paul-angouleme.fr\/application\/belle-ile-en-mer-sejour-pedagogique-pour-nos-sixiemes\/#respond"]}]},{"@type":"WebPage","@id":"https:\/\/www.saint-paul-angouleme.fr\/application\/belle-ile-en-mer-sejour-pedagogique-pour-nos-sixiemes\/","url":"https:\/\/www.saint-paul-angouleme.fr\/application\/belle-ile-en-mer-sejour-pedagogique-pour-nos-sixiemes\/","name":"Belle-\u00cele-En-Mer : dernier s\u00e9jour p\u00e9dagogique de l'ann\u00e9e","isPartOf":{"@id":"https:\/\/www.saint-paul-angouleme.fr\/application\/#website"},"primaryImageOfPage":{"@id":"https:\/\/www.saint-paul-angouleme.fr\/application\/belle-ile-en-mer-sejour-pedagogique-pour-nos-sixiemes\/#primaryimage"},"image":{"@id":"https:\/\/www.saint-paul-angouleme.fr\/application\/belle-ile-en-mer-sejour-pedagogique-pour-nos-sixiemes\/#primaryimage"},"thumbnailUrl":"https:\/\/www.saint-paul-angouleme.fr\/application\/wp-content\/uploads\/2025\/07\/AdobeStock_432604050-1-scaled.jpeg","datePublished":"2025-06-25T07:26:00+00:00","dateModified":"2025-07-10T14:28:23+00:00","description":"Du 16 au 20 juin les \u00e9l\u00e8ves de 6\u00e8me ont pu b\u00e9n\u00e9ficier du dernier s\u00e9jour p\u00e9dagogique de l'ann\u00e9e. Direction Belle-Ile-En-Mer.","breadcrumb":{"@id":"https:\/\/www.saint-paul-angouleme.fr\/application\/belle-ile-en-mer-sejour-pedagogique-pour-nos-sixiemes\/#breadcrumb"},"inLanguage":"fr-FR","potentialAction":[{"@type":"ReadAction","target":["https:\/\/www.saint-paul-angouleme.fr\/application\/belle-ile-en-mer-sejour-pedagogique-pour-nos-sixiemes\/"]}]},{"@type":"ImageObject","inLanguage":"fr-FR","@id":"https:\/\/www.saint-paul-angouleme.fr\/application\/belle-ile-en-mer-sejour-pedagogique-pour-nos-sixiemes\/#primaryimage","url":"https:\/\/www.saint-paul-angouleme.fr\/application\/wp-content\/uploads\/2025\/07\/AdobeStock_432604050-1-scaled.jpeg","contentUrl":"https:\/\/www.saint-paul-angouleme.fr\/application\/wp-content\/uploads\/2025\/07\/AdobeStock_432604050-1-scaled.jpeg","width":2560,"height":1280},{"@type":"BreadcrumbList","@id":"https:\/\/www.saint-paul-angouleme.fr\/application\/belle-ile-en-mer-sejour-pedagogique-pour-nos-sixiemes\/#breadcrumb","itemListElement":[{"@type":"ListItem","position":1,"name":"Accueil","item":"http:\/\/www.saint-paul-angouleme.fr\/application\/"},{"@type":"ListItem","position":2,"name":"Belle-Ile-En-Mer : S\u00e9jour p\u00e9dagogique pour nos sixi\u00e8mes"}]},{"@type":"WebSite","@id":"https:\/\/www.saint-paul-angouleme.fr\/application\/#website","url":"https:\/\/www.saint-paul-angouleme.fr\/application\/","name":"Actualit\u00e9s","description":"Actualit\u00e9s Saint Paul","publisher":{"@id":"https:\/\/www.saint-paul-angouleme.fr\/application\/#organization"},"potentialAction":[{"@type":"SearchAction","target":{"@type":"EntryPoint","urlTemplate":"https:\/\/www.saint-paul-angouleme.fr\/application\/?s={search_term_string}"},"query-input":"required name=search_term_string"}],"inLanguage":"fr-FR"},{"@type":"Organization","@id":"https:\/\/www.saint-paul-angouleme.fr\/application\/#organization","name":"Ensemble scolaire Saint-Paul","url":"https:\/\/www.saint-paul-angouleme.fr\/application\/","logo":{"@type":"ImageObject","inLanguage":"fr-FR","@id":"https:\/\/www.saint-paul-angouleme.fr\/application\/#\/schema\/logo\/image\/","url":"https:\/\/www.saint-paul-angouleme.fr\/application\/wp-content\/uploads\/2018\/08\/logo-saint-paul-couleurs.jpg","contentUrl":"https:\/\/www.saint-paul-angouleme.fr\/application\/wp-content\/uploads\/2018\/08\/logo-saint-paul-couleurs.jpg","width":1890,"height":709,"caption":"Ensemble scolaire Saint-Paul"},"image":{"@id":"https:\/\/www.saint-paul-angouleme.fr\/application\/#\/schema\/logo\/image\/"},"sameAs":["https:\/\/www.facebook.com\/SaintPaulAngouleme16\/","https:\/\/x.com\/StPaulAngoulem","https:\/\/www.youtube.com\/channel\/UCRLpz1CmPVqc0gn--YyXvjA?view_as=subscriber"]},{"@type":"Person","@id":"https:\/\/www.saint-paul-angouleme.fr\/application\/#\/schema\/person\/ea152930b1a3823659065827b1a5fb9b","name":"SAINT-PAUL","image":{"@type":"ImageObject","inLanguage":"fr-FR","@id":"https:\/\/www.saint-paul-angouleme.fr\/application\/#\/schema\/person\/image\/","url":"https:\/\/secure.gravatar.com\/avatar\/eadb0ffebc02683a61d69038eb2924f0?s=96&r=g","contentUrl":"https:\/\/secure.gravatar.com\/avatar\/eadb0ffebc02683a61d69038eb2924f0?s=96&r=g","caption":"SAINT-PAUL"},"url":"https:\/\/www.saint-paul-angouleme.fr\/application\/author\/myriam\/"}]}},"_links":{"self":[{"href":"https:\/\/www.saint-paul-angouleme.fr\/application\/wp-json\/wp\/v2\/posts\/12993"}],"collection":[{"href":"https:\/\/www.saint-paul-angouleme.fr\/application\/wp-json\/wp\/v2\/posts"}],"about":[{"href":"https:\/\/www.saint-paul-angouleme.fr\/application\/wp-json\/wp\/v2\/types\/post"}],"author":[{"embeddable":true,"href":"https:\/\/www.saint-paul-angouleme.fr\/application\/wp-json\/wp\/v2\/users\/3"}],"replies":[{"embeddable":true,"href":"https:\/\/www.saint-paul-angouleme.fr\/application\/wp-json\/wp\/v2\/comments?post=12993"}],"version-history":[{"count":41,"href":"https:\/\/www.saint-paul-angouleme.fr\/application\/wp-json\/wp\/v2\/posts\/12993\/revisions"}],"predecessor-version":[{"id":13130,"href":"https:\/\/www.saint-paul-angouleme.fr\/application\/wp-json\/wp\/v2\/posts\/12993\/revisions\/13130"}],"wp:featuredmedia":[{"embeddable":true,"href":"https:\/\/www.saint-paul-angouleme.fr\/application\/wp-json\/wp\/v2\/media\/13067"}],"wp:attachment":[{"href":"https:\/\/www.saint-paul-angouleme.fr\/application\/wp-json\/wp\/v2\/media?parent=12993"}],"wp:term":[{"taxonomy":"category","embeddable":true,"href":"https:\/\/www.saint-paul-angouleme.fr\/application\/wp-json\/wp\/v2\/categories?post=12993"},{"taxonomy":"post_tag","embeddable":true,"href":"https:\/\/www.saint-paul-angouleme.fr\/application\/wp-json\/wp\/v2\/tags?post=12993"}],"curies":[{"name":"wp","href":"https:\/\/api.w.org\/{rel}","templated":true}]}}