{"id":12944,"date":"2025-04-23T11:12:00","date_gmt":"2025-04-23T09:12:00","guid":{"rendered":"https:\/\/www.saint-paul-angouleme.fr\/application\/?p=12944"},"modified":"2025-07-09T11:21:53","modified_gmt":"2025-07-09T09:21:53","slug":"spe-arts-plastiques-masques-en-photos-et-videos","status":"publish","type":"post","link":"https:\/\/www.saint-paul-angouleme.fr\/application\/spe-arts-plastiques-masques-en-photos-et-videos\/","title":{"rendered":"Sp\u00e9 Arts Plastiques : masques en photos et vid\u00e9os"},"content":{"rendered":"<div class=\"wp-block-image\">\n<figure class=\"aligncenter size-large\"><img loading=\"lazy\" decoding=\"async\" width=\"724\" height=\"1024\" src=\"https:\/\/www.saint-paul-angouleme.fr\/application\/wp-content\/uploads\/2025\/07\/Expo-MASQUES-724x1024.png\" alt=\"Affiche expo masques\" class=\"wp-image-12945\" srcset=\"https:\/\/www.saint-paul-angouleme.fr\/application\/wp-content\/uploads\/2025\/07\/Expo-MASQUES-724x1024.png 724w, https:\/\/www.saint-paul-angouleme.fr\/application\/wp-content\/uploads\/2025\/07\/Expo-MASQUES-212x300.png 212w, https:\/\/www.saint-paul-angouleme.fr\/application\/wp-content\/uploads\/2025\/07\/Expo-MASQUES-768x1086.png 768w, https:\/\/www.saint-paul-angouleme.fr\/application\/wp-content\/uploads\/2025\/07\/Expo-MASQUES-1086x1536.png 1086w, https:\/\/www.saint-paul-angouleme.fr\/application\/wp-content\/uploads\/2025\/07\/Expo-MASQUES-1448x2048.png 1448w, https:\/\/www.saint-paul-angouleme.fr\/application\/wp-content\/uploads\/2025\/07\/Expo-MASQUES.png 1587w\" sizes=\"(max-width: 724px) 100vw, 724px\" \/><\/figure><\/div>\n\n\n<p><\/p>\n\n\n\n<p>D\u00e9but avril une exposition s&#8217;est tenue au Centre de Documentation et de Recherche du Lyc\u00e9e. Il s&#8217;agit des photos des masques r\u00e9alis\u00e9s par les \u00e9l\u00e8ves de premi\u00e8re en enseignement de sp\u00e9cialit\u00e9 <a href=\"https:\/\/www.saint-paul-angouleme.fr\/application\/nos-lyceens-en-arts-plastiques-au-festival-de-la-bd-dangouleme\/\">Arts plastiques<\/a> avec Madame Elisabeth DUGNE.<\/p>\n\n\n\n<h3 class=\"wp-block-heading\">Cr\u00e9ation de masques en partenariat<\/h3>\n\n\n\n<p>Ce travail de cr\u00e9ation de masques est la restitution d&#8217;un atelier r\u00e9alis\u00e9 en collaboration avec <a href=\"https:\/\/www.linkedin.com\/in\/amanda-speed-649b0736\/\">Amanda SPEED<\/a>, costumi\u00e8re plasticienne issue du th\u00e9\u00e2tre. Cette exposition est visible au CDR lyc\u00e9e.<\/p>\n\n\n\n<h3 class=\"wp-block-heading\">Retrouvez ici photos et vid\u00e9os<\/h3>\n\n\n\n<p>En plus de l&#8217;exposition photos, nos \u00e9l\u00e8ves ont \u00e9galement mis en sc\u00e8ne leurs cr\u00e9ations dans de petits clips que vous pouvez retrouver ci-dessous :<\/p>\n\n\n\n<p><\/p>\n\n\n\n<figure class=\"wp-block-embed aligncenter is-type-video is-provider-youtube wp-block-embed-youtube\"><div style=\"display: contents;\" >\n<div class=\"arve\" data-mode=\"normal\" data-oembed=\"1\" data-provider=\"youtube\" id=\"arve-youtube-3drcw7k8mtu\">\n<div class=\"arve-inner\">\n<div class=\"arve-embed arve-embed--has-aspect-ratio\" style=\"aspect-ratio: 4 \/ 3\">\n<span class=\"arve-ar\" style=\"padding-top:75.000000%\"><\/span><iframe credentialless referrerpolicy=\"strict-origin-when-cross-origin\" allow=\"accelerometer &#039;none&#039;;ambient-light-sensor &#039;none&#039;;autoplay &#039;none&#039;;battery &#039;none&#039;;bluetooth &#039;none&#039;;browsing-topics &#039;none&#039;;camera &#039;none&#039;;ch-ua &#039;none&#039;;clipboard-read &#039;none&#039;;clipboard-write;display-capture &#039;none&#039;;document-domain &#039;none&#039;;domain-agent &#039;none&#039;;encrypted-media &#039;none&#039;;execution-while-not-rendered &#039;none&#039;;execution-while-out-of-viewport &#039;none&#039;;gamepad &#039;none&#039;;geolocation &#039;none&#039;;gyroscope &#039;none&#039;;hid &#039;none&#039;;identity-credentials-get &#039;none&#039;;idle-detection &#039;none&#039;;keyboard-map &#039;none&#039;;local-fonts &#039;none&#039;;magnetometer &#039;none&#039;;microphone &#039;none&#039;;midi &#039;none&#039;;navigation-override &#039;none&#039;;otp-credentials &#039;none&#039;;payment &#039;none&#039;;picture-in-picture;publickey-credentials-create &#039;none&#039;;publickey-credentials-get &#039;none&#039;;screen-wake-lock &#039;none&#039;;serial &#039;none&#039;;speaker-selection;sync-xhr &#039;none&#039;;usb &#039;none&#039;;web-share;window-management &#039;none&#039;;xr-spatial-tracking &#039;none&#039;;\" allowfullscreen class=\"arve-iframe fitvidsignore\" data-arve=\"arve-youtube-3drcw7k8mtu\" data-src-no-ap=\"https:\/\/www.youtube-nocookie.com\/embed\/3drCW7k8MTU?feature=oembed&amp;iv_load_policy=3&amp;modestbranding=1&amp;rel=0&amp;autohide=1&amp;playsinline=0&amp;autoplay=0\" frameborder=\"0\" height=\"0\" name sandbox=\"allow-scripts allow-same-origin allow-presentation allow-popups allow-popups-to-escape-sandbox\" scrolling=\"no\" src=\"https:\/\/www.youtube-nocookie.com\/embed\/3drCW7k8MTU?feature=oembed&#038;iv_load_policy=3&#038;modestbranding=1&#038;rel=0&#038;autohide=1&#038;playsinline=0&#038;autoplay=0\" width=\"0\" title loading=\"lazy\"><\/iframe>\n\n<\/div>\n\n<\/div>\n<script type=\"application\/ld+json\">{\"@context\":\"http:\\\/\\\/schema.org\\\/\",\"@id\":\"https:\\\/\\\/www.saint-paul-angouleme.fr\\\/application\\\/spe-arts-plastiques-masques-en-photos-et-videos\\\/#arve-youtube-3drcw7k8mtu\",\"type\":\"VideoObject\",\"embedURL\":\"https:\\\/\\\/www.youtube-nocookie.com\\\/embed\\\/3drCW7k8MTU?feature=oembed&iv_load_policy=3&modestbranding=1&rel=0&autohide=1&playsinline=0&autoplay=0\"}<\/script>\n<\/div>\n\n<\/div><\/figure>\n\n\n\n<p><\/p>\n\n\n\n<figure class=\"wp-block-gallery has-nested-images columns-2 is-cropped wp-block-gallery-1 is-layout-flex wp-block-gallery-is-layout-flex\">\n<figure class=\"wp-block-image size-large\"><img loading=\"lazy\" decoding=\"async\" width=\"689\" height=\"1024\" data-id=\"12955\" src=\"https:\/\/www.saint-paul-angouleme.fr\/application\/wp-content\/uploads\/2025\/07\/expo_masques_7-689x1024.jpg\" alt=\"\" class=\"wp-image-12955\" srcset=\"https:\/\/www.saint-paul-angouleme.fr\/application\/wp-content\/uploads\/2025\/07\/expo_masques_7-689x1024.jpg 689w, https:\/\/www.saint-paul-angouleme.fr\/application\/wp-content\/uploads\/2025\/07\/expo_masques_7-202x300.jpg 202w, https:\/\/www.saint-paul-angouleme.fr\/application\/wp-content\/uploads\/2025\/07\/expo_masques_7.jpg 767w\" sizes=\"(max-width: 689px) 100vw, 689px\" \/><\/figure>\n\n\n\n<figure class=\"wp-block-image size-large\"><img loading=\"lazy\" decoding=\"async\" width=\"708\" height=\"1024\" data-id=\"12951\" src=\"https:\/\/www.saint-paul-angouleme.fr\/application\/wp-content\/uploads\/2025\/07\/expo_masques_8-708x1024.jpg\" alt=\"Masque soleil et lune\" class=\"wp-image-12951\" srcset=\"https:\/\/www.saint-paul-angouleme.fr\/application\/wp-content\/uploads\/2025\/07\/expo_masques_8-708x1024.jpg 708w, https:\/\/www.saint-paul-angouleme.fr\/application\/wp-content\/uploads\/2025\/07\/expo_masques_8-207x300.jpg 207w, https:\/\/www.saint-paul-angouleme.fr\/application\/wp-content\/uploads\/2025\/07\/expo_masques_8-768x1111.jpg 768w, https:\/\/www.saint-paul-angouleme.fr\/application\/wp-content\/uploads\/2025\/07\/expo_masques_8.jpg 814w\" sizes=\"(max-width: 708px) 100vw, 708px\" \/><\/figure>\n\n\n\n<figure class=\"wp-block-image size-large\"><img loading=\"lazy\" decoding=\"async\" width=\"666\" height=\"1024\" data-id=\"12952\" src=\"https:\/\/www.saint-paul-angouleme.fr\/application\/wp-content\/uploads\/2025\/07\/expo_masques_9-666x1024.jpg\" alt=\"\" class=\"wp-image-12952\" srcset=\"https:\/\/www.saint-paul-angouleme.fr\/application\/wp-content\/uploads\/2025\/07\/expo_masques_9-666x1024.jpg 666w, https:\/\/www.saint-paul-angouleme.fr\/application\/wp-content\/uploads\/2025\/07\/expo_masques_9-195x300.jpg 195w, https:\/\/www.saint-paul-angouleme.fr\/application\/wp-content\/uploads\/2025\/07\/expo_masques_9.jpg 764w\" sizes=\"(max-width: 666px) 100vw, 666px\" \/><\/figure>\n\n\n\n<figure class=\"wp-block-image size-large\"><img loading=\"lazy\" decoding=\"async\" width=\"699\" height=\"1024\" data-id=\"12954\" src=\"https:\/\/www.saint-paul-angouleme.fr\/application\/wp-content\/uploads\/2025\/07\/expo_masques_10-699x1024.jpg\" alt=\"\" class=\"wp-image-12954\" srcset=\"https:\/\/www.saint-paul-angouleme.fr\/application\/wp-content\/uploads\/2025\/07\/expo_masques_10-699x1024.jpg 699w, https:\/\/www.saint-paul-angouleme.fr\/application\/wp-content\/uploads\/2025\/07\/expo_masques_10-205x300.jpg 205w, https:\/\/www.saint-paul-angouleme.fr\/application\/wp-content\/uploads\/2025\/07\/expo_masques_10-768x1125.jpg 768w, https:\/\/www.saint-paul-angouleme.fr\/application\/wp-content\/uploads\/2025\/07\/expo_masques_10.jpg 774w\" sizes=\"(max-width: 699px) 100vw, 699px\" \/><\/figure>\n\n\n\n<figure class=\"wp-block-image size-large\"><img loading=\"lazy\" decoding=\"async\" width=\"728\" height=\"1024\" data-id=\"12958\" src=\"https:\/\/www.saint-paul-angouleme.fr\/application\/wp-content\/uploads\/2025\/07\/expo_masques_11-728x1024.jpg\" alt=\"\" class=\"wp-image-12958\" srcset=\"https:\/\/www.saint-paul-angouleme.fr\/application\/wp-content\/uploads\/2025\/07\/expo_masques_11-728x1024.jpg 728w, https:\/\/www.saint-paul-angouleme.fr\/application\/wp-content\/uploads\/2025\/07\/expo_masques_11-213x300.jpg 213w, https:\/\/www.saint-paul-angouleme.fr\/application\/wp-content\/uploads\/2025\/07\/expo_masques_11-768x1081.jpg 768w, https:\/\/www.saint-paul-angouleme.fr\/application\/wp-content\/uploads\/2025\/07\/expo_masques_11.jpg 838w\" sizes=\"(max-width: 728px) 100vw, 728px\" \/><\/figure>\n\n\n\n<figure class=\"wp-block-image size-large\"><img loading=\"lazy\" decoding=\"async\" width=\"686\" height=\"1024\" data-id=\"12953\" src=\"https:\/\/www.saint-paul-angouleme.fr\/application\/wp-content\/uploads\/2025\/07\/expo_masques_12-686x1024.jpg\" alt=\"\" class=\"wp-image-12953\" srcset=\"https:\/\/www.saint-paul-angouleme.fr\/application\/wp-content\/uploads\/2025\/07\/expo_masques_12-686x1024.jpg 686w, https:\/\/www.saint-paul-angouleme.fr\/application\/wp-content\/uploads\/2025\/07\/expo_masques_12-201x300.jpg 201w, https:\/\/www.saint-paul-angouleme.fr\/application\/wp-content\/uploads\/2025\/07\/expo_masques_12-768x1147.jpg 768w, https:\/\/www.saint-paul-angouleme.fr\/application\/wp-content\/uploads\/2025\/07\/expo_masques_12.jpg 813w\" sizes=\"(max-width: 686px) 100vw, 686px\" \/><\/figure>\n\n\n\n<figure class=\"wp-block-image size-large\"><img loading=\"lazy\" decoding=\"async\" width=\"723\" height=\"1024\" data-id=\"12956\" src=\"https:\/\/www.saint-paul-angouleme.fr\/application\/wp-content\/uploads\/2025\/07\/expo_masques_13-723x1024.jpg\" alt=\"\" class=\"wp-image-12956\" srcset=\"https:\/\/www.saint-paul-angouleme.fr\/application\/wp-content\/uploads\/2025\/07\/expo_masques_13-723x1024.jpg 723w, https:\/\/www.saint-paul-angouleme.fr\/application\/wp-content\/uploads\/2025\/07\/expo_masques_13-212x300.jpg 212w, https:\/\/www.saint-paul-angouleme.fr\/application\/wp-content\/uploads\/2025\/07\/expo_masques_13-768x1087.jpg 768w, https:\/\/www.saint-paul-angouleme.fr\/application\/wp-content\/uploads\/2025\/07\/expo_masques_13.jpg 823w\" sizes=\"(max-width: 723px) 100vw, 723px\" \/><\/figure>\n\n\n\n<figure class=\"wp-block-image size-large\"><img loading=\"lazy\" decoding=\"async\" width=\"741\" height=\"1024\" data-id=\"12957\" src=\"https:\/\/www.saint-paul-angouleme.fr\/application\/wp-content\/uploads\/2025\/07\/expo_masques_14-741x1024.jpg\" alt=\"\" class=\"wp-image-12957\" srcset=\"https:\/\/www.saint-paul-angouleme.fr\/application\/wp-content\/uploads\/2025\/07\/expo_masques_14-741x1024.jpg 741w, https:\/\/www.saint-paul-angouleme.fr\/application\/wp-content\/uploads\/2025\/07\/expo_masques_14-217x300.jpg 217w, https:\/\/www.saint-paul-angouleme.fr\/application\/wp-content\/uploads\/2025\/07\/expo_masques_14-768x1061.jpg 768w, https:\/\/www.saint-paul-angouleme.fr\/application\/wp-content\/uploads\/2025\/07\/expo_masques_14.jpg 796w\" sizes=\"(max-width: 741px) 100vw, 741px\" \/><\/figure>\n\n\n\n<figure class=\"wp-block-image size-large\"><img loading=\"lazy\" decoding=\"async\" width=\"727\" height=\"976\" data-id=\"12959\" src=\"https:\/\/www.saint-paul-angouleme.fr\/application\/wp-content\/uploads\/2025\/07\/expo_masques_15.jpg\" alt=\"masque qui sourit\" class=\"wp-image-12959\" srcset=\"https:\/\/www.saint-paul-angouleme.fr\/application\/wp-content\/uploads\/2025\/07\/expo_masques_15.jpg 727w, https:\/\/www.saint-paul-angouleme.fr\/application\/wp-content\/uploads\/2025\/07\/expo_masques_15-223x300.jpg 223w\" sizes=\"(max-width: 727px) 100vw, 727px\" \/><\/figure>\n\n\n\n<figure class=\"wp-block-image size-large\"><img loading=\"lazy\" decoding=\"async\" width=\"723\" height=\"1024\" data-id=\"12961\" src=\"https:\/\/www.saint-paul-angouleme.fr\/application\/wp-content\/uploads\/2025\/07\/expo_masques_16-723x1024.jpg\" alt=\"\" class=\"wp-image-12961\" srcset=\"https:\/\/www.saint-paul-angouleme.fr\/application\/wp-content\/uploads\/2025\/07\/expo_masques_16-723x1024.jpg 723w, https:\/\/www.saint-paul-angouleme.fr\/application\/wp-content\/uploads\/2025\/07\/expo_masques_16-212x300.jpg 212w, https:\/\/www.saint-paul-angouleme.fr\/application\/wp-content\/uploads\/2025\/07\/expo_masques_16-768x1088.jpg 768w, https:\/\/www.saint-paul-angouleme.fr\/application\/wp-content\/uploads\/2025\/07\/expo_masques_16.jpg 808w\" sizes=\"(max-width: 723px) 100vw, 723px\" \/><\/figure>\n\n\n\n<figure class=\"wp-block-image size-large\"><img loading=\"lazy\" decoding=\"async\" width=\"621\" height=\"874\" data-id=\"12960\" src=\"https:\/\/www.saint-paul-angouleme.fr\/application\/wp-content\/uploads\/2025\/07\/expo_masques_17.jpg\" alt=\"\" class=\"wp-image-12960\" srcset=\"https:\/\/www.saint-paul-angouleme.fr\/application\/wp-content\/uploads\/2025\/07\/expo_masques_17.jpg 621w, https:\/\/www.saint-paul-angouleme.fr\/application\/wp-content\/uploads\/2025\/07\/expo_masques_17-213x300.jpg 213w\" sizes=\"(max-width: 621px) 100vw, 621px\" \/><\/figure>\n\n\n\n<figure class=\"wp-block-image size-large\"><img loading=\"lazy\" decoding=\"async\" width=\"739\" height=\"1024\" data-id=\"12962\" src=\"https:\/\/www.saint-paul-angouleme.fr\/application\/wp-content\/uploads\/2025\/07\/expo_masques_18-739x1024.jpg\" alt=\"masque oiseau\" class=\"wp-image-12962\" srcset=\"https:\/\/www.saint-paul-angouleme.fr\/application\/wp-content\/uploads\/2025\/07\/expo_masques_18-739x1024.jpg 739w, https:\/\/www.saint-paul-angouleme.fr\/application\/wp-content\/uploads\/2025\/07\/expo_masques_18-217x300.jpg 217w, https:\/\/www.saint-paul-angouleme.fr\/application\/wp-content\/uploads\/2025\/07\/expo_masques_18-768x1064.jpg 768w, https:\/\/www.saint-paul-angouleme.fr\/application\/wp-content\/uploads\/2025\/07\/expo_masques_18.jpg 784w\" sizes=\"(max-width: 739px) 100vw, 739px\" \/><\/figure>\n\n\n\n<figure class=\"wp-block-image size-large\"><img loading=\"lazy\" decoding=\"async\" width=\"650\" height=\"1024\" data-id=\"12964\" src=\"https:\/\/www.saint-paul-angouleme.fr\/application\/wp-content\/uploads\/2025\/07\/expo_masques_19-650x1024.jpg\" alt=\"\" class=\"wp-image-12964\" srcset=\"https:\/\/www.saint-paul-angouleme.fr\/application\/wp-content\/uploads\/2025\/07\/expo_masques_19-650x1024.jpg 650w, https:\/\/www.saint-paul-angouleme.fr\/application\/wp-content\/uploads\/2025\/07\/expo_masques_19-190x300.jpg 190w, https:\/\/www.saint-paul-angouleme.fr\/application\/wp-content\/uploads\/2025\/07\/expo_masques_19.jpg 720w\" sizes=\"(max-width: 650px) 100vw, 650px\" \/><\/figure>\n\n\n\n<figure class=\"wp-block-image size-large\"><img loading=\"lazy\" decoding=\"async\" width=\"663\" height=\"1024\" data-id=\"12965\" src=\"https:\/\/www.saint-paul-angouleme.fr\/application\/wp-content\/uploads\/2025\/07\/expo_masques_1-663x1024.jpg\" alt=\"\" class=\"wp-image-12965\" srcset=\"https:\/\/www.saint-paul-angouleme.fr\/application\/wp-content\/uploads\/2025\/07\/expo_masques_1-663x1024.jpg 663w, https:\/\/www.saint-paul-angouleme.fr\/application\/wp-content\/uploads\/2025\/07\/expo_masques_1-194x300.jpg 194w, https:\/\/www.saint-paul-angouleme.fr\/application\/wp-content\/uploads\/2025\/07\/expo_masques_1-768x1187.jpg 768w, https:\/\/www.saint-paul-angouleme.fr\/application\/wp-content\/uploads\/2025\/07\/expo_masques_1.jpg 785w\" sizes=\"(max-width: 663px) 100vw, 663px\" \/><\/figure>\n\n\n\n<figure class=\"wp-block-image size-large\"><img loading=\"lazy\" decoding=\"async\" width=\"691\" height=\"1024\" data-id=\"12968\" src=\"https:\/\/www.saint-paul-angouleme.fr\/application\/wp-content\/uploads\/2025\/07\/expo_masques_2-691x1024.jpg\" alt=\"\" class=\"wp-image-12968\" srcset=\"https:\/\/www.saint-paul-angouleme.fr\/application\/wp-content\/uploads\/2025\/07\/expo_masques_2-691x1024.jpg 691w, https:\/\/www.saint-paul-angouleme.fr\/application\/wp-content\/uploads\/2025\/07\/expo_masques_2-203x300.jpg 203w, https:\/\/www.saint-paul-angouleme.fr\/application\/wp-content\/uploads\/2025\/07\/expo_masques_2.jpg 738w\" sizes=\"(max-width: 691px) 100vw, 691px\" \/><\/figure>\n\n\n\n<figure class=\"wp-block-image size-large\"><img loading=\"lazy\" decoding=\"async\" width=\"908\" height=\"819\" data-id=\"12966\" src=\"https:\/\/www.saint-paul-angouleme.fr\/application\/wp-content\/uploads\/2025\/07\/expo_masques_3.jpg\" alt=\"\" class=\"wp-image-12966\" srcset=\"https:\/\/www.saint-paul-angouleme.fr\/application\/wp-content\/uploads\/2025\/07\/expo_masques_3.jpg 908w, https:\/\/www.saint-paul-angouleme.fr\/application\/wp-content\/uploads\/2025\/07\/expo_masques_3-300x271.jpg 300w, https:\/\/www.saint-paul-angouleme.fr\/application\/wp-content\/uploads\/2025\/07\/expo_masques_3-768x693.jpg 768w\" sizes=\"(max-width: 908px) 100vw, 908px\" \/><\/figure>\n\n\n\n<figure class=\"wp-block-image size-large\"><img loading=\"lazy\" decoding=\"async\" width=\"702\" height=\"1024\" data-id=\"12963\" src=\"https:\/\/www.saint-paul-angouleme.fr\/application\/wp-content\/uploads\/2025\/07\/expo_masques_4-702x1024.jpg\" alt=\"\" class=\"wp-image-12963\" srcset=\"https:\/\/www.saint-paul-angouleme.fr\/application\/wp-content\/uploads\/2025\/07\/expo_masques_4-702x1024.jpg 702w, https:\/\/www.saint-paul-angouleme.fr\/application\/wp-content\/uploads\/2025\/07\/expo_masques_4-206x300.jpg 206w, https:\/\/www.saint-paul-angouleme.fr\/application\/wp-content\/uploads\/2025\/07\/expo_masques_4.jpg 713w\" sizes=\"(max-width: 702px) 100vw, 702px\" \/><\/figure>\n\n\n\n<figure class=\"wp-block-image size-large\"><img loading=\"lazy\" decoding=\"async\" width=\"724\" height=\"1024\" data-id=\"12969\" src=\"https:\/\/www.saint-paul-angouleme.fr\/application\/wp-content\/uploads\/2025\/07\/expo_masques_5-724x1024.jpg\" alt=\"masque comme un z\u00e8bre\" class=\"wp-image-12969\" srcset=\"https:\/\/www.saint-paul-angouleme.fr\/application\/wp-content\/uploads\/2025\/07\/expo_masques_5-724x1024.jpg 724w, https:\/\/www.saint-paul-angouleme.fr\/application\/wp-content\/uploads\/2025\/07\/expo_masques_5-212x300.jpg 212w, https:\/\/www.saint-paul-angouleme.fr\/application\/wp-content\/uploads\/2025\/07\/expo_masques_5.jpg 746w\" sizes=\"(max-width: 724px) 100vw, 724px\" \/><\/figure>\n\n\n\n<figure class=\"wp-block-image size-large\"><img loading=\"lazy\" decoding=\"async\" width=\"732\" height=\"1024\" data-id=\"12967\" src=\"https:\/\/www.saint-paul-angouleme.fr\/application\/wp-content\/uploads\/2025\/07\/expo_masques_6-732x1024.jpg\" alt=\"\" class=\"wp-image-12967\" srcset=\"https:\/\/www.saint-paul-angouleme.fr\/application\/wp-content\/uploads\/2025\/07\/expo_masques_6-732x1024.jpg 732w, https:\/\/www.saint-paul-angouleme.fr\/application\/wp-content\/uploads\/2025\/07\/expo_masques_6-214x300.jpg 214w, https:\/\/www.saint-paul-angouleme.fr\/application\/wp-content\/uploads\/2025\/07\/expo_masques_6-768x1074.jpg 768w, https:\/\/www.saint-paul-angouleme.fr\/application\/wp-content\/uploads\/2025\/07\/expo_masques_6.jpg 842w\" sizes=\"(max-width: 732px) 100vw, 732px\" \/><\/figure>\n<\/figure>\n\n\n\n<p><\/p>\n\n\n\n<p class=\"has-text-align-center\">ATTENTION : certaines vid\u00e9os peuvent effrayer \/ impressionner un jeune public<\/p>\n\n\n\n<figure class=\"wp-block-video\"><video controls src=\"https:\/\/www.saint-paul-angouleme.fr\/application\/wp-content\/uploads\/2025\/07\/01.mp4\"><\/video><\/figure>\n\n\n\n<p><\/p>\n\n\n\n<figure class=\"wp-block-video\"><video controls src=\"https:\/\/www.saint-paul-angouleme.fr\/application\/wp-content\/uploads\/2025\/07\/02.mp4\"><\/video><\/figure>\n\n\n\n<p><\/p>\n\n\n\n<figure class=\"wp-block-video\"><video controls src=\"https:\/\/www.saint-paul-angouleme.fr\/application\/wp-content\/uploads\/2025\/07\/03.mp4\"><\/video><\/figure>\n\n\n\n<p><\/p>\n\n\n\n<figure class=\"wp-block-video\"><video controls src=\"https:\/\/www.saint-paul-angouleme.fr\/application\/wp-content\/uploads\/2025\/07\/04.mp4\"><\/video><\/figure>\n\n\n\n<p><\/p>\n\n\n\n<figure class=\"wp-block-video\"><video controls src=\"https:\/\/www.saint-paul-angouleme.fr\/application\/wp-content\/uploads\/2025\/07\/05.mp4\"><\/video><\/figure>\n\n\n\n<p><\/p>\n\n\n\n<figure class=\"wp-block-video\"><video controls src=\"https:\/\/www.saint-paul-angouleme.fr\/application\/wp-content\/uploads\/2025\/07\/06.mp4\"><\/video><\/figure>\n\n\n\n<p><\/p>\n\n\n\n<figure class=\"wp-block-video\"><video controls src=\"https:\/\/www.saint-paul-angouleme.fr\/application\/wp-content\/uploads\/2025\/07\/07.mp4\"><\/video><\/figure>\n\n\n\n<p><\/p>\n\n\n\n<figure class=\"wp-block-video\"><video controls src=\"https:\/\/www.saint-paul-angouleme.fr\/application\/wp-content\/uploads\/2025\/07\/08.mov\"><\/video><\/figure>\n\n\n\n<p><\/p>\n\n\n\n<figure class=\"wp-block-video\"><video controls src=\"https:\/\/www.saint-paul-angouleme.fr\/application\/wp-content\/uploads\/2025\/07\/09.mp4\"><\/video><\/figure>\n\n\n\n<p><\/p>\n\n\n\n<figure class=\"wp-block-video\"><video controls src=\"https:\/\/www.saint-paul-angouleme.fr\/application\/wp-content\/uploads\/2025\/07\/10.mov\"><\/video><\/figure>\n\n\n\n<p><\/p>\n\n\n\n<figure class=\"wp-block-video\"><video controls src=\"https:\/\/www.saint-paul-angouleme.fr\/application\/wp-content\/uploads\/2025\/07\/11.mp4\"><\/video><\/figure>\n\n\n\n<p><\/p>\n\n\n\n<figure class=\"wp-block-video\"><video controls src=\"https:\/\/www.saint-paul-angouleme.fr\/application\/wp-content\/uploads\/2025\/07\/12.mp4\"><\/video><\/figure>\n\n\n\n<p><\/p>\n\n\n\n<figure class=\"wp-block-video\"><video controls src=\"https:\/\/www.saint-paul-angouleme.fr\/application\/wp-content\/uploads\/2025\/07\/13.mov\"><\/video><\/figure>\n\n\n\n<p><\/p>\n\n\n\n<figure class=\"wp-block-video\"><video controls src=\"https:\/\/www.saint-paul-angouleme.fr\/application\/wp-content\/uploads\/2025\/07\/14.mp4\"><\/video><\/figure>\n\n\n\n<p><\/p>\n\n\n\n<figure class=\"wp-block-video\"><video controls src=\"https:\/\/www.saint-paul-angouleme.fr\/application\/wp-content\/uploads\/2025\/07\/15.mp4\"><\/video><\/figure>\n\n\n\n<p><\/p>\n","protected":false},"excerpt":{"rendered":"<p>D\u00e9but avril une exposition s&#8217;est tenue au Centre de Documentation et de Recherche du Lyc\u00e9e. Il s&#8217;agit des photos des masques r\u00e9alis\u00e9s par les \u00e9l\u00e8ves de premi\u00e8re en enseignement de sp\u00e9cialit\u00e9 Arts plastiques avec Madame Elisabeth DUGNE. Cr\u00e9ation de masques en partenariat Ce travail de cr\u00e9ation de masques est la restitution d&#8217;un atelier r\u00e9alis\u00e9 en &#8230; <a title=\"Sp\u00e9 Arts Plastiques : masques en photos et vid\u00e9os\" class=\"read-more\" href=\"https:\/\/www.saint-paul-angouleme.fr\/application\/spe-arts-plastiques-masques-en-photos-et-videos\/\" aria-label=\"Read more about Sp\u00e9 Arts Plastiques : masques en photos et vid\u00e9os\">Lire la suite<\/a><\/p>\n","protected":false},"author":3,"featured_media":12955,"comment_status":"open","ping_status":"open","sticky":false,"template":"","format":"standard","meta":{"_exactmetrics_skip_tracking":false,"_exactmetrics_sitenote_active":false,"_exactmetrics_sitenote_note":"","_exactmetrics_sitenote_category":0,"footnotes":""},"categories":[13],"tags":[],"class_list":["post-12944","post","type-post","status-publish","format-standard","has-post-thumbnail","hentry","category-pedagogie"],"yoast_head":"<!-- This site is optimized with the Yoast SEO plugin v23.3 - https:\/\/yoast.com\/wordpress\/plugins\/seo\/ -->\n<title>MASQUES en PHOTOS et VIDEOS<\/title>\n<meta name=\"description\" content=\"Dans le cadre de la sp\u00e9cialit\u00e9 &quot;ARTS PLASTIQUES&quot; en Premi\u00e8re, nos \u00e9l\u00e8ves ont cr\u00e9\u00e9 des masques. Ils les ont ensuite mis en sc\u00e8ne en vid\u00e9o.\" \/>\n<meta name=\"robots\" content=\"index, follow, max-snippet:-1, max-image-preview:large, max-video-preview:-1\" \/>\n<link rel=\"canonical\" href=\"https:\/\/www.saint-paul-angouleme.fr\/application\/spe-arts-plastiques-masques-en-photos-et-videos\/\" \/>\n<meta property=\"og:locale\" content=\"fr_FR\" \/>\n<meta property=\"og:type\" content=\"article\" \/>\n<meta property=\"og:title\" content=\"MASQUES en PHOTOS et VIDEOS\" \/>\n<meta property=\"og:description\" content=\"Dans le cadre de la sp\u00e9cialit\u00e9 &quot;ARTS PLASTIQUES&quot; en Premi\u00e8re, nos \u00e9l\u00e8ves ont cr\u00e9\u00e9 des masques. Ils les ont ensuite mis en sc\u00e8ne en vid\u00e9o.\" \/>\n<meta property=\"og:url\" content=\"https:\/\/www.saint-paul-angouleme.fr\/application\/spe-arts-plastiques-masques-en-photos-et-videos\/\" \/>\n<meta property=\"og:site_name\" content=\"Actualit\u00e9s\" \/>\n<meta property=\"article:publisher\" content=\"https:\/\/www.facebook.com\/SaintPaulAngouleme16\/\" \/>\n<meta property=\"article:published_time\" content=\"2025-04-23T09:12:00+00:00\" \/>\n<meta property=\"article:modified_time\" content=\"2025-07-09T09:21:53+00:00\" \/>\n<meta property=\"og:image\" content=\"https:\/\/www.saint-paul-angouleme.fr\/application\/wp-content\/uploads\/2025\/07\/expo_masques_7.jpg\" \/>\n\t<meta property=\"og:image:width\" content=\"767\" \/>\n\t<meta property=\"og:image:height\" content=\"1140\" \/>\n\t<meta property=\"og:image:type\" content=\"image\/jpeg\" \/>\n<meta name=\"author\" content=\"SAINT-PAUL\" \/>\n<meta name=\"twitter:card\" content=\"summary_large_image\" \/>\n<meta name=\"twitter:creator\" content=\"@StPaulAngoulem\" \/>\n<meta name=\"twitter:site\" content=\"@StPaulAngoulem\" \/>\n<meta name=\"twitter:label1\" content=\"\u00c9crit par\" \/>\n\t<meta name=\"twitter:data1\" content=\"SAINT-PAUL\" \/>\n\t<meta name=\"twitter:label2\" content=\"Dur\u00e9e de lecture estim\u00e9e\" \/>\n\t<meta name=\"twitter:data2\" content=\"5 minutes\" \/>\n<script type=\"application\/ld+json\" class=\"yoast-schema-graph\">{\"@context\":\"https:\/\/schema.org\",\"@graph\":[{\"@type\":\"Article\",\"@id\":\"https:\/\/www.saint-paul-angouleme.fr\/application\/spe-arts-plastiques-masques-en-photos-et-videos\/#article\",\"isPartOf\":{\"@id\":\"https:\/\/www.saint-paul-angouleme.fr\/application\/spe-arts-plastiques-masques-en-photos-et-videos\/\"},\"author\":{\"name\":\"SAINT-PAUL\",\"@id\":\"https:\/\/www.saint-paul-angouleme.fr\/application\/#\/schema\/person\/ea152930b1a3823659065827b1a5fb9b\"},\"headline\":\"Sp\u00e9 Arts Plastiques : masques en photos et vid\u00e9os\",\"datePublished\":\"2025-04-23T09:12:00+00:00\",\"dateModified\":\"2025-07-09T09:21:53+00:00\",\"mainEntityOfPage\":{\"@id\":\"https:\/\/www.saint-paul-angouleme.fr\/application\/spe-arts-plastiques-masques-en-photos-et-videos\/\"},\"wordCount\":145,\"commentCount\":0,\"publisher\":{\"@id\":\"https:\/\/www.saint-paul-angouleme.fr\/application\/#organization\"},\"image\":{\"@id\":\"https:\/\/www.saint-paul-angouleme.fr\/application\/spe-arts-plastiques-masques-en-photos-et-videos\/#primaryimage\"},\"thumbnailUrl\":\"https:\/\/www.saint-paul-angouleme.fr\/application\/wp-content\/uploads\/2025\/07\/expo_masques_7.jpg\",\"articleSection\":[\"P\u00e9dagogie\"],\"inLanguage\":\"fr-FR\",\"potentialAction\":[{\"@type\":\"CommentAction\",\"name\":\"Comment\",\"target\":[\"https:\/\/www.saint-paul-angouleme.fr\/application\/spe-arts-plastiques-masques-en-photos-et-videos\/#respond\"]}]},{\"@type\":\"WebPage\",\"@id\":\"https:\/\/www.saint-paul-angouleme.fr\/application\/spe-arts-plastiques-masques-en-photos-et-videos\/\",\"url\":\"https:\/\/www.saint-paul-angouleme.fr\/application\/spe-arts-plastiques-masques-en-photos-et-videos\/\",\"name\":\"MASQUES en PHOTOS et VIDEOS\",\"isPartOf\":{\"@id\":\"https:\/\/www.saint-paul-angouleme.fr\/application\/#website\"},\"primaryImageOfPage\":{\"@id\":\"https:\/\/www.saint-paul-angouleme.fr\/application\/spe-arts-plastiques-masques-en-photos-et-videos\/#primaryimage\"},\"image\":{\"@id\":\"https:\/\/www.saint-paul-angouleme.fr\/application\/spe-arts-plastiques-masques-en-photos-et-videos\/#primaryimage\"},\"thumbnailUrl\":\"https:\/\/www.saint-paul-angouleme.fr\/application\/wp-content\/uploads\/2025\/07\/expo_masques_7.jpg\",\"datePublished\":\"2025-04-23T09:12:00+00:00\",\"dateModified\":\"2025-07-09T09:21:53+00:00\",\"description\":\"Dans le cadre de la sp\u00e9cialit\u00e9 \\\"ARTS PLASTIQUES\\\" en Premi\u00e8re, nos \u00e9l\u00e8ves ont cr\u00e9\u00e9 des masques. Ils les ont ensuite mis en sc\u00e8ne en vid\u00e9o.\",\"breadcrumb\":{\"@id\":\"https:\/\/www.saint-paul-angouleme.fr\/application\/spe-arts-plastiques-masques-en-photos-et-videos\/#breadcrumb\"},\"inLanguage\":\"fr-FR\",\"potentialAction\":[{\"@type\":\"ReadAction\",\"target\":[\"https:\/\/www.saint-paul-angouleme.fr\/application\/spe-arts-plastiques-masques-en-photos-et-videos\/\"]}]},{\"@type\":\"ImageObject\",\"inLanguage\":\"fr-FR\",\"@id\":\"https:\/\/www.saint-paul-angouleme.fr\/application\/spe-arts-plastiques-masques-en-photos-et-videos\/#primaryimage\",\"url\":\"https:\/\/www.saint-paul-angouleme.fr\/application\/wp-content\/uploads\/2025\/07\/expo_masques_7.jpg\",\"contentUrl\":\"https:\/\/www.saint-paul-angouleme.fr\/application\/wp-content\/uploads\/2025\/07\/expo_masques_7.jpg\",\"width\":767,\"height\":1140},{\"@type\":\"BreadcrumbList\",\"@id\":\"https:\/\/www.saint-paul-angouleme.fr\/application\/spe-arts-plastiques-masques-en-photos-et-videos\/#breadcrumb\",\"itemListElement\":[{\"@type\":\"ListItem\",\"position\":1,\"name\":\"Accueil\",\"item\":\"http:\/\/www.saint-paul-angouleme.fr\/application\/\"},{\"@type\":\"ListItem\",\"position\":2,\"name\":\"Sp\u00e9 Arts Plastiques : masques en photos et vid\u00e9os\"}]},{\"@type\":\"WebSite\",\"@id\":\"https:\/\/www.saint-paul-angouleme.fr\/application\/#website\",\"url\":\"https:\/\/www.saint-paul-angouleme.fr\/application\/\",\"name\":\"Actualit\u00e9s\",\"description\":\"Actualit\u00e9s Saint Paul\",\"publisher\":{\"@id\":\"https:\/\/www.saint-paul-angouleme.fr\/application\/#organization\"},\"potentialAction\":[{\"@type\":\"SearchAction\",\"target\":{\"@type\":\"EntryPoint\",\"urlTemplate\":\"https:\/\/www.saint-paul-angouleme.fr\/application\/?s={search_term_string}\"},\"query-input\":\"required name=search_term_string\"}],\"inLanguage\":\"fr-FR\"},{\"@type\":\"Organization\",\"@id\":\"https:\/\/www.saint-paul-angouleme.fr\/application\/#organization\",\"name\":\"Ensemble scolaire Saint-Paul\",\"url\":\"https:\/\/www.saint-paul-angouleme.fr\/application\/\",\"logo\":{\"@type\":\"ImageObject\",\"inLanguage\":\"fr-FR\",\"@id\":\"https:\/\/www.saint-paul-angouleme.fr\/application\/#\/schema\/logo\/image\/\",\"url\":\"https:\/\/www.saint-paul-angouleme.fr\/application\/wp-content\/uploads\/2018\/08\/logo-saint-paul-couleurs.jpg\",\"contentUrl\":\"https:\/\/www.saint-paul-angouleme.fr\/application\/wp-content\/uploads\/2018\/08\/logo-saint-paul-couleurs.jpg\",\"width\":1890,\"height\":709,\"caption\":\"Ensemble scolaire Saint-Paul\"},\"image\":{\"@id\":\"https:\/\/www.saint-paul-angouleme.fr\/application\/#\/schema\/logo\/image\/\"},\"sameAs\":[\"https:\/\/www.facebook.com\/SaintPaulAngouleme16\/\",\"https:\/\/x.com\/StPaulAngoulem\",\"https:\/\/www.youtube.com\/channel\/UCRLpz1CmPVqc0gn--YyXvjA?view_as=subscriber\"]},{\"@type\":\"Person\",\"@id\":\"https:\/\/www.saint-paul-angouleme.fr\/application\/#\/schema\/person\/ea152930b1a3823659065827b1a5fb9b\",\"name\":\"SAINT-PAUL\",\"image\":{\"@type\":\"ImageObject\",\"inLanguage\":\"fr-FR\",\"@id\":\"https:\/\/www.saint-paul-angouleme.fr\/application\/#\/schema\/person\/image\/\",\"url\":\"https:\/\/secure.gravatar.com\/avatar\/eadb0ffebc02683a61d69038eb2924f0?s=96&r=g\",\"contentUrl\":\"https:\/\/secure.gravatar.com\/avatar\/eadb0ffebc02683a61d69038eb2924f0?s=96&r=g\",\"caption\":\"SAINT-PAUL\"},\"url\":\"https:\/\/www.saint-paul-angouleme.fr\/application\/author\/myriam\/\"}]}<\/script>\n<!-- \/ Yoast SEO plugin. -->","yoast_head_json":{"title":"MASQUES en PHOTOS et VIDEOS","description":"Dans le cadre de la sp\u00e9cialit\u00e9 \"ARTS PLASTIQUES\" en Premi\u00e8re, nos \u00e9l\u00e8ves ont cr\u00e9\u00e9 des masques. Ils les ont ensuite mis en sc\u00e8ne en vid\u00e9o.","robots":{"index":"index","follow":"follow","max-snippet":"max-snippet:-1","max-image-preview":"max-image-preview:large","max-video-preview":"max-video-preview:-1"},"canonical":"https:\/\/www.saint-paul-angouleme.fr\/application\/spe-arts-plastiques-masques-en-photos-et-videos\/","og_locale":"fr_FR","og_type":"article","og_title":"MASQUES en PHOTOS et VIDEOS","og_description":"Dans le cadre de la sp\u00e9cialit\u00e9 \"ARTS PLASTIQUES\" en Premi\u00e8re, nos \u00e9l\u00e8ves ont cr\u00e9\u00e9 des masques. Ils les ont ensuite mis en sc\u00e8ne en vid\u00e9o.","og_url":"https:\/\/www.saint-paul-angouleme.fr\/application\/spe-arts-plastiques-masques-en-photos-et-videos\/","og_site_name":"Actualit\u00e9s","article_publisher":"https:\/\/www.facebook.com\/SaintPaulAngouleme16\/","article_published_time":"2025-04-23T09:12:00+00:00","article_modified_time":"2025-07-09T09:21:53+00:00","og_image":[{"width":767,"height":1140,"url":"https:\/\/www.saint-paul-angouleme.fr\/application\/wp-content\/uploads\/2025\/07\/expo_masques_7.jpg","type":"image\/jpeg"}],"author":"SAINT-PAUL","twitter_card":"summary_large_image","twitter_creator":"@StPaulAngoulem","twitter_site":"@StPaulAngoulem","twitter_misc":{"\u00c9crit par":"SAINT-PAUL","Dur\u00e9e de lecture estim\u00e9e":"5 minutes"},"schema":{"@context":"https:\/\/schema.org","@graph":[{"@type":"Article","@id":"https:\/\/www.saint-paul-angouleme.fr\/application\/spe-arts-plastiques-masques-en-photos-et-videos\/#article","isPartOf":{"@id":"https:\/\/www.saint-paul-angouleme.fr\/application\/spe-arts-plastiques-masques-en-photos-et-videos\/"},"author":{"name":"SAINT-PAUL","@id":"https:\/\/www.saint-paul-angouleme.fr\/application\/#\/schema\/person\/ea152930b1a3823659065827b1a5fb9b"},"headline":"Sp\u00e9 Arts Plastiques : masques en photos et vid\u00e9os","datePublished":"2025-04-23T09:12:00+00:00","dateModified":"2025-07-09T09:21:53+00:00","mainEntityOfPage":{"@id":"https:\/\/www.saint-paul-angouleme.fr\/application\/spe-arts-plastiques-masques-en-photos-et-videos\/"},"wordCount":145,"commentCount":0,"publisher":{"@id":"https:\/\/www.saint-paul-angouleme.fr\/application\/#organization"},"image":{"@id":"https:\/\/www.saint-paul-angouleme.fr\/application\/spe-arts-plastiques-masques-en-photos-et-videos\/#primaryimage"},"thumbnailUrl":"https:\/\/www.saint-paul-angouleme.fr\/application\/wp-content\/uploads\/2025\/07\/expo_masques_7.jpg","articleSection":["P\u00e9dagogie"],"inLanguage":"fr-FR","potentialAction":[{"@type":"CommentAction","name":"Comment","target":["https:\/\/www.saint-paul-angouleme.fr\/application\/spe-arts-plastiques-masques-en-photos-et-videos\/#respond"]}]},{"@type":"WebPage","@id":"https:\/\/www.saint-paul-angouleme.fr\/application\/spe-arts-plastiques-masques-en-photos-et-videos\/","url":"https:\/\/www.saint-paul-angouleme.fr\/application\/spe-arts-plastiques-masques-en-photos-et-videos\/","name":"MASQUES en PHOTOS et VIDEOS","isPartOf":{"@id":"https:\/\/www.saint-paul-angouleme.fr\/application\/#website"},"primaryImageOfPage":{"@id":"https:\/\/www.saint-paul-angouleme.fr\/application\/spe-arts-plastiques-masques-en-photos-et-videos\/#primaryimage"},"image":{"@id":"https:\/\/www.saint-paul-angouleme.fr\/application\/spe-arts-plastiques-masques-en-photos-et-videos\/#primaryimage"},"thumbnailUrl":"https:\/\/www.saint-paul-angouleme.fr\/application\/wp-content\/uploads\/2025\/07\/expo_masques_7.jpg","datePublished":"2025-04-23T09:12:00+00:00","dateModified":"2025-07-09T09:21:53+00:00","description":"Dans le cadre de la sp\u00e9cialit\u00e9 \"ARTS PLASTIQUES\" en Premi\u00e8re, nos \u00e9l\u00e8ves ont cr\u00e9\u00e9 des masques. Ils les ont ensuite mis en sc\u00e8ne en vid\u00e9o.","breadcrumb":{"@id":"https:\/\/www.saint-paul-angouleme.fr\/application\/spe-arts-plastiques-masques-en-photos-et-videos\/#breadcrumb"},"inLanguage":"fr-FR","potentialAction":[{"@type":"ReadAction","target":["https:\/\/www.saint-paul-angouleme.fr\/application\/spe-arts-plastiques-masques-en-photos-et-videos\/"]}]},{"@type":"ImageObject","inLanguage":"fr-FR","@id":"https:\/\/www.saint-paul-angouleme.fr\/application\/spe-arts-plastiques-masques-en-photos-et-videos\/#primaryimage","url":"https:\/\/www.saint-paul-angouleme.fr\/application\/wp-content\/uploads\/2025\/07\/expo_masques_7.jpg","contentUrl":"https:\/\/www.saint-paul-angouleme.fr\/application\/wp-content\/uploads\/2025\/07\/expo_masques_7.jpg","width":767,"height":1140},{"@type":"BreadcrumbList","@id":"https:\/\/www.saint-paul-angouleme.fr\/application\/spe-arts-plastiques-masques-en-photos-et-videos\/#breadcrumb","itemListElement":[{"@type":"ListItem","position":1,"name":"Accueil","item":"http:\/\/www.saint-paul-angouleme.fr\/application\/"},{"@type":"ListItem","position":2,"name":"Sp\u00e9 Arts Plastiques : masques en photos et vid\u00e9os"}]},{"@type":"WebSite","@id":"https:\/\/www.saint-paul-angouleme.fr\/application\/#website","url":"https:\/\/www.saint-paul-angouleme.fr\/application\/","name":"Actualit\u00e9s","description":"Actualit\u00e9s Saint Paul","publisher":{"@id":"https:\/\/www.saint-paul-angouleme.fr\/application\/#organization"},"potentialAction":[{"@type":"SearchAction","target":{"@type":"EntryPoint","urlTemplate":"https:\/\/www.saint-paul-angouleme.fr\/application\/?s={search_term_string}"},"query-input":"required name=search_term_string"}],"inLanguage":"fr-FR"},{"@type":"Organization","@id":"https:\/\/www.saint-paul-angouleme.fr\/application\/#organization","name":"Ensemble scolaire Saint-Paul","url":"https:\/\/www.saint-paul-angouleme.fr\/application\/","logo":{"@type":"ImageObject","inLanguage":"fr-FR","@id":"https:\/\/www.saint-paul-angouleme.fr\/application\/#\/schema\/logo\/image\/","url":"https:\/\/www.saint-paul-angouleme.fr\/application\/wp-content\/uploads\/2018\/08\/logo-saint-paul-couleurs.jpg","contentUrl":"https:\/\/www.saint-paul-angouleme.fr\/application\/wp-content\/uploads\/2018\/08\/logo-saint-paul-couleurs.jpg","width":1890,"height":709,"caption":"Ensemble scolaire Saint-Paul"},"image":{"@id":"https:\/\/www.saint-paul-angouleme.fr\/application\/#\/schema\/logo\/image\/"},"sameAs":["https:\/\/www.facebook.com\/SaintPaulAngouleme16\/","https:\/\/x.com\/StPaulAngoulem","https:\/\/www.youtube.com\/channel\/UCRLpz1CmPVqc0gn--YyXvjA?view_as=subscriber"]},{"@type":"Person","@id":"https:\/\/www.saint-paul-angouleme.fr\/application\/#\/schema\/person\/ea152930b1a3823659065827b1a5fb9b","name":"SAINT-PAUL","image":{"@type":"ImageObject","inLanguage":"fr-FR","@id":"https:\/\/www.saint-paul-angouleme.fr\/application\/#\/schema\/person\/image\/","url":"https:\/\/secure.gravatar.com\/avatar\/eadb0ffebc02683a61d69038eb2924f0?s=96&r=g","contentUrl":"https:\/\/secure.gravatar.com\/avatar\/eadb0ffebc02683a61d69038eb2924f0?s=96&r=g","caption":"SAINT-PAUL"},"url":"https:\/\/www.saint-paul-angouleme.fr\/application\/author\/myriam\/"}]}},"_links":{"self":[{"href":"https:\/\/www.saint-paul-angouleme.fr\/application\/wp-json\/wp\/v2\/posts\/12944"}],"collection":[{"href":"https:\/\/www.saint-paul-angouleme.fr\/application\/wp-json\/wp\/v2\/posts"}],"about":[{"href":"https:\/\/www.saint-paul-angouleme.fr\/application\/wp-json\/wp\/v2\/types\/post"}],"author":[{"embeddable":true,"href":"https:\/\/www.saint-paul-angouleme.fr\/application\/wp-json\/wp\/v2\/users\/3"}],"replies":[{"embeddable":true,"href":"https:\/\/www.saint-paul-angouleme.fr\/application\/wp-json\/wp\/v2\/comments?post=12944"}],"version-history":[{"count":10,"href":"https:\/\/www.saint-paul-angouleme.fr\/application\/wp-json\/wp\/v2\/posts\/12944\/revisions"}],"predecessor-version":[{"id":12992,"href":"https:\/\/www.saint-paul-angouleme.fr\/application\/wp-json\/wp\/v2\/posts\/12944\/revisions\/12992"}],"wp:featuredmedia":[{"embeddable":true,"href":"https:\/\/www.saint-paul-angouleme.fr\/application\/wp-json\/wp\/v2\/media\/12955"}],"wp:attachment":[{"href":"https:\/\/www.saint-paul-angouleme.fr\/application\/wp-json\/wp\/v2\/media?parent=12944"}],"wp:term":[{"taxonomy":"category","embeddable":true,"href":"https:\/\/www.saint-paul-angouleme.fr\/application\/wp-json\/wp\/v2\/categories?post=12944"},{"taxonomy":"post_tag","embeddable":true,"href":"https:\/\/www.saint-paul-angouleme.fr\/application\/wp-json\/wp\/v2\/tags?post=12944"}],"curies":[{"name":"wp","href":"https:\/\/api.w.org\/{rel}","templated":true}]}}