{"id":1268,"date":"2017-07-07T17:55:53","date_gmt":"2017-07-07T15:55:53","guid":{"rendered":"http:\/\/www.saint-paul-angouleme.fr\/application\/?p=1268"},"modified":"2017-07-07T19:18:59","modified_gmt":"2017-07-07T17:18:59","slug":"latelier-decriture-aux-deambulations-mystiques","status":"publish","type":"post","link":"https:\/\/www.saint-paul-angouleme.fr\/application\/latelier-decriture-aux-deambulations-mystiques\/","title":{"rendered":"L\u2019Atelier d\u2019\u00e9criture aux \u00ab d\u00e9ambulations mystiques \u00bb"},"content":{"rendered":"<p style=\"text-align: justify;\"><a href=\"http:\/\/www.saint-paul-angouleme.fr\/application\/wp-content\/uploads\/2017\/07\/D\u00e9ambulations-Mystiques-Pierre-jeunes.jpg\"><img loading=\"lazy\" decoding=\"async\" class=\"aligncenter size-full wp-image-1269\" src=\"http:\/\/www.saint-paul-angouleme.fr\/application\/wp-content\/uploads\/2017\/07\/D\u00e9ambulations-Mystiques-Pierre-jeunes.jpg\" alt=\"\" width=\"599\" height=\"401\" data-id=\"1269\" srcset=\"https:\/\/www.saint-paul-angouleme.fr\/application\/wp-content\/uploads\/2017\/07\/D\u00e9ambulations-Mystiques-Pierre-jeunes.jpg 599w, https:\/\/www.saint-paul-angouleme.fr\/application\/wp-content\/uploads\/2017\/07\/D\u00e9ambulations-Mystiques-Pierre-jeunes-300x201.jpg 300w\" sizes=\"(max-width: 599px) 100vw, 599px\" \/><\/a><\/p>\n<p style=\"text-align: justify;\"><span style=\"font-size: 16px; font-family: arial, helvetica, sans-serif; color: #333333;\">En 2016 l\u2019association \u00ab\u00a0D\u00e9ambulations mystiques\u00a0\u00bb pr\u00e9sid\u00e9e par l\u2019\u00e9crivain Sylvie GERMAIN a organis\u00e9 une manifestation sur le th\u00e8me \u00ab\u00a0Mystique et libert\u00e9\u00a0\u00bb. A cette occasion notre \u00e9tablissement a \u00e9t\u00e9 sollicit\u00e9 pour y prendre part.<\/span><\/p>\n<p style=\"text-align: justify;\"><span style=\"font-size: 16px; font-family: arial, helvetica, sans-serif; color: #333333;\">C\u2019est donc Monsieur Pierre TRUCHOT, professeur de philosophie, qui a accept\u00e9 de proposer \u00e0 ses \u00e9l\u00e8ves de relever le d\u00e9fi et de participer \u00e0 une rencontre avec les \u00e9crivains Sylvie GERMAIN et Charles JULIET.<\/span><\/p>\n<p style=\"text-align: justify;\"><span style=\"font-size: 16px; font-family: arial, helvetica, sans-serif; color: #333333;\">L\u2019Accompagnement Personnalis\u00e9 \u00ab\u00a0Atelier d\u2019\u00e9criture\u00a0\u00bb a permis \u00e0 des \u00e9l\u00e8ves en classe de Terminale de pr\u00e9parer cette rencontre. Tout commence par une sensibilisation \u00e0 la notion de \u00ab\u00a0MYSTIQUE\u00a0\u00bb et son vocabulaire propre. Puis un travail sur des textes du dernier ouvrage d\u2019Henri BERGSON <em>Les deux sources de la morale et de la religion<\/em> (paru en 1932) permet d\u2019approfondir la r\u00e9flexion. Une phrase-clef peut r\u00e9sumer le propos\u00a0: \u00ab\u00a0mais peut-\u00eatre que si nous nous int\u00e9ressons \u00e0 la mystique c\u2019est parce qu\u2019il y a en nous un mystique qui sommeille et nous l\u2019ignorons\u00a0\u00bb.<\/span><\/p>\n<p style=\"text-align: justify;\"><span style=\"font-size: 16px; font-family: arial, helvetica, sans-serif; color: #333333;\">A la suite de ce travail Quentin, Simon, Charlotte, Antoine, Jean et Thibaut ont entrepris d\u2019\u00e9crire librement un texte \u00e0 partir d\u2019un des tableaux de C\u00e9zanne repr\u00e9sentant la montagne Sainte Victoire. La consigne \u00e9tait la suivante\u00a0: <em>\u00ab\u00a0imaginez que vous \u00eates un artiste et que vous \u00e9crivez \u00e0 un ami les impressions, les sensations vives et fortes que vous ressentez en contemplant ce tableau\u00a0\u00bb<\/em>.<\/span><\/p>\n<p style=\"text-align: justify;\"><span style=\"font-size: 16px; font-family: arial, helvetica, sans-serif; color: #333333;\">A l\u2019issue de ce travail d\u2019\u00e9criture chacun a pu lire son travail devant les autres. Puis le grand jour est arriv\u00e9. Le vendredi 11 mars 2016, sur la sc\u00e8ne du th\u00e9\u00e2tre de l\u2019Espace Franquin, devant Mme Sylvie GERMAIN, M. Charles JULIET et les spectateurs pr\u00e9sents, nos \u00e9l\u00e8ves ont pu lire leurs productions.\u00a0 Franc succ\u00e8s\u00a0: applaudissements et f\u00e9licitations des deux \u00e9crivains. Vous pouvez vous en faire une id\u00e9e en \u00e9coutant l\u2019enregistrement ci-dessous.<\/span><\/p>\n<p style=\"text-align: justify;\"><span style=\"font-size: 16px; font-family: arial, helvetica, sans-serif; color: #333333;\">La manifestation ayant lieu tous les deux ans, il n\u2019est pas exclu que 2018 permette \u00e0 d\u2019autres lyc\u00e9ens de prendre part \u00e0 la programmation. Le rendez-vous est pris\u00a0!<\/span><\/p>\n<div class=\"arve\" data-mode=\"normal\" data-oembed=\"1\" data-provider=\"youtube\" id=\"arve-youtube-tensj5k5jlg\">\n<div class=\"arve-inner\">\n<div class=\"arve-embed arve-embed--has-aspect-ratio\">\n<span class=\"arve-ar\" style=\"padding-top:56.250000%\"><\/span><iframe credentialless referrerpolicy=\"strict-origin-when-cross-origin\" allow=\"accelerometer &#039;none&#039;;ambient-light-sensor &#039;none&#039;;autoplay &#039;none&#039;;battery &#039;none&#039;;bluetooth &#039;none&#039;;browsing-topics &#039;none&#039;;camera &#039;none&#039;;ch-ua &#039;none&#039;;clipboard-read &#039;none&#039;;clipboard-write;display-capture &#039;none&#039;;document-domain &#039;none&#039;;domain-agent &#039;none&#039;;encrypted-media &#039;none&#039;;execution-while-not-rendered &#039;none&#039;;execution-while-out-of-viewport &#039;none&#039;;gamepad &#039;none&#039;;geolocation &#039;none&#039;;gyroscope &#039;none&#039;;hid &#039;none&#039;;identity-credentials-get &#039;none&#039;;idle-detection &#039;none&#039;;keyboard-map &#039;none&#039;;local-fonts &#039;none&#039;;magnetometer &#039;none&#039;;microphone &#039;none&#039;;midi &#039;none&#039;;navigation-override &#039;none&#039;;otp-credentials &#039;none&#039;;payment &#039;none&#039;;picture-in-picture;publickey-credentials-create &#039;none&#039;;publickey-credentials-get &#039;none&#039;;screen-wake-lock &#039;none&#039;;serial &#039;none&#039;;speaker-selection;sync-xhr &#039;none&#039;;usb &#039;none&#039;;web-share;window-management &#039;none&#039;;xr-spatial-tracking &#039;none&#039;;\" allowfullscreen class=\"arve-iframe fitvidsignore\" data-arve=\"arve-youtube-tensj5k5jlg\" data-src-no-ap=\"https:\/\/www.youtube-nocookie.com\/embed\/TENSj5K5jLg?feature=oembed&amp;iv_load_policy=3&amp;modestbranding=1&amp;rel=0&amp;autohide=1&amp;playsinline=0&amp;autoplay=0\" frameborder=\"0\" height=\"0\" name sandbox=\"allow-scripts allow-same-origin allow-presentation allow-popups allow-popups-to-escape-sandbox\" scrolling=\"no\" src=\"https:\/\/www.youtube-nocookie.com\/embed\/TENSj5K5jLg?feature=oembed&#038;iv_load_policy=3&#038;modestbranding=1&#038;rel=0&#038;autohide=1&#038;playsinline=0&#038;autoplay=0\" width=\"0\" title loading=\"lazy\"><\/iframe><\/p>\n<\/div>\n<\/div>\n<p><script type=\"application\/ld+json\">{\"@context\":\"http:\\\/\\\/schema.org\\\/\",\"@id\":\"https:\\\/\\\/www.saint-paul-angouleme.fr\\\/application\\\/latelier-decriture-aux-deambulations-mystiques\\\/#arve-youtube-tensj5k5jlg\",\"type\":\"VideoObject\",\"embedURL\":\"https:\\\/\\\/www.youtube-nocookie.com\\\/embed\\\/TENSj5K5jLg?feature=oembed&iv_load_policy=3&modestbranding=1&rel=0&autohide=1&playsinline=0&autoplay=0\"}<\/script>\n<\/div>\n<p style=\"text-align: justify;\">\u00a0<div tabindex=\"0\" class=\"cycloneslider cycloneslider-template-standard cycloneslider-width-responsive\" id=\"cycloneslider-deambulations-mystiques-2016-1\" style=\"max-width:960px\" > <div class=\"cycloneslider-slides cycle-slideshow\" data-cycle-allow-wrap=\"true\" data-cycle-dynamic-height=\"off\" data-cycle-auto-height=\"960:600\" data-cycle-auto-height-easing=\"null\" data-cycle-auto-height-speed=\"250\" data-cycle-delay=\"0\" data-cycle-easing=\"\" data-cycle-fx=\"fade\" data-cycle-hide-non-active=\"true\" data-cycle-log=\"false\" data-cycle-next=\"#cycloneslider-deambulations-mystiques-2016-1 .cycloneslider-next\" data-cycle-pager=\"#cycloneslider-deambulations-mystiques-2016-1 .cycloneslider-pager\" data-cycle-pause-on-hover=\"true\" data-cycle-prev=\"#cycloneslider-deambulations-mystiques-2016-1 .cycloneslider-prev\" data-cycle-slides=\"&gt; div\" data-cycle-speed=\"1000\" data-cycle-swipe=\"1\" data-cycle-tile-count=\"7\" data-cycle-tile-delay=\"100\" data-cycle-tile-vertical=\"true\" data-cycle-timeout=\"4000\" > <div class=\"cycloneslider-slide cycloneslider-slide-image\" > <img decoding=\"async\" src=\"https:\/\/www.saint-paul-angouleme.fr\/application\/wp-content\/uploads\/2017\/07\/Tract-d\u00e9ambulations-mystiques-1-960x600.png\" alt=\"\" title=\"\" \/> <\/div> <div class=\"cycloneslider-slide cycloneslider-slide-image\" > <img decoding=\"async\" src=\"https:\/\/www.saint-paul-angouleme.fr\/application\/wp-content\/uploads\/2017\/07\/Tract-d\u00e9ambulations-mystiques-2-960x600.png\" alt=\"\" title=\"\" \/> <\/div> <\/div> <div class=\"cycloneslider-pager\"><\/div> <a href=\"#\" class=\"cycloneslider-prev\"> <span class=\"arrow\"><\/span> <\/a> <a href=\"#\" class=\"cycloneslider-next\"> <span class=\"arrow\"><\/span> <\/a> <\/div>\n","protected":false},"excerpt":{"rendered":"<p>En 2016 l\u2019association \u00ab\u00a0D\u00e9ambulations mystiques\u00a0\u00bb pr\u00e9sid\u00e9e par l\u2019\u00e9crivain Sylvie GERMAIN a organis\u00e9 une manifestation sur le th\u00e8me \u00ab\u00a0Mystique et libert\u00e9\u00a0\u00bb. A cette occasion notre \u00e9tablissement a \u00e9t\u00e9 sollicit\u00e9 pour y prendre part. C\u2019est donc Monsieur Pierre TRUCHOT, professeur de philosophie, qui a accept\u00e9 de proposer \u00e0 ses \u00e9l\u00e8ves de relever le d\u00e9fi et de participer &#8230; <a title=\"L\u2019Atelier d\u2019\u00e9criture aux \u00ab d\u00e9ambulations mystiques \u00bb\" class=\"read-more\" href=\"https:\/\/www.saint-paul-angouleme.fr\/application\/latelier-decriture-aux-deambulations-mystiques\/\" aria-label=\"Read more about L\u2019Atelier d\u2019\u00e9criture aux \u00ab d\u00e9ambulations mystiques \u00bb\">Lire la suite<\/a><\/p>\n","protected":false},"author":3,"featured_media":0,"comment_status":"open","ping_status":"open","sticky":false,"template":"","format":"standard","meta":{"_exactmetrics_skip_tracking":false,"_exactmetrics_sitenote_active":false,"_exactmetrics_sitenote_note":"","_exactmetrics_sitenote_category":0,"footnotes":""},"categories":[2,13],"tags":[102,101,105,103,104],"class_list":["post-1268","post","type-post","status-publish","format-standard","hentry","category-look-on","category-pedagogie","tag-accompagnement-personnalise","tag-atelier-decriture","tag-charles-juliet","tag-mystique","tag-sylvie-germain"],"yoast_head":"<!-- This site is optimized with the Yoast SEO plugin v23.3 - https:\/\/yoast.com\/wordpress\/plugins\/seo\/ -->\n<title>L\u2019Atelier d\u2019\u00e9criture aux \u00ab d\u00e9ambulations mystiques \u00bb - Actualit\u00e9s<\/title>\n<meta name=\"robots\" content=\"index, follow, max-snippet:-1, max-image-preview:large, max-video-preview:-1\" \/>\n<link rel=\"canonical\" href=\"https:\/\/www.saint-paul-angouleme.fr\/application\/latelier-decriture-aux-deambulations-mystiques\/\" \/>\n<meta property=\"og:locale\" content=\"fr_FR\" \/>\n<meta property=\"og:type\" content=\"article\" \/>\n<meta property=\"og:title\" content=\"L\u2019Atelier d\u2019\u00e9criture aux \u00ab d\u00e9ambulations mystiques \u00bb - Actualit\u00e9s\" \/>\n<meta property=\"og:description\" content=\"En 2016 l\u2019association \u00ab\u00a0D\u00e9ambulations mystiques\u00a0\u00bb pr\u00e9sid\u00e9e par l\u2019\u00e9crivain Sylvie GERMAIN a organis\u00e9 une manifestation sur le th\u00e8me \u00ab\u00a0Mystique et libert\u00e9\u00a0\u00bb. A cette occasion notre \u00e9tablissement a \u00e9t\u00e9 sollicit\u00e9 pour y prendre part. C\u2019est donc Monsieur Pierre TRUCHOT, professeur de philosophie, qui a accept\u00e9 de proposer \u00e0 ses \u00e9l\u00e8ves de relever le d\u00e9fi et de participer ... Lire la suite\" \/>\n<meta property=\"og:url\" content=\"https:\/\/www.saint-paul-angouleme.fr\/application\/latelier-decriture-aux-deambulations-mystiques\/\" \/>\n<meta property=\"og:site_name\" content=\"Actualit\u00e9s\" \/>\n<meta property=\"article:publisher\" content=\"https:\/\/www.facebook.com\/SaintPaulAngouleme16\/\" \/>\n<meta property=\"article:published_time\" content=\"2017-07-07T15:55:53+00:00\" \/>\n<meta property=\"article:modified_time\" content=\"2017-07-07T17:18:59+00:00\" \/>\n<meta name=\"author\" content=\"SAINT-PAUL\" \/>\n<meta name=\"twitter:card\" content=\"summary_large_image\" \/>\n<meta name=\"twitter:creator\" content=\"@StPaulAngoulem\" \/>\n<meta name=\"twitter:site\" content=\"@StPaulAngoulem\" \/>\n<meta name=\"twitter:label1\" content=\"\u00c9crit par\" \/>\n\t<meta name=\"twitter:data1\" content=\"SAINT-PAUL\" \/>\n\t<meta name=\"twitter:label2\" content=\"Dur\u00e9e de lecture estim\u00e9e\" \/>\n\t<meta name=\"twitter:data2\" content=\"2 minutes\" \/>\n<script type=\"application\/ld+json\" class=\"yoast-schema-graph\">{\"@context\":\"https:\/\/schema.org\",\"@graph\":[{\"@type\":\"Article\",\"@id\":\"https:\/\/www.saint-paul-angouleme.fr\/application\/latelier-decriture-aux-deambulations-mystiques\/#article\",\"isPartOf\":{\"@id\":\"https:\/\/www.saint-paul-angouleme.fr\/application\/latelier-decriture-aux-deambulations-mystiques\/\"},\"author\":{\"name\":\"SAINT-PAUL\",\"@id\":\"https:\/\/www.saint-paul-angouleme.fr\/application\/#\/schema\/person\/ea152930b1a3823659065827b1a5fb9b\"},\"headline\":\"L\u2019Atelier d\u2019\u00e9criture aux \u00ab d\u00e9ambulations mystiques \u00bb\",\"datePublished\":\"2017-07-07T15:55:53+00:00\",\"dateModified\":\"2017-07-07T17:18:59+00:00\",\"mainEntityOfPage\":{\"@id\":\"https:\/\/www.saint-paul-angouleme.fr\/application\/latelier-decriture-aux-deambulations-mystiques\/\"},\"wordCount\":362,\"commentCount\":0,\"publisher\":{\"@id\":\"https:\/\/www.saint-paul-angouleme.fr\/application\/#organization\"},\"keywords\":[\"Accompagnement Personnalis\u00e9\",\"Atelier d'\u00e9criture\",\"Charles JULIET\",\"Mystique\",\"Sylvie GERMAIN\"],\"articleSection\":[\"Look on\",\"P\u00e9dagogie\"],\"inLanguage\":\"fr-FR\",\"potentialAction\":[{\"@type\":\"CommentAction\",\"name\":\"Comment\",\"target\":[\"https:\/\/www.saint-paul-angouleme.fr\/application\/latelier-decriture-aux-deambulations-mystiques\/#respond\"]}]},{\"@type\":\"WebPage\",\"@id\":\"https:\/\/www.saint-paul-angouleme.fr\/application\/latelier-decriture-aux-deambulations-mystiques\/\",\"url\":\"https:\/\/www.saint-paul-angouleme.fr\/application\/latelier-decriture-aux-deambulations-mystiques\/\",\"name\":\"L\u2019Atelier d\u2019\u00e9criture aux \u00ab d\u00e9ambulations mystiques \u00bb - Actualit\u00e9s\",\"isPartOf\":{\"@id\":\"https:\/\/www.saint-paul-angouleme.fr\/application\/#website\"},\"datePublished\":\"2017-07-07T15:55:53+00:00\",\"dateModified\":\"2017-07-07T17:18:59+00:00\",\"breadcrumb\":{\"@id\":\"https:\/\/www.saint-paul-angouleme.fr\/application\/latelier-decriture-aux-deambulations-mystiques\/#breadcrumb\"},\"inLanguage\":\"fr-FR\",\"potentialAction\":[{\"@type\":\"ReadAction\",\"target\":[\"https:\/\/www.saint-paul-angouleme.fr\/application\/latelier-decriture-aux-deambulations-mystiques\/\"]}]},{\"@type\":\"BreadcrumbList\",\"@id\":\"https:\/\/www.saint-paul-angouleme.fr\/application\/latelier-decriture-aux-deambulations-mystiques\/#breadcrumb\",\"itemListElement\":[{\"@type\":\"ListItem\",\"position\":1,\"name\":\"Accueil\",\"item\":\"http:\/\/www.saint-paul-angouleme.fr\/application\/\"},{\"@type\":\"ListItem\",\"position\":2,\"name\":\"L\u2019Atelier d\u2019\u00e9criture aux \u00ab d\u00e9ambulations mystiques \u00bb\"}]},{\"@type\":\"WebSite\",\"@id\":\"https:\/\/www.saint-paul-angouleme.fr\/application\/#website\",\"url\":\"https:\/\/www.saint-paul-angouleme.fr\/application\/\",\"name\":\"Actualit\u00e9s\",\"description\":\"Actualit\u00e9s Saint Paul\",\"publisher\":{\"@id\":\"https:\/\/www.saint-paul-angouleme.fr\/application\/#organization\"},\"potentialAction\":[{\"@type\":\"SearchAction\",\"target\":{\"@type\":\"EntryPoint\",\"urlTemplate\":\"https:\/\/www.saint-paul-angouleme.fr\/application\/?s={search_term_string}\"},\"query-input\":\"required name=search_term_string\"}],\"inLanguage\":\"fr-FR\"},{\"@type\":\"Organization\",\"@id\":\"https:\/\/www.saint-paul-angouleme.fr\/application\/#organization\",\"name\":\"Ensemble scolaire Saint-Paul\",\"url\":\"https:\/\/www.saint-paul-angouleme.fr\/application\/\",\"logo\":{\"@type\":\"ImageObject\",\"inLanguage\":\"fr-FR\",\"@id\":\"https:\/\/www.saint-paul-angouleme.fr\/application\/#\/schema\/logo\/image\/\",\"url\":\"https:\/\/www.saint-paul-angouleme.fr\/application\/wp-content\/uploads\/2018\/08\/logo-saint-paul-couleurs.jpg\",\"contentUrl\":\"https:\/\/www.saint-paul-angouleme.fr\/application\/wp-content\/uploads\/2018\/08\/logo-saint-paul-couleurs.jpg\",\"width\":1890,\"height\":709,\"caption\":\"Ensemble scolaire Saint-Paul\"},\"image\":{\"@id\":\"https:\/\/www.saint-paul-angouleme.fr\/application\/#\/schema\/logo\/image\/\"},\"sameAs\":[\"https:\/\/www.facebook.com\/SaintPaulAngouleme16\/\",\"https:\/\/x.com\/StPaulAngoulem\",\"https:\/\/www.youtube.com\/channel\/UCRLpz1CmPVqc0gn--YyXvjA?view_as=subscriber\"]},{\"@type\":\"Person\",\"@id\":\"https:\/\/www.saint-paul-angouleme.fr\/application\/#\/schema\/person\/ea152930b1a3823659065827b1a5fb9b\",\"name\":\"SAINT-PAUL\",\"image\":{\"@type\":\"ImageObject\",\"inLanguage\":\"fr-FR\",\"@id\":\"https:\/\/www.saint-paul-angouleme.fr\/application\/#\/schema\/person\/image\/\",\"url\":\"https:\/\/secure.gravatar.com\/avatar\/eadb0ffebc02683a61d69038eb2924f0?s=96&r=g\",\"contentUrl\":\"https:\/\/secure.gravatar.com\/avatar\/eadb0ffebc02683a61d69038eb2924f0?s=96&r=g\",\"caption\":\"SAINT-PAUL\"},\"url\":\"https:\/\/www.saint-paul-angouleme.fr\/application\/author\/myriam\/\"}]}<\/script>\n<!-- \/ Yoast SEO plugin. -->","yoast_head_json":{"title":"L\u2019Atelier d\u2019\u00e9criture aux \u00ab d\u00e9ambulations mystiques \u00bb - Actualit\u00e9s","robots":{"index":"index","follow":"follow","max-snippet":"max-snippet:-1","max-image-preview":"max-image-preview:large","max-video-preview":"max-video-preview:-1"},"canonical":"https:\/\/www.saint-paul-angouleme.fr\/application\/latelier-decriture-aux-deambulations-mystiques\/","og_locale":"fr_FR","og_type":"article","og_title":"L\u2019Atelier d\u2019\u00e9criture aux \u00ab d\u00e9ambulations mystiques \u00bb - Actualit\u00e9s","og_description":"En 2016 l\u2019association \u00ab\u00a0D\u00e9ambulations mystiques\u00a0\u00bb pr\u00e9sid\u00e9e par l\u2019\u00e9crivain Sylvie GERMAIN a organis\u00e9 une manifestation sur le th\u00e8me \u00ab\u00a0Mystique et libert\u00e9\u00a0\u00bb. A cette occasion notre \u00e9tablissement a \u00e9t\u00e9 sollicit\u00e9 pour y prendre part. C\u2019est donc Monsieur Pierre TRUCHOT, professeur de philosophie, qui a accept\u00e9 de proposer \u00e0 ses \u00e9l\u00e8ves de relever le d\u00e9fi et de participer ... Lire la suite","og_url":"https:\/\/www.saint-paul-angouleme.fr\/application\/latelier-decriture-aux-deambulations-mystiques\/","og_site_name":"Actualit\u00e9s","article_publisher":"https:\/\/www.facebook.com\/SaintPaulAngouleme16\/","article_published_time":"2017-07-07T15:55:53+00:00","article_modified_time":"2017-07-07T17:18:59+00:00","author":"SAINT-PAUL","twitter_card":"summary_large_image","twitter_creator":"@StPaulAngoulem","twitter_site":"@StPaulAngoulem","twitter_misc":{"\u00c9crit par":"SAINT-PAUL","Dur\u00e9e de lecture estim\u00e9e":"2 minutes"},"schema":{"@context":"https:\/\/schema.org","@graph":[{"@type":"Article","@id":"https:\/\/www.saint-paul-angouleme.fr\/application\/latelier-decriture-aux-deambulations-mystiques\/#article","isPartOf":{"@id":"https:\/\/www.saint-paul-angouleme.fr\/application\/latelier-decriture-aux-deambulations-mystiques\/"},"author":{"name":"SAINT-PAUL","@id":"https:\/\/www.saint-paul-angouleme.fr\/application\/#\/schema\/person\/ea152930b1a3823659065827b1a5fb9b"},"headline":"L\u2019Atelier d\u2019\u00e9criture aux \u00ab d\u00e9ambulations mystiques \u00bb","datePublished":"2017-07-07T15:55:53+00:00","dateModified":"2017-07-07T17:18:59+00:00","mainEntityOfPage":{"@id":"https:\/\/www.saint-paul-angouleme.fr\/application\/latelier-decriture-aux-deambulations-mystiques\/"},"wordCount":362,"commentCount":0,"publisher":{"@id":"https:\/\/www.saint-paul-angouleme.fr\/application\/#organization"},"keywords":["Accompagnement Personnalis\u00e9","Atelier d'\u00e9criture","Charles JULIET","Mystique","Sylvie GERMAIN"],"articleSection":["Look on","P\u00e9dagogie"],"inLanguage":"fr-FR","potentialAction":[{"@type":"CommentAction","name":"Comment","target":["https:\/\/www.saint-paul-angouleme.fr\/application\/latelier-decriture-aux-deambulations-mystiques\/#respond"]}]},{"@type":"WebPage","@id":"https:\/\/www.saint-paul-angouleme.fr\/application\/latelier-decriture-aux-deambulations-mystiques\/","url":"https:\/\/www.saint-paul-angouleme.fr\/application\/latelier-decriture-aux-deambulations-mystiques\/","name":"L\u2019Atelier d\u2019\u00e9criture aux \u00ab d\u00e9ambulations mystiques \u00bb - Actualit\u00e9s","isPartOf":{"@id":"https:\/\/www.saint-paul-angouleme.fr\/application\/#website"},"datePublished":"2017-07-07T15:55:53+00:00","dateModified":"2017-07-07T17:18:59+00:00","breadcrumb":{"@id":"https:\/\/www.saint-paul-angouleme.fr\/application\/latelier-decriture-aux-deambulations-mystiques\/#breadcrumb"},"inLanguage":"fr-FR","potentialAction":[{"@type":"ReadAction","target":["https:\/\/www.saint-paul-angouleme.fr\/application\/latelier-decriture-aux-deambulations-mystiques\/"]}]},{"@type":"BreadcrumbList","@id":"https:\/\/www.saint-paul-angouleme.fr\/application\/latelier-decriture-aux-deambulations-mystiques\/#breadcrumb","itemListElement":[{"@type":"ListItem","position":1,"name":"Accueil","item":"http:\/\/www.saint-paul-angouleme.fr\/application\/"},{"@type":"ListItem","position":2,"name":"L\u2019Atelier d\u2019\u00e9criture aux \u00ab d\u00e9ambulations mystiques \u00bb"}]},{"@type":"WebSite","@id":"https:\/\/www.saint-paul-angouleme.fr\/application\/#website","url":"https:\/\/www.saint-paul-angouleme.fr\/application\/","name":"Actualit\u00e9s","description":"Actualit\u00e9s Saint Paul","publisher":{"@id":"https:\/\/www.saint-paul-angouleme.fr\/application\/#organization"},"potentialAction":[{"@type":"SearchAction","target":{"@type":"EntryPoint","urlTemplate":"https:\/\/www.saint-paul-angouleme.fr\/application\/?s={search_term_string}"},"query-input":"required name=search_term_string"}],"inLanguage":"fr-FR"},{"@type":"Organization","@id":"https:\/\/www.saint-paul-angouleme.fr\/application\/#organization","name":"Ensemble scolaire Saint-Paul","url":"https:\/\/www.saint-paul-angouleme.fr\/application\/","logo":{"@type":"ImageObject","inLanguage":"fr-FR","@id":"https:\/\/www.saint-paul-angouleme.fr\/application\/#\/schema\/logo\/image\/","url":"https:\/\/www.saint-paul-angouleme.fr\/application\/wp-content\/uploads\/2018\/08\/logo-saint-paul-couleurs.jpg","contentUrl":"https:\/\/www.saint-paul-angouleme.fr\/application\/wp-content\/uploads\/2018\/08\/logo-saint-paul-couleurs.jpg","width":1890,"height":709,"caption":"Ensemble scolaire Saint-Paul"},"image":{"@id":"https:\/\/www.saint-paul-angouleme.fr\/application\/#\/schema\/logo\/image\/"},"sameAs":["https:\/\/www.facebook.com\/SaintPaulAngouleme16\/","https:\/\/x.com\/StPaulAngoulem","https:\/\/www.youtube.com\/channel\/UCRLpz1CmPVqc0gn--YyXvjA?view_as=subscriber"]},{"@type":"Person","@id":"https:\/\/www.saint-paul-angouleme.fr\/application\/#\/schema\/person\/ea152930b1a3823659065827b1a5fb9b","name":"SAINT-PAUL","image":{"@type":"ImageObject","inLanguage":"fr-FR","@id":"https:\/\/www.saint-paul-angouleme.fr\/application\/#\/schema\/person\/image\/","url":"https:\/\/secure.gravatar.com\/avatar\/eadb0ffebc02683a61d69038eb2924f0?s=96&r=g","contentUrl":"https:\/\/secure.gravatar.com\/avatar\/eadb0ffebc02683a61d69038eb2924f0?s=96&r=g","caption":"SAINT-PAUL"},"url":"https:\/\/www.saint-paul-angouleme.fr\/application\/author\/myriam\/"}]}},"_links":{"self":[{"href":"https:\/\/www.saint-paul-angouleme.fr\/application\/wp-json\/wp\/v2\/posts\/1268"}],"collection":[{"href":"https:\/\/www.saint-paul-angouleme.fr\/application\/wp-json\/wp\/v2\/posts"}],"about":[{"href":"https:\/\/www.saint-paul-angouleme.fr\/application\/wp-json\/wp\/v2\/types\/post"}],"author":[{"embeddable":true,"href":"https:\/\/www.saint-paul-angouleme.fr\/application\/wp-json\/wp\/v2\/users\/3"}],"replies":[{"embeddable":true,"href":"https:\/\/www.saint-paul-angouleme.fr\/application\/wp-json\/wp\/v2\/comments?post=1268"}],"version-history":[{"count":9,"href":"https:\/\/www.saint-paul-angouleme.fr\/application\/wp-json\/wp\/v2\/posts\/1268\/revisions"}],"predecessor-version":[{"id":1279,"href":"https:\/\/www.saint-paul-angouleme.fr\/application\/wp-json\/wp\/v2\/posts\/1268\/revisions\/1279"}],"wp:attachment":[{"href":"https:\/\/www.saint-paul-angouleme.fr\/application\/wp-json\/wp\/v2\/media?parent=1268"}],"wp:term":[{"taxonomy":"category","embeddable":true,"href":"https:\/\/www.saint-paul-angouleme.fr\/application\/wp-json\/wp\/v2\/categories?post=1268"},{"taxonomy":"post_tag","embeddable":true,"href":"https:\/\/www.saint-paul-angouleme.fr\/application\/wp-json\/wp\/v2\/tags?post=1268"}],"curies":[{"name":"wp","href":"https:\/\/api.w.org\/{rel}","templated":true}]}}