{"id":12506,"date":"2025-06-20T09:45:00","date_gmt":"2025-06-20T07:45:00","guid":{"rendered":"https:\/\/www.saint-paul-angouleme.fr\/application\/?p=12506"},"modified":"2025-07-04T16:47:11","modified_gmt":"2025-07-04T14:47:11","slug":"des-cm2-en-immersion-a-saint-paul","status":"publish","type":"post","link":"https:\/\/www.saint-paul-angouleme.fr\/application\/des-cm2-en-immersion-a-saint-paul\/","title":{"rendered":"Des CM2 en immersion \u00e0 Saint-Paul"},"content":{"rendered":"\n<figure class=\"wp-block-image size-large\"><img loading=\"lazy\" decoding=\"async\" width=\"1024\" height=\"577\" src=\"https:\/\/www.saint-paul-angouleme.fr\/application\/wp-content\/uploads\/2025\/07\/ACCUEIL_CM2_Pti_DEJ-9-1024x577.jpg\" alt=\"Remise aux CM2 des &quot;tours de cou&quot; pour la prochaine rentr\u00e9e.\" class=\"wp-image-12507\" srcset=\"https:\/\/www.saint-paul-angouleme.fr\/application\/wp-content\/uploads\/2025\/07\/ACCUEIL_CM2_Pti_DEJ-9-1024x577.jpg 1024w, https:\/\/www.saint-paul-angouleme.fr\/application\/wp-content\/uploads\/2025\/07\/ACCUEIL_CM2_Pti_DEJ-9-300x169.jpg 300w, https:\/\/www.saint-paul-angouleme.fr\/application\/wp-content\/uploads\/2025\/07\/ACCUEIL_CM2_Pti_DEJ-9-768x432.jpg 768w, https:\/\/www.saint-paul-angouleme.fr\/application\/wp-content\/uploads\/2025\/07\/ACCUEIL_CM2_Pti_DEJ-9.jpg 1410w\" sizes=\"(max-width: 1024px) 100vw, 1024px\" \/><\/figure>\n\n\n\n<p>Du 16 au 19 juin 2025, <a href=\"https:\/\/www.saint-paul-angouleme.fr\/application\/wp-admin\/post.php?post=10847&amp;action=edit\">comme l&#8217;an dernier<\/a>, des petits groupes d&#8217;\u00e9l\u00e8ves de CM2 sont venus au coll\u00e8ge Saint-Paul pour une matin\u00e9e d&#8217;immersion. Ils viennent de diff\u00e9rents \u00e9tablissements : \u00e9cole <a href=\"https:\/\/www.notredamelacouronne.fr\/news\/presentation\/\">Notre-Dame<\/a> de La Couronne, \u00e9cole de <a href=\"https:\/\/enfantjesusangouleme.toutemonecole.fr\/\">l\u2019Enfant J\u00e9sus<\/a>, \u00e9cole Sainte Marthe Chavagne et Saint-Paul bien s\u00fbr (l&#8217;\u00e9cole est en effet sur un autre lieu).<\/p>\n\n\n\n<p>L&#8217;accueil se fait au self avec un petit-d\u00e9jeuner afin de bien commencer la journ\u00e9e. Les professeurs principaux font une pr\u00e9sentation du coll\u00e8ge, de la classe de 6<sup>\u00e8me<\/sup> et r\u00e9pondent aux questions. Cela permet \u00e0 nos futurs \u00e9l\u00e8ves de pouvoir un peu mieux &#8220;se projeter&#8221; et surtout \u00eatre rassur\u00e9s. C&#8217;est aussi l&#8217;occasion de leur remettre un petit cadeau souvenir: un tour de cou. Celui-ci leur permettra d&#8217;y attacher leur carte de cantine et la cl\u00e9 du casier \u00e0 la rentr\u00e9e afin de ne pas les perdre.<\/p>\n\n\n\n<p>Apr\u00e8s un temps de r\u00e9cr\u00e9ation, deux groupes se forment chez nos CM2 : l&#8217;un part au Centre de Documentation et de Recherche (CDR), l&#8217;autre assiste \u00e0 un cours (r\u00e9partition dans nos six classes de sixi\u00e8me). Au bout d&#8217;une heure les groupes s&#8217;inversent. A midi, tous mangent au self avec les coll\u00e9giens. En d\u00e9but d&#8217;apr\u00e8s-midi, apr\u00e8s une matin\u00e9e riche d&#8217;exp\u00e9riences, chacun repart vers son \u00e9cole. Reste \u00e0 attendre septembre pour une rentr\u00e9e sp\u00e9ciale 6<sup>\u00e8me<\/sup> avec son lot de d\u00e9couverte et d&#8217;exp\u00e9riences nouvelles. En attendant :bon \u00e9t\u00e9 et bonnes vacances !<\/p>\n\n\n\n<figure class=\"wp-block-gallery has-nested-images columns-default is-cropped wp-block-gallery-1 is-layout-flex wp-block-gallery-is-layout-flex\">\n<figure class=\"wp-block-image size-large\"><img loading=\"lazy\" decoding=\"async\" width=\"1024\" height=\"577\" data-id=\"12518\" src=\"https:\/\/www.saint-paul-angouleme.fr\/application\/wp-content\/uploads\/2025\/07\/ACCUEIL_CM2_Pti_DEJ-1024x577.jpg\" alt=\"\" class=\"wp-image-12518\" srcset=\"https:\/\/www.saint-paul-angouleme.fr\/application\/wp-content\/uploads\/2025\/07\/ACCUEIL_CM2_Pti_DEJ-1024x577.jpg 1024w, https:\/\/www.saint-paul-angouleme.fr\/application\/wp-content\/uploads\/2025\/07\/ACCUEIL_CM2_Pti_DEJ-300x169.jpg 300w, https:\/\/www.saint-paul-angouleme.fr\/application\/wp-content\/uploads\/2025\/07\/ACCUEIL_CM2_Pti_DEJ-768x432.jpg 768w, https:\/\/www.saint-paul-angouleme.fr\/application\/wp-content\/uploads\/2025\/07\/ACCUEIL_CM2_Pti_DEJ.jpg 1410w\" sizes=\"(max-width: 1024px) 100vw, 1024px\" \/><\/figure>\n\n\n\n<figure class=\"wp-block-image size-large\"><img loading=\"lazy\" decoding=\"async\" width=\"1024\" height=\"577\" data-id=\"12519\" src=\"https:\/\/www.saint-paul-angouleme.fr\/application\/wp-content\/uploads\/2025\/07\/ACCUEIL_CM2_Pti_DEJ-1-1024x577.jpg\" alt=\"\" class=\"wp-image-12519\" srcset=\"https:\/\/www.saint-paul-angouleme.fr\/application\/wp-content\/uploads\/2025\/07\/ACCUEIL_CM2_Pti_DEJ-1-1024x577.jpg 1024w, https:\/\/www.saint-paul-angouleme.fr\/application\/wp-content\/uploads\/2025\/07\/ACCUEIL_CM2_Pti_DEJ-1-300x169.jpg 300w, https:\/\/www.saint-paul-angouleme.fr\/application\/wp-content\/uploads\/2025\/07\/ACCUEIL_CM2_Pti_DEJ-1-768x432.jpg 768w, https:\/\/www.saint-paul-angouleme.fr\/application\/wp-content\/uploads\/2025\/07\/ACCUEIL_CM2_Pti_DEJ-1.jpg 1410w\" sizes=\"(max-width: 1024px) 100vw, 1024px\" \/><\/figure>\n\n\n\n<figure class=\"wp-block-image size-large\"><img loading=\"lazy\" decoding=\"async\" width=\"1024\" height=\"577\" data-id=\"12520\" src=\"https:\/\/www.saint-paul-angouleme.fr\/application\/wp-content\/uploads\/2025\/07\/ACCUEIL_CM2_Pti_DEJ-2-1024x577.jpg\" alt=\"\" class=\"wp-image-12520\" srcset=\"https:\/\/www.saint-paul-angouleme.fr\/application\/wp-content\/uploads\/2025\/07\/ACCUEIL_CM2_Pti_DEJ-2-1024x577.jpg 1024w, https:\/\/www.saint-paul-angouleme.fr\/application\/wp-content\/uploads\/2025\/07\/ACCUEIL_CM2_Pti_DEJ-2-300x169.jpg 300w, https:\/\/www.saint-paul-angouleme.fr\/application\/wp-content\/uploads\/2025\/07\/ACCUEIL_CM2_Pti_DEJ-2-768x432.jpg 768w, https:\/\/www.saint-paul-angouleme.fr\/application\/wp-content\/uploads\/2025\/07\/ACCUEIL_CM2_Pti_DEJ-2.jpg 1410w\" sizes=\"(max-width: 1024px) 100vw, 1024px\" \/><\/figure>\n\n\n\n<figure class=\"wp-block-image size-large\"><img loading=\"lazy\" decoding=\"async\" width=\"1024\" height=\"577\" data-id=\"12521\" src=\"https:\/\/www.saint-paul-angouleme.fr\/application\/wp-content\/uploads\/2025\/07\/ACCUEIL_CM2_Pti_DEJ-3-1024x577.jpg\" alt=\"\" class=\"wp-image-12521\" srcset=\"https:\/\/www.saint-paul-angouleme.fr\/application\/wp-content\/uploads\/2025\/07\/ACCUEIL_CM2_Pti_DEJ-3-1024x577.jpg 1024w, https:\/\/www.saint-paul-angouleme.fr\/application\/wp-content\/uploads\/2025\/07\/ACCUEIL_CM2_Pti_DEJ-3-300x169.jpg 300w, https:\/\/www.saint-paul-angouleme.fr\/application\/wp-content\/uploads\/2025\/07\/ACCUEIL_CM2_Pti_DEJ-3-768x432.jpg 768w, https:\/\/www.saint-paul-angouleme.fr\/application\/wp-content\/uploads\/2025\/07\/ACCUEIL_CM2_Pti_DEJ-3.jpg 1410w\" sizes=\"(max-width: 1024px) 100vw, 1024px\" \/><\/figure>\n\n\n\n<figure class=\"wp-block-image size-large\"><img loading=\"lazy\" decoding=\"async\" width=\"1024\" height=\"577\" data-id=\"12522\" src=\"https:\/\/www.saint-paul-angouleme.fr\/application\/wp-content\/uploads\/2025\/07\/ACCUEIL_CM2_Pti_DEJ-4-1024x577.jpg\" alt=\"\" class=\"wp-image-12522\" srcset=\"https:\/\/www.saint-paul-angouleme.fr\/application\/wp-content\/uploads\/2025\/07\/ACCUEIL_CM2_Pti_DEJ-4-1024x577.jpg 1024w, https:\/\/www.saint-paul-angouleme.fr\/application\/wp-content\/uploads\/2025\/07\/ACCUEIL_CM2_Pti_DEJ-4-300x169.jpg 300w, https:\/\/www.saint-paul-angouleme.fr\/application\/wp-content\/uploads\/2025\/07\/ACCUEIL_CM2_Pti_DEJ-4-768x432.jpg 768w, https:\/\/www.saint-paul-angouleme.fr\/application\/wp-content\/uploads\/2025\/07\/ACCUEIL_CM2_Pti_DEJ-4.jpg 1410w\" sizes=\"(max-width: 1024px) 100vw, 1024px\" \/><\/figure>\n\n\n\n<figure class=\"wp-block-image size-large\"><img loading=\"lazy\" decoding=\"async\" width=\"1024\" height=\"577\" data-id=\"12523\" src=\"https:\/\/www.saint-paul-angouleme.fr\/application\/wp-content\/uploads\/2025\/07\/ACCUEIL_CM2_Pti_DEJ-5-1024x577.jpg\" alt=\"\" class=\"wp-image-12523\" srcset=\"https:\/\/www.saint-paul-angouleme.fr\/application\/wp-content\/uploads\/2025\/07\/ACCUEIL_CM2_Pti_DEJ-5-1024x577.jpg 1024w, https:\/\/www.saint-paul-angouleme.fr\/application\/wp-content\/uploads\/2025\/07\/ACCUEIL_CM2_Pti_DEJ-5-300x169.jpg 300w, https:\/\/www.saint-paul-angouleme.fr\/application\/wp-content\/uploads\/2025\/07\/ACCUEIL_CM2_Pti_DEJ-5-768x432.jpg 768w, https:\/\/www.saint-paul-angouleme.fr\/application\/wp-content\/uploads\/2025\/07\/ACCUEIL_CM2_Pti_DEJ-5.jpg 1410w\" sizes=\"(max-width: 1024px) 100vw, 1024px\" \/><\/figure>\n\n\n\n<figure class=\"wp-block-image size-large\"><img loading=\"lazy\" decoding=\"async\" width=\"1024\" height=\"577\" data-id=\"12524\" src=\"https:\/\/www.saint-paul-angouleme.fr\/application\/wp-content\/uploads\/2025\/07\/ACCUEIL_CM2_Pti_DEJ-6-1024x577.jpg\" alt=\"\" class=\"wp-image-12524\" srcset=\"https:\/\/www.saint-paul-angouleme.fr\/application\/wp-content\/uploads\/2025\/07\/ACCUEIL_CM2_Pti_DEJ-6-1024x577.jpg 1024w, https:\/\/www.saint-paul-angouleme.fr\/application\/wp-content\/uploads\/2025\/07\/ACCUEIL_CM2_Pti_DEJ-6-300x169.jpg 300w, https:\/\/www.saint-paul-angouleme.fr\/application\/wp-content\/uploads\/2025\/07\/ACCUEIL_CM2_Pti_DEJ-6-768x432.jpg 768w, https:\/\/www.saint-paul-angouleme.fr\/application\/wp-content\/uploads\/2025\/07\/ACCUEIL_CM2_Pti_DEJ-6.jpg 1410w\" sizes=\"(max-width: 1024px) 100vw, 1024px\" \/><\/figure>\n\n\n\n<figure class=\"wp-block-image size-large\"><img loading=\"lazy\" decoding=\"async\" width=\"1024\" height=\"577\" data-id=\"12525\" src=\"https:\/\/www.saint-paul-angouleme.fr\/application\/wp-content\/uploads\/2025\/07\/ACCUEIL_CM2_Pti_DEJ-7-1024x577.jpg\" alt=\"\" class=\"wp-image-12525\" srcset=\"https:\/\/www.saint-paul-angouleme.fr\/application\/wp-content\/uploads\/2025\/07\/ACCUEIL_CM2_Pti_DEJ-7-1024x577.jpg 1024w, https:\/\/www.saint-paul-angouleme.fr\/application\/wp-content\/uploads\/2025\/07\/ACCUEIL_CM2_Pti_DEJ-7-300x169.jpg 300w, https:\/\/www.saint-paul-angouleme.fr\/application\/wp-content\/uploads\/2025\/07\/ACCUEIL_CM2_Pti_DEJ-7-768x432.jpg 768w, https:\/\/www.saint-paul-angouleme.fr\/application\/wp-content\/uploads\/2025\/07\/ACCUEIL_CM2_Pti_DEJ-7.jpg 1410w\" sizes=\"(max-width: 1024px) 100vw, 1024px\" \/><\/figure>\n\n\n\n<figure class=\"wp-block-image size-large\"><img loading=\"lazy\" decoding=\"async\" width=\"1024\" height=\"577\" data-id=\"12526\" src=\"https:\/\/www.saint-paul-angouleme.fr\/application\/wp-content\/uploads\/2025\/07\/ACCUEIL_CM2_Pti_DEJ-8-1024x577.jpg\" alt=\"\" class=\"wp-image-12526\" srcset=\"https:\/\/www.saint-paul-angouleme.fr\/application\/wp-content\/uploads\/2025\/07\/ACCUEIL_CM2_Pti_DEJ-8-1024x577.jpg 1024w, https:\/\/www.saint-paul-angouleme.fr\/application\/wp-content\/uploads\/2025\/07\/ACCUEIL_CM2_Pti_DEJ-8-300x169.jpg 300w, https:\/\/www.saint-paul-angouleme.fr\/application\/wp-content\/uploads\/2025\/07\/ACCUEIL_CM2_Pti_DEJ-8-768x432.jpg 768w, https:\/\/www.saint-paul-angouleme.fr\/application\/wp-content\/uploads\/2025\/07\/ACCUEIL_CM2_Pti_DEJ-8.jpg 1410w\" sizes=\"(max-width: 1024px) 100vw, 1024px\" \/><\/figure>\n\n\n\n<figure class=\"wp-block-image size-large\"><img loading=\"lazy\" decoding=\"async\" width=\"1024\" height=\"577\" data-id=\"12527\" src=\"https:\/\/www.saint-paul-angouleme.fr\/application\/wp-content\/uploads\/2025\/07\/ACCUEIL_CM2_Pti_DEJ-9-1-1024x577.jpg\" alt=\"\" class=\"wp-image-12527\" srcset=\"https:\/\/www.saint-paul-angouleme.fr\/application\/wp-content\/uploads\/2025\/07\/ACCUEIL_CM2_Pti_DEJ-9-1-1024x577.jpg 1024w, https:\/\/www.saint-paul-angouleme.fr\/application\/wp-content\/uploads\/2025\/07\/ACCUEIL_CM2_Pti_DEJ-9-1-300x169.jpg 300w, https:\/\/www.saint-paul-angouleme.fr\/application\/wp-content\/uploads\/2025\/07\/ACCUEIL_CM2_Pti_DEJ-9-1-768x432.jpg 768w, https:\/\/www.saint-paul-angouleme.fr\/application\/wp-content\/uploads\/2025\/07\/ACCUEIL_CM2_Pti_DEJ-9-1.jpg 1410w\" sizes=\"(max-width: 1024px) 100vw, 1024px\" \/><\/figure>\n\n\n\n<figure class=\"wp-block-image size-large\"><img loading=\"lazy\" decoding=\"async\" width=\"1024\" height=\"577\" data-id=\"12528\" src=\"https:\/\/www.saint-paul-angouleme.fr\/application\/wp-content\/uploads\/2025\/07\/ACCUEIL_CM2_Pti_DEJ-10-1024x577.jpg\" alt=\"\" class=\"wp-image-12528\" srcset=\"https:\/\/www.saint-paul-angouleme.fr\/application\/wp-content\/uploads\/2025\/07\/ACCUEIL_CM2_Pti_DEJ-10-1024x577.jpg 1024w, https:\/\/www.saint-paul-angouleme.fr\/application\/wp-content\/uploads\/2025\/07\/ACCUEIL_CM2_Pti_DEJ-10-300x169.jpg 300w, https:\/\/www.saint-paul-angouleme.fr\/application\/wp-content\/uploads\/2025\/07\/ACCUEIL_CM2_Pti_DEJ-10-768x432.jpg 768w, https:\/\/www.saint-paul-angouleme.fr\/application\/wp-content\/uploads\/2025\/07\/ACCUEIL_CM2_Pti_DEJ-10.jpg 1410w\" sizes=\"(max-width: 1024px) 100vw, 1024px\" \/><\/figure>\n\n\n\n<figure class=\"wp-block-image size-large\"><img loading=\"lazy\" decoding=\"async\" width=\"1024\" height=\"577\" data-id=\"12529\" src=\"https:\/\/www.saint-paul-angouleme.fr\/application\/wp-content\/uploads\/2025\/07\/ACCUEIL_CM2_Pti_DEJ-11-1024x577.jpg\" alt=\"\" class=\"wp-image-12529\" srcset=\"https:\/\/www.saint-paul-angouleme.fr\/application\/wp-content\/uploads\/2025\/07\/ACCUEIL_CM2_Pti_DEJ-11-1024x577.jpg 1024w, https:\/\/www.saint-paul-angouleme.fr\/application\/wp-content\/uploads\/2025\/07\/ACCUEIL_CM2_Pti_DEJ-11-300x169.jpg 300w, https:\/\/www.saint-paul-angouleme.fr\/application\/wp-content\/uploads\/2025\/07\/ACCUEIL_CM2_Pti_DEJ-11-768x432.jpg 768w, https:\/\/www.saint-paul-angouleme.fr\/application\/wp-content\/uploads\/2025\/07\/ACCUEIL_CM2_Pti_DEJ-11.jpg 1410w\" sizes=\"(max-width: 1024px) 100vw, 1024px\" \/><\/figure>\n\n\n\n<figure class=\"wp-block-image size-large\"><img loading=\"lazy\" decoding=\"async\" width=\"1024\" height=\"577\" data-id=\"12530\" src=\"https:\/\/www.saint-paul-angouleme.fr\/application\/wp-content\/uploads\/2025\/07\/ACCUEIL_CM2_Pti_DEJ-12-1024x577.jpg\" alt=\"\" class=\"wp-image-12530\" srcset=\"https:\/\/www.saint-paul-angouleme.fr\/application\/wp-content\/uploads\/2025\/07\/ACCUEIL_CM2_Pti_DEJ-12-1024x577.jpg 1024w, https:\/\/www.saint-paul-angouleme.fr\/application\/wp-content\/uploads\/2025\/07\/ACCUEIL_CM2_Pti_DEJ-12-300x169.jpg 300w, https:\/\/www.saint-paul-angouleme.fr\/application\/wp-content\/uploads\/2025\/07\/ACCUEIL_CM2_Pti_DEJ-12-768x432.jpg 768w, https:\/\/www.saint-paul-angouleme.fr\/application\/wp-content\/uploads\/2025\/07\/ACCUEIL_CM2_Pti_DEJ-12.jpg 1410w\" sizes=\"(max-width: 1024px) 100vw, 1024px\" \/><\/figure>\n\n\n\n<figure class=\"wp-block-image size-large\"><img loading=\"lazy\" decoding=\"async\" width=\"1024\" height=\"577\" data-id=\"12531\" src=\"https:\/\/www.saint-paul-angouleme.fr\/application\/wp-content\/uploads\/2025\/07\/ACCUEIL_CM2_Pti_DEJ-13-1024x577.jpg\" alt=\"\" class=\"wp-image-12531\" srcset=\"https:\/\/www.saint-paul-angouleme.fr\/application\/wp-content\/uploads\/2025\/07\/ACCUEIL_CM2_Pti_DEJ-13-1024x577.jpg 1024w, https:\/\/www.saint-paul-angouleme.fr\/application\/wp-content\/uploads\/2025\/07\/ACCUEIL_CM2_Pti_DEJ-13-300x169.jpg 300w, https:\/\/www.saint-paul-angouleme.fr\/application\/wp-content\/uploads\/2025\/07\/ACCUEIL_CM2_Pti_DEJ-13-768x432.jpg 768w, https:\/\/www.saint-paul-angouleme.fr\/application\/wp-content\/uploads\/2025\/07\/ACCUEIL_CM2_Pti_DEJ-13.jpg 1410w\" sizes=\"(max-width: 1024px) 100vw, 1024px\" \/><\/figure>\n\n\n\n<figure class=\"wp-block-image size-large\"><img loading=\"lazy\" decoding=\"async\" width=\"1024\" height=\"577\" data-id=\"12532\" src=\"https:\/\/www.saint-paul-angouleme.fr\/application\/wp-content\/uploads\/2025\/07\/ACCUEIL_CM2_Pti_DEJ-14-1024x577.jpg\" alt=\"\" class=\"wp-image-12532\" srcset=\"https:\/\/www.saint-paul-angouleme.fr\/application\/wp-content\/uploads\/2025\/07\/ACCUEIL_CM2_Pti_DEJ-14-1024x577.jpg 1024w, https:\/\/www.saint-paul-angouleme.fr\/application\/wp-content\/uploads\/2025\/07\/ACCUEIL_CM2_Pti_DEJ-14-300x169.jpg 300w, https:\/\/www.saint-paul-angouleme.fr\/application\/wp-content\/uploads\/2025\/07\/ACCUEIL_CM2_Pti_DEJ-14-768x432.jpg 768w, https:\/\/www.saint-paul-angouleme.fr\/application\/wp-content\/uploads\/2025\/07\/ACCUEIL_CM2_Pti_DEJ-14.jpg 1410w\" sizes=\"(max-width: 1024px) 100vw, 1024px\" \/><\/figure>\n<\/figure>\n","protected":false},"excerpt":{"rendered":"<p>Du 16 au 19 juin 2025, comme l&#8217;an dernier, des petits groupes d&#8217;\u00e9l\u00e8ves de CM2 sont venus au coll\u00e8ge Saint-Paul pour une matin\u00e9e d&#8217;immersion. Ils viennent de diff\u00e9rents \u00e9tablissements : \u00e9cole Notre-Dame de La Couronne, \u00e9cole de l\u2019Enfant J\u00e9sus, \u00e9cole Sainte Marthe Chavagne et Saint-Paul bien s\u00fbr (l&#8217;\u00e9cole est en effet sur un autre lieu). &#8230; <a title=\"Des CM2 en immersion \u00e0 Saint-Paul\" class=\"read-more\" href=\"https:\/\/www.saint-paul-angouleme.fr\/application\/des-cm2-en-immersion-a-saint-paul\/\" aria-label=\"Read more about Des CM2 en immersion \u00e0 Saint-Paul\">Lire la suite<\/a><\/p>\n","protected":false},"author":3,"featured_media":12533,"comment_status":"open","ping_status":"open","sticky":false,"template":"","format":"standard","meta":{"_exactmetrics_skip_tracking":false,"_exactmetrics_sitenote_active":false,"_exactmetrics_sitenote_note":"","_exactmetrics_sitenote_category":0,"footnotes":""},"categories":[13],"tags":[],"class_list":["post-12506","post","type-post","status-publish","format-standard","has-post-thumbnail","hentry","category-pedagogie"],"yoast_head":"<!-- This site is optimized with the Yoast SEO plugin v23.3 - https:\/\/yoast.com\/wordpress\/plugins\/seo\/ -->\n<title>Les CM2, futurs coll\u00e9giens, en immersion \u00e0 Saint-Paul<\/title>\n<meta name=\"description\" content=\"Pour une matin\u00e9e, les futurs coll\u00e9giens encore en CM2, viennent pour une matin\u00e9e en immersion au coll\u00e8ge Saint-Paul.\" \/>\n<meta name=\"robots\" content=\"index, follow, max-snippet:-1, max-image-preview:large, max-video-preview:-1\" \/>\n<link rel=\"canonical\" href=\"https:\/\/www.saint-paul-angouleme.fr\/application\/des-cm2-en-immersion-a-saint-paul\/\" \/>\n<meta property=\"og:locale\" content=\"fr_FR\" \/>\n<meta property=\"og:type\" content=\"article\" \/>\n<meta property=\"og:title\" content=\"Les CM2, futurs coll\u00e9giens, en immersion \u00e0 Saint-Paul\" \/>\n<meta property=\"og:description\" content=\"Pour une matin\u00e9e, les futurs coll\u00e9giens encore en CM2, viennent pour une matin\u00e9e en immersion au coll\u00e8ge Saint-Paul.\" \/>\n<meta property=\"og:url\" content=\"https:\/\/www.saint-paul-angouleme.fr\/application\/des-cm2-en-immersion-a-saint-paul\/\" \/>\n<meta property=\"og:site_name\" content=\"Actualit\u00e9s\" \/>\n<meta property=\"article:publisher\" content=\"https:\/\/www.facebook.com\/SaintPaulAngouleme16\/\" \/>\n<meta property=\"article:published_time\" content=\"2025-06-20T07:45:00+00:00\" \/>\n<meta property=\"article:modified_time\" content=\"2025-07-04T14:47:11+00:00\" \/>\n<meta property=\"og:image\" content=\"https:\/\/www.saint-paul-angouleme.fr\/application\/wp-content\/uploads\/2025\/07\/ACCUEIL_CM2_Pti_DEJ-14-1.jpg\" \/>\n\t<meta property=\"og:image:width\" content=\"1410\" \/>\n\t<meta property=\"og:image:height\" content=\"794\" \/>\n\t<meta property=\"og:image:type\" content=\"image\/jpeg\" \/>\n<meta name=\"author\" content=\"SAINT-PAUL\" \/>\n<meta name=\"twitter:card\" content=\"summary_large_image\" \/>\n<meta name=\"twitter:creator\" content=\"@StPaulAngoulem\" \/>\n<meta name=\"twitter:site\" content=\"@StPaulAngoulem\" \/>\n<meta name=\"twitter:label1\" content=\"\u00c9crit par\" \/>\n\t<meta name=\"twitter:data1\" content=\"SAINT-PAUL\" \/>\n\t<meta name=\"twitter:label2\" content=\"Dur\u00e9e de lecture estim\u00e9e\" \/>\n\t<meta name=\"twitter:data2\" content=\"5 minutes\" \/>\n<script type=\"application\/ld+json\" class=\"yoast-schema-graph\">{\"@context\":\"https:\/\/schema.org\",\"@graph\":[{\"@type\":\"Article\",\"@id\":\"https:\/\/www.saint-paul-angouleme.fr\/application\/des-cm2-en-immersion-a-saint-paul\/#article\",\"isPartOf\":{\"@id\":\"https:\/\/www.saint-paul-angouleme.fr\/application\/des-cm2-en-immersion-a-saint-paul\/\"},\"author\":{\"name\":\"SAINT-PAUL\",\"@id\":\"https:\/\/www.saint-paul-angouleme.fr\/application\/#\/schema\/person\/ea152930b1a3823659065827b1a5fb9b\"},\"headline\":\"Des CM2 en immersion \u00e0 Saint-Paul\",\"datePublished\":\"2025-06-20T07:45:00+00:00\",\"dateModified\":\"2025-07-04T14:47:11+00:00\",\"mainEntityOfPage\":{\"@id\":\"https:\/\/www.saint-paul-angouleme.fr\/application\/des-cm2-en-immersion-a-saint-paul\/\"},\"wordCount\":269,\"commentCount\":0,\"publisher\":{\"@id\":\"https:\/\/www.saint-paul-angouleme.fr\/application\/#organization\"},\"image\":{\"@id\":\"https:\/\/www.saint-paul-angouleme.fr\/application\/des-cm2-en-immersion-a-saint-paul\/#primaryimage\"},\"thumbnailUrl\":\"https:\/\/www.saint-paul-angouleme.fr\/application\/wp-content\/uploads\/2025\/07\/ACCUEIL_CM2_Pti_DEJ-14-1.jpg\",\"articleSection\":[\"P\u00e9dagogie\"],\"inLanguage\":\"fr-FR\",\"potentialAction\":[{\"@type\":\"CommentAction\",\"name\":\"Comment\",\"target\":[\"https:\/\/www.saint-paul-angouleme.fr\/application\/des-cm2-en-immersion-a-saint-paul\/#respond\"]}]},{\"@type\":\"WebPage\",\"@id\":\"https:\/\/www.saint-paul-angouleme.fr\/application\/des-cm2-en-immersion-a-saint-paul\/\",\"url\":\"https:\/\/www.saint-paul-angouleme.fr\/application\/des-cm2-en-immersion-a-saint-paul\/\",\"name\":\"Les CM2, futurs coll\u00e9giens, en immersion \u00e0 Saint-Paul\",\"isPartOf\":{\"@id\":\"https:\/\/www.saint-paul-angouleme.fr\/application\/#website\"},\"primaryImageOfPage\":{\"@id\":\"https:\/\/www.saint-paul-angouleme.fr\/application\/des-cm2-en-immersion-a-saint-paul\/#primaryimage\"},\"image\":{\"@id\":\"https:\/\/www.saint-paul-angouleme.fr\/application\/des-cm2-en-immersion-a-saint-paul\/#primaryimage\"},\"thumbnailUrl\":\"https:\/\/www.saint-paul-angouleme.fr\/application\/wp-content\/uploads\/2025\/07\/ACCUEIL_CM2_Pti_DEJ-14-1.jpg\",\"datePublished\":\"2025-06-20T07:45:00+00:00\",\"dateModified\":\"2025-07-04T14:47:11+00:00\",\"description\":\"Pour une matin\u00e9e, les futurs coll\u00e9giens encore en CM2, viennent pour une matin\u00e9e en immersion au coll\u00e8ge Saint-Paul.\",\"breadcrumb\":{\"@id\":\"https:\/\/www.saint-paul-angouleme.fr\/application\/des-cm2-en-immersion-a-saint-paul\/#breadcrumb\"},\"inLanguage\":\"fr-FR\",\"potentialAction\":[{\"@type\":\"ReadAction\",\"target\":[\"https:\/\/www.saint-paul-angouleme.fr\/application\/des-cm2-en-immersion-a-saint-paul\/\"]}]},{\"@type\":\"ImageObject\",\"inLanguage\":\"fr-FR\",\"@id\":\"https:\/\/www.saint-paul-angouleme.fr\/application\/des-cm2-en-immersion-a-saint-paul\/#primaryimage\",\"url\":\"https:\/\/www.saint-paul-angouleme.fr\/application\/wp-content\/uploads\/2025\/07\/ACCUEIL_CM2_Pti_DEJ-14-1.jpg\",\"contentUrl\":\"https:\/\/www.saint-paul-angouleme.fr\/application\/wp-content\/uploads\/2025\/07\/ACCUEIL_CM2_Pti_DEJ-14-1.jpg\",\"width\":1410,\"height\":794},{\"@type\":\"BreadcrumbList\",\"@id\":\"https:\/\/www.saint-paul-angouleme.fr\/application\/des-cm2-en-immersion-a-saint-paul\/#breadcrumb\",\"itemListElement\":[{\"@type\":\"ListItem\",\"position\":1,\"name\":\"Accueil\",\"item\":\"http:\/\/www.saint-paul-angouleme.fr\/application\/\"},{\"@type\":\"ListItem\",\"position\":2,\"name\":\"Des CM2 en immersion \u00e0 Saint-Paul\"}]},{\"@type\":\"WebSite\",\"@id\":\"https:\/\/www.saint-paul-angouleme.fr\/application\/#website\",\"url\":\"https:\/\/www.saint-paul-angouleme.fr\/application\/\",\"name\":\"Actualit\u00e9s\",\"description\":\"Actualit\u00e9s Saint Paul\",\"publisher\":{\"@id\":\"https:\/\/www.saint-paul-angouleme.fr\/application\/#organization\"},\"potentialAction\":[{\"@type\":\"SearchAction\",\"target\":{\"@type\":\"EntryPoint\",\"urlTemplate\":\"https:\/\/www.saint-paul-angouleme.fr\/application\/?s={search_term_string}\"},\"query-input\":\"required name=search_term_string\"}],\"inLanguage\":\"fr-FR\"},{\"@type\":\"Organization\",\"@id\":\"https:\/\/www.saint-paul-angouleme.fr\/application\/#organization\",\"name\":\"Ensemble scolaire Saint-Paul\",\"url\":\"https:\/\/www.saint-paul-angouleme.fr\/application\/\",\"logo\":{\"@type\":\"ImageObject\",\"inLanguage\":\"fr-FR\",\"@id\":\"https:\/\/www.saint-paul-angouleme.fr\/application\/#\/schema\/logo\/image\/\",\"url\":\"https:\/\/www.saint-paul-angouleme.fr\/application\/wp-content\/uploads\/2018\/08\/logo-saint-paul-couleurs.jpg\",\"contentUrl\":\"https:\/\/www.saint-paul-angouleme.fr\/application\/wp-content\/uploads\/2018\/08\/logo-saint-paul-couleurs.jpg\",\"width\":1890,\"height\":709,\"caption\":\"Ensemble scolaire Saint-Paul\"},\"image\":{\"@id\":\"https:\/\/www.saint-paul-angouleme.fr\/application\/#\/schema\/logo\/image\/\"},\"sameAs\":[\"https:\/\/www.facebook.com\/SaintPaulAngouleme16\/\",\"https:\/\/x.com\/StPaulAngoulem\",\"https:\/\/www.youtube.com\/channel\/UCRLpz1CmPVqc0gn--YyXvjA?view_as=subscriber\"]},{\"@type\":\"Person\",\"@id\":\"https:\/\/www.saint-paul-angouleme.fr\/application\/#\/schema\/person\/ea152930b1a3823659065827b1a5fb9b\",\"name\":\"SAINT-PAUL\",\"image\":{\"@type\":\"ImageObject\",\"inLanguage\":\"fr-FR\",\"@id\":\"https:\/\/www.saint-paul-angouleme.fr\/application\/#\/schema\/person\/image\/\",\"url\":\"https:\/\/secure.gravatar.com\/avatar\/eadb0ffebc02683a61d69038eb2924f0?s=96&r=g\",\"contentUrl\":\"https:\/\/secure.gravatar.com\/avatar\/eadb0ffebc02683a61d69038eb2924f0?s=96&r=g\",\"caption\":\"SAINT-PAUL\"},\"url\":\"https:\/\/www.saint-paul-angouleme.fr\/application\/author\/myriam\/\"}]}<\/script>\n<!-- \/ Yoast SEO plugin. -->","yoast_head_json":{"title":"Les CM2, futurs coll\u00e9giens, en immersion \u00e0 Saint-Paul","description":"Pour une matin\u00e9e, les futurs coll\u00e9giens encore en CM2, viennent pour une matin\u00e9e en immersion au coll\u00e8ge Saint-Paul.","robots":{"index":"index","follow":"follow","max-snippet":"max-snippet:-1","max-image-preview":"max-image-preview:large","max-video-preview":"max-video-preview:-1"},"canonical":"https:\/\/www.saint-paul-angouleme.fr\/application\/des-cm2-en-immersion-a-saint-paul\/","og_locale":"fr_FR","og_type":"article","og_title":"Les CM2, futurs coll\u00e9giens, en immersion \u00e0 Saint-Paul","og_description":"Pour une matin\u00e9e, les futurs coll\u00e9giens encore en CM2, viennent pour une matin\u00e9e en immersion au coll\u00e8ge Saint-Paul.","og_url":"https:\/\/www.saint-paul-angouleme.fr\/application\/des-cm2-en-immersion-a-saint-paul\/","og_site_name":"Actualit\u00e9s","article_publisher":"https:\/\/www.facebook.com\/SaintPaulAngouleme16\/","article_published_time":"2025-06-20T07:45:00+00:00","article_modified_time":"2025-07-04T14:47:11+00:00","og_image":[{"width":1410,"height":794,"url":"https:\/\/www.saint-paul-angouleme.fr\/application\/wp-content\/uploads\/2025\/07\/ACCUEIL_CM2_Pti_DEJ-14-1.jpg","type":"image\/jpeg"}],"author":"SAINT-PAUL","twitter_card":"summary_large_image","twitter_creator":"@StPaulAngoulem","twitter_site":"@StPaulAngoulem","twitter_misc":{"\u00c9crit par":"SAINT-PAUL","Dur\u00e9e de lecture estim\u00e9e":"5 minutes"},"schema":{"@context":"https:\/\/schema.org","@graph":[{"@type":"Article","@id":"https:\/\/www.saint-paul-angouleme.fr\/application\/des-cm2-en-immersion-a-saint-paul\/#article","isPartOf":{"@id":"https:\/\/www.saint-paul-angouleme.fr\/application\/des-cm2-en-immersion-a-saint-paul\/"},"author":{"name":"SAINT-PAUL","@id":"https:\/\/www.saint-paul-angouleme.fr\/application\/#\/schema\/person\/ea152930b1a3823659065827b1a5fb9b"},"headline":"Des CM2 en immersion \u00e0 Saint-Paul","datePublished":"2025-06-20T07:45:00+00:00","dateModified":"2025-07-04T14:47:11+00:00","mainEntityOfPage":{"@id":"https:\/\/www.saint-paul-angouleme.fr\/application\/des-cm2-en-immersion-a-saint-paul\/"},"wordCount":269,"commentCount":0,"publisher":{"@id":"https:\/\/www.saint-paul-angouleme.fr\/application\/#organization"},"image":{"@id":"https:\/\/www.saint-paul-angouleme.fr\/application\/des-cm2-en-immersion-a-saint-paul\/#primaryimage"},"thumbnailUrl":"https:\/\/www.saint-paul-angouleme.fr\/application\/wp-content\/uploads\/2025\/07\/ACCUEIL_CM2_Pti_DEJ-14-1.jpg","articleSection":["P\u00e9dagogie"],"inLanguage":"fr-FR","potentialAction":[{"@type":"CommentAction","name":"Comment","target":["https:\/\/www.saint-paul-angouleme.fr\/application\/des-cm2-en-immersion-a-saint-paul\/#respond"]}]},{"@type":"WebPage","@id":"https:\/\/www.saint-paul-angouleme.fr\/application\/des-cm2-en-immersion-a-saint-paul\/","url":"https:\/\/www.saint-paul-angouleme.fr\/application\/des-cm2-en-immersion-a-saint-paul\/","name":"Les CM2, futurs coll\u00e9giens, en immersion \u00e0 Saint-Paul","isPartOf":{"@id":"https:\/\/www.saint-paul-angouleme.fr\/application\/#website"},"primaryImageOfPage":{"@id":"https:\/\/www.saint-paul-angouleme.fr\/application\/des-cm2-en-immersion-a-saint-paul\/#primaryimage"},"image":{"@id":"https:\/\/www.saint-paul-angouleme.fr\/application\/des-cm2-en-immersion-a-saint-paul\/#primaryimage"},"thumbnailUrl":"https:\/\/www.saint-paul-angouleme.fr\/application\/wp-content\/uploads\/2025\/07\/ACCUEIL_CM2_Pti_DEJ-14-1.jpg","datePublished":"2025-06-20T07:45:00+00:00","dateModified":"2025-07-04T14:47:11+00:00","description":"Pour une matin\u00e9e, les futurs coll\u00e9giens encore en CM2, viennent pour une matin\u00e9e en immersion au coll\u00e8ge Saint-Paul.","breadcrumb":{"@id":"https:\/\/www.saint-paul-angouleme.fr\/application\/des-cm2-en-immersion-a-saint-paul\/#breadcrumb"},"inLanguage":"fr-FR","potentialAction":[{"@type":"ReadAction","target":["https:\/\/www.saint-paul-angouleme.fr\/application\/des-cm2-en-immersion-a-saint-paul\/"]}]},{"@type":"ImageObject","inLanguage":"fr-FR","@id":"https:\/\/www.saint-paul-angouleme.fr\/application\/des-cm2-en-immersion-a-saint-paul\/#primaryimage","url":"https:\/\/www.saint-paul-angouleme.fr\/application\/wp-content\/uploads\/2025\/07\/ACCUEIL_CM2_Pti_DEJ-14-1.jpg","contentUrl":"https:\/\/www.saint-paul-angouleme.fr\/application\/wp-content\/uploads\/2025\/07\/ACCUEIL_CM2_Pti_DEJ-14-1.jpg","width":1410,"height":794},{"@type":"BreadcrumbList","@id":"https:\/\/www.saint-paul-angouleme.fr\/application\/des-cm2-en-immersion-a-saint-paul\/#breadcrumb","itemListElement":[{"@type":"ListItem","position":1,"name":"Accueil","item":"http:\/\/www.saint-paul-angouleme.fr\/application\/"},{"@type":"ListItem","position":2,"name":"Des CM2 en immersion \u00e0 Saint-Paul"}]},{"@type":"WebSite","@id":"https:\/\/www.saint-paul-angouleme.fr\/application\/#website","url":"https:\/\/www.saint-paul-angouleme.fr\/application\/","name":"Actualit\u00e9s","description":"Actualit\u00e9s Saint Paul","publisher":{"@id":"https:\/\/www.saint-paul-angouleme.fr\/application\/#organization"},"potentialAction":[{"@type":"SearchAction","target":{"@type":"EntryPoint","urlTemplate":"https:\/\/www.saint-paul-angouleme.fr\/application\/?s={search_term_string}"},"query-input":"required name=search_term_string"}],"inLanguage":"fr-FR"},{"@type":"Organization","@id":"https:\/\/www.saint-paul-angouleme.fr\/application\/#organization","name":"Ensemble scolaire Saint-Paul","url":"https:\/\/www.saint-paul-angouleme.fr\/application\/","logo":{"@type":"ImageObject","inLanguage":"fr-FR","@id":"https:\/\/www.saint-paul-angouleme.fr\/application\/#\/schema\/logo\/image\/","url":"https:\/\/www.saint-paul-angouleme.fr\/application\/wp-content\/uploads\/2018\/08\/logo-saint-paul-couleurs.jpg","contentUrl":"https:\/\/www.saint-paul-angouleme.fr\/application\/wp-content\/uploads\/2018\/08\/logo-saint-paul-couleurs.jpg","width":1890,"height":709,"caption":"Ensemble scolaire Saint-Paul"},"image":{"@id":"https:\/\/www.saint-paul-angouleme.fr\/application\/#\/schema\/logo\/image\/"},"sameAs":["https:\/\/www.facebook.com\/SaintPaulAngouleme16\/","https:\/\/x.com\/StPaulAngoulem","https:\/\/www.youtube.com\/channel\/UCRLpz1CmPVqc0gn--YyXvjA?view_as=subscriber"]},{"@type":"Person","@id":"https:\/\/www.saint-paul-angouleme.fr\/application\/#\/schema\/person\/ea152930b1a3823659065827b1a5fb9b","name":"SAINT-PAUL","image":{"@type":"ImageObject","inLanguage":"fr-FR","@id":"https:\/\/www.saint-paul-angouleme.fr\/application\/#\/schema\/person\/image\/","url":"https:\/\/secure.gravatar.com\/avatar\/eadb0ffebc02683a61d69038eb2924f0?s=96&r=g","contentUrl":"https:\/\/secure.gravatar.com\/avatar\/eadb0ffebc02683a61d69038eb2924f0?s=96&r=g","caption":"SAINT-PAUL"},"url":"https:\/\/www.saint-paul-angouleme.fr\/application\/author\/myriam\/"}]}},"_links":{"self":[{"href":"https:\/\/www.saint-paul-angouleme.fr\/application\/wp-json\/wp\/v2\/posts\/12506"}],"collection":[{"href":"https:\/\/www.saint-paul-angouleme.fr\/application\/wp-json\/wp\/v2\/posts"}],"about":[{"href":"https:\/\/www.saint-paul-angouleme.fr\/application\/wp-json\/wp\/v2\/types\/post"}],"author":[{"embeddable":true,"href":"https:\/\/www.saint-paul-angouleme.fr\/application\/wp-json\/wp\/v2\/users\/3"}],"replies":[{"embeddable":true,"href":"https:\/\/www.saint-paul-angouleme.fr\/application\/wp-json\/wp\/v2\/comments?post=12506"}],"version-history":[{"count":12,"href":"https:\/\/www.saint-paul-angouleme.fr\/application\/wp-json\/wp\/v2\/posts\/12506\/revisions"}],"predecessor-version":[{"id":12535,"href":"https:\/\/www.saint-paul-angouleme.fr\/application\/wp-json\/wp\/v2\/posts\/12506\/revisions\/12535"}],"wp:featuredmedia":[{"embeddable":true,"href":"https:\/\/www.saint-paul-angouleme.fr\/application\/wp-json\/wp\/v2\/media\/12533"}],"wp:attachment":[{"href":"https:\/\/www.saint-paul-angouleme.fr\/application\/wp-json\/wp\/v2\/media?parent=12506"}],"wp:term":[{"taxonomy":"category","embeddable":true,"href":"https:\/\/www.saint-paul-angouleme.fr\/application\/wp-json\/wp\/v2\/categories?post=12506"},{"taxonomy":"post_tag","embeddable":true,"href":"https:\/\/www.saint-paul-angouleme.fr\/application\/wp-json\/wp\/v2\/tags?post=12506"}],"curies":[{"name":"wp","href":"https:\/\/api.w.org\/{rel}","templated":true}]}}