{"id":12009,"date":"2025-04-08T08:21:00","date_gmt":"2025-04-08T06:21:00","guid":{"rendered":"https:\/\/www.saint-paul-angouleme.fr\/application\/?p=12009"},"modified":"2025-04-14T17:31:58","modified_gmt":"2025-04-14T15:31:58","slug":"des-bikers-sensibilisent-a-la-lutte-contre-le-harcelement","status":"publish","type":"post","link":"https:\/\/www.saint-paul-angouleme.fr\/application\/des-bikers-sensibilisent-a-la-lutte-contre-le-harcelement\/","title":{"rendered":"Des bikers sensibilisent \u00e0 la lutte contre le harc\u00e8lement"},"content":{"rendered":"\n<figure class=\"wp-block-image size-large\"><img loading=\"lazy\" decoding=\"async\" width=\"1024\" height=\"768\" src=\"https:\/\/www.saint-paul-angouleme.fr\/application\/wp-content\/uploads\/2025\/04\/Intervention-bikers-le-4-avril-2025-2-1024x768.jpg\" alt=\"Des \u00e9l\u00e8ves attentifs aux Bikers contre le Harc\u00e8lement\" class=\"wp-image-12012\" srcset=\"https:\/\/www.saint-paul-angouleme.fr\/application\/wp-content\/uploads\/2025\/04\/Intervention-bikers-le-4-avril-2025-2-1024x768.jpg 1024w, https:\/\/www.saint-paul-angouleme.fr\/application\/wp-content\/uploads\/2025\/04\/Intervention-bikers-le-4-avril-2025-2-300x225.jpg 300w, https:\/\/www.saint-paul-angouleme.fr\/application\/wp-content\/uploads\/2025\/04\/Intervention-bikers-le-4-avril-2025-2-768x576.jpg 768w, https:\/\/www.saint-paul-angouleme.fr\/application\/wp-content\/uploads\/2025\/04\/Intervention-bikers-le-4-avril-2025-2-1536x1152.jpg 1536w, https:\/\/www.saint-paul-angouleme.fr\/application\/wp-content\/uploads\/2025\/04\/Intervention-bikers-le-4-avril-2025-2.jpg 2000w\" sizes=\"(max-width: 1024px) 100vw, 1024px\" \/><\/figure>\n\n\n\n<p><\/p>\n\n\n\n<p>Le vendredi 4 avril 2025 Saint-Paul est ravi d&#8217;accueillir des membres de l&#8217;association &#8220;Biker Contre le Harc\u00e8lement&#8221; (<a href=\"https:\/\/bikercontreharcelement.fr\/\">BCH<\/a>). Cette intervention s&#8217;inscrit dans la continuit\u00e9 des actions men\u00e9es pour la lutte contre le harc\u00e8lement. Cela prend place aussi dans notre Projet d&#8217;Etablissement : &#8220;Am\u00e9liorer le climat scolaire&#8221;. L&#8217;an dernier des ateliers avaient \u00e9t\u00e9 mis en place ainsi qu&#8217;un <a href=\"https:\/\/www.saint-paul-angouleme.fr\/application\/cyberharcelement-sensibiliser-aux-bons-usages-dinternet\/\">concours d&#8217;affiches<\/a>. Le th\u00e8me \u00e9tait : le cyberharc\u00e8lement. <\/p>\n\n\n\n<p><br>C\u2019est \u00e0 l\u2019initiative de deux \u00e9l\u00e8ves de l\u2019atelier de sensibilisation pour lutter contre le harc\u00e8lement que cette association avait \u00e9t\u00e9 contact\u00e9e l\u2019ann\u00e9e derni\u00e8re.<br>Cette ann\u00e9e donc, quatre b\u00e9n\u00e9voles sont intervenus sur toutes les classes de 5\u00e8me. Les \u00e9l\u00e8ves ont pu \u00e9changer avec les intervenants bikers. De fait, les intervenants ont expliquer la mission de l&#8217;association (&#8220;informer et venir en aide aux enfants harcel\u00e9s&#8221;). Ils n&#8217;h\u00e9sitent d&#8217;ailleurs pas \u00e0 venir les chercher \u00e0 l&#8217;\u00e9cole en cas de besoin. <\/p>\n\n\n\n<p><\/p>\n\n\n\n<figure class=\"wp-block-image size-large\"><img loading=\"lazy\" decoding=\"async\" width=\"1024\" height=\"479\" src=\"https:\/\/www.saint-paul-angouleme.fr\/application\/wp-content\/uploads\/2025\/04\/Capture-decran-2025-04-14-155627-1024x479.png\" alt=\"Site Bikers contre le harc\u00e8lement : site\" class=\"wp-image-12016\" srcset=\"https:\/\/www.saint-paul-angouleme.fr\/application\/wp-content\/uploads\/2025\/04\/Capture-decran-2025-04-14-155627-1024x479.png 1024w, https:\/\/www.saint-paul-angouleme.fr\/application\/wp-content\/uploads\/2025\/04\/Capture-decran-2025-04-14-155627-300x140.png 300w, https:\/\/www.saint-paul-angouleme.fr\/application\/wp-content\/uploads\/2025\/04\/Capture-decran-2025-04-14-155627-768x359.png 768w, https:\/\/www.saint-paul-angouleme.fr\/application\/wp-content\/uploads\/2025\/04\/Capture-decran-2025-04-14-155627-1536x718.png 1536w, https:\/\/www.saint-paul-angouleme.fr\/application\/wp-content\/uploads\/2025\/04\/Capture-decran-2025-04-14-155627.png 1899w\" sizes=\"(max-width: 1024px) 100vw, 1024px\" \/><\/figure>\n\n\n\n<p><\/p>\n\n\n\n<p>C&#8217;est aussi l&#8217;occasion de pr\u00e9senter les diff\u00e9rentes formes de harc\u00e8lement : physique, verbal, social, cyber, sexuel ou de rue. Il est aussi question des acteurs dans la situation de harc\u00e8lement (harceleur, t\u00e9moins, victime) et de l&#8217;importance du r\u00f4le que jouent les t\u00e9moins. Un t\u00e9moin intelligent n&#8217;est pas une &#8220;balance&#8221;, au contraire il porte secours \u00e0 son copain et peut m\u00eame lui sauver la vie. Il existe des fa\u00e7ons discr\u00e8tes de pouvoir pr\u00e9venir un adulte. <\/p>\n\n\n\n<figure class=\"wp-block-image size-full\"><img loading=\"lazy\" decoding=\"async\" width=\"745\" height=\"485\" src=\"https:\/\/www.saint-paul-angouleme.fr\/application\/wp-content\/uploads\/2025\/04\/actu-harcelement2.png\" alt=\"Num\u00e9ro en cas decyberharc\u00e8lement\" class=\"wp-image-12018\" srcset=\"https:\/\/www.saint-paul-angouleme.fr\/application\/wp-content\/uploads\/2025\/04\/actu-harcelement2.png 745w, https:\/\/www.saint-paul-angouleme.fr\/application\/wp-content\/uploads\/2025\/04\/actu-harcelement2-300x195.png 300w\" sizes=\"(max-width: 745px) 100vw, 745px\" \/><\/figure>\n\n\n\n<p><\/p>\n\n\n\n<p>Dans les \u00e9changes, il est important de leur faire prendre conscience de leurs actes et paroles et des cons\u00e9quences qui en d\u00e9coulent. C&#8217;est l\u00e0 que sont \u00e9voqu\u00e9es quelques bases des sanctions p\u00e9nales encourues. Paroles d\u2019\u00e9l\u00e8ves : \u00ab C\u2019\u00e9tait super, ils nous ont bien expliqu\u00e9 \u00bb, \u00ab ils nous ont montr\u00e9 comment agir en cas de harc\u00e8lement\u00bb.<\/p>\n\n\n\n<p><br>En octobre dernier, une avocate avait sensibilis\u00e9 ces m\u00eames \u00e9l\u00e8ves sur cette th\u00e9matique. Toutes les classes de 6\u00e8me et de 4\u00e8me ont pu assister, en f\u00e9vrier, \u00e0 l\u2019intervention d\u2019une psychologue. Sensibiliser, en parler, c\u2019est lutter !<\/p>\n\n\n\n<p><\/p>\n\n\n\n<blockquote class=\"wp-block-quote is-layout-flow wp-block-quote-is-layout-flow\">\n<p class=\"has-text-align-center\">Le courage n&#8217;est pas l&#8217;absence de peur mais la capacit\u00e9 de vaincre ce qui fait peur.<\/p>\n<cite>Nelson MANDELA<\/cite><\/blockquote>\n\n\n\n<p><\/p>\n\n\n\n<figure class=\"wp-block-gallery has-nested-images columns-default is-cropped wp-block-gallery-1 is-layout-flex wp-block-gallery-is-layout-flex\">\n<figure class=\"wp-block-image size-large\"><img loading=\"lazy\" decoding=\"async\" width=\"1024\" height=\"768\" data-id=\"12023\" src=\"https:\/\/www.saint-paul-angouleme.fr\/application\/wp-content\/uploads\/2025\/04\/Intervention-Bikers-le-4-avril-2025-1-3-1024x768.jpg\" alt=\"\" class=\"wp-image-12023\" srcset=\"https:\/\/www.saint-paul-angouleme.fr\/application\/wp-content\/uploads\/2025\/04\/Intervention-Bikers-le-4-avril-2025-1-3-1024x768.jpg 1024w, https:\/\/www.saint-paul-angouleme.fr\/application\/wp-content\/uploads\/2025\/04\/Intervention-Bikers-le-4-avril-2025-1-3-300x225.jpg 300w, https:\/\/www.saint-paul-angouleme.fr\/application\/wp-content\/uploads\/2025\/04\/Intervention-Bikers-le-4-avril-2025-1-3-768x576.jpg 768w, https:\/\/www.saint-paul-angouleme.fr\/application\/wp-content\/uploads\/2025\/04\/Intervention-Bikers-le-4-avril-2025-1-3-1536x1152.jpg 1536w, https:\/\/www.saint-paul-angouleme.fr\/application\/wp-content\/uploads\/2025\/04\/Intervention-Bikers-le-4-avril-2025-1-3.jpg 2000w\" sizes=\"(max-width: 1024px) 100vw, 1024px\" \/><\/figure>\n\n\n\n<figure class=\"wp-block-image size-large\"><img loading=\"lazy\" decoding=\"async\" width=\"1024\" height=\"768\" data-id=\"12024\" src=\"https:\/\/www.saint-paul-angouleme.fr\/application\/wp-content\/uploads\/2025\/04\/20250404_101046-1024x768.jpg\" alt=\"\" class=\"wp-image-12024\" srcset=\"https:\/\/www.saint-paul-angouleme.fr\/application\/wp-content\/uploads\/2025\/04\/20250404_101046-1024x768.jpg 1024w, https:\/\/www.saint-paul-angouleme.fr\/application\/wp-content\/uploads\/2025\/04\/20250404_101046-300x225.jpg 300w, https:\/\/www.saint-paul-angouleme.fr\/application\/wp-content\/uploads\/2025\/04\/20250404_101046-768x576.jpg 768w, https:\/\/www.saint-paul-angouleme.fr\/application\/wp-content\/uploads\/2025\/04\/20250404_101046-1536x1152.jpg 1536w, https:\/\/www.saint-paul-angouleme.fr\/application\/wp-content\/uploads\/2025\/04\/20250404_101046-2048x1536.jpg 2048w\" sizes=\"(max-width: 1024px) 100vw, 1024px\" \/><\/figure>\n<\/figure>\n","protected":false},"excerpt":{"rendered":"<p>Le vendredi 4 avril 2025 Saint-Paul est ravi d&#8217;accueillir des membres de l&#8217;association &#8220;Biker Contre le Harc\u00e8lement&#8221; (BCH). Cette intervention s&#8217;inscrit dans la continuit\u00e9 des actions men\u00e9es pour la lutte contre le harc\u00e8lement. Cela prend place aussi dans notre Projet d&#8217;Etablissement : &#8220;Am\u00e9liorer le climat scolaire&#8221;. L&#8217;an dernier des ateliers avaient \u00e9t\u00e9 mis en place &#8230; <a title=\"Des bikers sensibilisent \u00e0 la lutte contre le harc\u00e8lement\" class=\"read-more\" href=\"https:\/\/www.saint-paul-angouleme.fr\/application\/des-bikers-sensibilisent-a-la-lutte-contre-le-harcelement\/\" aria-label=\"Read more about Des bikers sensibilisent \u00e0 la lutte contre le harc\u00e8lement\">Lire la suite<\/a><\/p>\n","protected":false},"author":3,"featured_media":12010,"comment_status":"open","ping_status":"open","sticky":false,"template":"","format":"standard","meta":{"_exactmetrics_skip_tracking":false,"_exactmetrics_sitenote_active":false,"_exactmetrics_sitenote_note":"","_exactmetrics_sitenote_category":0,"footnotes":""},"categories":[13],"tags":[],"class_list":["post-12009","post","type-post","status-publish","format-standard","has-post-thumbnail","hentry","category-pedagogie"],"yoast_head":"<!-- This site is optimized with the Yoast SEO plugin v23.3 - https:\/\/yoast.com\/wordpress\/plugins\/seo\/ -->\n<title>Harc\u00e8lement : les bikers sensibilisent nos \u00e9l\u00e8ves<\/title>\n<meta name=\"description\" content=\"L&#039;association &quot;Bikers contre le harc\u00e8lement&quot; est venue \u00e0 la rencontre de nos \u00e9l\u00e8ves de 5\u00e8me afin de les sensibiliser \u00e0 cette question.\" \/>\n<meta name=\"robots\" content=\"index, follow, max-snippet:-1, max-image-preview:large, max-video-preview:-1\" \/>\n<link rel=\"canonical\" href=\"https:\/\/www.saint-paul-angouleme.fr\/application\/des-bikers-sensibilisent-a-la-lutte-contre-le-harcelement\/\" \/>\n<meta property=\"og:locale\" content=\"fr_FR\" \/>\n<meta property=\"og:type\" content=\"article\" \/>\n<meta property=\"og:title\" content=\"Harc\u00e8lement : les bikers sensibilisent nos \u00e9l\u00e8ves\" \/>\n<meta property=\"og:description\" content=\"L&#039;association &quot;Bikers contre le harc\u00e8lement&quot; est venue \u00e0 la rencontre de nos \u00e9l\u00e8ves de 5\u00e8me afin de les sensibiliser \u00e0 cette question.\" \/>\n<meta property=\"og:url\" content=\"https:\/\/www.saint-paul-angouleme.fr\/application\/des-bikers-sensibilisent-a-la-lutte-contre-le-harcelement\/\" \/>\n<meta property=\"og:site_name\" content=\"Actualit\u00e9s\" \/>\n<meta property=\"article:publisher\" content=\"https:\/\/www.facebook.com\/SaintPaulAngouleme16\/\" \/>\n<meta property=\"article:published_time\" content=\"2025-04-08T06:21:00+00:00\" \/>\n<meta property=\"article:modified_time\" content=\"2025-04-14T15:31:58+00:00\" \/>\n<meta property=\"og:image\" content=\"https:\/\/www.saint-paul-angouleme.fr\/application\/wp-content\/uploads\/2025\/04\/20250404_101053-scaled.jpg\" \/>\n\t<meta property=\"og:image:width\" content=\"2560\" \/>\n\t<meta property=\"og:image:height\" content=\"1920\" \/>\n\t<meta property=\"og:image:type\" content=\"image\/jpeg\" \/>\n<meta name=\"author\" content=\"SAINT-PAUL\" \/>\n<meta name=\"twitter:card\" content=\"summary_large_image\" \/>\n<meta name=\"twitter:creator\" content=\"@StPaulAngoulem\" \/>\n<meta name=\"twitter:site\" content=\"@StPaulAngoulem\" \/>\n<meta name=\"twitter:label1\" content=\"\u00c9crit par\" \/>\n\t<meta name=\"twitter:data1\" content=\"SAINT-PAUL\" \/>\n\t<meta name=\"twitter:label2\" content=\"Dur\u00e9e de lecture estim\u00e9e\" \/>\n\t<meta name=\"twitter:data2\" content=\"3 minutes\" \/>\n<script type=\"application\/ld+json\" class=\"yoast-schema-graph\">{\"@context\":\"https:\/\/schema.org\",\"@graph\":[{\"@type\":\"Article\",\"@id\":\"https:\/\/www.saint-paul-angouleme.fr\/application\/des-bikers-sensibilisent-a-la-lutte-contre-le-harcelement\/#article\",\"isPartOf\":{\"@id\":\"https:\/\/www.saint-paul-angouleme.fr\/application\/des-bikers-sensibilisent-a-la-lutte-contre-le-harcelement\/\"},\"author\":{\"name\":\"SAINT-PAUL\",\"@id\":\"https:\/\/www.saint-paul-angouleme.fr\/application\/#\/schema\/person\/ea152930b1a3823659065827b1a5fb9b\"},\"headline\":\"Des bikers sensibilisent \u00e0 la lutte contre le harc\u00e8lement\",\"datePublished\":\"2025-04-08T06:21:00+00:00\",\"dateModified\":\"2025-04-14T15:31:58+00:00\",\"mainEntityOfPage\":{\"@id\":\"https:\/\/www.saint-paul-angouleme.fr\/application\/des-bikers-sensibilisent-a-la-lutte-contre-le-harcelement\/\"},\"wordCount\":386,\"commentCount\":0,\"publisher\":{\"@id\":\"https:\/\/www.saint-paul-angouleme.fr\/application\/#organization\"},\"image\":{\"@id\":\"https:\/\/www.saint-paul-angouleme.fr\/application\/des-bikers-sensibilisent-a-la-lutte-contre-le-harcelement\/#primaryimage\"},\"thumbnailUrl\":\"https:\/\/www.saint-paul-angouleme.fr\/application\/wp-content\/uploads\/2025\/04\/20250404_101053-scaled.jpg\",\"articleSection\":[\"P\u00e9dagogie\"],\"inLanguage\":\"fr-FR\",\"potentialAction\":[{\"@type\":\"CommentAction\",\"name\":\"Comment\",\"target\":[\"https:\/\/www.saint-paul-angouleme.fr\/application\/des-bikers-sensibilisent-a-la-lutte-contre-le-harcelement\/#respond\"]}]},{\"@type\":\"WebPage\",\"@id\":\"https:\/\/www.saint-paul-angouleme.fr\/application\/des-bikers-sensibilisent-a-la-lutte-contre-le-harcelement\/\",\"url\":\"https:\/\/www.saint-paul-angouleme.fr\/application\/des-bikers-sensibilisent-a-la-lutte-contre-le-harcelement\/\",\"name\":\"Harc\u00e8lement : les bikers sensibilisent nos \u00e9l\u00e8ves\",\"isPartOf\":{\"@id\":\"https:\/\/www.saint-paul-angouleme.fr\/application\/#website\"},\"primaryImageOfPage\":{\"@id\":\"https:\/\/www.saint-paul-angouleme.fr\/application\/des-bikers-sensibilisent-a-la-lutte-contre-le-harcelement\/#primaryimage\"},\"image\":{\"@id\":\"https:\/\/www.saint-paul-angouleme.fr\/application\/des-bikers-sensibilisent-a-la-lutte-contre-le-harcelement\/#primaryimage\"},\"thumbnailUrl\":\"https:\/\/www.saint-paul-angouleme.fr\/application\/wp-content\/uploads\/2025\/04\/20250404_101053-scaled.jpg\",\"datePublished\":\"2025-04-08T06:21:00+00:00\",\"dateModified\":\"2025-04-14T15:31:58+00:00\",\"description\":\"L'association \\\"Bikers contre le harc\u00e8lement\\\" est venue \u00e0 la rencontre de nos \u00e9l\u00e8ves de 5\u00e8me afin de les sensibiliser \u00e0 cette question.\",\"breadcrumb\":{\"@id\":\"https:\/\/www.saint-paul-angouleme.fr\/application\/des-bikers-sensibilisent-a-la-lutte-contre-le-harcelement\/#breadcrumb\"},\"inLanguage\":\"fr-FR\",\"potentialAction\":[{\"@type\":\"ReadAction\",\"target\":[\"https:\/\/www.saint-paul-angouleme.fr\/application\/des-bikers-sensibilisent-a-la-lutte-contre-le-harcelement\/\"]}]},{\"@type\":\"ImageObject\",\"inLanguage\":\"fr-FR\",\"@id\":\"https:\/\/www.saint-paul-angouleme.fr\/application\/des-bikers-sensibilisent-a-la-lutte-contre-le-harcelement\/#primaryimage\",\"url\":\"https:\/\/www.saint-paul-angouleme.fr\/application\/wp-content\/uploads\/2025\/04\/20250404_101053-scaled.jpg\",\"contentUrl\":\"https:\/\/www.saint-paul-angouleme.fr\/application\/wp-content\/uploads\/2025\/04\/20250404_101053-scaled.jpg\",\"width\":2560,\"height\":1920},{\"@type\":\"BreadcrumbList\",\"@id\":\"https:\/\/www.saint-paul-angouleme.fr\/application\/des-bikers-sensibilisent-a-la-lutte-contre-le-harcelement\/#breadcrumb\",\"itemListElement\":[{\"@type\":\"ListItem\",\"position\":1,\"name\":\"Accueil\",\"item\":\"http:\/\/www.saint-paul-angouleme.fr\/application\/\"},{\"@type\":\"ListItem\",\"position\":2,\"name\":\"Des bikers sensibilisent \u00e0 la lutte contre le harc\u00e8lement\"}]},{\"@type\":\"WebSite\",\"@id\":\"https:\/\/www.saint-paul-angouleme.fr\/application\/#website\",\"url\":\"https:\/\/www.saint-paul-angouleme.fr\/application\/\",\"name\":\"Actualit\u00e9s\",\"description\":\"Actualit\u00e9s Saint Paul\",\"publisher\":{\"@id\":\"https:\/\/www.saint-paul-angouleme.fr\/application\/#organization\"},\"potentialAction\":[{\"@type\":\"SearchAction\",\"target\":{\"@type\":\"EntryPoint\",\"urlTemplate\":\"https:\/\/www.saint-paul-angouleme.fr\/application\/?s={search_term_string}\"},\"query-input\":\"required name=search_term_string\"}],\"inLanguage\":\"fr-FR\"},{\"@type\":\"Organization\",\"@id\":\"https:\/\/www.saint-paul-angouleme.fr\/application\/#organization\",\"name\":\"Ensemble scolaire Saint-Paul\",\"url\":\"https:\/\/www.saint-paul-angouleme.fr\/application\/\",\"logo\":{\"@type\":\"ImageObject\",\"inLanguage\":\"fr-FR\",\"@id\":\"https:\/\/www.saint-paul-angouleme.fr\/application\/#\/schema\/logo\/image\/\",\"url\":\"https:\/\/www.saint-paul-angouleme.fr\/application\/wp-content\/uploads\/2018\/08\/logo-saint-paul-couleurs.jpg\",\"contentUrl\":\"https:\/\/www.saint-paul-angouleme.fr\/application\/wp-content\/uploads\/2018\/08\/logo-saint-paul-couleurs.jpg\",\"width\":1890,\"height\":709,\"caption\":\"Ensemble scolaire Saint-Paul\"},\"image\":{\"@id\":\"https:\/\/www.saint-paul-angouleme.fr\/application\/#\/schema\/logo\/image\/\"},\"sameAs\":[\"https:\/\/www.facebook.com\/SaintPaulAngouleme16\/\",\"https:\/\/x.com\/StPaulAngoulem\",\"https:\/\/www.youtube.com\/channel\/UCRLpz1CmPVqc0gn--YyXvjA?view_as=subscriber\"]},{\"@type\":\"Person\",\"@id\":\"https:\/\/www.saint-paul-angouleme.fr\/application\/#\/schema\/person\/ea152930b1a3823659065827b1a5fb9b\",\"name\":\"SAINT-PAUL\",\"image\":{\"@type\":\"ImageObject\",\"inLanguage\":\"fr-FR\",\"@id\":\"https:\/\/www.saint-paul-angouleme.fr\/application\/#\/schema\/person\/image\/\",\"url\":\"https:\/\/secure.gravatar.com\/avatar\/eadb0ffebc02683a61d69038eb2924f0?s=96&r=g\",\"contentUrl\":\"https:\/\/secure.gravatar.com\/avatar\/eadb0ffebc02683a61d69038eb2924f0?s=96&r=g\",\"caption\":\"SAINT-PAUL\"},\"url\":\"https:\/\/www.saint-paul-angouleme.fr\/application\/author\/myriam\/\"}]}<\/script>\n<!-- \/ Yoast SEO plugin. -->","yoast_head_json":{"title":"Harc\u00e8lement : les bikers sensibilisent nos \u00e9l\u00e8ves","description":"L'association \"Bikers contre le harc\u00e8lement\" est venue \u00e0 la rencontre de nos \u00e9l\u00e8ves de 5\u00e8me afin de les sensibiliser \u00e0 cette question.","robots":{"index":"index","follow":"follow","max-snippet":"max-snippet:-1","max-image-preview":"max-image-preview:large","max-video-preview":"max-video-preview:-1"},"canonical":"https:\/\/www.saint-paul-angouleme.fr\/application\/des-bikers-sensibilisent-a-la-lutte-contre-le-harcelement\/","og_locale":"fr_FR","og_type":"article","og_title":"Harc\u00e8lement : les bikers sensibilisent nos \u00e9l\u00e8ves","og_description":"L'association \"Bikers contre le harc\u00e8lement\" est venue \u00e0 la rencontre de nos \u00e9l\u00e8ves de 5\u00e8me afin de les sensibiliser \u00e0 cette question.","og_url":"https:\/\/www.saint-paul-angouleme.fr\/application\/des-bikers-sensibilisent-a-la-lutte-contre-le-harcelement\/","og_site_name":"Actualit\u00e9s","article_publisher":"https:\/\/www.facebook.com\/SaintPaulAngouleme16\/","article_published_time":"2025-04-08T06:21:00+00:00","article_modified_time":"2025-04-14T15:31:58+00:00","og_image":[{"width":2560,"height":1920,"url":"https:\/\/www.saint-paul-angouleme.fr\/application\/wp-content\/uploads\/2025\/04\/20250404_101053-scaled.jpg","type":"image\/jpeg"}],"author":"SAINT-PAUL","twitter_card":"summary_large_image","twitter_creator":"@StPaulAngoulem","twitter_site":"@StPaulAngoulem","twitter_misc":{"\u00c9crit par":"SAINT-PAUL","Dur\u00e9e de lecture estim\u00e9e":"3 minutes"},"schema":{"@context":"https:\/\/schema.org","@graph":[{"@type":"Article","@id":"https:\/\/www.saint-paul-angouleme.fr\/application\/des-bikers-sensibilisent-a-la-lutte-contre-le-harcelement\/#article","isPartOf":{"@id":"https:\/\/www.saint-paul-angouleme.fr\/application\/des-bikers-sensibilisent-a-la-lutte-contre-le-harcelement\/"},"author":{"name":"SAINT-PAUL","@id":"https:\/\/www.saint-paul-angouleme.fr\/application\/#\/schema\/person\/ea152930b1a3823659065827b1a5fb9b"},"headline":"Des bikers sensibilisent \u00e0 la lutte contre le harc\u00e8lement","datePublished":"2025-04-08T06:21:00+00:00","dateModified":"2025-04-14T15:31:58+00:00","mainEntityOfPage":{"@id":"https:\/\/www.saint-paul-angouleme.fr\/application\/des-bikers-sensibilisent-a-la-lutte-contre-le-harcelement\/"},"wordCount":386,"commentCount":0,"publisher":{"@id":"https:\/\/www.saint-paul-angouleme.fr\/application\/#organization"},"image":{"@id":"https:\/\/www.saint-paul-angouleme.fr\/application\/des-bikers-sensibilisent-a-la-lutte-contre-le-harcelement\/#primaryimage"},"thumbnailUrl":"https:\/\/www.saint-paul-angouleme.fr\/application\/wp-content\/uploads\/2025\/04\/20250404_101053-scaled.jpg","articleSection":["P\u00e9dagogie"],"inLanguage":"fr-FR","potentialAction":[{"@type":"CommentAction","name":"Comment","target":["https:\/\/www.saint-paul-angouleme.fr\/application\/des-bikers-sensibilisent-a-la-lutte-contre-le-harcelement\/#respond"]}]},{"@type":"WebPage","@id":"https:\/\/www.saint-paul-angouleme.fr\/application\/des-bikers-sensibilisent-a-la-lutte-contre-le-harcelement\/","url":"https:\/\/www.saint-paul-angouleme.fr\/application\/des-bikers-sensibilisent-a-la-lutte-contre-le-harcelement\/","name":"Harc\u00e8lement : les bikers sensibilisent nos \u00e9l\u00e8ves","isPartOf":{"@id":"https:\/\/www.saint-paul-angouleme.fr\/application\/#website"},"primaryImageOfPage":{"@id":"https:\/\/www.saint-paul-angouleme.fr\/application\/des-bikers-sensibilisent-a-la-lutte-contre-le-harcelement\/#primaryimage"},"image":{"@id":"https:\/\/www.saint-paul-angouleme.fr\/application\/des-bikers-sensibilisent-a-la-lutte-contre-le-harcelement\/#primaryimage"},"thumbnailUrl":"https:\/\/www.saint-paul-angouleme.fr\/application\/wp-content\/uploads\/2025\/04\/20250404_101053-scaled.jpg","datePublished":"2025-04-08T06:21:00+00:00","dateModified":"2025-04-14T15:31:58+00:00","description":"L'association \"Bikers contre le harc\u00e8lement\" est venue \u00e0 la rencontre de nos \u00e9l\u00e8ves de 5\u00e8me afin de les sensibiliser \u00e0 cette question.","breadcrumb":{"@id":"https:\/\/www.saint-paul-angouleme.fr\/application\/des-bikers-sensibilisent-a-la-lutte-contre-le-harcelement\/#breadcrumb"},"inLanguage":"fr-FR","potentialAction":[{"@type":"ReadAction","target":["https:\/\/www.saint-paul-angouleme.fr\/application\/des-bikers-sensibilisent-a-la-lutte-contre-le-harcelement\/"]}]},{"@type":"ImageObject","inLanguage":"fr-FR","@id":"https:\/\/www.saint-paul-angouleme.fr\/application\/des-bikers-sensibilisent-a-la-lutte-contre-le-harcelement\/#primaryimage","url":"https:\/\/www.saint-paul-angouleme.fr\/application\/wp-content\/uploads\/2025\/04\/20250404_101053-scaled.jpg","contentUrl":"https:\/\/www.saint-paul-angouleme.fr\/application\/wp-content\/uploads\/2025\/04\/20250404_101053-scaled.jpg","width":2560,"height":1920},{"@type":"BreadcrumbList","@id":"https:\/\/www.saint-paul-angouleme.fr\/application\/des-bikers-sensibilisent-a-la-lutte-contre-le-harcelement\/#breadcrumb","itemListElement":[{"@type":"ListItem","position":1,"name":"Accueil","item":"http:\/\/www.saint-paul-angouleme.fr\/application\/"},{"@type":"ListItem","position":2,"name":"Des bikers sensibilisent \u00e0 la lutte contre le harc\u00e8lement"}]},{"@type":"WebSite","@id":"https:\/\/www.saint-paul-angouleme.fr\/application\/#website","url":"https:\/\/www.saint-paul-angouleme.fr\/application\/","name":"Actualit\u00e9s","description":"Actualit\u00e9s Saint Paul","publisher":{"@id":"https:\/\/www.saint-paul-angouleme.fr\/application\/#organization"},"potentialAction":[{"@type":"SearchAction","target":{"@type":"EntryPoint","urlTemplate":"https:\/\/www.saint-paul-angouleme.fr\/application\/?s={search_term_string}"},"query-input":"required name=search_term_string"}],"inLanguage":"fr-FR"},{"@type":"Organization","@id":"https:\/\/www.saint-paul-angouleme.fr\/application\/#organization","name":"Ensemble scolaire Saint-Paul","url":"https:\/\/www.saint-paul-angouleme.fr\/application\/","logo":{"@type":"ImageObject","inLanguage":"fr-FR","@id":"https:\/\/www.saint-paul-angouleme.fr\/application\/#\/schema\/logo\/image\/","url":"https:\/\/www.saint-paul-angouleme.fr\/application\/wp-content\/uploads\/2018\/08\/logo-saint-paul-couleurs.jpg","contentUrl":"https:\/\/www.saint-paul-angouleme.fr\/application\/wp-content\/uploads\/2018\/08\/logo-saint-paul-couleurs.jpg","width":1890,"height":709,"caption":"Ensemble scolaire Saint-Paul"},"image":{"@id":"https:\/\/www.saint-paul-angouleme.fr\/application\/#\/schema\/logo\/image\/"},"sameAs":["https:\/\/www.facebook.com\/SaintPaulAngouleme16\/","https:\/\/x.com\/StPaulAngoulem","https:\/\/www.youtube.com\/channel\/UCRLpz1CmPVqc0gn--YyXvjA?view_as=subscriber"]},{"@type":"Person","@id":"https:\/\/www.saint-paul-angouleme.fr\/application\/#\/schema\/person\/ea152930b1a3823659065827b1a5fb9b","name":"SAINT-PAUL","image":{"@type":"ImageObject","inLanguage":"fr-FR","@id":"https:\/\/www.saint-paul-angouleme.fr\/application\/#\/schema\/person\/image\/","url":"https:\/\/secure.gravatar.com\/avatar\/eadb0ffebc02683a61d69038eb2924f0?s=96&r=g","contentUrl":"https:\/\/secure.gravatar.com\/avatar\/eadb0ffebc02683a61d69038eb2924f0?s=96&r=g","caption":"SAINT-PAUL"},"url":"https:\/\/www.saint-paul-angouleme.fr\/application\/author\/myriam\/"}]}},"_links":{"self":[{"href":"https:\/\/www.saint-paul-angouleme.fr\/application\/wp-json\/wp\/v2\/posts\/12009"}],"collection":[{"href":"https:\/\/www.saint-paul-angouleme.fr\/application\/wp-json\/wp\/v2\/posts"}],"about":[{"href":"https:\/\/www.saint-paul-angouleme.fr\/application\/wp-json\/wp\/v2\/types\/post"}],"author":[{"embeddable":true,"href":"https:\/\/www.saint-paul-angouleme.fr\/application\/wp-json\/wp\/v2\/users\/3"}],"replies":[{"embeddable":true,"href":"https:\/\/www.saint-paul-angouleme.fr\/application\/wp-json\/wp\/v2\/comments?post=12009"}],"version-history":[{"count":10,"href":"https:\/\/www.saint-paul-angouleme.fr\/application\/wp-json\/wp\/v2\/posts\/12009\/revisions"}],"predecessor-version":[{"id":12030,"href":"https:\/\/www.saint-paul-angouleme.fr\/application\/wp-json\/wp\/v2\/posts\/12009\/revisions\/12030"}],"wp:featuredmedia":[{"embeddable":true,"href":"https:\/\/www.saint-paul-angouleme.fr\/application\/wp-json\/wp\/v2\/media\/12010"}],"wp:attachment":[{"href":"https:\/\/www.saint-paul-angouleme.fr\/application\/wp-json\/wp\/v2\/media?parent=12009"}],"wp:term":[{"taxonomy":"category","embeddable":true,"href":"https:\/\/www.saint-paul-angouleme.fr\/application\/wp-json\/wp\/v2\/categories?post=12009"},{"taxonomy":"post_tag","embeddable":true,"href":"https:\/\/www.saint-paul-angouleme.fr\/application\/wp-json\/wp\/v2\/tags?post=12009"}],"curies":[{"name":"wp","href":"https:\/\/api.w.org\/{rel}","templated":true}]}}