{"id":11867,"date":"2025-04-04T10:14:00","date_gmt":"2025-04-04T08:14:00","guid":{"rendered":"https:\/\/www.saint-paul-angouleme.fr\/application\/?p=11867"},"modified":"2025-04-23T14:47:31","modified_gmt":"2025-04-23T12:47:31","slug":"saint-paul-sengage-a-la-journee-mondiale-de-sensibilisation-a-lautisme-2025-jmsa","status":"publish","type":"post","link":"https:\/\/www.saint-paul-angouleme.fr\/application\/saint-paul-sengage-a-la-journee-mondiale-de-sensibilisation-a-lautisme-2025-jmsa\/","title":{"rendered":"Saint-Paul s&#8217;engage \u00e0 la Journ\u00e9e Mondiale de Sensibilisation \u00e0 l&#8217;Autisme 2025 (JMSA)"},"content":{"rendered":"\n<figure class=\"wp-block-image size-large\"><img loading=\"lazy\" decoding=\"async\" width=\"1024\" height=\"607\" src=\"https:\/\/www.saint-paul-angouleme.fr\/application\/wp-content\/uploads\/2025\/04\/IMG_6260-1024x607.jpg\" alt=\"Flashmob de l'an dernier r\u00e9alis\u00e9 \u00e0 Saint-Paul\" class=\"wp-image-11869\" srcset=\"https:\/\/www.saint-paul-angouleme.fr\/application\/wp-content\/uploads\/2025\/04\/IMG_6260-1024x607.jpg 1024w, https:\/\/www.saint-paul-angouleme.fr\/application\/wp-content\/uploads\/2025\/04\/IMG_6260-300x178.jpg 300w, https:\/\/www.saint-paul-angouleme.fr\/application\/wp-content\/uploads\/2025\/04\/IMG_6260-768x455.jpg 768w, https:\/\/www.saint-paul-angouleme.fr\/application\/wp-content\/uploads\/2025\/04\/IMG_6260-1536x911.jpg 1536w, https:\/\/www.saint-paul-angouleme.fr\/application\/wp-content\/uploads\/2025\/04\/IMG_6260-2048x1214.jpg 2048w\" sizes=\"(max-width: 1024px) 100vw, 1024px\" \/><\/figure>\n\n\n\n<p><\/p>\n\n\n\n<h3 class=\"wp-block-heading\">Sensibilisation \u00e0 l&#8217;autisme : l&#8217;an dernier d\u00e9j\u00e0 participation \u00e0 la JMSA<\/h3>\n\n\n\n<p>En 2024 Saint-Paul marque sa volont\u00e9 de s&#8217;engager pour la cause de la <a href=\"https:\/\/www.saint-paul-angouleme.fr\/application\/saint-paul-danse-pour-sensibiliser-a-lautisme\/\">sensibilisation \u00e0 l&#8217;autisme<\/a>. Vie Scolaire Coll\u00e8ge et enseignants en Education Physique et Sportive proposent aux coll\u00e9giens de r\u00e9p\u00e9ter afin de participer au Flashmob national #Dansez pour l&#8217;autisme.<\/p>\n\n\n\n<p>Pour des raisons pratiques, c&#8217;est \u00e0 Saint-Paul que la d\u00e9monstration se fait ensuite le mardi 2 avril 2024, en simultan\u00e9 avec les autres lieux et structures participant \u00e0 ce projet.<\/p>\n\n\n\n<p><\/p>\n\n\n\n<figure class=\"wp-block-embed is-type-video is-provider-youtube wp-block-embed-youtube\"><div style=\"display: contents;\" >\n<div class=\"arve\" data-mode=\"normal\" data-oembed=\"1\" data-provider=\"youtube\" id=\"arve-youtube-uu5psazmha8\">\n<div class=\"arve-inner\">\n<div class=\"arve-embed arve-embed--has-aspect-ratio\">\n<span class=\"arve-ar\" style=\"padding-top:56.250000%\"><\/span><iframe credentialless referrerpolicy=\"strict-origin-when-cross-origin\" allow=\"accelerometer &#039;none&#039;;ambient-light-sensor &#039;none&#039;;autoplay &#039;none&#039;;battery &#039;none&#039;;bluetooth &#039;none&#039;;browsing-topics &#039;none&#039;;camera &#039;none&#039;;ch-ua &#039;none&#039;;clipboard-read &#039;none&#039;;clipboard-write;display-capture &#039;none&#039;;document-domain &#039;none&#039;;domain-agent &#039;none&#039;;encrypted-media &#039;none&#039;;execution-while-not-rendered &#039;none&#039;;execution-while-out-of-viewport &#039;none&#039;;gamepad &#039;none&#039;;geolocation &#039;none&#039;;gyroscope &#039;none&#039;;hid &#039;none&#039;;identity-credentials-get &#039;none&#039;;idle-detection &#039;none&#039;;keyboard-map &#039;none&#039;;local-fonts &#039;none&#039;;magnetometer &#039;none&#039;;microphone &#039;none&#039;;midi &#039;none&#039;;navigation-override &#039;none&#039;;otp-credentials &#039;none&#039;;payment &#039;none&#039;;picture-in-picture;publickey-credentials-create &#039;none&#039;;publickey-credentials-get &#039;none&#039;;screen-wake-lock &#039;none&#039;;serial &#039;none&#039;;speaker-selection;sync-xhr &#039;none&#039;;usb &#039;none&#039;;web-share;window-management &#039;none&#039;;xr-spatial-tracking &#039;none&#039;;\" allowfullscreen class=\"arve-iframe fitvidsignore\" data-arve=\"arve-youtube-uu5psazmha8\" data-src-no-ap=\"https:\/\/www.youtube-nocookie.com\/embed\/uu5psaZmhA8?feature=oembed&amp;iv_load_policy=3&amp;modestbranding=1&amp;rel=0&amp;autohide=1&amp;playsinline=0&amp;autoplay=0\" frameborder=\"0\" height=\"0\" name sandbox=\"allow-scripts allow-same-origin allow-presentation allow-popups allow-popups-to-escape-sandbox\" scrolling=\"no\" src=\"https:\/\/www.youtube-nocookie.com\/embed\/uu5psaZmhA8?feature=oembed&#038;iv_load_policy=3&#038;modestbranding=1&#038;rel=0&#038;autohide=1&#038;playsinline=0&#038;autoplay=0\" width=\"0\" title loading=\"lazy\"><\/iframe>\n\n<\/div>\n\n<\/div>\n<script type=\"application\/ld+json\">{\"@context\":\"http:\\\/\\\/schema.org\\\/\",\"@id\":\"https:\\\/\\\/www.saint-paul-angouleme.fr\\\/application\\\/saint-paul-sengage-a-la-journee-mondiale-de-sensibilisation-a-lautisme-2025-jmsa\\\/#arve-youtube-uu5psazmha8\",\"type\":\"VideoObject\",\"embedURL\":\"https:\\\/\\\/www.youtube-nocookie.com\\\/embed\\\/uu5psaZmhA8?feature=oembed&iv_load_policy=3&modestbranding=1&rel=0&autohide=1&playsinline=0&autoplay=0\"}<\/script>\n<\/div>\n\n<\/div><\/figure>\n\n\n\n<p><\/p>\n\n\n\n<h3 class=\"wp-block-heading\"><strong>Les \u00e9l\u00e8ves d\u00e9l\u00e9gu\u00e9s du coll\u00e8ge engag\u00e9s pour la sensibilisation \u00e0 l\u2019autisme.<\/strong><\/h3>\n\n\n\n<p><\/p>\n\n\n\n<p>En 2025, notre coll\u00e8ge reconduit sa participation. Il s\u2019engage pleinement dans la sensibilisation \u00e0 l\u2019autisme. L\u2019ensemble de nos \u00e9l\u00e8ves d\u00e9l\u00e9gu\u00e9s s&#8217;inscrit \u00e0 la Journ\u00e9e de Sensibilisation. C&#8217;est l\u2019association <em>Agir et Vivre l\u2019Autisme<\/em>, en collaboration avec plusieurs partenaires qui porte le projet. Le <strong>jeudi 3 avril, au stade d\u2019athl\u00e9tisme d\u2019Angoul\u00eame<\/strong>, de nombreux participants se rassemblent autour de cette cause essentielle.<\/p>\n\n\n\n<p><\/p>\n\n\n\n<figure class=\"wp-block-embed aligncenter is-type-video is-provider-youtube wp-block-embed-youtube\"><div style=\"display: contents;\" >\n<div class=\"arve\" data-mode=\"normal\" data-oembed=\"1\" data-provider=\"youtube\" id=\"arve-youtube-puxuwgv-9dw\">\n<div class=\"arve-inner\">\n<div class=\"arve-embed arve-embed--has-aspect-ratio\">\n<span class=\"arve-ar\" style=\"padding-top:56.250000%\"><\/span><iframe credentialless referrerpolicy=\"strict-origin-when-cross-origin\" allow=\"accelerometer &#039;none&#039;;ambient-light-sensor &#039;none&#039;;autoplay &#039;none&#039;;battery &#039;none&#039;;bluetooth &#039;none&#039;;browsing-topics &#039;none&#039;;camera &#039;none&#039;;ch-ua &#039;none&#039;;clipboard-read &#039;none&#039;;clipboard-write;display-capture &#039;none&#039;;document-domain &#039;none&#039;;domain-agent &#039;none&#039;;encrypted-media &#039;none&#039;;execution-while-not-rendered &#039;none&#039;;execution-while-out-of-viewport &#039;none&#039;;gamepad &#039;none&#039;;geolocation &#039;none&#039;;gyroscope &#039;none&#039;;hid &#039;none&#039;;identity-credentials-get &#039;none&#039;;idle-detection &#039;none&#039;;keyboard-map &#039;none&#039;;local-fonts &#039;none&#039;;magnetometer &#039;none&#039;;microphone &#039;none&#039;;midi &#039;none&#039;;navigation-override &#039;none&#039;;otp-credentials &#039;none&#039;;payment &#039;none&#039;;picture-in-picture;publickey-credentials-create &#039;none&#039;;publickey-credentials-get &#039;none&#039;;screen-wake-lock &#039;none&#039;;serial &#039;none&#039;;speaker-selection;sync-xhr &#039;none&#039;;usb &#039;none&#039;;web-share;window-management &#039;none&#039;;xr-spatial-tracking &#039;none&#039;;\" allowfullscreen class=\"arve-iframe fitvidsignore\" data-arve=\"arve-youtube-puxuwgv-9dw\" data-src-no-ap=\"https:\/\/www.youtube-nocookie.com\/embed\/PUXuwGv-9Dw?feature=oembed&amp;iv_load_policy=3&amp;modestbranding=1&amp;rel=0&amp;autohide=1&amp;playsinline=0&amp;autoplay=0\" frameborder=\"0\" height=\"0\" name sandbox=\"allow-scripts allow-same-origin allow-presentation allow-popups allow-popups-to-escape-sandbox\" scrolling=\"no\" src=\"https:\/\/www.youtube-nocookie.com\/embed\/PUXuwGv-9Dw?feature=oembed&#038;iv_load_policy=3&#038;modestbranding=1&#038;rel=0&#038;autohide=1&#038;playsinline=0&#038;autoplay=0\" width=\"0\" title loading=\"lazy\"><\/iframe>\n\n<\/div>\n\n<\/div>\n<script type=\"application\/ld+json\">{\"@context\":\"http:\\\/\\\/schema.org\\\/\",\"@id\":\"https:\\\/\\\/www.saint-paul-angouleme.fr\\\/application\\\/saint-paul-sengage-a-la-journee-mondiale-de-sensibilisation-a-lautisme-2025-jmsa\\\/#arve-youtube-puxuwgv-9dw\",\"type\":\"VideoObject\",\"embedURL\":\"https:\\\/\\\/www.youtube-nocookie.com\\\/embed\\\/PUXuwGv-9Dw?feature=oembed&iv_load_policy=3&modestbranding=1&rel=0&autohide=1&playsinline=0&autoplay=0\"}<\/script>\n<\/div>\n\n<\/div><\/figure>\n\n\n\n<p><\/p>\n\n\n\n<figure class=\"wp-block-image size-large\"><img loading=\"lazy\" decoding=\"async\" width=\"768\" height=\"1024\" src=\"https:\/\/www.saint-paul-angouleme.fr\/application\/wp-content\/uploads\/2025\/04\/WhatsApp-Image-2025-04-04-a-10.50.56_b9a1686d-768x1024.jpg\" alt=\"\" class=\"wp-image-11875\" srcset=\"https:\/\/www.saint-paul-angouleme.fr\/application\/wp-content\/uploads\/2025\/04\/WhatsApp-Image-2025-04-04-a-10.50.56_b9a1686d-768x1024.jpg 768w, https:\/\/www.saint-paul-angouleme.fr\/application\/wp-content\/uploads\/2025\/04\/WhatsApp-Image-2025-04-04-a-10.50.56_b9a1686d-225x300.jpg 225w, https:\/\/www.saint-paul-angouleme.fr\/application\/wp-content\/uploads\/2025\/04\/WhatsApp-Image-2025-04-04-a-10.50.56_b9a1686d-1152x1536.jpg 1152w, https:\/\/www.saint-paul-angouleme.fr\/application\/wp-content\/uploads\/2025\/04\/WhatsApp-Image-2025-04-04-a-10.50.56_b9a1686d.jpg 1200w\" sizes=\"(max-width: 768px) 100vw, 768px\" \/><\/figure>\n\n\n\n<h3 class=\"wp-block-heading\">Des organisateurs fid\u00e8les<\/h3>\n\n\n\n<p>C&#8217;est donc l&#8217;IME &#8220;Agir et vivre l&#8217;autisme&#8221; qui se mobilise. Grand Angoul\u00eame Athl\u00e9tisme (<a href=\"https:\/\/www.g2athle.com\/\">G2A<\/a>) et la fili\u00e8re STAPS \u00e9galement. Inclusion et solidarit\u00e9 sont des valeurs fondamentales au sein de notre \u00e9tablissement. Ainsi, il nous para\u00eet indispensable de former nos \u00e9l\u00e8ves \u00e0 mieux comprendre l\u2019autisme et \u00e0 changer le regard port\u00e9 sur la diff\u00e9rence. Nos d\u00e9l\u00e9gu\u00e9s auront un r\u00f4le cl\u00e9 : celui de relayer les messages de sensibilisation aupr\u00e8s de leurs camarades.<\/p>\n\n\n\n<p>Nous voulons faire vivre \u00e0 nos \u00e9l\u00e8ves une exp\u00e9rience collective et engag\u00e9e. \u00c0 travers la th\u00e9matique <em>sport et sant\u00e9<\/em>, ils participeront activement \u00e0 un <strong>flashmob<\/strong>. Ce moment fort de cette journ\u00e9e symbolisera l\u2019unit\u00e9 et la mobilisation autour de cette cause. Des r\u00e9p\u00e9titions au sein de notre \u00e9tablissement ont \u00e9t\u00e9 programm\u00e9es afin que chacun puisse pleinement s\u2019investir dans cette action. <\/p>\n\n\n\n<p>Cette initiative est port\u00e9e par une <strong>\u00e9quipe d\u2019\u00e9ducateurs motiv\u00e9s<\/strong>, engag\u00e9s au quotidien pour sensibiliser et accompagner nos \u00e9l\u00e8ves dans leur r\u00f4le de citoyens responsables et solidaires. Par cette action, notre coll\u00e8ge r\u00e9affirme son engagement en faveur de l\u2019inclusion et de l\u2019\u00e9ducation \u00e0 la citoyennet\u00e9. Nous sommes convaincus que sensibiliser la jeunesse d\u2019aujourd\u2019hui, c\u2019est construire une soci\u00e9t\u00e9 plus bienveillante et solidaire pour demain.<\/p>\n\n\n\n<p><\/p>\n","protected":false},"excerpt":{"rendered":"<p>Sensibilisation \u00e0 l&#8217;autisme : l&#8217;an dernier d\u00e9j\u00e0 participation \u00e0 la JMSA En 2024 Saint-Paul marque sa volont\u00e9 de s&#8217;engager pour la cause de la sensibilisation \u00e0 l&#8217;autisme. Vie Scolaire Coll\u00e8ge et enseignants en Education Physique et Sportive proposent aux coll\u00e9giens de r\u00e9p\u00e9ter afin de participer au Flashmob national #Dansez pour l&#8217;autisme. Pour des raisons pratiques, &#8230; <a title=\"Saint-Paul s&#8217;engage \u00e0 la Journ\u00e9e Mondiale de Sensibilisation \u00e0 l&#8217;Autisme 2025 (JMSA)\" class=\"read-more\" href=\"https:\/\/www.saint-paul-angouleme.fr\/application\/saint-paul-sengage-a-la-journee-mondiale-de-sensibilisation-a-lautisme-2025-jmsa\/\" aria-label=\"Read more about Saint-Paul s&#8217;engage \u00e0 la Journ\u00e9e Mondiale de Sensibilisation \u00e0 l&#8217;Autisme 2025 (JMSA)\">Lire la suite<\/a><\/p>\n","protected":false},"author":3,"featured_media":11868,"comment_status":"open","ping_status":"open","sticky":false,"template":"","format":"standard","meta":{"_exactmetrics_skip_tracking":false,"_exactmetrics_sitenote_active":false,"_exactmetrics_sitenote_note":"","_exactmetrics_sitenote_category":0,"footnotes":""},"categories":[13],"tags":[],"class_list":["post-11867","post","type-post","status-publish","format-standard","has-post-thumbnail","hentry","category-pedagogie"],"yoast_head":"<!-- This site is optimized with the Yoast SEO plugin v23.3 - https:\/\/yoast.com\/wordpress\/plugins\/seo\/ -->\n<title>Sensibilisation \u00e0 l&#039;autisme : Saint-Paul s&#039;engage<\/title>\n<meta name=\"description\" content=\"Pour la 2\u00e8me ann\u00e9e, Saint-Paul s&#039;engage pour la sensibilisation \u00e0 l&#039;autisme avec &quot;Agir et vivre l&#039;autisme&quot;.\" \/>\n<meta name=\"robots\" content=\"index, follow, max-snippet:-1, max-image-preview:large, max-video-preview:-1\" \/>\n<link rel=\"canonical\" href=\"https:\/\/www.saint-paul-angouleme.fr\/application\/saint-paul-sengage-a-la-journee-mondiale-de-sensibilisation-a-lautisme-2025-jmsa\/\" \/>\n<meta property=\"og:locale\" content=\"fr_FR\" \/>\n<meta property=\"og:type\" content=\"article\" \/>\n<meta property=\"og:title\" content=\"Sensibilisation \u00e0 l&#039;autisme : Saint-Paul s&#039;engage\" \/>\n<meta property=\"og:description\" content=\"Pour la 2\u00e8me ann\u00e9e, Saint-Paul s&#039;engage pour la sensibilisation \u00e0 l&#039;autisme avec &quot;Agir et vivre l&#039;autisme&quot;.\" \/>\n<meta property=\"og:url\" content=\"https:\/\/www.saint-paul-angouleme.fr\/application\/saint-paul-sengage-a-la-journee-mondiale-de-sensibilisation-a-lautisme-2025-jmsa\/\" \/>\n<meta property=\"og:site_name\" content=\"Actualit\u00e9s\" \/>\n<meta property=\"article:publisher\" content=\"https:\/\/www.facebook.com\/SaintPaulAngouleme16\/\" \/>\n<meta property=\"article:published_time\" content=\"2025-04-04T08:14:00+00:00\" \/>\n<meta property=\"article:modified_time\" content=\"2025-04-23T12:47:31+00:00\" \/>\n<meta property=\"og:image\" content=\"https:\/\/www.saint-paul-angouleme.fr\/application\/wp-content\/uploads\/2025\/04\/JMSA-2025.jpg\" \/>\n\t<meta property=\"og:image:width\" content=\"1080\" \/>\n\t<meta property=\"og:image:height\" content=\"1080\" \/>\n\t<meta property=\"og:image:type\" content=\"image\/jpeg\" \/>\n<meta name=\"author\" content=\"SAINT-PAUL\" \/>\n<meta name=\"twitter:card\" content=\"summary_large_image\" \/>\n<meta name=\"twitter:creator\" content=\"@StPaulAngoulem\" \/>\n<meta name=\"twitter:site\" content=\"@StPaulAngoulem\" \/>\n<meta name=\"twitter:label1\" content=\"\u00c9crit par\" \/>\n\t<meta name=\"twitter:data1\" content=\"SAINT-PAUL\" \/>\n\t<meta name=\"twitter:label2\" content=\"Dur\u00e9e de lecture estim\u00e9e\" \/>\n\t<meta name=\"twitter:data2\" content=\"3 minutes\" \/>\n<script type=\"application\/ld+json\" class=\"yoast-schema-graph\">{\"@context\":\"https:\/\/schema.org\",\"@graph\":[{\"@type\":\"Article\",\"@id\":\"https:\/\/www.saint-paul-angouleme.fr\/application\/saint-paul-sengage-a-la-journee-mondiale-de-sensibilisation-a-lautisme-2025-jmsa\/#article\",\"isPartOf\":{\"@id\":\"https:\/\/www.saint-paul-angouleme.fr\/application\/saint-paul-sengage-a-la-journee-mondiale-de-sensibilisation-a-lautisme-2025-jmsa\/\"},\"author\":{\"name\":\"SAINT-PAUL\",\"@id\":\"https:\/\/www.saint-paul-angouleme.fr\/application\/#\/schema\/person\/ea152930b1a3823659065827b1a5fb9b\"},\"headline\":\"Saint-Paul s&#8217;engage \u00e0 la Journ\u00e9e Mondiale de Sensibilisation \u00e0 l&#8217;Autisme 2025 (JMSA)\",\"datePublished\":\"2025-04-04T08:14:00+00:00\",\"dateModified\":\"2025-04-23T12:47:31+00:00\",\"mainEntityOfPage\":{\"@id\":\"https:\/\/www.saint-paul-angouleme.fr\/application\/saint-paul-sengage-a-la-journee-mondiale-de-sensibilisation-a-lautisme-2025-jmsa\/\"},\"wordCount\":424,\"commentCount\":0,\"publisher\":{\"@id\":\"https:\/\/www.saint-paul-angouleme.fr\/application\/#organization\"},\"image\":{\"@id\":\"https:\/\/www.saint-paul-angouleme.fr\/application\/saint-paul-sengage-a-la-journee-mondiale-de-sensibilisation-a-lautisme-2025-jmsa\/#primaryimage\"},\"thumbnailUrl\":\"https:\/\/www.saint-paul-angouleme.fr\/application\/wp-content\/uploads\/2025\/04\/JMSA-2025.jpg\",\"articleSection\":[\"P\u00e9dagogie\"],\"inLanguage\":\"fr-FR\",\"potentialAction\":[{\"@type\":\"CommentAction\",\"name\":\"Comment\",\"target\":[\"https:\/\/www.saint-paul-angouleme.fr\/application\/saint-paul-sengage-a-la-journee-mondiale-de-sensibilisation-a-lautisme-2025-jmsa\/#respond\"]}]},{\"@type\":\"WebPage\",\"@id\":\"https:\/\/www.saint-paul-angouleme.fr\/application\/saint-paul-sengage-a-la-journee-mondiale-de-sensibilisation-a-lautisme-2025-jmsa\/\",\"url\":\"https:\/\/www.saint-paul-angouleme.fr\/application\/saint-paul-sengage-a-la-journee-mondiale-de-sensibilisation-a-lautisme-2025-jmsa\/\",\"name\":\"Sensibilisation \u00e0 l'autisme : Saint-Paul s'engage\",\"isPartOf\":{\"@id\":\"https:\/\/www.saint-paul-angouleme.fr\/application\/#website\"},\"primaryImageOfPage\":{\"@id\":\"https:\/\/www.saint-paul-angouleme.fr\/application\/saint-paul-sengage-a-la-journee-mondiale-de-sensibilisation-a-lautisme-2025-jmsa\/#primaryimage\"},\"image\":{\"@id\":\"https:\/\/www.saint-paul-angouleme.fr\/application\/saint-paul-sengage-a-la-journee-mondiale-de-sensibilisation-a-lautisme-2025-jmsa\/#primaryimage\"},\"thumbnailUrl\":\"https:\/\/www.saint-paul-angouleme.fr\/application\/wp-content\/uploads\/2025\/04\/JMSA-2025.jpg\",\"datePublished\":\"2025-04-04T08:14:00+00:00\",\"dateModified\":\"2025-04-23T12:47:31+00:00\",\"description\":\"Pour la 2\u00e8me ann\u00e9e, Saint-Paul s'engage pour la sensibilisation \u00e0 l'autisme avec \\\"Agir et vivre l'autisme\\\".\",\"breadcrumb\":{\"@id\":\"https:\/\/www.saint-paul-angouleme.fr\/application\/saint-paul-sengage-a-la-journee-mondiale-de-sensibilisation-a-lautisme-2025-jmsa\/#breadcrumb\"},\"inLanguage\":\"fr-FR\",\"potentialAction\":[{\"@type\":\"ReadAction\",\"target\":[\"https:\/\/www.saint-paul-angouleme.fr\/application\/saint-paul-sengage-a-la-journee-mondiale-de-sensibilisation-a-lautisme-2025-jmsa\/\"]}]},{\"@type\":\"ImageObject\",\"inLanguage\":\"fr-FR\",\"@id\":\"https:\/\/www.saint-paul-angouleme.fr\/application\/saint-paul-sengage-a-la-journee-mondiale-de-sensibilisation-a-lautisme-2025-jmsa\/#primaryimage\",\"url\":\"https:\/\/www.saint-paul-angouleme.fr\/application\/wp-content\/uploads\/2025\/04\/JMSA-2025.jpg\",\"contentUrl\":\"https:\/\/www.saint-paul-angouleme.fr\/application\/wp-content\/uploads\/2025\/04\/JMSA-2025.jpg\",\"width\":1080,\"height\":1080},{\"@type\":\"BreadcrumbList\",\"@id\":\"https:\/\/www.saint-paul-angouleme.fr\/application\/saint-paul-sengage-a-la-journee-mondiale-de-sensibilisation-a-lautisme-2025-jmsa\/#breadcrumb\",\"itemListElement\":[{\"@type\":\"ListItem\",\"position\":1,\"name\":\"Accueil\",\"item\":\"http:\/\/www.saint-paul-angouleme.fr\/application\/\"},{\"@type\":\"ListItem\",\"position\":2,\"name\":\"Saint-Paul s&#8217;engage \u00e0 la Journ\u00e9e Mondiale de Sensibilisation \u00e0 l&#8217;Autisme 2025 (JMSA)\"}]},{\"@type\":\"WebSite\",\"@id\":\"https:\/\/www.saint-paul-angouleme.fr\/application\/#website\",\"url\":\"https:\/\/www.saint-paul-angouleme.fr\/application\/\",\"name\":\"Actualit\u00e9s\",\"description\":\"Actualit\u00e9s Saint Paul\",\"publisher\":{\"@id\":\"https:\/\/www.saint-paul-angouleme.fr\/application\/#organization\"},\"potentialAction\":[{\"@type\":\"SearchAction\",\"target\":{\"@type\":\"EntryPoint\",\"urlTemplate\":\"https:\/\/www.saint-paul-angouleme.fr\/application\/?s={search_term_string}\"},\"query-input\":\"required name=search_term_string\"}],\"inLanguage\":\"fr-FR\"},{\"@type\":\"Organization\",\"@id\":\"https:\/\/www.saint-paul-angouleme.fr\/application\/#organization\",\"name\":\"Ensemble scolaire Saint-Paul\",\"url\":\"https:\/\/www.saint-paul-angouleme.fr\/application\/\",\"logo\":{\"@type\":\"ImageObject\",\"inLanguage\":\"fr-FR\",\"@id\":\"https:\/\/www.saint-paul-angouleme.fr\/application\/#\/schema\/logo\/image\/\",\"url\":\"https:\/\/www.saint-paul-angouleme.fr\/application\/wp-content\/uploads\/2018\/08\/logo-saint-paul-couleurs.jpg\",\"contentUrl\":\"https:\/\/www.saint-paul-angouleme.fr\/application\/wp-content\/uploads\/2018\/08\/logo-saint-paul-couleurs.jpg\",\"width\":1890,\"height\":709,\"caption\":\"Ensemble scolaire Saint-Paul\"},\"image\":{\"@id\":\"https:\/\/www.saint-paul-angouleme.fr\/application\/#\/schema\/logo\/image\/\"},\"sameAs\":[\"https:\/\/www.facebook.com\/SaintPaulAngouleme16\/\",\"https:\/\/x.com\/StPaulAngoulem\",\"https:\/\/www.youtube.com\/channel\/UCRLpz1CmPVqc0gn--YyXvjA?view_as=subscriber\"]},{\"@type\":\"Person\",\"@id\":\"https:\/\/www.saint-paul-angouleme.fr\/application\/#\/schema\/person\/ea152930b1a3823659065827b1a5fb9b\",\"name\":\"SAINT-PAUL\",\"image\":{\"@type\":\"ImageObject\",\"inLanguage\":\"fr-FR\",\"@id\":\"https:\/\/www.saint-paul-angouleme.fr\/application\/#\/schema\/person\/image\/\",\"url\":\"https:\/\/secure.gravatar.com\/avatar\/eadb0ffebc02683a61d69038eb2924f0?s=96&r=g\",\"contentUrl\":\"https:\/\/secure.gravatar.com\/avatar\/eadb0ffebc02683a61d69038eb2924f0?s=96&r=g\",\"caption\":\"SAINT-PAUL\"},\"url\":\"https:\/\/www.saint-paul-angouleme.fr\/application\/author\/myriam\/\"}]}<\/script>\n<!-- \/ Yoast SEO plugin. -->","yoast_head_json":{"title":"Sensibilisation \u00e0 l'autisme : Saint-Paul s'engage","description":"Pour la 2\u00e8me ann\u00e9e, Saint-Paul s'engage pour la sensibilisation \u00e0 l'autisme avec \"Agir et vivre l'autisme\".","robots":{"index":"index","follow":"follow","max-snippet":"max-snippet:-1","max-image-preview":"max-image-preview:large","max-video-preview":"max-video-preview:-1"},"canonical":"https:\/\/www.saint-paul-angouleme.fr\/application\/saint-paul-sengage-a-la-journee-mondiale-de-sensibilisation-a-lautisme-2025-jmsa\/","og_locale":"fr_FR","og_type":"article","og_title":"Sensibilisation \u00e0 l'autisme : Saint-Paul s'engage","og_description":"Pour la 2\u00e8me ann\u00e9e, Saint-Paul s'engage pour la sensibilisation \u00e0 l'autisme avec \"Agir et vivre l'autisme\".","og_url":"https:\/\/www.saint-paul-angouleme.fr\/application\/saint-paul-sengage-a-la-journee-mondiale-de-sensibilisation-a-lautisme-2025-jmsa\/","og_site_name":"Actualit\u00e9s","article_publisher":"https:\/\/www.facebook.com\/SaintPaulAngouleme16\/","article_published_time":"2025-04-04T08:14:00+00:00","article_modified_time":"2025-04-23T12:47:31+00:00","og_image":[{"width":1080,"height":1080,"url":"https:\/\/www.saint-paul-angouleme.fr\/application\/wp-content\/uploads\/2025\/04\/JMSA-2025.jpg","type":"image\/jpeg"}],"author":"SAINT-PAUL","twitter_card":"summary_large_image","twitter_creator":"@StPaulAngoulem","twitter_site":"@StPaulAngoulem","twitter_misc":{"\u00c9crit par":"SAINT-PAUL","Dur\u00e9e de lecture estim\u00e9e":"3 minutes"},"schema":{"@context":"https:\/\/schema.org","@graph":[{"@type":"Article","@id":"https:\/\/www.saint-paul-angouleme.fr\/application\/saint-paul-sengage-a-la-journee-mondiale-de-sensibilisation-a-lautisme-2025-jmsa\/#article","isPartOf":{"@id":"https:\/\/www.saint-paul-angouleme.fr\/application\/saint-paul-sengage-a-la-journee-mondiale-de-sensibilisation-a-lautisme-2025-jmsa\/"},"author":{"name":"SAINT-PAUL","@id":"https:\/\/www.saint-paul-angouleme.fr\/application\/#\/schema\/person\/ea152930b1a3823659065827b1a5fb9b"},"headline":"Saint-Paul s&#8217;engage \u00e0 la Journ\u00e9e Mondiale de Sensibilisation \u00e0 l&#8217;Autisme 2025 (JMSA)","datePublished":"2025-04-04T08:14:00+00:00","dateModified":"2025-04-23T12:47:31+00:00","mainEntityOfPage":{"@id":"https:\/\/www.saint-paul-angouleme.fr\/application\/saint-paul-sengage-a-la-journee-mondiale-de-sensibilisation-a-lautisme-2025-jmsa\/"},"wordCount":424,"commentCount":0,"publisher":{"@id":"https:\/\/www.saint-paul-angouleme.fr\/application\/#organization"},"image":{"@id":"https:\/\/www.saint-paul-angouleme.fr\/application\/saint-paul-sengage-a-la-journee-mondiale-de-sensibilisation-a-lautisme-2025-jmsa\/#primaryimage"},"thumbnailUrl":"https:\/\/www.saint-paul-angouleme.fr\/application\/wp-content\/uploads\/2025\/04\/JMSA-2025.jpg","articleSection":["P\u00e9dagogie"],"inLanguage":"fr-FR","potentialAction":[{"@type":"CommentAction","name":"Comment","target":["https:\/\/www.saint-paul-angouleme.fr\/application\/saint-paul-sengage-a-la-journee-mondiale-de-sensibilisation-a-lautisme-2025-jmsa\/#respond"]}]},{"@type":"WebPage","@id":"https:\/\/www.saint-paul-angouleme.fr\/application\/saint-paul-sengage-a-la-journee-mondiale-de-sensibilisation-a-lautisme-2025-jmsa\/","url":"https:\/\/www.saint-paul-angouleme.fr\/application\/saint-paul-sengage-a-la-journee-mondiale-de-sensibilisation-a-lautisme-2025-jmsa\/","name":"Sensibilisation \u00e0 l'autisme : Saint-Paul s'engage","isPartOf":{"@id":"https:\/\/www.saint-paul-angouleme.fr\/application\/#website"},"primaryImageOfPage":{"@id":"https:\/\/www.saint-paul-angouleme.fr\/application\/saint-paul-sengage-a-la-journee-mondiale-de-sensibilisation-a-lautisme-2025-jmsa\/#primaryimage"},"image":{"@id":"https:\/\/www.saint-paul-angouleme.fr\/application\/saint-paul-sengage-a-la-journee-mondiale-de-sensibilisation-a-lautisme-2025-jmsa\/#primaryimage"},"thumbnailUrl":"https:\/\/www.saint-paul-angouleme.fr\/application\/wp-content\/uploads\/2025\/04\/JMSA-2025.jpg","datePublished":"2025-04-04T08:14:00+00:00","dateModified":"2025-04-23T12:47:31+00:00","description":"Pour la 2\u00e8me ann\u00e9e, Saint-Paul s'engage pour la sensibilisation \u00e0 l'autisme avec \"Agir et vivre l'autisme\".","breadcrumb":{"@id":"https:\/\/www.saint-paul-angouleme.fr\/application\/saint-paul-sengage-a-la-journee-mondiale-de-sensibilisation-a-lautisme-2025-jmsa\/#breadcrumb"},"inLanguage":"fr-FR","potentialAction":[{"@type":"ReadAction","target":["https:\/\/www.saint-paul-angouleme.fr\/application\/saint-paul-sengage-a-la-journee-mondiale-de-sensibilisation-a-lautisme-2025-jmsa\/"]}]},{"@type":"ImageObject","inLanguage":"fr-FR","@id":"https:\/\/www.saint-paul-angouleme.fr\/application\/saint-paul-sengage-a-la-journee-mondiale-de-sensibilisation-a-lautisme-2025-jmsa\/#primaryimage","url":"https:\/\/www.saint-paul-angouleme.fr\/application\/wp-content\/uploads\/2025\/04\/JMSA-2025.jpg","contentUrl":"https:\/\/www.saint-paul-angouleme.fr\/application\/wp-content\/uploads\/2025\/04\/JMSA-2025.jpg","width":1080,"height":1080},{"@type":"BreadcrumbList","@id":"https:\/\/www.saint-paul-angouleme.fr\/application\/saint-paul-sengage-a-la-journee-mondiale-de-sensibilisation-a-lautisme-2025-jmsa\/#breadcrumb","itemListElement":[{"@type":"ListItem","position":1,"name":"Accueil","item":"http:\/\/www.saint-paul-angouleme.fr\/application\/"},{"@type":"ListItem","position":2,"name":"Saint-Paul s&#8217;engage \u00e0 la Journ\u00e9e Mondiale de Sensibilisation \u00e0 l&#8217;Autisme 2025 (JMSA)"}]},{"@type":"WebSite","@id":"https:\/\/www.saint-paul-angouleme.fr\/application\/#website","url":"https:\/\/www.saint-paul-angouleme.fr\/application\/","name":"Actualit\u00e9s","description":"Actualit\u00e9s Saint Paul","publisher":{"@id":"https:\/\/www.saint-paul-angouleme.fr\/application\/#organization"},"potentialAction":[{"@type":"SearchAction","target":{"@type":"EntryPoint","urlTemplate":"https:\/\/www.saint-paul-angouleme.fr\/application\/?s={search_term_string}"},"query-input":"required name=search_term_string"}],"inLanguage":"fr-FR"},{"@type":"Organization","@id":"https:\/\/www.saint-paul-angouleme.fr\/application\/#organization","name":"Ensemble scolaire Saint-Paul","url":"https:\/\/www.saint-paul-angouleme.fr\/application\/","logo":{"@type":"ImageObject","inLanguage":"fr-FR","@id":"https:\/\/www.saint-paul-angouleme.fr\/application\/#\/schema\/logo\/image\/","url":"https:\/\/www.saint-paul-angouleme.fr\/application\/wp-content\/uploads\/2018\/08\/logo-saint-paul-couleurs.jpg","contentUrl":"https:\/\/www.saint-paul-angouleme.fr\/application\/wp-content\/uploads\/2018\/08\/logo-saint-paul-couleurs.jpg","width":1890,"height":709,"caption":"Ensemble scolaire Saint-Paul"},"image":{"@id":"https:\/\/www.saint-paul-angouleme.fr\/application\/#\/schema\/logo\/image\/"},"sameAs":["https:\/\/www.facebook.com\/SaintPaulAngouleme16\/","https:\/\/x.com\/StPaulAngoulem","https:\/\/www.youtube.com\/channel\/UCRLpz1CmPVqc0gn--YyXvjA?view_as=subscriber"]},{"@type":"Person","@id":"https:\/\/www.saint-paul-angouleme.fr\/application\/#\/schema\/person\/ea152930b1a3823659065827b1a5fb9b","name":"SAINT-PAUL","image":{"@type":"ImageObject","inLanguage":"fr-FR","@id":"https:\/\/www.saint-paul-angouleme.fr\/application\/#\/schema\/person\/image\/","url":"https:\/\/secure.gravatar.com\/avatar\/eadb0ffebc02683a61d69038eb2924f0?s=96&r=g","contentUrl":"https:\/\/secure.gravatar.com\/avatar\/eadb0ffebc02683a61d69038eb2924f0?s=96&r=g","caption":"SAINT-PAUL"},"url":"https:\/\/www.saint-paul-angouleme.fr\/application\/author\/myriam\/"}]}},"_links":{"self":[{"href":"https:\/\/www.saint-paul-angouleme.fr\/application\/wp-json\/wp\/v2\/posts\/11867"}],"collection":[{"href":"https:\/\/www.saint-paul-angouleme.fr\/application\/wp-json\/wp\/v2\/posts"}],"about":[{"href":"https:\/\/www.saint-paul-angouleme.fr\/application\/wp-json\/wp\/v2\/types\/post"}],"author":[{"embeddable":true,"href":"https:\/\/www.saint-paul-angouleme.fr\/application\/wp-json\/wp\/v2\/users\/3"}],"replies":[{"embeddable":true,"href":"https:\/\/www.saint-paul-angouleme.fr\/application\/wp-json\/wp\/v2\/comments?post=11867"}],"version-history":[{"count":7,"href":"https:\/\/www.saint-paul-angouleme.fr\/application\/wp-json\/wp\/v2\/posts\/11867\/revisions"}],"predecessor-version":[{"id":12039,"href":"https:\/\/www.saint-paul-angouleme.fr\/application\/wp-json\/wp\/v2\/posts\/11867\/revisions\/12039"}],"wp:featuredmedia":[{"embeddable":true,"href":"https:\/\/www.saint-paul-angouleme.fr\/application\/wp-json\/wp\/v2\/media\/11868"}],"wp:attachment":[{"href":"https:\/\/www.saint-paul-angouleme.fr\/application\/wp-json\/wp\/v2\/media?parent=11867"}],"wp:term":[{"taxonomy":"category","embeddable":true,"href":"https:\/\/www.saint-paul-angouleme.fr\/application\/wp-json\/wp\/v2\/categories?post=11867"},{"taxonomy":"post_tag","embeddable":true,"href":"https:\/\/www.saint-paul-angouleme.fr\/application\/wp-json\/wp\/v2\/tags?post=11867"}],"curies":[{"name":"wp","href":"https:\/\/api.w.org\/{rel}","templated":true}]}}