{"id":11826,"date":"2024-09-17T07:54:00","date_gmt":"2024-09-17T05:54:00","guid":{"rendered":"https:\/\/www.saint-paul-angouleme.fr\/application\/?p=11826"},"modified":"2025-01-23T17:56:08","modified_gmt":"2025-01-23T16:56:08","slug":"une-nature-de-papier-seduit-les-eleves-de-la-spe-arts-plastiques","status":"publish","type":"post","link":"https:\/\/www.saint-paul-angouleme.fr\/application\/une-nature-de-papier-seduit-les-eleves-de-la-spe-arts-plastiques\/","title":{"rendered":"&#8220;Une nature de papier&#8221; : sortie p\u00e9dagogique pour la Sp\u00e9 &#8220;Arts Plastiques&#8221;"},"content":{"rendered":"<div class=\"wp-block-image\">\n<figure class=\"aligncenter size-large\"><img loading=\"lazy\" decoding=\"async\" width=\"724\" height=\"1024\" src=\"https:\/\/www.saint-paul-angouleme.fr\/application\/wp-content\/uploads\/2025\/01\/naturepapier_A51-724x1024.jpg\" alt=\"Affiche exposition &quot;Une nature de papier&quot;\" class=\"wp-image-11828\" srcset=\"https:\/\/www.saint-paul-angouleme.fr\/application\/wp-content\/uploads\/2025\/01\/naturepapier_A51-724x1024.jpg 724w, https:\/\/www.saint-paul-angouleme.fr\/application\/wp-content\/uploads\/2025\/01\/naturepapier_A51-212x300.jpg 212w, https:\/\/www.saint-paul-angouleme.fr\/application\/wp-content\/uploads\/2025\/01\/naturepapier_A51-768x1086.jpg 768w, https:\/\/www.saint-paul-angouleme.fr\/application\/wp-content\/uploads\/2025\/01\/naturepapier_A51-1086x1536.jpg 1086w, https:\/\/www.saint-paul-angouleme.fr\/application\/wp-content\/uploads\/2025\/01\/naturepapier_A51.jpg 1240w\" sizes=\"(max-width: 724px) 100vw, 724px\" \/><\/figure><\/div>\n\n\n<p>Jeudi 12 septembre 2024, les \u00e9l\u00e8ves de Terminale <a href=\"https:\/\/www.saint-paul-angouleme.fr\/application\/voyage-culturel-en-grece-pour-les-lyceens-darts-plastiques\/\">enseignement de sp\u00e9cialit\u00e9 &#8220;Arts Plastiques&#8221;<\/a> ont visit\u00e9 l&#8217;exposition &#8220;Une nature de papier&#8221; de l&#8217;artiste <a href=\"https:\/\/www.annelisekoehler.com\/expositions\">Anne-Lise KOELHER<\/a> au Mus\u00e9e du Papier de la ville d&#8217;Angoul\u00eame.<\/p>\n\n\n\n<figure class=\"wp-block-gallery has-nested-images columns-default is-cropped wp-block-gallery-1 is-layout-flex wp-block-gallery-is-layout-flex\">\n<figure class=\"wp-block-image size-large\"><img loading=\"lazy\" decoding=\"async\" width=\"770\" height=\"1024\" data-id=\"11833\" src=\"https:\/\/www.saint-paul-angouleme.fr\/application\/wp-content\/uploads\/2025\/01\/70fdd85e-cbd5-4fea-a083-d0c828ed85e0-1-770x1024.jpg\" alt=\"&quot;Une nature de papier&quot; : nos \u00e9l\u00e8ves en pleine s\u00e9ance de croquis.\" class=\"wp-image-11833\" srcset=\"https:\/\/www.saint-paul-angouleme.fr\/application\/wp-content\/uploads\/2025\/01\/70fdd85e-cbd5-4fea-a083-d0c828ed85e0-1-770x1024.jpg 770w, https:\/\/www.saint-paul-angouleme.fr\/application\/wp-content\/uploads\/2025\/01\/70fdd85e-cbd5-4fea-a083-d0c828ed85e0-1-226x300.jpg 226w, https:\/\/www.saint-paul-angouleme.fr\/application\/wp-content\/uploads\/2025\/01\/70fdd85e-cbd5-4fea-a083-d0c828ed85e0-1-768x1021.jpg 768w, https:\/\/www.saint-paul-angouleme.fr\/application\/wp-content\/uploads\/2025\/01\/70fdd85e-cbd5-4fea-a083-d0c828ed85e0-1-1156x1536.jpg 1156w, https:\/\/www.saint-paul-angouleme.fr\/application\/wp-content\/uploads\/2025\/01\/70fdd85e-cbd5-4fea-a083-d0c828ed85e0-1.jpg 1240w\" sizes=\"(max-width: 770px) 100vw, 770px\" \/><\/figure>\n\n\n\n<figure class=\"wp-block-image size-large\"><img loading=\"lazy\" decoding=\"async\" width=\"774\" height=\"1024\" data-id=\"11834\" src=\"https:\/\/www.saint-paul-angouleme.fr\/application\/wp-content\/uploads\/2025\/01\/381909a0-9635-48d6-a51b-44764c4d5fb2-774x1024.jpg\" alt=\"\" class=\"wp-image-11834\" srcset=\"https:\/\/www.saint-paul-angouleme.fr\/application\/wp-content\/uploads\/2025\/01\/381909a0-9635-48d6-a51b-44764c4d5fb2-774x1024.jpg 774w, https:\/\/www.saint-paul-angouleme.fr\/application\/wp-content\/uploads\/2025\/01\/381909a0-9635-48d6-a51b-44764c4d5fb2-227x300.jpg 227w, https:\/\/www.saint-paul-angouleme.fr\/application\/wp-content\/uploads\/2025\/01\/381909a0-9635-48d6-a51b-44764c4d5fb2-768x1016.jpg 768w, https:\/\/www.saint-paul-angouleme.fr\/application\/wp-content\/uploads\/2025\/01\/381909a0-9635-48d6-a51b-44764c4d5fb2-1161x1536.jpg 1161w, https:\/\/www.saint-paul-angouleme.fr\/application\/wp-content\/uploads\/2025\/01\/381909a0-9635-48d6-a51b-44764c4d5fb2.jpg 1240w\" sizes=\"(max-width: 774px) 100vw, 774px\" \/><\/figure>\n\n\n\n<figure class=\"wp-block-image size-large\"><img loading=\"lazy\" decoding=\"async\" width=\"784\" height=\"1024\" data-id=\"11836\" src=\"https:\/\/www.saint-paul-angouleme.fr\/application\/wp-content\/uploads\/2025\/01\/d56f218a-6534-425e-b50f-41db8f42e16b-784x1024.jpg\" alt=\"\" class=\"wp-image-11836\" srcset=\"https:\/\/www.saint-paul-angouleme.fr\/application\/wp-content\/uploads\/2025\/01\/d56f218a-6534-425e-b50f-41db8f42e16b-784x1024.jpg 784w, https:\/\/www.saint-paul-angouleme.fr\/application\/wp-content\/uploads\/2025\/01\/d56f218a-6534-425e-b50f-41db8f42e16b-230x300.jpg 230w, https:\/\/www.saint-paul-angouleme.fr\/application\/wp-content\/uploads\/2025\/01\/d56f218a-6534-425e-b50f-41db8f42e16b-768x1003.jpg 768w, https:\/\/www.saint-paul-angouleme.fr\/application\/wp-content\/uploads\/2025\/01\/d56f218a-6534-425e-b50f-41db8f42e16b-1176x1536.jpg 1176w, https:\/\/www.saint-paul-angouleme.fr\/application\/wp-content\/uploads\/2025\/01\/d56f218a-6534-425e-b50f-41db8f42e16b.jpg 1240w\" sizes=\"(max-width: 784px) 100vw, 784px\" \/><\/figure>\n\n\n\n<figure class=\"wp-block-image size-large\"><img loading=\"lazy\" decoding=\"async\" width=\"780\" height=\"1024\" data-id=\"11835\" src=\"https:\/\/www.saint-paul-angouleme.fr\/application\/wp-content\/uploads\/2025\/01\/aec29dae-b1c0-40a5-9534-22dee005142e-780x1024.jpg\" alt=\"\" class=\"wp-image-11835\" srcset=\"https:\/\/www.saint-paul-angouleme.fr\/application\/wp-content\/uploads\/2025\/01\/aec29dae-b1c0-40a5-9534-22dee005142e-780x1024.jpg 780w, https:\/\/www.saint-paul-angouleme.fr\/application\/wp-content\/uploads\/2025\/01\/aec29dae-b1c0-40a5-9534-22dee005142e-229x300.jpg 229w, https:\/\/www.saint-paul-angouleme.fr\/application\/wp-content\/uploads\/2025\/01\/aec29dae-b1c0-40a5-9534-22dee005142e-768x1008.jpg 768w, https:\/\/www.saint-paul-angouleme.fr\/application\/wp-content\/uploads\/2025\/01\/aec29dae-b1c0-40a5-9534-22dee005142e-1171x1536.jpg 1171w, https:\/\/www.saint-paul-angouleme.fr\/application\/wp-content\/uploads\/2025\/01\/aec29dae-b1c0-40a5-9534-22dee005142e.jpg 1240w\" sizes=\"(max-width: 780px) 100vw, 780px\" \/><\/figure>\n<\/figure>\n\n\n\n<p><\/p>\n\n\n\n<p>Au cours de cette belle s\u00e9ance nos \u00e9l\u00e8ves ont pu s&#8217;\u00e9merveiller face \u00e0 ces \u0153uvres d\u00e9licates, illustrant de fa\u00e7on po\u00e9tique notre belle r\u00e9gion. Il se sont aussi exerc\u00e9 au croquis afin d&#8217;emporter avec eux un peu de cette &#8220;magie&#8221;.<\/p>\n\n\n<div class=\"wp-block-image\">\n<figure class=\"aligncenter size-large\"><img loading=\"lazy\" decoding=\"async\" width=\"724\" height=\"1024\" src=\"https:\/\/www.saint-paul-angouleme.fr\/application\/wp-content\/uploads\/2025\/01\/naturepapier_A52-724x1024.jpg\" alt=\"&quot;Une nature de papier&quot; : pr\u00e9sentation de l'exposition\" class=\"wp-image-11837\" srcset=\"https:\/\/www.saint-paul-angouleme.fr\/application\/wp-content\/uploads\/2025\/01\/naturepapier_A52-724x1024.jpg 724w, https:\/\/www.saint-paul-angouleme.fr\/application\/wp-content\/uploads\/2025\/01\/naturepapier_A52-212x300.jpg 212w, https:\/\/www.saint-paul-angouleme.fr\/application\/wp-content\/uploads\/2025\/01\/naturepapier_A52-768x1086.jpg 768w, https:\/\/www.saint-paul-angouleme.fr\/application\/wp-content\/uploads\/2025\/01\/naturepapier_A52-1086x1536.jpg 1086w, https:\/\/www.saint-paul-angouleme.fr\/application\/wp-content\/uploads\/2025\/01\/naturepapier_A52.jpg 1240w\" sizes=\"(max-width: 724px) 100vw, 724px\" \/><\/figure><\/div>\n\n\n<p><\/p>\n\n\n\n<p>Ces deux vid\u00e9os permettent de mieux comprendre le travail de l&#8217;artiste et le rendu de ces \u0153uvres dans le film d&#8217;animation &#8220;Bonjour le Monde&#8221;.<\/p>\n\n\n\n<figure class=\"wp-block-embed is-type-video is-provider-youtube wp-block-embed-youtube\"><div style=\"display: contents;\" >\n<div class=\"arve\" data-mode=\"normal\" data-oembed=\"1\" data-provider=\"youtube\" id=\"arve-youtube-zghwdzpf9j0\">\n<div class=\"arve-inner\">\n<div class=\"arve-embed arve-embed--has-aspect-ratio\">\n<span class=\"arve-ar\" style=\"padding-top:56.250000%\"><\/span><iframe credentialless referrerpolicy=\"strict-origin-when-cross-origin\" allow=\"accelerometer &#039;none&#039;;ambient-light-sensor &#039;none&#039;;autoplay &#039;none&#039;;battery &#039;none&#039;;bluetooth &#039;none&#039;;browsing-topics &#039;none&#039;;camera &#039;none&#039;;ch-ua &#039;none&#039;;clipboard-read &#039;none&#039;;clipboard-write;display-capture &#039;none&#039;;document-domain &#039;none&#039;;domain-agent &#039;none&#039;;encrypted-media &#039;none&#039;;execution-while-not-rendered &#039;none&#039;;execution-while-out-of-viewport &#039;none&#039;;gamepad &#039;none&#039;;geolocation &#039;none&#039;;gyroscope &#039;none&#039;;hid &#039;none&#039;;identity-credentials-get &#039;none&#039;;idle-detection &#039;none&#039;;keyboard-map &#039;none&#039;;local-fonts &#039;none&#039;;magnetometer &#039;none&#039;;microphone &#039;none&#039;;midi &#039;none&#039;;navigation-override &#039;none&#039;;otp-credentials &#039;none&#039;;payment &#039;none&#039;;picture-in-picture;publickey-credentials-create &#039;none&#039;;publickey-credentials-get &#039;none&#039;;screen-wake-lock &#039;none&#039;;serial &#039;none&#039;;speaker-selection;sync-xhr &#039;none&#039;;usb &#039;none&#039;;web-share;window-management &#039;none&#039;;xr-spatial-tracking &#039;none&#039;;\" allowfullscreen class=\"arve-iframe fitvidsignore\" data-arve=\"arve-youtube-zghwdzpf9j0\" data-src-no-ap=\"https:\/\/www.youtube-nocookie.com\/embed\/zGHWdZPF9J0?feature=oembed&amp;iv_load_policy=3&amp;modestbranding=1&amp;rel=0&amp;autohide=1&amp;playsinline=0&amp;autoplay=0\" frameborder=\"0\" height=\"0\" name sandbox=\"allow-scripts allow-same-origin allow-presentation allow-popups allow-popups-to-escape-sandbox\" scrolling=\"no\" src=\"https:\/\/www.youtube-nocookie.com\/embed\/zGHWdZPF9J0?feature=oembed&#038;iv_load_policy=3&#038;modestbranding=1&#038;rel=0&#038;autohide=1&#038;playsinline=0&#038;autoplay=0\" width=\"0\" title loading=\"lazy\"><\/iframe>\n\n<\/div>\n\n<\/div>\n<script type=\"application\/ld+json\">{\"@context\":\"http:\\\/\\\/schema.org\\\/\",\"@id\":\"https:\\\/\\\/www.saint-paul-angouleme.fr\\\/application\\\/une-nature-de-papier-seduit-les-eleves-de-la-spe-arts-plastiques\\\/#arve-youtube-zghwdzpf9j0\",\"type\":\"VideoObject\",\"embedURL\":\"https:\\\/\\\/www.youtube-nocookie.com\\\/embed\\\/zGHWdZPF9J0?feature=oembed&iv_load_policy=3&modestbranding=1&rel=0&autohide=1&playsinline=0&autoplay=0\"}<\/script>\n<\/div>\n\n<\/div><\/figure>\n\n\n\n<p><\/p>\n\n\n\n<figure class=\"wp-block-embed is-type-video is-provider-youtube wp-block-embed-youtube\"><div style=\"display: contents;\" >\n<div class=\"arve\" data-mode=\"normal\" data-oembed=\"1\" data-provider=\"youtube\" id=\"arve-youtube-sxyzui8ete0\">\n<div class=\"arve-inner\">\n<div class=\"arve-embed arve-embed--has-aspect-ratio\">\n<span class=\"arve-ar\" style=\"padding-top:56.250000%\"><\/span><iframe credentialless referrerpolicy=\"strict-origin-when-cross-origin\" allow=\"accelerometer &#039;none&#039;;ambient-light-sensor &#039;none&#039;;autoplay &#039;none&#039;;battery &#039;none&#039;;bluetooth &#039;none&#039;;browsing-topics &#039;none&#039;;camera &#039;none&#039;;ch-ua &#039;none&#039;;clipboard-read &#039;none&#039;;clipboard-write;display-capture &#039;none&#039;;document-domain &#039;none&#039;;domain-agent &#039;none&#039;;encrypted-media &#039;none&#039;;execution-while-not-rendered &#039;none&#039;;execution-while-out-of-viewport &#039;none&#039;;gamepad &#039;none&#039;;geolocation &#039;none&#039;;gyroscope &#039;none&#039;;hid &#039;none&#039;;identity-credentials-get &#039;none&#039;;idle-detection &#039;none&#039;;keyboard-map &#039;none&#039;;local-fonts &#039;none&#039;;magnetometer &#039;none&#039;;microphone &#039;none&#039;;midi &#039;none&#039;;navigation-override &#039;none&#039;;otp-credentials &#039;none&#039;;payment &#039;none&#039;;picture-in-picture;publickey-credentials-create &#039;none&#039;;publickey-credentials-get &#039;none&#039;;screen-wake-lock &#039;none&#039;;serial &#039;none&#039;;speaker-selection;sync-xhr &#039;none&#039;;usb &#039;none&#039;;web-share;window-management &#039;none&#039;;xr-spatial-tracking &#039;none&#039;;\" allowfullscreen class=\"arve-iframe fitvidsignore\" data-arve=\"arve-youtube-sxyzui8ete0\" data-src-no-ap=\"https:\/\/www.youtube-nocookie.com\/embed\/sxYzUi8ete0?feature=oembed&amp;iv_load_policy=3&amp;modestbranding=1&amp;rel=0&amp;autohide=1&amp;playsinline=0&amp;autoplay=0\" frameborder=\"0\" height=\"0\" name sandbox=\"allow-scripts allow-same-origin allow-presentation allow-popups allow-popups-to-escape-sandbox\" scrolling=\"no\" src=\"https:\/\/www.youtube-nocookie.com\/embed\/sxYzUi8ete0?feature=oembed&#038;iv_load_policy=3&#038;modestbranding=1&#038;rel=0&#038;autohide=1&#038;playsinline=0&#038;autoplay=0\" width=\"0\" title loading=\"lazy\"><\/iframe>\n\n<\/div>\n\n<\/div>\n<script type=\"application\/ld+json\">{\"@context\":\"http:\\\/\\\/schema.org\\\/\",\"@id\":\"https:\\\/\\\/www.saint-paul-angouleme.fr\\\/application\\\/une-nature-de-papier-seduit-les-eleves-de-la-spe-arts-plastiques\\\/#arve-youtube-sxyzui8ete0\",\"type\":\"VideoObject\",\"embedURL\":\"https:\\\/\\\/www.youtube-nocookie.com\\\/embed\\\/sxYzUi8ete0?feature=oembed&iv_load_policy=3&modestbranding=1&rel=0&autohide=1&playsinline=0&autoplay=0\"}<\/script>\n<\/div>\n\n<\/div><\/figure>\n","protected":false},"excerpt":{"rendered":"<p>Jeudi 12 septembre 2024, les \u00e9l\u00e8ves de Terminale enseignement de sp\u00e9cialit\u00e9 &#8220;Arts Plastiques&#8221; ont visit\u00e9 l&#8217;exposition &#8220;Une nature de papier&#8221; de l&#8217;artiste Anne-Lise KOELHER au Mus\u00e9e du Papier de la ville d&#8217;Angoul\u00eame. Au cours de cette belle s\u00e9ance nos \u00e9l\u00e8ves ont pu s&#8217;\u00e9merveiller face \u00e0 ces \u0153uvres d\u00e9licates, illustrant de fa\u00e7on po\u00e9tique notre belle r\u00e9gion. &#8230; <a title=\"&#8220;Une nature de papier&#8221; : sortie p\u00e9dagogique pour la Sp\u00e9 &#8220;Arts Plastiques&#8221;\" class=\"read-more\" href=\"https:\/\/www.saint-paul-angouleme.fr\/application\/une-nature-de-papier-seduit-les-eleves-de-la-spe-arts-plastiques\/\" aria-label=\"Read more about &#8220;Une nature de papier&#8221; : sortie p\u00e9dagogique pour la Sp\u00e9 &#8220;Arts Plastiques&#8221;\">Lire la suite<\/a><\/p>\n","protected":false},"author":3,"featured_media":11830,"comment_status":"open","ping_status":"open","sticky":false,"template":"","format":"standard","meta":{"_exactmetrics_skip_tracking":false,"_exactmetrics_sitenote_active":false,"_exactmetrics_sitenote_note":"","_exactmetrics_sitenote_category":0,"footnotes":""},"categories":[13],"tags":[],"class_list":["post-11826","post","type-post","status-publish","format-standard","has-post-thumbnail","hentry","category-pedagogie"],"yoast_head":"<!-- This site is optimized with the Yoast SEO plugin v23.3 - https:\/\/yoast.com\/wordpress\/plugins\/seo\/ -->\n<title>&quot;Une nature de papier&quot; s\u00e9duit les \u00e9l\u00e8ves de la Sp\u00e9 &quot;Arts Plastiques&quot;<\/title>\n<meta name=\"description\" content=\"L&#039;exposition &quot;Une nature de papier&quot; de l&#039;artiste Anne-Lise KOELHER au mus\u00e9e du Nil (Mus\u00e9e du papier) a \u00e9merveill\u00e9 nos Terminales ce jour l\u00e0.\" \/>\n<meta name=\"robots\" content=\"index, follow, max-snippet:-1, max-image-preview:large, max-video-preview:-1\" \/>\n<link rel=\"canonical\" href=\"https:\/\/www.saint-paul-angouleme.fr\/application\/une-nature-de-papier-seduit-les-eleves-de-la-spe-arts-plastiques\/\" \/>\n<meta property=\"og:locale\" content=\"fr_FR\" \/>\n<meta property=\"og:type\" content=\"article\" \/>\n<meta property=\"og:title\" content=\"&quot;Une nature de papier&quot; s\u00e9duit les \u00e9l\u00e8ves de la Sp\u00e9 &quot;Arts Plastiques&quot;\" \/>\n<meta property=\"og:description\" content=\"L&#039;exposition &quot;Une nature de papier&quot; de l&#039;artiste Anne-Lise KOELHER au mus\u00e9e du Nil (Mus\u00e9e du papier) a \u00e9merveill\u00e9 nos Terminales ce jour l\u00e0.\" \/>\n<meta property=\"og:url\" content=\"https:\/\/www.saint-paul-angouleme.fr\/application\/une-nature-de-papier-seduit-les-eleves-de-la-spe-arts-plastiques\/\" \/>\n<meta property=\"og:site_name\" content=\"Actualit\u00e9s\" \/>\n<meta property=\"article:publisher\" content=\"https:\/\/www.facebook.com\/SaintPaulAngouleme16\/\" \/>\n<meta property=\"article:published_time\" content=\"2024-09-17T05:54:00+00:00\" \/>\n<meta property=\"article:modified_time\" content=\"2025-01-23T16:56:08+00:00\" \/>\n<meta property=\"og:image\" content=\"https:\/\/www.saint-paul-angouleme.fr\/application\/wp-content\/uploads\/2025\/01\/Capture-decran-2025-01-23-173139.png\" \/>\n\t<meta property=\"og:image:width\" content=\"1894\" \/>\n\t<meta property=\"og:image:height\" content=\"486\" \/>\n\t<meta property=\"og:image:type\" content=\"image\/png\" \/>\n<meta name=\"author\" content=\"SAINT-PAUL\" \/>\n<meta name=\"twitter:card\" content=\"summary_large_image\" \/>\n<meta name=\"twitter:creator\" content=\"@StPaulAngoulem\" \/>\n<meta name=\"twitter:site\" content=\"@StPaulAngoulem\" \/>\n<meta name=\"twitter:label1\" content=\"\u00c9crit par\" \/>\n\t<meta name=\"twitter:data1\" content=\"SAINT-PAUL\" \/>\n\t<meta name=\"twitter:label2\" content=\"Dur\u00e9e de lecture estim\u00e9e\" \/>\n\t<meta name=\"twitter:data2\" content=\"2 minutes\" \/>\n<script type=\"application\/ld+json\" class=\"yoast-schema-graph\">{\"@context\":\"https:\/\/schema.org\",\"@graph\":[{\"@type\":\"Article\",\"@id\":\"https:\/\/www.saint-paul-angouleme.fr\/application\/une-nature-de-papier-seduit-les-eleves-de-la-spe-arts-plastiques\/#article\",\"isPartOf\":{\"@id\":\"https:\/\/www.saint-paul-angouleme.fr\/application\/une-nature-de-papier-seduit-les-eleves-de-la-spe-arts-plastiques\/\"},\"author\":{\"name\":\"SAINT-PAUL\",\"@id\":\"https:\/\/www.saint-paul-angouleme.fr\/application\/#\/schema\/person\/ea152930b1a3823659065827b1a5fb9b\"},\"headline\":\"&#8220;Une nature de papier&#8221; : sortie p\u00e9dagogique pour la Sp\u00e9 &#8220;Arts Plastiques&#8221;\",\"datePublished\":\"2024-09-17T05:54:00+00:00\",\"dateModified\":\"2025-01-23T16:56:08+00:00\",\"mainEntityOfPage\":{\"@id\":\"https:\/\/www.saint-paul-angouleme.fr\/application\/une-nature-de-papier-seduit-les-eleves-de-la-spe-arts-plastiques\/\"},\"wordCount\":140,\"commentCount\":0,\"publisher\":{\"@id\":\"https:\/\/www.saint-paul-angouleme.fr\/application\/#organization\"},\"image\":{\"@id\":\"https:\/\/www.saint-paul-angouleme.fr\/application\/une-nature-de-papier-seduit-les-eleves-de-la-spe-arts-plastiques\/#primaryimage\"},\"thumbnailUrl\":\"https:\/\/www.saint-paul-angouleme.fr\/application\/wp-content\/uploads\/2025\/01\/Capture-decran-2025-01-23-173139.png\",\"articleSection\":[\"P\u00e9dagogie\"],\"inLanguage\":\"fr-FR\",\"potentialAction\":[{\"@type\":\"CommentAction\",\"name\":\"Comment\",\"target\":[\"https:\/\/www.saint-paul-angouleme.fr\/application\/une-nature-de-papier-seduit-les-eleves-de-la-spe-arts-plastiques\/#respond\"]}]},{\"@type\":\"WebPage\",\"@id\":\"https:\/\/www.saint-paul-angouleme.fr\/application\/une-nature-de-papier-seduit-les-eleves-de-la-spe-arts-plastiques\/\",\"url\":\"https:\/\/www.saint-paul-angouleme.fr\/application\/une-nature-de-papier-seduit-les-eleves-de-la-spe-arts-plastiques\/\",\"name\":\"\\\"Une nature de papier\\\" s\u00e9duit les \u00e9l\u00e8ves de la Sp\u00e9 \\\"Arts Plastiques\\\"\",\"isPartOf\":{\"@id\":\"https:\/\/www.saint-paul-angouleme.fr\/application\/#website\"},\"primaryImageOfPage\":{\"@id\":\"https:\/\/www.saint-paul-angouleme.fr\/application\/une-nature-de-papier-seduit-les-eleves-de-la-spe-arts-plastiques\/#primaryimage\"},\"image\":{\"@id\":\"https:\/\/www.saint-paul-angouleme.fr\/application\/une-nature-de-papier-seduit-les-eleves-de-la-spe-arts-plastiques\/#primaryimage\"},\"thumbnailUrl\":\"https:\/\/www.saint-paul-angouleme.fr\/application\/wp-content\/uploads\/2025\/01\/Capture-decran-2025-01-23-173139.png\",\"datePublished\":\"2024-09-17T05:54:00+00:00\",\"dateModified\":\"2025-01-23T16:56:08+00:00\",\"description\":\"L'exposition \\\"Une nature de papier\\\" de l'artiste Anne-Lise KOELHER au mus\u00e9e du Nil (Mus\u00e9e du papier) a \u00e9merveill\u00e9 nos Terminales ce jour l\u00e0.\",\"breadcrumb\":{\"@id\":\"https:\/\/www.saint-paul-angouleme.fr\/application\/une-nature-de-papier-seduit-les-eleves-de-la-spe-arts-plastiques\/#breadcrumb\"},\"inLanguage\":\"fr-FR\",\"potentialAction\":[{\"@type\":\"ReadAction\",\"target\":[\"https:\/\/www.saint-paul-angouleme.fr\/application\/une-nature-de-papier-seduit-les-eleves-de-la-spe-arts-plastiques\/\"]}]},{\"@type\":\"ImageObject\",\"inLanguage\":\"fr-FR\",\"@id\":\"https:\/\/www.saint-paul-angouleme.fr\/application\/une-nature-de-papier-seduit-les-eleves-de-la-spe-arts-plastiques\/#primaryimage\",\"url\":\"https:\/\/www.saint-paul-angouleme.fr\/application\/wp-content\/uploads\/2025\/01\/Capture-decran-2025-01-23-173139.png\",\"contentUrl\":\"https:\/\/www.saint-paul-angouleme.fr\/application\/wp-content\/uploads\/2025\/01\/Capture-decran-2025-01-23-173139.png\",\"width\":1894,\"height\":486},{\"@type\":\"BreadcrumbList\",\"@id\":\"https:\/\/www.saint-paul-angouleme.fr\/application\/une-nature-de-papier-seduit-les-eleves-de-la-spe-arts-plastiques\/#breadcrumb\",\"itemListElement\":[{\"@type\":\"ListItem\",\"position\":1,\"name\":\"Accueil\",\"item\":\"http:\/\/www.saint-paul-angouleme.fr\/application\/\"},{\"@type\":\"ListItem\",\"position\":2,\"name\":\"&#8220;Une nature de papier&#8221; : sortie p\u00e9dagogique pour la Sp\u00e9 &#8220;Arts Plastiques&#8221;\"}]},{\"@type\":\"WebSite\",\"@id\":\"https:\/\/www.saint-paul-angouleme.fr\/application\/#website\",\"url\":\"https:\/\/www.saint-paul-angouleme.fr\/application\/\",\"name\":\"Actualit\u00e9s\",\"description\":\"Actualit\u00e9s Saint Paul\",\"publisher\":{\"@id\":\"https:\/\/www.saint-paul-angouleme.fr\/application\/#organization\"},\"potentialAction\":[{\"@type\":\"SearchAction\",\"target\":{\"@type\":\"EntryPoint\",\"urlTemplate\":\"https:\/\/www.saint-paul-angouleme.fr\/application\/?s={search_term_string}\"},\"query-input\":\"required name=search_term_string\"}],\"inLanguage\":\"fr-FR\"},{\"@type\":\"Organization\",\"@id\":\"https:\/\/www.saint-paul-angouleme.fr\/application\/#organization\",\"name\":\"Ensemble scolaire Saint-Paul\",\"url\":\"https:\/\/www.saint-paul-angouleme.fr\/application\/\",\"logo\":{\"@type\":\"ImageObject\",\"inLanguage\":\"fr-FR\",\"@id\":\"https:\/\/www.saint-paul-angouleme.fr\/application\/#\/schema\/logo\/image\/\",\"url\":\"https:\/\/www.saint-paul-angouleme.fr\/application\/wp-content\/uploads\/2018\/08\/logo-saint-paul-couleurs.jpg\",\"contentUrl\":\"https:\/\/www.saint-paul-angouleme.fr\/application\/wp-content\/uploads\/2018\/08\/logo-saint-paul-couleurs.jpg\",\"width\":1890,\"height\":709,\"caption\":\"Ensemble scolaire Saint-Paul\"},\"image\":{\"@id\":\"https:\/\/www.saint-paul-angouleme.fr\/application\/#\/schema\/logo\/image\/\"},\"sameAs\":[\"https:\/\/www.facebook.com\/SaintPaulAngouleme16\/\",\"https:\/\/x.com\/StPaulAngoulem\",\"https:\/\/www.youtube.com\/channel\/UCRLpz1CmPVqc0gn--YyXvjA?view_as=subscriber\"]},{\"@type\":\"Person\",\"@id\":\"https:\/\/www.saint-paul-angouleme.fr\/application\/#\/schema\/person\/ea152930b1a3823659065827b1a5fb9b\",\"name\":\"SAINT-PAUL\",\"image\":{\"@type\":\"ImageObject\",\"inLanguage\":\"fr-FR\",\"@id\":\"https:\/\/www.saint-paul-angouleme.fr\/application\/#\/schema\/person\/image\/\",\"url\":\"https:\/\/secure.gravatar.com\/avatar\/eadb0ffebc02683a61d69038eb2924f0?s=96&r=g\",\"contentUrl\":\"https:\/\/secure.gravatar.com\/avatar\/eadb0ffebc02683a61d69038eb2924f0?s=96&r=g\",\"caption\":\"SAINT-PAUL\"},\"url\":\"https:\/\/www.saint-paul-angouleme.fr\/application\/author\/myriam\/\"}]}<\/script>\n<!-- \/ Yoast SEO plugin. -->","yoast_head_json":{"title":"\"Une nature de papier\" s\u00e9duit les \u00e9l\u00e8ves de la Sp\u00e9 \"Arts Plastiques\"","description":"L'exposition \"Une nature de papier\" de l'artiste Anne-Lise KOELHER au mus\u00e9e du Nil (Mus\u00e9e du papier) a \u00e9merveill\u00e9 nos Terminales ce jour l\u00e0.","robots":{"index":"index","follow":"follow","max-snippet":"max-snippet:-1","max-image-preview":"max-image-preview:large","max-video-preview":"max-video-preview:-1"},"canonical":"https:\/\/www.saint-paul-angouleme.fr\/application\/une-nature-de-papier-seduit-les-eleves-de-la-spe-arts-plastiques\/","og_locale":"fr_FR","og_type":"article","og_title":"\"Une nature de papier\" s\u00e9duit les \u00e9l\u00e8ves de la Sp\u00e9 \"Arts Plastiques\"","og_description":"L'exposition \"Une nature de papier\" de l'artiste Anne-Lise KOELHER au mus\u00e9e du Nil (Mus\u00e9e du papier) a \u00e9merveill\u00e9 nos Terminales ce jour l\u00e0.","og_url":"https:\/\/www.saint-paul-angouleme.fr\/application\/une-nature-de-papier-seduit-les-eleves-de-la-spe-arts-plastiques\/","og_site_name":"Actualit\u00e9s","article_publisher":"https:\/\/www.facebook.com\/SaintPaulAngouleme16\/","article_published_time":"2024-09-17T05:54:00+00:00","article_modified_time":"2025-01-23T16:56:08+00:00","og_image":[{"width":1894,"height":486,"url":"https:\/\/www.saint-paul-angouleme.fr\/application\/wp-content\/uploads\/2025\/01\/Capture-decran-2025-01-23-173139.png","type":"image\/png"}],"author":"SAINT-PAUL","twitter_card":"summary_large_image","twitter_creator":"@StPaulAngoulem","twitter_site":"@StPaulAngoulem","twitter_misc":{"\u00c9crit par":"SAINT-PAUL","Dur\u00e9e de lecture estim\u00e9e":"2 minutes"},"schema":{"@context":"https:\/\/schema.org","@graph":[{"@type":"Article","@id":"https:\/\/www.saint-paul-angouleme.fr\/application\/une-nature-de-papier-seduit-les-eleves-de-la-spe-arts-plastiques\/#article","isPartOf":{"@id":"https:\/\/www.saint-paul-angouleme.fr\/application\/une-nature-de-papier-seduit-les-eleves-de-la-spe-arts-plastiques\/"},"author":{"name":"SAINT-PAUL","@id":"https:\/\/www.saint-paul-angouleme.fr\/application\/#\/schema\/person\/ea152930b1a3823659065827b1a5fb9b"},"headline":"&#8220;Une nature de papier&#8221; : sortie p\u00e9dagogique pour la Sp\u00e9 &#8220;Arts Plastiques&#8221;","datePublished":"2024-09-17T05:54:00+00:00","dateModified":"2025-01-23T16:56:08+00:00","mainEntityOfPage":{"@id":"https:\/\/www.saint-paul-angouleme.fr\/application\/une-nature-de-papier-seduit-les-eleves-de-la-spe-arts-plastiques\/"},"wordCount":140,"commentCount":0,"publisher":{"@id":"https:\/\/www.saint-paul-angouleme.fr\/application\/#organization"},"image":{"@id":"https:\/\/www.saint-paul-angouleme.fr\/application\/une-nature-de-papier-seduit-les-eleves-de-la-spe-arts-plastiques\/#primaryimage"},"thumbnailUrl":"https:\/\/www.saint-paul-angouleme.fr\/application\/wp-content\/uploads\/2025\/01\/Capture-decran-2025-01-23-173139.png","articleSection":["P\u00e9dagogie"],"inLanguage":"fr-FR","potentialAction":[{"@type":"CommentAction","name":"Comment","target":["https:\/\/www.saint-paul-angouleme.fr\/application\/une-nature-de-papier-seduit-les-eleves-de-la-spe-arts-plastiques\/#respond"]}]},{"@type":"WebPage","@id":"https:\/\/www.saint-paul-angouleme.fr\/application\/une-nature-de-papier-seduit-les-eleves-de-la-spe-arts-plastiques\/","url":"https:\/\/www.saint-paul-angouleme.fr\/application\/une-nature-de-papier-seduit-les-eleves-de-la-spe-arts-plastiques\/","name":"\"Une nature de papier\" s\u00e9duit les \u00e9l\u00e8ves de la Sp\u00e9 \"Arts Plastiques\"","isPartOf":{"@id":"https:\/\/www.saint-paul-angouleme.fr\/application\/#website"},"primaryImageOfPage":{"@id":"https:\/\/www.saint-paul-angouleme.fr\/application\/une-nature-de-papier-seduit-les-eleves-de-la-spe-arts-plastiques\/#primaryimage"},"image":{"@id":"https:\/\/www.saint-paul-angouleme.fr\/application\/une-nature-de-papier-seduit-les-eleves-de-la-spe-arts-plastiques\/#primaryimage"},"thumbnailUrl":"https:\/\/www.saint-paul-angouleme.fr\/application\/wp-content\/uploads\/2025\/01\/Capture-decran-2025-01-23-173139.png","datePublished":"2024-09-17T05:54:00+00:00","dateModified":"2025-01-23T16:56:08+00:00","description":"L'exposition \"Une nature de papier\" de l'artiste Anne-Lise KOELHER au mus\u00e9e du Nil (Mus\u00e9e du papier) a \u00e9merveill\u00e9 nos Terminales ce jour l\u00e0.","breadcrumb":{"@id":"https:\/\/www.saint-paul-angouleme.fr\/application\/une-nature-de-papier-seduit-les-eleves-de-la-spe-arts-plastiques\/#breadcrumb"},"inLanguage":"fr-FR","potentialAction":[{"@type":"ReadAction","target":["https:\/\/www.saint-paul-angouleme.fr\/application\/une-nature-de-papier-seduit-les-eleves-de-la-spe-arts-plastiques\/"]}]},{"@type":"ImageObject","inLanguage":"fr-FR","@id":"https:\/\/www.saint-paul-angouleme.fr\/application\/une-nature-de-papier-seduit-les-eleves-de-la-spe-arts-plastiques\/#primaryimage","url":"https:\/\/www.saint-paul-angouleme.fr\/application\/wp-content\/uploads\/2025\/01\/Capture-decran-2025-01-23-173139.png","contentUrl":"https:\/\/www.saint-paul-angouleme.fr\/application\/wp-content\/uploads\/2025\/01\/Capture-decran-2025-01-23-173139.png","width":1894,"height":486},{"@type":"BreadcrumbList","@id":"https:\/\/www.saint-paul-angouleme.fr\/application\/une-nature-de-papier-seduit-les-eleves-de-la-spe-arts-plastiques\/#breadcrumb","itemListElement":[{"@type":"ListItem","position":1,"name":"Accueil","item":"http:\/\/www.saint-paul-angouleme.fr\/application\/"},{"@type":"ListItem","position":2,"name":"&#8220;Une nature de papier&#8221; : sortie p\u00e9dagogique pour la Sp\u00e9 &#8220;Arts Plastiques&#8221;"}]},{"@type":"WebSite","@id":"https:\/\/www.saint-paul-angouleme.fr\/application\/#website","url":"https:\/\/www.saint-paul-angouleme.fr\/application\/","name":"Actualit\u00e9s","description":"Actualit\u00e9s Saint Paul","publisher":{"@id":"https:\/\/www.saint-paul-angouleme.fr\/application\/#organization"},"potentialAction":[{"@type":"SearchAction","target":{"@type":"EntryPoint","urlTemplate":"https:\/\/www.saint-paul-angouleme.fr\/application\/?s={search_term_string}"},"query-input":"required name=search_term_string"}],"inLanguage":"fr-FR"},{"@type":"Organization","@id":"https:\/\/www.saint-paul-angouleme.fr\/application\/#organization","name":"Ensemble scolaire Saint-Paul","url":"https:\/\/www.saint-paul-angouleme.fr\/application\/","logo":{"@type":"ImageObject","inLanguage":"fr-FR","@id":"https:\/\/www.saint-paul-angouleme.fr\/application\/#\/schema\/logo\/image\/","url":"https:\/\/www.saint-paul-angouleme.fr\/application\/wp-content\/uploads\/2018\/08\/logo-saint-paul-couleurs.jpg","contentUrl":"https:\/\/www.saint-paul-angouleme.fr\/application\/wp-content\/uploads\/2018\/08\/logo-saint-paul-couleurs.jpg","width":1890,"height":709,"caption":"Ensemble scolaire Saint-Paul"},"image":{"@id":"https:\/\/www.saint-paul-angouleme.fr\/application\/#\/schema\/logo\/image\/"},"sameAs":["https:\/\/www.facebook.com\/SaintPaulAngouleme16\/","https:\/\/x.com\/StPaulAngoulem","https:\/\/www.youtube.com\/channel\/UCRLpz1CmPVqc0gn--YyXvjA?view_as=subscriber"]},{"@type":"Person","@id":"https:\/\/www.saint-paul-angouleme.fr\/application\/#\/schema\/person\/ea152930b1a3823659065827b1a5fb9b","name":"SAINT-PAUL","image":{"@type":"ImageObject","inLanguage":"fr-FR","@id":"https:\/\/www.saint-paul-angouleme.fr\/application\/#\/schema\/person\/image\/","url":"https:\/\/secure.gravatar.com\/avatar\/eadb0ffebc02683a61d69038eb2924f0?s=96&r=g","contentUrl":"https:\/\/secure.gravatar.com\/avatar\/eadb0ffebc02683a61d69038eb2924f0?s=96&r=g","caption":"SAINT-PAUL"},"url":"https:\/\/www.saint-paul-angouleme.fr\/application\/author\/myriam\/"}]}},"_links":{"self":[{"href":"https:\/\/www.saint-paul-angouleme.fr\/application\/wp-json\/wp\/v2\/posts\/11826"}],"collection":[{"href":"https:\/\/www.saint-paul-angouleme.fr\/application\/wp-json\/wp\/v2\/posts"}],"about":[{"href":"https:\/\/www.saint-paul-angouleme.fr\/application\/wp-json\/wp\/v2\/types\/post"}],"author":[{"embeddable":true,"href":"https:\/\/www.saint-paul-angouleme.fr\/application\/wp-json\/wp\/v2\/users\/3"}],"replies":[{"embeddable":true,"href":"https:\/\/www.saint-paul-angouleme.fr\/application\/wp-json\/wp\/v2\/comments?post=11826"}],"version-history":[{"count":3,"href":"https:\/\/www.saint-paul-angouleme.fr\/application\/wp-json\/wp\/v2\/posts\/11826\/revisions"}],"predecessor-version":[{"id":11838,"href":"https:\/\/www.saint-paul-angouleme.fr\/application\/wp-json\/wp\/v2\/posts\/11826\/revisions\/11838"}],"wp:featuredmedia":[{"embeddable":true,"href":"https:\/\/www.saint-paul-angouleme.fr\/application\/wp-json\/wp\/v2\/media\/11830"}],"wp:attachment":[{"href":"https:\/\/www.saint-paul-angouleme.fr\/application\/wp-json\/wp\/v2\/media?parent=11826"}],"wp:term":[{"taxonomy":"category","embeddable":true,"href":"https:\/\/www.saint-paul-angouleme.fr\/application\/wp-json\/wp\/v2\/categories?post=11826"},{"taxonomy":"post_tag","embeddable":true,"href":"https:\/\/www.saint-paul-angouleme.fr\/application\/wp-json\/wp\/v2\/tags?post=11826"}],"curies":[{"name":"wp","href":"https:\/\/api.w.org\/{rel}","templated":true}]}}