{"id":1159,"date":"2017-06-21T17:16:26","date_gmt":"2017-06-21T15:16:26","guid":{"rendered":"http:\/\/www.saint-paul-angouleme.fr\/application\/?p=1159"},"modified":"2017-06-21T19:15:29","modified_gmt":"2017-06-21T17:15:29","slug":"la-chorale-a-la-nef-pour-preparer-son-concert","status":"publish","type":"post","link":"https:\/\/www.saint-paul-angouleme.fr\/application\/la-chorale-a-la-nef-pour-preparer-son-concert\/","title":{"rendered":"La chorale \u00e0 la Nef pr\u00e9pare son concert"},"content":{"rendered":"<p style=\"text-align: justify;\"><a href=\"http:\/\/www.saint-paul-angouleme.fr\/application\/wp-content\/uploads\/2017\/06\/P1060064.jpg\"><img loading=\"lazy\" decoding=\"async\" class=\"aligncenter size-large wp-image-1164\" src=\"http:\/\/www.saint-paul-angouleme.fr\/application\/wp-content\/uploads\/2017\/06\/P1060064-1024x768.jpg\" alt=\"\" width=\"1024\" height=\"768\" data-id=\"1164\" srcset=\"https:\/\/www.saint-paul-angouleme.fr\/application\/wp-content\/uploads\/2017\/06\/P1060064-1024x768.jpg 1024w, https:\/\/www.saint-paul-angouleme.fr\/application\/wp-content\/uploads\/2017\/06\/P1060064-300x225.jpg 300w, https:\/\/www.saint-paul-angouleme.fr\/application\/wp-content\/uploads\/2017\/06\/P1060064-768x576.jpg 768w\" sizes=\"(max-width: 1024px) 100vw, 1024px\" \/><\/a><\/p>\n<p style=\"text-align: justify;\"><span style=\"color: #333333; font-family: arial,helvetica,sans-serif; font-size: 20px;\">Mardi 13 juin, M. CLEYRAT, professeur de musique,\u00a0accompagnait des \u00e9l\u00e8ves du Coll\u00e8ge et du Lyc\u00e9e \u00e0 La Nef. Ils\u00a0ont pu visiter toute\u00a0cette structure et ainsi appr\u00e9hender toutes les activit\u00e9s du lieu \u00e0 savoir :<\/span><\/p>\n<p style=\"text-align: justify;\"><span style=\"color: #333333; font-family: arial,helvetica,sans-serif; font-size: 20px;\">&#8211; les concerts,<\/span><\/p>\n<p style=\"text-align: justify;\"><span style=\"color: #333333; font-family: arial,helvetica,sans-serif; font-size: 20px;\">&#8211; l&#8217;enregistrement,<\/span><\/p>\n<p style=\"text-align: justify;\"><span style=\"color: #333333; font-family: arial,helvetica,sans-serif; font-size: 20px;\">&#8211; les r\u00e9sidences d\u2019artistes,<\/span><\/p>\n<p style=\"text-align: justify;\"><span style=\"color: #333333; font-family: arial,helvetica,sans-serif; font-size: 20px;\">&#8211; les r\u00e9p\u00e9titions,<\/span><\/p>\n<p style=\"text-align: justify;\"><span style=\"color: #333333; font-family: arial,helvetica,sans-serif; font-size: 20px;\">&#8211; l&#8217;aspect administratif mais aussi technique. Ils se sont rendu compte \u00e9galement de la probl\u00e9matique financi\u00e8re.<\/span><\/p>\n<p style=\"text-align: justify;\"><span style=\"color: #333333; font-family: arial,helvetica,sans-serif; font-size: 20px;\">Chacun a \u00e9galement r\u00e9alis\u00e9 que l&#8217;organisation d&#8217;un simple concert \u00e9tait un gros travail en amont mais \u00e9galement le jour m\u00eame (de l&#8217;accueil aux repas, le logement, le son, les lumi\u00e8res&#8230;).<\/span><\/p>\n<p style=\"text-align: justify;\"><a href=\"http:\/\/www.saint-paul-angouleme.fr\/application\/wp-content\/uploads\/2017\/06\/P1060063.jpg\"><img loading=\"lazy\" decoding=\"async\" class=\"aligncenter size-large wp-image-1165\" src=\"http:\/\/www.saint-paul-angouleme.fr\/application\/wp-content\/uploads\/2017\/06\/P1060063-1024x768.jpg\" alt=\"\" width=\"1024\" height=\"768\" data-id=\"1165\" srcset=\"https:\/\/www.saint-paul-angouleme.fr\/application\/wp-content\/uploads\/2017\/06\/P1060063-1024x768.jpg 1024w, https:\/\/www.saint-paul-angouleme.fr\/application\/wp-content\/uploads\/2017\/06\/P1060063-300x225.jpg 300w, https:\/\/www.saint-paul-angouleme.fr\/application\/wp-content\/uploads\/2017\/06\/P1060063-768x576.jpg 768w\" sizes=\"(max-width: 1024px) 100vw, 1024px\" \/><\/a><\/p>\n<p style=\"text-align: justify;\"><span style=\"color: #333333; font-family: arial,helvetica,sans-serif; font-size: 20px;\">Les techniciens\u00a0leur\u00a0ont aussi parl\u00e9 des risques auditifs. En leur passant des extraits musicaux dans la grande salle,\u00a0les jeunes\u00a0ont pu se rendre compte de la force du son et comprendre les limites impos\u00e9es par la loi.<\/span><\/p>\n<p style=\"text-align: justify;\"><span style=\"color: #333333; font-family: arial,helvetica,sans-serif; font-size: 20px;\">L&#8217;apr\u00e8s midi\u00a0est consacr\u00e9 \u00e0 l&#8217;enregistrement de\u00a0trois chansons\u00a0: deux des Beach-Boys (vocales) et une de Jason LYTLE avec guitare.<\/span><\/p>\n<p style=\"text-align: justify;\"><span style=\"color: #333333; font-family: arial,helvetica,sans-serif; font-size: 20px;\">Grace \u00e0 cette s\u00e9ance, ils se sont aper\u00e7us qu&#8217;enregistrer n&#8217;est pas toujours \u00e9vident et que c&#8217;est autre chose que le concert, une autre rigueur.<\/span><\/p>\n<p style=\"text-align: justify;\"><span style=\"color: #333333; font-family: arial,helvetica,sans-serif; font-size: 20px;\">Etienne JOUANNEAU, l&#8217;ing\u00e9nieur son leur a fait \u00e9couter le r\u00e9sultat dans le studio d&#8217;enregistrement\u00a0: la satisfaction de s\u2019entendre \u00e9tait visible sur leurs visages.<\/span><\/p>\n<p style=\"text-align: justify;\"><span style=\"color: #333333; font-family: arial,helvetica,sans-serif; font-size: 20px;\">Cette exp\u00e9rience les a un peu plus soud\u00e9s encore, le bilan est tr\u00e8s positif.<\/span><\/p>\n<p style=\"text-align: center;\"><span style=\"color: #de984b; font-size: 20px;\"><strong><span style=\"font-family: arial,helvetica,sans-serif;\">Rendez-vous :<\/span><\/strong><\/span><\/p>\n<p style=\"text-align: center;\"><span style=\"color: #de984b; font-size: 20px;\"><strong><span style=\"font-family: arial,helvetica,sans-serif;\">Mercredi 21 juin \u00e0 17h00, librairie\u00a0Cosmopolite<\/span><\/strong><\/span><\/p>\n<p style=\"text-align: center;\"><span style=\"color: #de984b; font-size: 20px;\"><strong><span style=\"font-family: arial,helvetica,sans-serif;\">Vendredi 23 juin \u00e0 18h30, salle Saint Paul <\/span><\/strong><\/span><\/p>\n<p style=\"text-align: center;\"><span style=\"color: #de984b; font-size: 20px;\"><strong><span style=\"font-family: arial,helvetica,sans-serif;\">Samedi 24 juin \u00e0 13h30, salle Saint Paul<\/span><\/strong><\/span><\/p>\n<p style=\"text-align: center;\"><span style=\"color: #de984b; font-size: 20px;\"><strong><span style=\"font-family: arial,helvetica,sans-serif;\">Venez nombreux !!!<\/span><\/strong><\/span><\/p>\n<p style=\"text-align: center;\"><a href=\"http:\/\/www.saint-paul-angouleme.fr\/application\/wp-content\/uploads\/2017\/06\/P1060068.jpg\"><img loading=\"lazy\" decoding=\"async\" class=\"aligncenter size-large wp-image-1166\" src=\"http:\/\/www.saint-paul-angouleme.fr\/application\/wp-content\/uploads\/2017\/06\/P1060068-1024x768.jpg\" alt=\"\" width=\"1024\" height=\"768\" data-id=\"1166\" srcset=\"https:\/\/www.saint-paul-angouleme.fr\/application\/wp-content\/uploads\/2017\/06\/P1060068-1024x768.jpg 1024w, https:\/\/www.saint-paul-angouleme.fr\/application\/wp-content\/uploads\/2017\/06\/P1060068-300x225.jpg 300w, https:\/\/www.saint-paul-angouleme.fr\/application\/wp-content\/uploads\/2017\/06\/P1060068-768x576.jpg 768w\" sizes=\"(max-width: 1024px) 100vw, 1024px\" \/><\/a><\/p>\n<!--[if lt IE 9]><script>document.createElement('audio');<\/script><![endif]-->\n<audio class=\"wp-audio-shortcode\" id=\"audio-1159-1\" preload=\"none\" style=\"width: 100%;\" controls=\"controls\"><source type=\"audio\/x-ms-wma\" src=\"https:\/\/www.saint-paul-angouleme.fr\/application\/wp-content\/uploads\/2017\/06\/Elizabeth-OTHER-VERSION.wma?_=1\" \/><a href=\"https:\/\/www.saint-paul-angouleme.fr\/application\/wp-content\/uploads\/2017\/06\/Elizabeth-OTHER-VERSION.wma\">https:\/\/www.saint-paul-angouleme.fr\/application\/wp-content\/uploads\/2017\/06\/Elizabeth-OTHER-VERSION.wma<\/a><\/audio>\n<p style=\"text-align: center;\"><div tabindex=\"0\" class=\"cycloneslider cycloneslider-template-standard cycloneslider-width-responsive\" id=\"cycloneslider-chorale-a-la-nef-1\" style=\"max-width:960px\" > <div class=\"cycloneslider-slides cycle-slideshow\" data-cycle-allow-wrap=\"true\" data-cycle-dynamic-height=\"off\" data-cycle-auto-height=\"960:600\" data-cycle-auto-height-easing=\"null\" data-cycle-auto-height-speed=\"250\" data-cycle-delay=\"0\" data-cycle-easing=\"\" data-cycle-fx=\"fade\" data-cycle-hide-non-active=\"true\" data-cycle-log=\"false\" data-cycle-next=\"#cycloneslider-chorale-a-la-nef-1 .cycloneslider-next\" data-cycle-pager=\"#cycloneslider-chorale-a-la-nef-1 .cycloneslider-pager\" data-cycle-pause-on-hover=\"true\" data-cycle-prev=\"#cycloneslider-chorale-a-la-nef-1 .cycloneslider-prev\" data-cycle-slides=\"&gt; div\" data-cycle-speed=\"1000\" data-cycle-swipe=\"1\" data-cycle-tile-count=\"7\" data-cycle-tile-delay=\"100\" data-cycle-tile-vertical=\"true\" data-cycle-timeout=\"4000\" > <div class=\"cycloneslider-slide cycloneslider-slide-image\" > <img decoding=\"async\" src=\"https:\/\/www.saint-paul-angouleme.fr\/application\/wp-content\/uploads\/2017\/06\/P1060068-960x600.jpg\" alt=\"\" title=\"\" \/> <\/div> <div class=\"cycloneslider-slide cycloneslider-slide-image\" > <img decoding=\"async\" src=\"https:\/\/www.saint-paul-angouleme.fr\/application\/wp-content\/uploads\/2017\/06\/P1060063-960x600.jpg\" alt=\"\" title=\"\" \/> <\/div> <div class=\"cycloneslider-slide cycloneslider-slide-image\" > <img decoding=\"async\" src=\"https:\/\/www.saint-paul-angouleme.fr\/application\/wp-content\/uploads\/2017\/06\/P1060064-960x600.jpg\" alt=\"\" title=\"\" \/> <\/div> <div class=\"cycloneslider-slide cycloneslider-slide-image\" > <img decoding=\"async\" src=\"https:\/\/www.saint-paul-angouleme.fr\/application\/wp-content\/uploads\/2017\/06\/P1060055-960x600.jpg\" alt=\"\" title=\"\" \/> <\/div> <div class=\"cycloneslider-slide cycloneslider-slide-image\" > <img decoding=\"async\" src=\"https:\/\/www.saint-paul-angouleme.fr\/application\/wp-content\/uploads\/2017\/06\/P1060056-960x600.jpg\" alt=\"\" title=\"\" \/> <\/div> <div class=\"cycloneslider-slide cycloneslider-slide-image\" > <img decoding=\"async\" src=\"https:\/\/www.saint-paul-angouleme.fr\/application\/wp-content\/uploads\/2017\/06\/P1060057-960x600.jpg\" alt=\"\" title=\"\" \/> <\/div> <div class=\"cycloneslider-slide cycloneslider-slide-image\" > <img decoding=\"async\" src=\"https:\/\/www.saint-paul-angouleme.fr\/application\/wp-content\/uploads\/2017\/06\/P1060058-960x600.jpg\" alt=\"\" title=\"\" \/> <\/div> <div class=\"cycloneslider-slide cycloneslider-slide-image\" > <img decoding=\"async\" src=\"https:\/\/www.saint-paul-angouleme.fr\/application\/wp-content\/uploads\/2017\/06\/P1060059-960x600.jpg\" alt=\"\" title=\"\" \/> <\/div> <div class=\"cycloneslider-slide cycloneslider-slide-image\" > <img decoding=\"async\" src=\"https:\/\/www.saint-paul-angouleme.fr\/application\/wp-content\/uploads\/2017\/06\/P1060060-960x600.jpg\" alt=\"\" title=\"\" \/> <\/div> <div class=\"cycloneslider-slide cycloneslider-slide-image\" > <img decoding=\"async\" src=\"https:\/\/www.saint-paul-angouleme.fr\/application\/wp-content\/uploads\/2017\/06\/P1060061-960x600.jpg\" alt=\"\" title=\"\" \/> <\/div> <div class=\"cycloneslider-slide cycloneslider-slide-image\" > <img decoding=\"async\" src=\"https:\/\/www.saint-paul-angouleme.fr\/application\/wp-content\/uploads\/2017\/06\/P1060062-960x600.jpg\" alt=\"\" title=\"\" \/> <\/div> <div class=\"cycloneslider-slide cycloneslider-slide-image\" > <img decoding=\"async\" src=\"https:\/\/www.saint-paul-angouleme.fr\/application\/wp-content\/uploads\/2017\/06\/P1060065-960x600.jpg\" alt=\"\" title=\"\" \/> <\/div> <div class=\"cycloneslider-slide cycloneslider-slide-image\" > <img decoding=\"async\" src=\"https:\/\/www.saint-paul-angouleme.fr\/application\/wp-content\/uploads\/2017\/06\/P1060066-960x600.jpg\" alt=\"\" title=\"\" \/> <\/div> <div class=\"cycloneslider-slide cycloneslider-slide-image\" > <img decoding=\"async\" src=\"https:\/\/www.saint-paul-angouleme.fr\/application\/wp-content\/uploads\/2017\/06\/P1060067-960x600.jpg\" alt=\"\" title=\"\" \/> <\/div> <div class=\"cycloneslider-slide cycloneslider-slide-image\" > <img decoding=\"async\" src=\"https:\/\/www.saint-paul-angouleme.fr\/application\/wp-content\/uploads\/2017\/06\/P1060069-960x600.jpg\" alt=\"\" title=\"\" \/> <\/div> <div class=\"cycloneslider-slide cycloneslider-slide-image\" > <img decoding=\"async\" src=\"https:\/\/www.saint-paul-angouleme.fr\/application\/wp-content\/uploads\/2017\/06\/P1060070-960x600.jpg\" alt=\"\" title=\"\" \/> <\/div> <\/div> <div class=\"cycloneslider-pager\"><\/div> <a href=\"#\" class=\"cycloneslider-prev\"> <span class=\"arrow\"><\/span> <\/a> <a href=\"#\" class=\"cycloneslider-next\"> <span class=\"arrow\"><\/span> <\/a> <\/div>\n","protected":false},"excerpt":{"rendered":"<p>Mardi 13 juin, M. CLEYRAT, professeur de musique,\u00a0accompagnait des \u00e9l\u00e8ves du Coll\u00e8ge et du Lyc\u00e9e \u00e0 La Nef. Ils\u00a0ont pu visiter toute\u00a0cette structure et ainsi appr\u00e9hender toutes les activit\u00e9s du lieu \u00e0 savoir : &#8211; les concerts, &#8211; l&#8217;enregistrement, &#8211; les r\u00e9sidences d\u2019artistes, &#8211; les r\u00e9p\u00e9titions, &#8211; l&#8217;aspect administratif mais aussi technique. Ils se sont &#8230; <a title=\"La chorale \u00e0 la Nef pr\u00e9pare son concert\" class=\"read-more\" href=\"https:\/\/www.saint-paul-angouleme.fr\/application\/la-chorale-a-la-nef-pour-preparer-son-concert\/\" aria-label=\"Read more about La chorale \u00e0 la Nef pr\u00e9pare son concert\">Lire la suite<\/a><\/p>\n","protected":false},"author":3,"featured_media":0,"comment_status":"open","ping_status":"open","sticky":false,"template":"","format":"standard","meta":{"_exactmetrics_skip_tracking":false,"_exactmetrics_sitenote_active":false,"_exactmetrics_sitenote_note":"","_exactmetrics_sitenote_category":0,"footnotes":""},"categories":[2],"tags":[91,87,90,92,88,89],"class_list":["post-1159","post","type-post","status-publish","format-standard","hentry","category-look-on","tag-beach-boys","tag-chorale","tag-concert","tag-jason-lytle","tag-la-nef","tag-risques-auditifs"],"yoast_head":"<!-- This site is optimized with the Yoast SEO plugin v23.3 - https:\/\/yoast.com\/wordpress\/plugins\/seo\/ -->\n<title>La chorale \u00e0 la Nef pr\u00e9pare son concert - Actualit\u00e9s<\/title>\n<meta name=\"robots\" content=\"index, follow, max-snippet:-1, max-image-preview:large, max-video-preview:-1\" \/>\n<link rel=\"canonical\" href=\"https:\/\/www.saint-paul-angouleme.fr\/application\/la-chorale-a-la-nef-pour-preparer-son-concert\/\" \/>\n<meta property=\"og:locale\" content=\"fr_FR\" \/>\n<meta property=\"og:type\" content=\"article\" \/>\n<meta property=\"og:title\" content=\"La chorale \u00e0 la Nef pr\u00e9pare son concert - Actualit\u00e9s\" \/>\n<meta property=\"og:description\" content=\"Mardi 13 juin, M. CLEYRAT, professeur de musique,\u00a0accompagnait des \u00e9l\u00e8ves du Coll\u00e8ge et du Lyc\u00e9e \u00e0 La Nef. Ils\u00a0ont pu visiter toute\u00a0cette structure et ainsi appr\u00e9hender toutes les activit\u00e9s du lieu \u00e0 savoir : &#8211; les concerts, &#8211; l&#8217;enregistrement, &#8211; les r\u00e9sidences d\u2019artistes, &#8211; les r\u00e9p\u00e9titions, &#8211; l&#8217;aspect administratif mais aussi technique. Ils se sont ... Lire la suite\" \/>\n<meta property=\"og:url\" content=\"https:\/\/www.saint-paul-angouleme.fr\/application\/la-chorale-a-la-nef-pour-preparer-son-concert\/\" \/>\n<meta property=\"og:site_name\" content=\"Actualit\u00e9s\" \/>\n<meta property=\"article:publisher\" content=\"https:\/\/www.facebook.com\/SaintPaulAngouleme16\/\" \/>\n<meta property=\"article:published_time\" content=\"2017-06-21T15:16:26+00:00\" \/>\n<meta property=\"article:modified_time\" content=\"2017-06-21T17:15:29+00:00\" \/>\n<meta property=\"og:image\" content=\"http:\/\/www.saint-paul-angouleme.fr\/application\/wp-content\/uploads\/2017\/06\/P1060064-1024x768.jpg\" \/>\n<meta name=\"author\" content=\"SAINT-PAUL\" \/>\n<meta name=\"twitter:card\" content=\"summary_large_image\" \/>\n<meta name=\"twitter:creator\" content=\"@StPaulAngoulem\" \/>\n<meta name=\"twitter:site\" content=\"@StPaulAngoulem\" \/>\n<meta name=\"twitter:label1\" content=\"\u00c9crit par\" \/>\n\t<meta name=\"twitter:data1\" content=\"SAINT-PAUL\" \/>\n\t<meta name=\"twitter:label2\" content=\"Dur\u00e9e de lecture estim\u00e9e\" \/>\n\t<meta name=\"twitter:data2\" content=\"1 minute\" \/>\n<script type=\"application\/ld+json\" class=\"yoast-schema-graph\">{\"@context\":\"https:\/\/schema.org\",\"@graph\":[{\"@type\":\"Article\",\"@id\":\"https:\/\/www.saint-paul-angouleme.fr\/application\/la-chorale-a-la-nef-pour-preparer-son-concert\/#article\",\"isPartOf\":{\"@id\":\"https:\/\/www.saint-paul-angouleme.fr\/application\/la-chorale-a-la-nef-pour-preparer-son-concert\/\"},\"author\":{\"name\":\"SAINT-PAUL\",\"@id\":\"https:\/\/www.saint-paul-angouleme.fr\/application\/#\/schema\/person\/ea152930b1a3823659065827b1a5fb9b\"},\"headline\":\"La chorale \u00e0 la Nef pr\u00e9pare son concert\",\"datePublished\":\"2017-06-21T15:16:26+00:00\",\"dateModified\":\"2017-06-21T17:15:29+00:00\",\"mainEntityOfPage\":{\"@id\":\"https:\/\/www.saint-paul-angouleme.fr\/application\/la-chorale-a-la-nef-pour-preparer-son-concert\/\"},\"wordCount\":288,\"commentCount\":0,\"publisher\":{\"@id\":\"https:\/\/www.saint-paul-angouleme.fr\/application\/#organization\"},\"image\":{\"@id\":\"https:\/\/www.saint-paul-angouleme.fr\/application\/la-chorale-a-la-nef-pour-preparer-son-concert\/#primaryimage\"},\"thumbnailUrl\":\"http:\/\/www.saint-paul-angouleme.fr\/application\/wp-content\/uploads\/2017\/06\/P1060064-1024x768.jpg\",\"keywords\":[\"Beach-Boys\",\"Chorale\",\"concert\",\"Jason Lytle\",\"La Nef\",\"risques auditifs\"],\"articleSection\":[\"Look on\"],\"inLanguage\":\"fr-FR\",\"potentialAction\":[{\"@type\":\"CommentAction\",\"name\":\"Comment\",\"target\":[\"https:\/\/www.saint-paul-angouleme.fr\/application\/la-chorale-a-la-nef-pour-preparer-son-concert\/#respond\"]}]},{\"@type\":\"WebPage\",\"@id\":\"https:\/\/www.saint-paul-angouleme.fr\/application\/la-chorale-a-la-nef-pour-preparer-son-concert\/\",\"url\":\"https:\/\/www.saint-paul-angouleme.fr\/application\/la-chorale-a-la-nef-pour-preparer-son-concert\/\",\"name\":\"La chorale \u00e0 la Nef pr\u00e9pare son concert - Actualit\u00e9s\",\"isPartOf\":{\"@id\":\"https:\/\/www.saint-paul-angouleme.fr\/application\/#website\"},\"primaryImageOfPage\":{\"@id\":\"https:\/\/www.saint-paul-angouleme.fr\/application\/la-chorale-a-la-nef-pour-preparer-son-concert\/#primaryimage\"},\"image\":{\"@id\":\"https:\/\/www.saint-paul-angouleme.fr\/application\/la-chorale-a-la-nef-pour-preparer-son-concert\/#primaryimage\"},\"thumbnailUrl\":\"http:\/\/www.saint-paul-angouleme.fr\/application\/wp-content\/uploads\/2017\/06\/P1060064-1024x768.jpg\",\"datePublished\":\"2017-06-21T15:16:26+00:00\",\"dateModified\":\"2017-06-21T17:15:29+00:00\",\"breadcrumb\":{\"@id\":\"https:\/\/www.saint-paul-angouleme.fr\/application\/la-chorale-a-la-nef-pour-preparer-son-concert\/#breadcrumb\"},\"inLanguage\":\"fr-FR\",\"potentialAction\":[{\"@type\":\"ReadAction\",\"target\":[\"https:\/\/www.saint-paul-angouleme.fr\/application\/la-chorale-a-la-nef-pour-preparer-son-concert\/\"]}]},{\"@type\":\"ImageObject\",\"inLanguage\":\"fr-FR\",\"@id\":\"https:\/\/www.saint-paul-angouleme.fr\/application\/la-chorale-a-la-nef-pour-preparer-son-concert\/#primaryimage\",\"url\":\"https:\/\/www.saint-paul-angouleme.fr\/application\/wp-content\/uploads\/2017\/06\/P1060064.jpg\",\"contentUrl\":\"https:\/\/www.saint-paul-angouleme.fr\/application\/wp-content\/uploads\/2017\/06\/P1060064.jpg\",\"width\":3648,\"height\":2736},{\"@type\":\"BreadcrumbList\",\"@id\":\"https:\/\/www.saint-paul-angouleme.fr\/application\/la-chorale-a-la-nef-pour-preparer-son-concert\/#breadcrumb\",\"itemListElement\":[{\"@type\":\"ListItem\",\"position\":1,\"name\":\"Accueil\",\"item\":\"http:\/\/www.saint-paul-angouleme.fr\/application\/\"},{\"@type\":\"ListItem\",\"position\":2,\"name\":\"La chorale \u00e0 la Nef pr\u00e9pare son concert\"}]},{\"@type\":\"WebSite\",\"@id\":\"https:\/\/www.saint-paul-angouleme.fr\/application\/#website\",\"url\":\"https:\/\/www.saint-paul-angouleme.fr\/application\/\",\"name\":\"Actualit\u00e9s\",\"description\":\"Actualit\u00e9s Saint Paul\",\"publisher\":{\"@id\":\"https:\/\/www.saint-paul-angouleme.fr\/application\/#organization\"},\"potentialAction\":[{\"@type\":\"SearchAction\",\"target\":{\"@type\":\"EntryPoint\",\"urlTemplate\":\"https:\/\/www.saint-paul-angouleme.fr\/application\/?s={search_term_string}\"},\"query-input\":\"required name=search_term_string\"}],\"inLanguage\":\"fr-FR\"},{\"@type\":\"Organization\",\"@id\":\"https:\/\/www.saint-paul-angouleme.fr\/application\/#organization\",\"name\":\"Ensemble scolaire Saint-Paul\",\"url\":\"https:\/\/www.saint-paul-angouleme.fr\/application\/\",\"logo\":{\"@type\":\"ImageObject\",\"inLanguage\":\"fr-FR\",\"@id\":\"https:\/\/www.saint-paul-angouleme.fr\/application\/#\/schema\/logo\/image\/\",\"url\":\"https:\/\/www.saint-paul-angouleme.fr\/application\/wp-content\/uploads\/2018\/08\/logo-saint-paul-couleurs.jpg\",\"contentUrl\":\"https:\/\/www.saint-paul-angouleme.fr\/application\/wp-content\/uploads\/2018\/08\/logo-saint-paul-couleurs.jpg\",\"width\":1890,\"height\":709,\"caption\":\"Ensemble scolaire Saint-Paul\"},\"image\":{\"@id\":\"https:\/\/www.saint-paul-angouleme.fr\/application\/#\/schema\/logo\/image\/\"},\"sameAs\":[\"https:\/\/www.facebook.com\/SaintPaulAngouleme16\/\",\"https:\/\/x.com\/StPaulAngoulem\",\"https:\/\/www.youtube.com\/channel\/UCRLpz1CmPVqc0gn--YyXvjA?view_as=subscriber\"]},{\"@type\":\"Person\",\"@id\":\"https:\/\/www.saint-paul-angouleme.fr\/application\/#\/schema\/person\/ea152930b1a3823659065827b1a5fb9b\",\"name\":\"SAINT-PAUL\",\"image\":{\"@type\":\"ImageObject\",\"inLanguage\":\"fr-FR\",\"@id\":\"https:\/\/www.saint-paul-angouleme.fr\/application\/#\/schema\/person\/image\/\",\"url\":\"https:\/\/secure.gravatar.com\/avatar\/eadb0ffebc02683a61d69038eb2924f0?s=96&r=g\",\"contentUrl\":\"https:\/\/secure.gravatar.com\/avatar\/eadb0ffebc02683a61d69038eb2924f0?s=96&r=g\",\"caption\":\"SAINT-PAUL\"},\"url\":\"https:\/\/www.saint-paul-angouleme.fr\/application\/author\/myriam\/\"}]}<\/script>\n<!-- \/ Yoast SEO plugin. -->","yoast_head_json":{"title":"La chorale \u00e0 la Nef pr\u00e9pare son concert - Actualit\u00e9s","robots":{"index":"index","follow":"follow","max-snippet":"max-snippet:-1","max-image-preview":"max-image-preview:large","max-video-preview":"max-video-preview:-1"},"canonical":"https:\/\/www.saint-paul-angouleme.fr\/application\/la-chorale-a-la-nef-pour-preparer-son-concert\/","og_locale":"fr_FR","og_type":"article","og_title":"La chorale \u00e0 la Nef pr\u00e9pare son concert - Actualit\u00e9s","og_description":"Mardi 13 juin, M. CLEYRAT, professeur de musique,\u00a0accompagnait des \u00e9l\u00e8ves du Coll\u00e8ge et du Lyc\u00e9e \u00e0 La Nef. Ils\u00a0ont pu visiter toute\u00a0cette structure et ainsi appr\u00e9hender toutes les activit\u00e9s du lieu \u00e0 savoir : &#8211; les concerts, &#8211; l&#8217;enregistrement, &#8211; les r\u00e9sidences d\u2019artistes, &#8211; les r\u00e9p\u00e9titions, &#8211; l&#8217;aspect administratif mais aussi technique. Ils se sont ... Lire la suite","og_url":"https:\/\/www.saint-paul-angouleme.fr\/application\/la-chorale-a-la-nef-pour-preparer-son-concert\/","og_site_name":"Actualit\u00e9s","article_publisher":"https:\/\/www.facebook.com\/SaintPaulAngouleme16\/","article_published_time":"2017-06-21T15:16:26+00:00","article_modified_time":"2017-06-21T17:15:29+00:00","og_image":[{"url":"http:\/\/www.saint-paul-angouleme.fr\/application\/wp-content\/uploads\/2017\/06\/P1060064-1024x768.jpg"}],"author":"SAINT-PAUL","twitter_card":"summary_large_image","twitter_creator":"@StPaulAngoulem","twitter_site":"@StPaulAngoulem","twitter_misc":{"\u00c9crit par":"SAINT-PAUL","Dur\u00e9e de lecture estim\u00e9e":"1 minute"},"schema":{"@context":"https:\/\/schema.org","@graph":[{"@type":"Article","@id":"https:\/\/www.saint-paul-angouleme.fr\/application\/la-chorale-a-la-nef-pour-preparer-son-concert\/#article","isPartOf":{"@id":"https:\/\/www.saint-paul-angouleme.fr\/application\/la-chorale-a-la-nef-pour-preparer-son-concert\/"},"author":{"name":"SAINT-PAUL","@id":"https:\/\/www.saint-paul-angouleme.fr\/application\/#\/schema\/person\/ea152930b1a3823659065827b1a5fb9b"},"headline":"La chorale \u00e0 la Nef pr\u00e9pare son concert","datePublished":"2017-06-21T15:16:26+00:00","dateModified":"2017-06-21T17:15:29+00:00","mainEntityOfPage":{"@id":"https:\/\/www.saint-paul-angouleme.fr\/application\/la-chorale-a-la-nef-pour-preparer-son-concert\/"},"wordCount":288,"commentCount":0,"publisher":{"@id":"https:\/\/www.saint-paul-angouleme.fr\/application\/#organization"},"image":{"@id":"https:\/\/www.saint-paul-angouleme.fr\/application\/la-chorale-a-la-nef-pour-preparer-son-concert\/#primaryimage"},"thumbnailUrl":"http:\/\/www.saint-paul-angouleme.fr\/application\/wp-content\/uploads\/2017\/06\/P1060064-1024x768.jpg","keywords":["Beach-Boys","Chorale","concert","Jason Lytle","La Nef","risques auditifs"],"articleSection":["Look on"],"inLanguage":"fr-FR","potentialAction":[{"@type":"CommentAction","name":"Comment","target":["https:\/\/www.saint-paul-angouleme.fr\/application\/la-chorale-a-la-nef-pour-preparer-son-concert\/#respond"]}]},{"@type":"WebPage","@id":"https:\/\/www.saint-paul-angouleme.fr\/application\/la-chorale-a-la-nef-pour-preparer-son-concert\/","url":"https:\/\/www.saint-paul-angouleme.fr\/application\/la-chorale-a-la-nef-pour-preparer-son-concert\/","name":"La chorale \u00e0 la Nef pr\u00e9pare son concert - Actualit\u00e9s","isPartOf":{"@id":"https:\/\/www.saint-paul-angouleme.fr\/application\/#website"},"primaryImageOfPage":{"@id":"https:\/\/www.saint-paul-angouleme.fr\/application\/la-chorale-a-la-nef-pour-preparer-son-concert\/#primaryimage"},"image":{"@id":"https:\/\/www.saint-paul-angouleme.fr\/application\/la-chorale-a-la-nef-pour-preparer-son-concert\/#primaryimage"},"thumbnailUrl":"http:\/\/www.saint-paul-angouleme.fr\/application\/wp-content\/uploads\/2017\/06\/P1060064-1024x768.jpg","datePublished":"2017-06-21T15:16:26+00:00","dateModified":"2017-06-21T17:15:29+00:00","breadcrumb":{"@id":"https:\/\/www.saint-paul-angouleme.fr\/application\/la-chorale-a-la-nef-pour-preparer-son-concert\/#breadcrumb"},"inLanguage":"fr-FR","potentialAction":[{"@type":"ReadAction","target":["https:\/\/www.saint-paul-angouleme.fr\/application\/la-chorale-a-la-nef-pour-preparer-son-concert\/"]}]},{"@type":"ImageObject","inLanguage":"fr-FR","@id":"https:\/\/www.saint-paul-angouleme.fr\/application\/la-chorale-a-la-nef-pour-preparer-son-concert\/#primaryimage","url":"https:\/\/www.saint-paul-angouleme.fr\/application\/wp-content\/uploads\/2017\/06\/P1060064.jpg","contentUrl":"https:\/\/www.saint-paul-angouleme.fr\/application\/wp-content\/uploads\/2017\/06\/P1060064.jpg","width":3648,"height":2736},{"@type":"BreadcrumbList","@id":"https:\/\/www.saint-paul-angouleme.fr\/application\/la-chorale-a-la-nef-pour-preparer-son-concert\/#breadcrumb","itemListElement":[{"@type":"ListItem","position":1,"name":"Accueil","item":"http:\/\/www.saint-paul-angouleme.fr\/application\/"},{"@type":"ListItem","position":2,"name":"La chorale \u00e0 la Nef pr\u00e9pare son concert"}]},{"@type":"WebSite","@id":"https:\/\/www.saint-paul-angouleme.fr\/application\/#website","url":"https:\/\/www.saint-paul-angouleme.fr\/application\/","name":"Actualit\u00e9s","description":"Actualit\u00e9s Saint Paul","publisher":{"@id":"https:\/\/www.saint-paul-angouleme.fr\/application\/#organization"},"potentialAction":[{"@type":"SearchAction","target":{"@type":"EntryPoint","urlTemplate":"https:\/\/www.saint-paul-angouleme.fr\/application\/?s={search_term_string}"},"query-input":"required name=search_term_string"}],"inLanguage":"fr-FR"},{"@type":"Organization","@id":"https:\/\/www.saint-paul-angouleme.fr\/application\/#organization","name":"Ensemble scolaire Saint-Paul","url":"https:\/\/www.saint-paul-angouleme.fr\/application\/","logo":{"@type":"ImageObject","inLanguage":"fr-FR","@id":"https:\/\/www.saint-paul-angouleme.fr\/application\/#\/schema\/logo\/image\/","url":"https:\/\/www.saint-paul-angouleme.fr\/application\/wp-content\/uploads\/2018\/08\/logo-saint-paul-couleurs.jpg","contentUrl":"https:\/\/www.saint-paul-angouleme.fr\/application\/wp-content\/uploads\/2018\/08\/logo-saint-paul-couleurs.jpg","width":1890,"height":709,"caption":"Ensemble scolaire Saint-Paul"},"image":{"@id":"https:\/\/www.saint-paul-angouleme.fr\/application\/#\/schema\/logo\/image\/"},"sameAs":["https:\/\/www.facebook.com\/SaintPaulAngouleme16\/","https:\/\/x.com\/StPaulAngoulem","https:\/\/www.youtube.com\/channel\/UCRLpz1CmPVqc0gn--YyXvjA?view_as=subscriber"]},{"@type":"Person","@id":"https:\/\/www.saint-paul-angouleme.fr\/application\/#\/schema\/person\/ea152930b1a3823659065827b1a5fb9b","name":"SAINT-PAUL","image":{"@type":"ImageObject","inLanguage":"fr-FR","@id":"https:\/\/www.saint-paul-angouleme.fr\/application\/#\/schema\/person\/image\/","url":"https:\/\/secure.gravatar.com\/avatar\/eadb0ffebc02683a61d69038eb2924f0?s=96&r=g","contentUrl":"https:\/\/secure.gravatar.com\/avatar\/eadb0ffebc02683a61d69038eb2924f0?s=96&r=g","caption":"SAINT-PAUL"},"url":"https:\/\/www.saint-paul-angouleme.fr\/application\/author\/myriam\/"}]}},"_links":{"self":[{"href":"https:\/\/www.saint-paul-angouleme.fr\/application\/wp-json\/wp\/v2\/posts\/1159"}],"collection":[{"href":"https:\/\/www.saint-paul-angouleme.fr\/application\/wp-json\/wp\/v2\/posts"}],"about":[{"href":"https:\/\/www.saint-paul-angouleme.fr\/application\/wp-json\/wp\/v2\/types\/post"}],"author":[{"embeddable":true,"href":"https:\/\/www.saint-paul-angouleme.fr\/application\/wp-json\/wp\/v2\/users\/3"}],"replies":[{"embeddable":true,"href":"https:\/\/www.saint-paul-angouleme.fr\/application\/wp-json\/wp\/v2\/comments?post=1159"}],"version-history":[{"count":17,"href":"https:\/\/www.saint-paul-angouleme.fr\/application\/wp-json\/wp\/v2\/posts\/1159\/revisions"}],"predecessor-version":[{"id":1197,"href":"https:\/\/www.saint-paul-angouleme.fr\/application\/wp-json\/wp\/v2\/posts\/1159\/revisions\/1197"}],"wp:attachment":[{"href":"https:\/\/www.saint-paul-angouleme.fr\/application\/wp-json\/wp\/v2\/media?parent=1159"}],"wp:term":[{"taxonomy":"category","embeddable":true,"href":"https:\/\/www.saint-paul-angouleme.fr\/application\/wp-json\/wp\/v2\/categories?post=1159"},{"taxonomy":"post_tag","embeddable":true,"href":"https:\/\/www.saint-paul-angouleme.fr\/application\/wp-json\/wp\/v2\/tags?post=1159"}],"curies":[{"name":"wp","href":"https:\/\/api.w.org\/{rel}","templated":true}]}}