{"id":11515,"date":"2024-11-04T17:47:38","date_gmt":"2024-11-04T16:47:38","guid":{"rendered":"https:\/\/www.saint-paul-angouleme.fr\/application\/?p=11515"},"modified":"2024-11-04T17:47:40","modified_gmt":"2024-11-04T16:47:40","slug":"semaine-de-sensibilisation-contre-le-harcelement","status":"publish","type":"post","link":"https:\/\/www.saint-paul-angouleme.fr\/application\/semaine-de-sensibilisation-contre-le-harcelement\/","title":{"rendered":"Semaine de lutte contre le harc\u00e8lement"},"content":{"rendered":"\n<figure class=\"wp-block-image size-large\"><img loading=\"lazy\" decoding=\"async\" width=\"1024\" height=\"574\" src=\"https:\/\/www.saint-paul-angouleme.fr\/application\/wp-content\/uploads\/2024\/11\/Affiche_evenementiel_semaine_du_4_au_8_novembre_2024-1024x574.jpg\" alt=\"affiche semaine de lutte contre le harc\u00e8lement\" class=\"wp-image-11516\" srcset=\"https:\/\/www.saint-paul-angouleme.fr\/application\/wp-content\/uploads\/2024\/11\/Affiche_evenementiel_semaine_du_4_au_8_novembre_2024-1024x574.jpg 1024w, https:\/\/www.saint-paul-angouleme.fr\/application\/wp-content\/uploads\/2024\/11\/Affiche_evenementiel_semaine_du_4_au_8_novembre_2024-300x168.jpg 300w, https:\/\/www.saint-paul-angouleme.fr\/application\/wp-content\/uploads\/2024\/11\/Affiche_evenementiel_semaine_du_4_au_8_novembre_2024-768x431.jpg 768w, https:\/\/www.saint-paul-angouleme.fr\/application\/wp-content\/uploads\/2024\/11\/Affiche_evenementiel_semaine_du_4_au_8_novembre_2024.jpg 1320w\" sizes=\"(max-width: 1024px) 100vw, 1024px\" \/><\/figure>\n\n\n\n<p>&#8220;Semaine de sensibilisation contre le harc\u00e8lement&#8221;, quelques informations pratiques :<\/p>\n\n\n\n<p>Madame, Monsieur,<br><br>Dans le cadre de la &#8220;<a href=\"https:\/\/dai.ly\/x94z800\">Semaine de sensibilisation contre le harc\u00e8lement<\/a>&#8220;, je vous remercie de bien vouloir prendre connaissance de la communication de l\u2019atelier de sensibilisation contre le harc\u00e8lement.<\/p>\n\n\n\n<p><em><strong>\u00ab&nbsp;Durant la semaine du 4 au 8 novembre 2024, les \u00e9l\u00e8ves de l\u2019atelier de sensibilisation pour lutter contre le harc\u00e8lement proposeront \u00e0 tous les coll\u00e9giens et lyc\u00e9ens des temps forts de sensibilisation.<\/strong><\/em><\/p>\n\n\n\n<p><em><strong>A chaque jour, son \u00e9v\u00e8nement, son lieu et son moment&nbsp;!<\/strong><\/em><\/p>\n\n\n\n<p><em><strong>CDI, cour, self, foyer, salle Saint-Paul, r\u00e9cr\u00e9ations et pauses m\u00e9ridiennes, un temps fort vous attend&nbsp;!<\/strong><\/em><\/p>\n\n\n\n<p><em><strong>Venez nombreux en <u>salle Saint-Paul<\/u>&nbsp;:<\/strong><\/em><\/p>\n\n\n\n<p><em><strong>&nbsp;&nbsp;&nbsp;&nbsp;&nbsp;&nbsp;&nbsp; &#8211; Mardi 5 novembre \u00e0 12h30: Une vid\u00e9o de sensibilisation intitul\u00e9e&nbsp;: <u>C\u2019est NON<\/u> vous attend.<\/strong><\/em><\/p>\n\n\n\n<p><em><strong>&nbsp;&nbsp;&nbsp;&nbsp;&nbsp;&nbsp;&nbsp;&nbsp; &#8211;&nbsp; Vendredi 8 novembre \u00e0 12h30: visualisation d\u2019une vid\u00e9o de sensibilisation intitul\u00e9e&nbsp;: <u>Ma diff\u00e9rence<\/u>. Pour l\u2019occasion, l\u2019avocate, Ma\u00eetre Moreau, pourra r\u00e9pondre \u00e0 vos questions sur la justice et le harc\u00e8lement.<\/strong><\/em><\/p>\n\n\n\n<p><em><strong>\u2026EN PARLER, c\u2019est LUTTER\u00a0!<\/strong><\/em>&#8220;<\/p>\n\n\n\n<p>Ces actions s\u2019inscrivent pleinement dans la d\u00e9marche d&#8217;am\u00e9lioration du climat scolaire, l&#8217;une des priorit\u00e9s que notre \u00e9tablissement Saint-Paul, s\u2019est fix\u00e9e <a href=\"https:\/\/www.saint-paul-angouleme.fr\/application\/une-journee-de-lutte-contre-le-harcelement-a-lecole\/\">depuis deux ans<\/a>.<br><br>Nous vous remercions par avance de votre soutien et de votre implication dans cette dynamique commune pour le bien-\u00eatre de tous.<br><br>Bien cordialement,<\/p>\n\n\n\n<p><strong>Laurence EPAUD<\/strong>, cheffe d&#8217;\u00e9tablissement<\/p>\n","protected":false},"excerpt":{"rendered":"<p>&#8220;Semaine de sensibilisation contre le harc\u00e8lement&#8221;, quelques informations pratiques : Madame, Monsieur, Dans le cadre de la &#8220;Semaine de sensibilisation contre le harc\u00e8lement&#8220;, je vous remercie de bien vouloir prendre connaissance de la communication de l\u2019atelier de sensibilisation contre le harc\u00e8lement. \u00ab&nbsp;Durant la semaine du 4 au 8 novembre 2024, les \u00e9l\u00e8ves de l\u2019atelier de &#8230; <a title=\"Semaine de lutte contre le harc\u00e8lement\" class=\"read-more\" href=\"https:\/\/www.saint-paul-angouleme.fr\/application\/semaine-de-sensibilisation-contre-le-harcelement\/\" aria-label=\"Read more about Semaine de lutte contre le harc\u00e8lement\">Lire la suite<\/a><\/p>\n","protected":false},"author":3,"featured_media":11519,"comment_status":"open","ping_status":"open","sticky":false,"template":"","format":"standard","meta":{"_exactmetrics_skip_tracking":false,"_exactmetrics_sitenote_active":false,"_exactmetrics_sitenote_note":"","_exactmetrics_sitenote_category":0,"footnotes":""},"categories":[13],"tags":[],"class_list":["post-11515","post","type-post","status-publish","format-standard","has-post-thumbnail","hentry","category-pedagogie"],"yoast_head":"<!-- This site is optimized with the Yoast SEO plugin v23.3 - https:\/\/yoast.com\/wordpress\/plugins\/seo\/ -->\n<title>Semaine de sensibilisation contre le harc\u00e8lement<\/title>\n<meta name=\"description\" content=\"Du 04 au 08 novembre 2024 s&#039;ouvre la &quot;Semaine de sensibilisation contre le harc\u00e8lement&quot;. A chaque jour son \u00e9v\u00e9nement, son lieu, son moment...\" \/>\n<meta name=\"robots\" content=\"index, follow, max-snippet:-1, max-image-preview:large, max-video-preview:-1\" \/>\n<link rel=\"canonical\" href=\"https:\/\/www.saint-paul-angouleme.fr\/application\/semaine-de-sensibilisation-contre-le-harcelement\/\" \/>\n<meta property=\"og:locale\" content=\"fr_FR\" \/>\n<meta property=\"og:type\" content=\"article\" \/>\n<meta property=\"og:title\" content=\"Semaine de sensibilisation contre le harc\u00e8lement\" \/>\n<meta property=\"og:description\" content=\"Du 04 au 08 novembre 2024 s&#039;ouvre la &quot;Semaine de sensibilisation contre le harc\u00e8lement&quot;. A chaque jour son \u00e9v\u00e9nement, son lieu, son moment...\" \/>\n<meta property=\"og:url\" content=\"https:\/\/www.saint-paul-angouleme.fr\/application\/semaine-de-sensibilisation-contre-le-harcelement\/\" \/>\n<meta property=\"og:site_name\" content=\"Actualit\u00e9s\" \/>\n<meta property=\"article:publisher\" content=\"https:\/\/www.facebook.com\/SaintPaulAngouleme16\/\" \/>\n<meta property=\"article:published_time\" content=\"2024-11-04T16:47:38+00:00\" \/>\n<meta property=\"article:modified_time\" content=\"2024-11-04T16:47:40+00:00\" \/>\n<meta property=\"og:image\" content=\"https:\/\/www.saint-paul-angouleme.fr\/application\/wp-content\/uploads\/2024\/11\/harcelement.jpg\" \/>\n\t<meta property=\"og:image:width\" content=\"840\" \/>\n\t<meta property=\"og:image:height\" content=\"430\" \/>\n\t<meta property=\"og:image:type\" content=\"image\/jpeg\" \/>\n<meta name=\"author\" content=\"SAINT-PAUL\" \/>\n<meta name=\"twitter:card\" content=\"summary_large_image\" \/>\n<meta name=\"twitter:creator\" content=\"@StPaulAngoulem\" \/>\n<meta name=\"twitter:site\" content=\"@StPaulAngoulem\" \/>\n<meta name=\"twitter:label1\" content=\"\u00c9crit par\" \/>\n\t<meta name=\"twitter:data1\" content=\"SAINT-PAUL\" \/>\n\t<meta name=\"twitter:label2\" content=\"Dur\u00e9e de lecture estim\u00e9e\" \/>\n\t<meta name=\"twitter:data2\" content=\"2 minutes\" \/>\n<script type=\"application\/ld+json\" class=\"yoast-schema-graph\">{\"@context\":\"https:\/\/schema.org\",\"@graph\":[{\"@type\":\"Article\",\"@id\":\"https:\/\/www.saint-paul-angouleme.fr\/application\/semaine-de-sensibilisation-contre-le-harcelement\/#article\",\"isPartOf\":{\"@id\":\"https:\/\/www.saint-paul-angouleme.fr\/application\/semaine-de-sensibilisation-contre-le-harcelement\/\"},\"author\":{\"name\":\"SAINT-PAUL\",\"@id\":\"https:\/\/www.saint-paul-angouleme.fr\/application\/#\/schema\/person\/ea152930b1a3823659065827b1a5fb9b\"},\"headline\":\"Semaine de lutte contre le harc\u00e8lement\",\"datePublished\":\"2024-11-04T16:47:38+00:00\",\"dateModified\":\"2024-11-04T16:47:40+00:00\",\"mainEntityOfPage\":{\"@id\":\"https:\/\/www.saint-paul-angouleme.fr\/application\/semaine-de-sensibilisation-contre-le-harcelement\/\"},\"wordCount\":257,\"commentCount\":0,\"publisher\":{\"@id\":\"https:\/\/www.saint-paul-angouleme.fr\/application\/#organization\"},\"image\":{\"@id\":\"https:\/\/www.saint-paul-angouleme.fr\/application\/semaine-de-sensibilisation-contre-le-harcelement\/#primaryimage\"},\"thumbnailUrl\":\"https:\/\/www.saint-paul-angouleme.fr\/application\/wp-content\/uploads\/2024\/11\/harcelement.jpg\",\"articleSection\":[\"P\u00e9dagogie\"],\"inLanguage\":\"fr-FR\",\"potentialAction\":[{\"@type\":\"CommentAction\",\"name\":\"Comment\",\"target\":[\"https:\/\/www.saint-paul-angouleme.fr\/application\/semaine-de-sensibilisation-contre-le-harcelement\/#respond\"]}]},{\"@type\":\"WebPage\",\"@id\":\"https:\/\/www.saint-paul-angouleme.fr\/application\/semaine-de-sensibilisation-contre-le-harcelement\/\",\"url\":\"https:\/\/www.saint-paul-angouleme.fr\/application\/semaine-de-sensibilisation-contre-le-harcelement\/\",\"name\":\"Semaine de sensibilisation contre le harc\u00e8lement\",\"isPartOf\":{\"@id\":\"https:\/\/www.saint-paul-angouleme.fr\/application\/#website\"},\"primaryImageOfPage\":{\"@id\":\"https:\/\/www.saint-paul-angouleme.fr\/application\/semaine-de-sensibilisation-contre-le-harcelement\/#primaryimage\"},\"image\":{\"@id\":\"https:\/\/www.saint-paul-angouleme.fr\/application\/semaine-de-sensibilisation-contre-le-harcelement\/#primaryimage\"},\"thumbnailUrl\":\"https:\/\/www.saint-paul-angouleme.fr\/application\/wp-content\/uploads\/2024\/11\/harcelement.jpg\",\"datePublished\":\"2024-11-04T16:47:38+00:00\",\"dateModified\":\"2024-11-04T16:47:40+00:00\",\"description\":\"Du 04 au 08 novembre 2024 s'ouvre la \\\"Semaine de sensibilisation contre le harc\u00e8lement\\\". A chaque jour son \u00e9v\u00e9nement, son lieu, son moment...\",\"breadcrumb\":{\"@id\":\"https:\/\/www.saint-paul-angouleme.fr\/application\/semaine-de-sensibilisation-contre-le-harcelement\/#breadcrumb\"},\"inLanguage\":\"fr-FR\",\"potentialAction\":[{\"@type\":\"ReadAction\",\"target\":[\"https:\/\/www.saint-paul-angouleme.fr\/application\/semaine-de-sensibilisation-contre-le-harcelement\/\"]}]},{\"@type\":\"ImageObject\",\"inLanguage\":\"fr-FR\",\"@id\":\"https:\/\/www.saint-paul-angouleme.fr\/application\/semaine-de-sensibilisation-contre-le-harcelement\/#primaryimage\",\"url\":\"https:\/\/www.saint-paul-angouleme.fr\/application\/wp-content\/uploads\/2024\/11\/harcelement.jpg\",\"contentUrl\":\"https:\/\/www.saint-paul-angouleme.fr\/application\/wp-content\/uploads\/2024\/11\/harcelement.jpg\",\"width\":840,\"height\":430,\"caption\":\"Harc\u00e8lement : et si l'autre c'\u00e9tait toi?\"},{\"@type\":\"BreadcrumbList\",\"@id\":\"https:\/\/www.saint-paul-angouleme.fr\/application\/semaine-de-sensibilisation-contre-le-harcelement\/#breadcrumb\",\"itemListElement\":[{\"@type\":\"ListItem\",\"position\":1,\"name\":\"Accueil\",\"item\":\"http:\/\/www.saint-paul-angouleme.fr\/application\/\"},{\"@type\":\"ListItem\",\"position\":2,\"name\":\"Semaine de lutte contre le harc\u00e8lement\"}]},{\"@type\":\"WebSite\",\"@id\":\"https:\/\/www.saint-paul-angouleme.fr\/application\/#website\",\"url\":\"https:\/\/www.saint-paul-angouleme.fr\/application\/\",\"name\":\"Actualit\u00e9s\",\"description\":\"Actualit\u00e9s Saint Paul\",\"publisher\":{\"@id\":\"https:\/\/www.saint-paul-angouleme.fr\/application\/#organization\"},\"potentialAction\":[{\"@type\":\"SearchAction\",\"target\":{\"@type\":\"EntryPoint\",\"urlTemplate\":\"https:\/\/www.saint-paul-angouleme.fr\/application\/?s={search_term_string}\"},\"query-input\":\"required name=search_term_string\"}],\"inLanguage\":\"fr-FR\"},{\"@type\":\"Organization\",\"@id\":\"https:\/\/www.saint-paul-angouleme.fr\/application\/#organization\",\"name\":\"Ensemble scolaire Saint-Paul\",\"url\":\"https:\/\/www.saint-paul-angouleme.fr\/application\/\",\"logo\":{\"@type\":\"ImageObject\",\"inLanguage\":\"fr-FR\",\"@id\":\"https:\/\/www.saint-paul-angouleme.fr\/application\/#\/schema\/logo\/image\/\",\"url\":\"https:\/\/www.saint-paul-angouleme.fr\/application\/wp-content\/uploads\/2018\/08\/logo-saint-paul-couleurs.jpg\",\"contentUrl\":\"https:\/\/www.saint-paul-angouleme.fr\/application\/wp-content\/uploads\/2018\/08\/logo-saint-paul-couleurs.jpg\",\"width\":1890,\"height\":709,\"caption\":\"Ensemble scolaire Saint-Paul\"},\"image\":{\"@id\":\"https:\/\/www.saint-paul-angouleme.fr\/application\/#\/schema\/logo\/image\/\"},\"sameAs\":[\"https:\/\/www.facebook.com\/SaintPaulAngouleme16\/\",\"https:\/\/x.com\/StPaulAngoulem\",\"https:\/\/www.youtube.com\/channel\/UCRLpz1CmPVqc0gn--YyXvjA?view_as=subscriber\"]},{\"@type\":\"Person\",\"@id\":\"https:\/\/www.saint-paul-angouleme.fr\/application\/#\/schema\/person\/ea152930b1a3823659065827b1a5fb9b\",\"name\":\"SAINT-PAUL\",\"image\":{\"@type\":\"ImageObject\",\"inLanguage\":\"fr-FR\",\"@id\":\"https:\/\/www.saint-paul-angouleme.fr\/application\/#\/schema\/person\/image\/\",\"url\":\"https:\/\/secure.gravatar.com\/avatar\/eadb0ffebc02683a61d69038eb2924f0?s=96&r=g\",\"contentUrl\":\"https:\/\/secure.gravatar.com\/avatar\/eadb0ffebc02683a61d69038eb2924f0?s=96&r=g\",\"caption\":\"SAINT-PAUL\"},\"url\":\"https:\/\/www.saint-paul-angouleme.fr\/application\/author\/myriam\/\"}]}<\/script>\n<!-- \/ Yoast SEO plugin. -->","yoast_head_json":{"title":"Semaine de sensibilisation contre le harc\u00e8lement","description":"Du 04 au 08 novembre 2024 s'ouvre la \"Semaine de sensibilisation contre le harc\u00e8lement\". A chaque jour son \u00e9v\u00e9nement, son lieu, son moment...","robots":{"index":"index","follow":"follow","max-snippet":"max-snippet:-1","max-image-preview":"max-image-preview:large","max-video-preview":"max-video-preview:-1"},"canonical":"https:\/\/www.saint-paul-angouleme.fr\/application\/semaine-de-sensibilisation-contre-le-harcelement\/","og_locale":"fr_FR","og_type":"article","og_title":"Semaine de sensibilisation contre le harc\u00e8lement","og_description":"Du 04 au 08 novembre 2024 s'ouvre la \"Semaine de sensibilisation contre le harc\u00e8lement\". A chaque jour son \u00e9v\u00e9nement, son lieu, son moment...","og_url":"https:\/\/www.saint-paul-angouleme.fr\/application\/semaine-de-sensibilisation-contre-le-harcelement\/","og_site_name":"Actualit\u00e9s","article_publisher":"https:\/\/www.facebook.com\/SaintPaulAngouleme16\/","article_published_time":"2024-11-04T16:47:38+00:00","article_modified_time":"2024-11-04T16:47:40+00:00","og_image":[{"width":840,"height":430,"url":"https:\/\/www.saint-paul-angouleme.fr\/application\/wp-content\/uploads\/2024\/11\/harcelement.jpg","type":"image\/jpeg"}],"author":"SAINT-PAUL","twitter_card":"summary_large_image","twitter_creator":"@StPaulAngoulem","twitter_site":"@StPaulAngoulem","twitter_misc":{"\u00c9crit par":"SAINT-PAUL","Dur\u00e9e de lecture estim\u00e9e":"2 minutes"},"schema":{"@context":"https:\/\/schema.org","@graph":[{"@type":"Article","@id":"https:\/\/www.saint-paul-angouleme.fr\/application\/semaine-de-sensibilisation-contre-le-harcelement\/#article","isPartOf":{"@id":"https:\/\/www.saint-paul-angouleme.fr\/application\/semaine-de-sensibilisation-contre-le-harcelement\/"},"author":{"name":"SAINT-PAUL","@id":"https:\/\/www.saint-paul-angouleme.fr\/application\/#\/schema\/person\/ea152930b1a3823659065827b1a5fb9b"},"headline":"Semaine de lutte contre le harc\u00e8lement","datePublished":"2024-11-04T16:47:38+00:00","dateModified":"2024-11-04T16:47:40+00:00","mainEntityOfPage":{"@id":"https:\/\/www.saint-paul-angouleme.fr\/application\/semaine-de-sensibilisation-contre-le-harcelement\/"},"wordCount":257,"commentCount":0,"publisher":{"@id":"https:\/\/www.saint-paul-angouleme.fr\/application\/#organization"},"image":{"@id":"https:\/\/www.saint-paul-angouleme.fr\/application\/semaine-de-sensibilisation-contre-le-harcelement\/#primaryimage"},"thumbnailUrl":"https:\/\/www.saint-paul-angouleme.fr\/application\/wp-content\/uploads\/2024\/11\/harcelement.jpg","articleSection":["P\u00e9dagogie"],"inLanguage":"fr-FR","potentialAction":[{"@type":"CommentAction","name":"Comment","target":["https:\/\/www.saint-paul-angouleme.fr\/application\/semaine-de-sensibilisation-contre-le-harcelement\/#respond"]}]},{"@type":"WebPage","@id":"https:\/\/www.saint-paul-angouleme.fr\/application\/semaine-de-sensibilisation-contre-le-harcelement\/","url":"https:\/\/www.saint-paul-angouleme.fr\/application\/semaine-de-sensibilisation-contre-le-harcelement\/","name":"Semaine de sensibilisation contre le harc\u00e8lement","isPartOf":{"@id":"https:\/\/www.saint-paul-angouleme.fr\/application\/#website"},"primaryImageOfPage":{"@id":"https:\/\/www.saint-paul-angouleme.fr\/application\/semaine-de-sensibilisation-contre-le-harcelement\/#primaryimage"},"image":{"@id":"https:\/\/www.saint-paul-angouleme.fr\/application\/semaine-de-sensibilisation-contre-le-harcelement\/#primaryimage"},"thumbnailUrl":"https:\/\/www.saint-paul-angouleme.fr\/application\/wp-content\/uploads\/2024\/11\/harcelement.jpg","datePublished":"2024-11-04T16:47:38+00:00","dateModified":"2024-11-04T16:47:40+00:00","description":"Du 04 au 08 novembre 2024 s'ouvre la \"Semaine de sensibilisation contre le harc\u00e8lement\". A chaque jour son \u00e9v\u00e9nement, son lieu, son moment...","breadcrumb":{"@id":"https:\/\/www.saint-paul-angouleme.fr\/application\/semaine-de-sensibilisation-contre-le-harcelement\/#breadcrumb"},"inLanguage":"fr-FR","potentialAction":[{"@type":"ReadAction","target":["https:\/\/www.saint-paul-angouleme.fr\/application\/semaine-de-sensibilisation-contre-le-harcelement\/"]}]},{"@type":"ImageObject","inLanguage":"fr-FR","@id":"https:\/\/www.saint-paul-angouleme.fr\/application\/semaine-de-sensibilisation-contre-le-harcelement\/#primaryimage","url":"https:\/\/www.saint-paul-angouleme.fr\/application\/wp-content\/uploads\/2024\/11\/harcelement.jpg","contentUrl":"https:\/\/www.saint-paul-angouleme.fr\/application\/wp-content\/uploads\/2024\/11\/harcelement.jpg","width":840,"height":430,"caption":"Harc\u00e8lement : et si l'autre c'\u00e9tait toi?"},{"@type":"BreadcrumbList","@id":"https:\/\/www.saint-paul-angouleme.fr\/application\/semaine-de-sensibilisation-contre-le-harcelement\/#breadcrumb","itemListElement":[{"@type":"ListItem","position":1,"name":"Accueil","item":"http:\/\/www.saint-paul-angouleme.fr\/application\/"},{"@type":"ListItem","position":2,"name":"Semaine de lutte contre le harc\u00e8lement"}]},{"@type":"WebSite","@id":"https:\/\/www.saint-paul-angouleme.fr\/application\/#website","url":"https:\/\/www.saint-paul-angouleme.fr\/application\/","name":"Actualit\u00e9s","description":"Actualit\u00e9s Saint Paul","publisher":{"@id":"https:\/\/www.saint-paul-angouleme.fr\/application\/#organization"},"potentialAction":[{"@type":"SearchAction","target":{"@type":"EntryPoint","urlTemplate":"https:\/\/www.saint-paul-angouleme.fr\/application\/?s={search_term_string}"},"query-input":"required name=search_term_string"}],"inLanguage":"fr-FR"},{"@type":"Organization","@id":"https:\/\/www.saint-paul-angouleme.fr\/application\/#organization","name":"Ensemble scolaire Saint-Paul","url":"https:\/\/www.saint-paul-angouleme.fr\/application\/","logo":{"@type":"ImageObject","inLanguage":"fr-FR","@id":"https:\/\/www.saint-paul-angouleme.fr\/application\/#\/schema\/logo\/image\/","url":"https:\/\/www.saint-paul-angouleme.fr\/application\/wp-content\/uploads\/2018\/08\/logo-saint-paul-couleurs.jpg","contentUrl":"https:\/\/www.saint-paul-angouleme.fr\/application\/wp-content\/uploads\/2018\/08\/logo-saint-paul-couleurs.jpg","width":1890,"height":709,"caption":"Ensemble scolaire Saint-Paul"},"image":{"@id":"https:\/\/www.saint-paul-angouleme.fr\/application\/#\/schema\/logo\/image\/"},"sameAs":["https:\/\/www.facebook.com\/SaintPaulAngouleme16\/","https:\/\/x.com\/StPaulAngoulem","https:\/\/www.youtube.com\/channel\/UCRLpz1CmPVqc0gn--YyXvjA?view_as=subscriber"]},{"@type":"Person","@id":"https:\/\/www.saint-paul-angouleme.fr\/application\/#\/schema\/person\/ea152930b1a3823659065827b1a5fb9b","name":"SAINT-PAUL","image":{"@type":"ImageObject","inLanguage":"fr-FR","@id":"https:\/\/www.saint-paul-angouleme.fr\/application\/#\/schema\/person\/image\/","url":"https:\/\/secure.gravatar.com\/avatar\/eadb0ffebc02683a61d69038eb2924f0?s=96&r=g","contentUrl":"https:\/\/secure.gravatar.com\/avatar\/eadb0ffebc02683a61d69038eb2924f0?s=96&r=g","caption":"SAINT-PAUL"},"url":"https:\/\/www.saint-paul-angouleme.fr\/application\/author\/myriam\/"}]}},"_links":{"self":[{"href":"https:\/\/www.saint-paul-angouleme.fr\/application\/wp-json\/wp\/v2\/posts\/11515"}],"collection":[{"href":"https:\/\/www.saint-paul-angouleme.fr\/application\/wp-json\/wp\/v2\/posts"}],"about":[{"href":"https:\/\/www.saint-paul-angouleme.fr\/application\/wp-json\/wp\/v2\/types\/post"}],"author":[{"embeddable":true,"href":"https:\/\/www.saint-paul-angouleme.fr\/application\/wp-json\/wp\/v2\/users\/3"}],"replies":[{"embeddable":true,"href":"https:\/\/www.saint-paul-angouleme.fr\/application\/wp-json\/wp\/v2\/comments?post=11515"}],"version-history":[{"count":3,"href":"https:\/\/www.saint-paul-angouleme.fr\/application\/wp-json\/wp\/v2\/posts\/11515\/revisions"}],"predecessor-version":[{"id":11520,"href":"https:\/\/www.saint-paul-angouleme.fr\/application\/wp-json\/wp\/v2\/posts\/11515\/revisions\/11520"}],"wp:featuredmedia":[{"embeddable":true,"href":"https:\/\/www.saint-paul-angouleme.fr\/application\/wp-json\/wp\/v2\/media\/11519"}],"wp:attachment":[{"href":"https:\/\/www.saint-paul-angouleme.fr\/application\/wp-json\/wp\/v2\/media?parent=11515"}],"wp:term":[{"taxonomy":"category","embeddable":true,"href":"https:\/\/www.saint-paul-angouleme.fr\/application\/wp-json\/wp\/v2\/categories?post=11515"},{"taxonomy":"post_tag","embeddable":true,"href":"https:\/\/www.saint-paul-angouleme.fr\/application\/wp-json\/wp\/v2\/tags?post=11515"}],"curies":[{"name":"wp","href":"https:\/\/api.w.org\/{rel}","templated":true}]}}