{"id":11364,"date":"2024-10-03T11:19:28","date_gmt":"2024-10-03T09:19:28","guid":{"rendered":"https:\/\/www.saint-paul-angouleme.fr\/application\/?p=11364"},"modified":"2024-10-03T11:20:10","modified_gmt":"2024-10-03T09:20:10","slug":"delegues-de-classe-des-elections-en-allemand-sil-vous-plait","status":"publish","type":"post","link":"https:\/\/www.saint-paul-angouleme.fr\/application\/delegues-de-classe-des-elections-en-allemand-sil-vous-plait\/","title":{"rendered":"Election des d\u00e9l\u00e9gu\u00e9s de classe : en allemand s&#8217;il vous plait."},"content":{"rendered":"\n<figure class=\"wp-block-image size-large\"><img loading=\"lazy\" decoding=\"async\" width=\"1024\" height=\"769\" src=\"https:\/\/www.saint-paul-angouleme.fr\/application\/wp-content\/uploads\/2024\/10\/8761c074e8950db829c921691fb56694-1024x769.jpeg\" alt=\"Un vrai vote pour l'\u00e9lection des d\u00e9l\u00e9gu\u00e9s\" class=\"wp-image-11365\" srcset=\"https:\/\/www.saint-paul-angouleme.fr\/application\/wp-content\/uploads\/2024\/10\/8761c074e8950db829c921691fb56694-1024x769.jpeg 1024w, https:\/\/www.saint-paul-angouleme.fr\/application\/wp-content\/uploads\/2024\/10\/8761c074e8950db829c921691fb56694-300x225.jpeg 300w, https:\/\/www.saint-paul-angouleme.fr\/application\/wp-content\/uploads\/2024\/10\/8761c074e8950db829c921691fb56694-768x577.jpeg 768w, https:\/\/www.saint-paul-angouleme.fr\/application\/wp-content\/uploads\/2024\/10\/8761c074e8950db829c921691fb56694.jpeg 1364w\" sizes=\"(max-width: 1024px) 100vw, 1024px\" \/><\/figure>\n\n\n\n<p><\/p>\n\n\n\n<p>Ce mercredi 2 octobre 2024 a eu lieu l\u2019\u00e9lection des d\u00e9l\u00e9gu\u00e9s de classe en 4\u00e8-404 au coll\u00e8ge Saint-Paul. Le vote s&#8217;organise dans le cadre du cours d\u2019allemand. Plusieurs s\u00e9ances de travail (<a href=\"https:\/\/www.saint-paul-angouleme.fr\/application\/semaine-du-cinema-allemand-daujourdhui\/\">en allemand<\/a>) visent \u00e0 d\u00e9velopper l&#8217;esprit civique. Nous abordons la question de la parit\u00e9 et bien s\u00fbr les qualit\u00e9s requises d&#8217;un d\u00e9l\u00e9gu\u00e9. Ensuite, nous r\u00e9fl\u00e9chissons aux droits et devoirs de celui-ci.<\/p>\n\n\n\n<p>Nous r\u00e9alisons une affiche de campagne pos\u00e9e sur la porte de la classe. Nous fabriquons ensuite une urne et pr\u00e9parons les bulletins de vote.<\/p>\n\n\n\n<p>Gr\u00e2ce au Maire de la commune o\u00f9 r\u00e9side Mme PEROL, nous avons pu emprunter un isoloir. Nous l\u2019installons dans la classe. Apr\u00e8s la pr\u00e9sentation des candidats, deux <a href=\"https:\/\/rouen.fr\/assesseur\">assesseurs<\/a> se tenaient pr\u00eats \u00e0 recueillir les bulletins des votants.<\/p>\n\n\n\n<p>Ils se sont amus\u00e9s \u00e0 proclamer le fameux : \u00ab Hat gew\u00e4hlt ! A vot\u00e9 ! \u00bb. Puis deux autres \u00e9l\u00e8ves ont proc\u00e9d\u00e9 au d\u00e9pouillement apr\u00e8s avoir bien v\u00e9rifi\u00e9 et compt\u00e9 le nombre de votants.<\/p>\n\n\n\n<p>Des \u00e9lections de d\u00e9l\u00e9gu\u00e9s de classe rondement men\u00e9es o\u00f9 l\u2019on peut dire que l&#8217;on s\u2019est tous bien diverti tout en travaillant la langue allemande. Le r\u00e9sultat du vote est clair et limpide avec la parit\u00e9 en prime. C\u00e9leste et Eliot sont \u00e9lus titulaires, Isolde et Ili\u00e8s sont \u00e9lus suppl\u00e9ants.<\/p>\n\n\n\n<p>Herzlichen Gl\u00fcckwunsch ! F\u00e9licitations !<\/p>\n\n\n\n<p><\/p>\n\n\n\n<figure class=\"wp-block-gallery has-nested-images columns-2 is-cropped wp-block-gallery-1 is-layout-flex wp-block-gallery-is-layout-flex\">\n<figure class=\"wp-block-image size-large\"><img loading=\"lazy\" decoding=\"async\" width=\"769\" height=\"1024\" data-id=\"11377\" src=\"https:\/\/www.saint-paul-angouleme.fr\/application\/wp-content\/uploads\/2024\/10\/412d1aad3d2531cf551295e158f7c46f-3-769x1024.jpeg\" alt=\"\" class=\"wp-image-11377\" srcset=\"https:\/\/www.saint-paul-angouleme.fr\/application\/wp-content\/uploads\/2024\/10\/412d1aad3d2531cf551295e158f7c46f-3-769x1024.jpeg 769w, https:\/\/www.saint-paul-angouleme.fr\/application\/wp-content\/uploads\/2024\/10\/412d1aad3d2531cf551295e158f7c46f-3-225x300.jpeg 225w, https:\/\/www.saint-paul-angouleme.fr\/application\/wp-content\/uploads\/2024\/10\/412d1aad3d2531cf551295e158f7c46f-3-768x1023.jpeg 768w, https:\/\/www.saint-paul-angouleme.fr\/application\/wp-content\/uploads\/2024\/10\/412d1aad3d2531cf551295e158f7c46f-3.jpeg 1024w\" sizes=\"(max-width: 769px) 100vw, 769px\" \/><\/figure>\n\n\n\n<figure class=\"wp-block-image size-large\"><img loading=\"lazy\" decoding=\"async\" width=\"1024\" height=\"769\" data-id=\"11378\" src=\"https:\/\/www.saint-paul-angouleme.fr\/application\/wp-content\/uploads\/2024\/10\/d2bfd9ab4d0d9082e75a483e67d281e3-2-1024x769.jpeg\" alt=\"\" class=\"wp-image-11378\" srcset=\"https:\/\/www.saint-paul-angouleme.fr\/application\/wp-content\/uploads\/2024\/10\/d2bfd9ab4d0d9082e75a483e67d281e3-2-1024x769.jpeg 1024w, https:\/\/www.saint-paul-angouleme.fr\/application\/wp-content\/uploads\/2024\/10\/d2bfd9ab4d0d9082e75a483e67d281e3-2-300x225.jpeg 300w, https:\/\/www.saint-paul-angouleme.fr\/application\/wp-content\/uploads\/2024\/10\/d2bfd9ab4d0d9082e75a483e67d281e3-2-768x577.jpeg 768w, https:\/\/www.saint-paul-angouleme.fr\/application\/wp-content\/uploads\/2024\/10\/d2bfd9ab4d0d9082e75a483e67d281e3-2.jpeg 1364w\" sizes=\"(max-width: 1024px) 100vw, 1024px\" \/><\/figure>\n\n\n\n<figure class=\"wp-block-image size-large\"><img loading=\"lazy\" decoding=\"async\" width=\"1024\" height=\"769\" data-id=\"11379\" src=\"https:\/\/www.saint-paul-angouleme.fr\/application\/wp-content\/uploads\/2024\/10\/36924102dadce232c666b8e5f31b1c62-1-1024x769.jpeg\" alt=\"\" class=\"wp-image-11379\" srcset=\"https:\/\/www.saint-paul-angouleme.fr\/application\/wp-content\/uploads\/2024\/10\/36924102dadce232c666b8e5f31b1c62-1-1024x769.jpeg 1024w, https:\/\/www.saint-paul-angouleme.fr\/application\/wp-content\/uploads\/2024\/10\/36924102dadce232c666b8e5f31b1c62-1-300x225.jpeg 300w, https:\/\/www.saint-paul-angouleme.fr\/application\/wp-content\/uploads\/2024\/10\/36924102dadce232c666b8e5f31b1c62-1-768x577.jpeg 768w, https:\/\/www.saint-paul-angouleme.fr\/application\/wp-content\/uploads\/2024\/10\/36924102dadce232c666b8e5f31b1c62-1.jpeg 1364w\" sizes=\"(max-width: 1024px) 100vw, 1024px\" \/><\/figure>\n<\/figure>\n\n\n\n<figure class=\"wp-block-gallery has-nested-images columns-default is-cropped wp-block-gallery-2 is-layout-flex wp-block-gallery-is-layout-flex\">\n<figure class=\"wp-block-image size-large\"><img loading=\"lazy\" decoding=\"async\" width=\"1024\" height=\"769\" data-id=\"11381\" src=\"https:\/\/www.saint-paul-angouleme.fr\/application\/wp-content\/uploads\/2024\/10\/8761c074e8950db829c921691fb56694-3-1024x769.jpeg\" alt=\"\" class=\"wp-image-11381\" srcset=\"https:\/\/www.saint-paul-angouleme.fr\/application\/wp-content\/uploads\/2024\/10\/8761c074e8950db829c921691fb56694-3-1024x769.jpeg 1024w, https:\/\/www.saint-paul-angouleme.fr\/application\/wp-content\/uploads\/2024\/10\/8761c074e8950db829c921691fb56694-3-300x225.jpeg 300w, https:\/\/www.saint-paul-angouleme.fr\/application\/wp-content\/uploads\/2024\/10\/8761c074e8950db829c921691fb56694-3-768x577.jpeg 768w, https:\/\/www.saint-paul-angouleme.fr\/application\/wp-content\/uploads\/2024\/10\/8761c074e8950db829c921691fb56694-3.jpeg 1364w\" sizes=\"(max-width: 1024px) 100vw, 1024px\" \/><\/figure>\n\n\n\n<figure class=\"wp-block-image size-large\"><img loading=\"lazy\" decoding=\"async\" width=\"769\" height=\"1024\" data-id=\"11382\" src=\"https:\/\/www.saint-paul-angouleme.fr\/application\/wp-content\/uploads\/2024\/10\/a2388b5b6f85aaaf21f9627491f1bd1f-769x1024.jpeg\" alt=\"D\u00e9l\u00e9gu\u00e9s de classe : \u00e9lections dans les r\u00e8gles\" class=\"wp-image-11382\" srcset=\"https:\/\/www.saint-paul-angouleme.fr\/application\/wp-content\/uploads\/2024\/10\/a2388b5b6f85aaaf21f9627491f1bd1f-769x1024.jpeg 769w, https:\/\/www.saint-paul-angouleme.fr\/application\/wp-content\/uploads\/2024\/10\/a2388b5b6f85aaaf21f9627491f1bd1f-225x300.jpeg 225w, https:\/\/www.saint-paul-angouleme.fr\/application\/wp-content\/uploads\/2024\/10\/a2388b5b6f85aaaf21f9627491f1bd1f-768x1023.jpeg 768w, https:\/\/www.saint-paul-angouleme.fr\/application\/wp-content\/uploads\/2024\/10\/a2388b5b6f85aaaf21f9627491f1bd1f.jpeg 1024w\" sizes=\"(max-width: 769px) 100vw, 769px\" \/><\/figure>\n<\/figure>\n\n\n\n<figure class=\"wp-block-image size-large\"><img loading=\"lazy\" decoding=\"async\" width=\"1024\" height=\"769\" src=\"https:\/\/www.saint-paul-angouleme.fr\/application\/wp-content\/uploads\/2024\/10\/ebb5d90c30b5547a1cf7101254625fed-1024x769.jpeg\" alt=\"\" class=\"wp-image-11383\" srcset=\"https:\/\/www.saint-paul-angouleme.fr\/application\/wp-content\/uploads\/2024\/10\/ebb5d90c30b5547a1cf7101254625fed-1024x769.jpeg 1024w, https:\/\/www.saint-paul-angouleme.fr\/application\/wp-content\/uploads\/2024\/10\/ebb5d90c30b5547a1cf7101254625fed-300x225.jpeg 300w, https:\/\/www.saint-paul-angouleme.fr\/application\/wp-content\/uploads\/2024\/10\/ebb5d90c30b5547a1cf7101254625fed-768x577.jpeg 768w, https:\/\/www.saint-paul-angouleme.fr\/application\/wp-content\/uploads\/2024\/10\/ebb5d90c30b5547a1cf7101254625fed.jpeg 1364w\" sizes=\"(max-width: 1024px) 100vw, 1024px\" \/><\/figure>\n\n\n\n<figure class=\"wp-block-gallery has-nested-images columns-default is-cropped wp-block-gallery-3 is-layout-flex wp-block-gallery-is-layout-flex\">\n<figure class=\"wp-block-image size-large\"><img loading=\"lazy\" decoding=\"async\" width=\"769\" height=\"1024\" data-id=\"11384\" src=\"https:\/\/www.saint-paul-angouleme.fr\/application\/wp-content\/uploads\/2024\/10\/5f9a970a21ae87eb413e95f0edbcbb60-769x1024.jpeg\" alt=\"\" class=\"wp-image-11384\" srcset=\"https:\/\/www.saint-paul-angouleme.fr\/application\/wp-content\/uploads\/2024\/10\/5f9a970a21ae87eb413e95f0edbcbb60-769x1024.jpeg 769w, https:\/\/www.saint-paul-angouleme.fr\/application\/wp-content\/uploads\/2024\/10\/5f9a970a21ae87eb413e95f0edbcbb60-225x300.jpeg 225w, https:\/\/www.saint-paul-angouleme.fr\/application\/wp-content\/uploads\/2024\/10\/5f9a970a21ae87eb413e95f0edbcbb60-768x1023.jpeg 768w, https:\/\/www.saint-paul-angouleme.fr\/application\/wp-content\/uploads\/2024\/10\/5f9a970a21ae87eb413e95f0edbcbb60.jpeg 1024w\" sizes=\"(max-width: 769px) 100vw, 769px\" \/><\/figure>\n\n\n\n<figure class=\"wp-block-image size-large\"><img loading=\"lazy\" decoding=\"async\" width=\"1000\" height=\"751\" data-id=\"11385\" src=\"https:\/\/www.saint-paul-angouleme.fr\/application\/wp-content\/uploads\/2024\/10\/0035a43ab53bd5e20989b1a112bd14ca-xl.jpg\" alt=\"D\u00e9l\u00e9gu\u00e9s de classe : on tient les comptes\" class=\"wp-image-11385\" srcset=\"https:\/\/www.saint-paul-angouleme.fr\/application\/wp-content\/uploads\/2024\/10\/0035a43ab53bd5e20989b1a112bd14ca-xl.jpg 1000w, https:\/\/www.saint-paul-angouleme.fr\/application\/wp-content\/uploads\/2024\/10\/0035a43ab53bd5e20989b1a112bd14ca-xl-300x225.jpg 300w, https:\/\/www.saint-paul-angouleme.fr\/application\/wp-content\/uploads\/2024\/10\/0035a43ab53bd5e20989b1a112bd14ca-xl-768x577.jpg 768w\" sizes=\"(max-width: 1000px) 100vw, 1000px\" \/><\/figure>\n<\/figure>\n\n\n\n<p><\/p>\n\n\n\n<figure class=\"wp-block-image size-large\"><img loading=\"lazy\" decoding=\"async\" width=\"1024\" height=\"769\" src=\"https:\/\/www.saint-paul-angouleme.fr\/application\/wp-content\/uploads\/2024\/10\/201a1d03fa80ac1da66271c2ce4cf9b3-1024x769.jpeg\" alt=\"D\u00e9l\u00e9gu\u00e9s de classe : les \u00e9lus de 404\" class=\"wp-image-11386\" srcset=\"https:\/\/www.saint-paul-angouleme.fr\/application\/wp-content\/uploads\/2024\/10\/201a1d03fa80ac1da66271c2ce4cf9b3-1024x769.jpeg 1024w, https:\/\/www.saint-paul-angouleme.fr\/application\/wp-content\/uploads\/2024\/10\/201a1d03fa80ac1da66271c2ce4cf9b3-300x225.jpeg 300w, https:\/\/www.saint-paul-angouleme.fr\/application\/wp-content\/uploads\/2024\/10\/201a1d03fa80ac1da66271c2ce4cf9b3-768x577.jpeg 768w, https:\/\/www.saint-paul-angouleme.fr\/application\/wp-content\/uploads\/2024\/10\/201a1d03fa80ac1da66271c2ce4cf9b3.jpeg 1364w\" sizes=\"(max-width: 1024px) 100vw, 1024px\" \/><\/figure>\n\n\n\n<p><\/p>\n\n\n\n<figure class=\"wp-block-video\"><video controls src=\"https:\/\/www.saint-paul-angouleme.fr\/application\/wp-content\/uploads\/2024\/10\/vid_20241002_104131.mp4\"><\/video><\/figure>\n","protected":false},"excerpt":{"rendered":"<p>Ce mercredi 2 octobre 2024 a eu lieu l\u2019\u00e9lection des d\u00e9l\u00e9gu\u00e9s de classe en 4\u00e8-404 au coll\u00e8ge Saint-Paul. Le vote s&#8217;organise dans le cadre du cours d\u2019allemand. Plusieurs s\u00e9ances de travail (en allemand) visent \u00e0 d\u00e9velopper l&#8217;esprit civique. Nous abordons la question de la parit\u00e9 et bien s\u00fbr les qualit\u00e9s requises d&#8217;un d\u00e9l\u00e9gu\u00e9. Ensuite, nous &#8230; <a title=\"Election des d\u00e9l\u00e9gu\u00e9s de classe : en allemand s&#8217;il vous plait.\" class=\"read-more\" href=\"https:\/\/www.saint-paul-angouleme.fr\/application\/delegues-de-classe-des-elections-en-allemand-sil-vous-plait\/\" aria-label=\"Read more about Election des d\u00e9l\u00e9gu\u00e9s de classe : en allemand s&#8217;il vous plait.\">Lire la suite<\/a><\/p>\n","protected":false},"author":3,"featured_media":11366,"comment_status":"open","ping_status":"open","sticky":false,"template":"","format":"standard","meta":{"_exactmetrics_skip_tracking":false,"_exactmetrics_sitenote_active":false,"_exactmetrics_sitenote_note":"","_exactmetrics_sitenote_category":0,"footnotes":""},"categories":[13],"tags":[65,885,883],"class_list":["post-11364","post","type-post","status-publish","format-standard","has-post-thumbnail","hentry","category-pedagogie","tag-allemand","tag-delegues-de-classe","tag-election"],"yoast_head":"<!-- This site is optimized with the Yoast SEO plugin v23.3 - https:\/\/yoast.com\/wordpress\/plugins\/seo\/ -->\n<title>Election des d\u00e9l\u00e9gu\u00e9s de classe : en allemand s&#039;il vous plait.<\/title>\n<meta name=\"description\" content=\"Mme PEROL est Professeur Responsable de Classe et enseigne l&#039;allemand. Les \u00e9lections de d\u00e9l\u00e9gu\u00e9s de classe se font dans la langue de Goethe.\" \/>\n<meta name=\"robots\" content=\"index, follow, max-snippet:-1, max-image-preview:large, max-video-preview:-1\" \/>\n<link rel=\"canonical\" href=\"https:\/\/www.saint-paul-angouleme.fr\/application\/delegues-de-classe-des-elections-en-allemand-sil-vous-plait\/\" \/>\n<meta property=\"og:locale\" content=\"fr_FR\" \/>\n<meta property=\"og:type\" content=\"article\" \/>\n<meta property=\"og:title\" content=\"Election des d\u00e9l\u00e9gu\u00e9s de classe : en allemand s&#039;il vous plait.\" \/>\n<meta property=\"og:description\" content=\"Mme PEROL est Professeur Responsable de Classe et enseigne l&#039;allemand. Les \u00e9lections de d\u00e9l\u00e9gu\u00e9s de classe se font dans la langue de Goethe.\" \/>\n<meta property=\"og:url\" content=\"https:\/\/www.saint-paul-angouleme.fr\/application\/delegues-de-classe-des-elections-en-allemand-sil-vous-plait\/\" \/>\n<meta property=\"og:site_name\" content=\"Actualit\u00e9s\" \/>\n<meta property=\"article:publisher\" content=\"https:\/\/www.facebook.com\/SaintPaulAngouleme16\/\" \/>\n<meta property=\"article:published_time\" content=\"2024-10-03T09:19:28+00:00\" \/>\n<meta property=\"article:modified_time\" content=\"2024-10-03T09:20:10+00:00\" \/>\n<meta property=\"og:image\" content=\"https:\/\/www.saint-paul-angouleme.fr\/application\/wp-content\/uploads\/2024\/10\/Votre-texte-de-paragraphe.jpg\" \/>\n\t<meta property=\"og:image:width\" content=\"1240\" \/>\n\t<meta property=\"og:image:height\" content=\"1754\" \/>\n\t<meta property=\"og:image:type\" content=\"image\/jpeg\" \/>\n<meta name=\"author\" content=\"SAINT-PAUL\" \/>\n<meta name=\"twitter:card\" content=\"summary_large_image\" \/>\n<meta name=\"twitter:creator\" content=\"@StPaulAngoulem\" \/>\n<meta name=\"twitter:site\" content=\"@StPaulAngoulem\" \/>\n<meta name=\"twitter:label1\" content=\"\u00c9crit par\" \/>\n\t<meta name=\"twitter:data1\" content=\"SAINT-PAUL\" \/>\n\t<meta name=\"twitter:label2\" content=\"Dur\u00e9e de lecture estim\u00e9e\" \/>\n\t<meta name=\"twitter:data2\" content=\"4 minutes\" \/>\n<script type=\"application\/ld+json\" class=\"yoast-schema-graph\">{\"@context\":\"https:\/\/schema.org\",\"@graph\":[{\"@type\":\"Article\",\"@id\":\"https:\/\/www.saint-paul-angouleme.fr\/application\/delegues-de-classe-des-elections-en-allemand-sil-vous-plait\/#article\",\"isPartOf\":{\"@id\":\"https:\/\/www.saint-paul-angouleme.fr\/application\/delegues-de-classe-des-elections-en-allemand-sil-vous-plait\/\"},\"author\":{\"name\":\"SAINT-PAUL\",\"@id\":\"https:\/\/www.saint-paul-angouleme.fr\/application\/#\/schema\/person\/ea152930b1a3823659065827b1a5fb9b\"},\"headline\":\"Election des d\u00e9l\u00e9gu\u00e9s de classe : en allemand s&#8217;il vous plait.\",\"datePublished\":\"2024-10-03T09:19:28+00:00\",\"dateModified\":\"2024-10-03T09:20:10+00:00\",\"mainEntityOfPage\":{\"@id\":\"https:\/\/www.saint-paul-angouleme.fr\/application\/delegues-de-classe-des-elections-en-allemand-sil-vous-plait\/\"},\"wordCount\":260,\"commentCount\":0,\"publisher\":{\"@id\":\"https:\/\/www.saint-paul-angouleme.fr\/application\/#organization\"},\"image\":{\"@id\":\"https:\/\/www.saint-paul-angouleme.fr\/application\/delegues-de-classe-des-elections-en-allemand-sil-vous-plait\/#primaryimage\"},\"thumbnailUrl\":\"https:\/\/www.saint-paul-angouleme.fr\/application\/wp-content\/uploads\/2024\/10\/Votre-texte-de-paragraphe.jpg\",\"keywords\":[\"allemand\",\"d\u00e9l\u00e9gu\u00e9s de classe\",\"Election\"],\"articleSection\":[\"P\u00e9dagogie\"],\"inLanguage\":\"fr-FR\",\"potentialAction\":[{\"@type\":\"CommentAction\",\"name\":\"Comment\",\"target\":[\"https:\/\/www.saint-paul-angouleme.fr\/application\/delegues-de-classe-des-elections-en-allemand-sil-vous-plait\/#respond\"]}]},{\"@type\":\"WebPage\",\"@id\":\"https:\/\/www.saint-paul-angouleme.fr\/application\/delegues-de-classe-des-elections-en-allemand-sil-vous-plait\/\",\"url\":\"https:\/\/www.saint-paul-angouleme.fr\/application\/delegues-de-classe-des-elections-en-allemand-sil-vous-plait\/\",\"name\":\"Election des d\u00e9l\u00e9gu\u00e9s de classe : en allemand s'il vous plait.\",\"isPartOf\":{\"@id\":\"https:\/\/www.saint-paul-angouleme.fr\/application\/#website\"},\"primaryImageOfPage\":{\"@id\":\"https:\/\/www.saint-paul-angouleme.fr\/application\/delegues-de-classe-des-elections-en-allemand-sil-vous-plait\/#primaryimage\"},\"image\":{\"@id\":\"https:\/\/www.saint-paul-angouleme.fr\/application\/delegues-de-classe-des-elections-en-allemand-sil-vous-plait\/#primaryimage\"},\"thumbnailUrl\":\"https:\/\/www.saint-paul-angouleme.fr\/application\/wp-content\/uploads\/2024\/10\/Votre-texte-de-paragraphe.jpg\",\"datePublished\":\"2024-10-03T09:19:28+00:00\",\"dateModified\":\"2024-10-03T09:20:10+00:00\",\"description\":\"Mme PEROL est Professeur Responsable de Classe et enseigne l'allemand. Les \u00e9lections de d\u00e9l\u00e9gu\u00e9s de classe se font dans la langue de Goethe.\",\"breadcrumb\":{\"@id\":\"https:\/\/www.saint-paul-angouleme.fr\/application\/delegues-de-classe-des-elections-en-allemand-sil-vous-plait\/#breadcrumb\"},\"inLanguage\":\"fr-FR\",\"potentialAction\":[{\"@type\":\"ReadAction\",\"target\":[\"https:\/\/www.saint-paul-angouleme.fr\/application\/delegues-de-classe-des-elections-en-allemand-sil-vous-plait\/\"]}]},{\"@type\":\"ImageObject\",\"inLanguage\":\"fr-FR\",\"@id\":\"https:\/\/www.saint-paul-angouleme.fr\/application\/delegues-de-classe-des-elections-en-allemand-sil-vous-plait\/#primaryimage\",\"url\":\"https:\/\/www.saint-paul-angouleme.fr\/application\/wp-content\/uploads\/2024\/10\/Votre-texte-de-paragraphe.jpg\",\"contentUrl\":\"https:\/\/www.saint-paul-angouleme.fr\/application\/wp-content\/uploads\/2024\/10\/Votre-texte-de-paragraphe.jpg\",\"width\":1240,\"height\":1754,\"caption\":\"Affiche de campagne pour les \u00e9lections de d\u00e9l\u00e9gu\u00e9s\"},{\"@type\":\"BreadcrumbList\",\"@id\":\"https:\/\/www.saint-paul-angouleme.fr\/application\/delegues-de-classe-des-elections-en-allemand-sil-vous-plait\/#breadcrumb\",\"itemListElement\":[{\"@type\":\"ListItem\",\"position\":1,\"name\":\"Accueil\",\"item\":\"http:\/\/www.saint-paul-angouleme.fr\/application\/\"},{\"@type\":\"ListItem\",\"position\":2,\"name\":\"Election des d\u00e9l\u00e9gu\u00e9s de classe : en allemand s&#8217;il vous plait.\"}]},{\"@type\":\"WebSite\",\"@id\":\"https:\/\/www.saint-paul-angouleme.fr\/application\/#website\",\"url\":\"https:\/\/www.saint-paul-angouleme.fr\/application\/\",\"name\":\"Actualit\u00e9s\",\"description\":\"Actualit\u00e9s Saint Paul\",\"publisher\":{\"@id\":\"https:\/\/www.saint-paul-angouleme.fr\/application\/#organization\"},\"potentialAction\":[{\"@type\":\"SearchAction\",\"target\":{\"@type\":\"EntryPoint\",\"urlTemplate\":\"https:\/\/www.saint-paul-angouleme.fr\/application\/?s={search_term_string}\"},\"query-input\":\"required name=search_term_string\"}],\"inLanguage\":\"fr-FR\"},{\"@type\":\"Organization\",\"@id\":\"https:\/\/www.saint-paul-angouleme.fr\/application\/#organization\",\"name\":\"Ensemble scolaire Saint-Paul\",\"url\":\"https:\/\/www.saint-paul-angouleme.fr\/application\/\",\"logo\":{\"@type\":\"ImageObject\",\"inLanguage\":\"fr-FR\",\"@id\":\"https:\/\/www.saint-paul-angouleme.fr\/application\/#\/schema\/logo\/image\/\",\"url\":\"https:\/\/www.saint-paul-angouleme.fr\/application\/wp-content\/uploads\/2018\/08\/logo-saint-paul-couleurs.jpg\",\"contentUrl\":\"https:\/\/www.saint-paul-angouleme.fr\/application\/wp-content\/uploads\/2018\/08\/logo-saint-paul-couleurs.jpg\",\"width\":1890,\"height\":709,\"caption\":\"Ensemble scolaire Saint-Paul\"},\"image\":{\"@id\":\"https:\/\/www.saint-paul-angouleme.fr\/application\/#\/schema\/logo\/image\/\"},\"sameAs\":[\"https:\/\/www.facebook.com\/SaintPaulAngouleme16\/\",\"https:\/\/x.com\/StPaulAngoulem\",\"https:\/\/www.youtube.com\/channel\/UCRLpz1CmPVqc0gn--YyXvjA?view_as=subscriber\"]},{\"@type\":\"Person\",\"@id\":\"https:\/\/www.saint-paul-angouleme.fr\/application\/#\/schema\/person\/ea152930b1a3823659065827b1a5fb9b\",\"name\":\"SAINT-PAUL\",\"image\":{\"@type\":\"ImageObject\",\"inLanguage\":\"fr-FR\",\"@id\":\"https:\/\/www.saint-paul-angouleme.fr\/application\/#\/schema\/person\/image\/\",\"url\":\"https:\/\/secure.gravatar.com\/avatar\/eadb0ffebc02683a61d69038eb2924f0?s=96&r=g\",\"contentUrl\":\"https:\/\/secure.gravatar.com\/avatar\/eadb0ffebc02683a61d69038eb2924f0?s=96&r=g\",\"caption\":\"SAINT-PAUL\"},\"url\":\"https:\/\/www.saint-paul-angouleme.fr\/application\/author\/myriam\/\"}]}<\/script>\n<!-- \/ Yoast SEO plugin. -->","yoast_head_json":{"title":"Election des d\u00e9l\u00e9gu\u00e9s de classe : en allemand s'il vous plait.","description":"Mme PEROL est Professeur Responsable de Classe et enseigne l'allemand. Les \u00e9lections de d\u00e9l\u00e9gu\u00e9s de classe se font dans la langue de Goethe.","robots":{"index":"index","follow":"follow","max-snippet":"max-snippet:-1","max-image-preview":"max-image-preview:large","max-video-preview":"max-video-preview:-1"},"canonical":"https:\/\/www.saint-paul-angouleme.fr\/application\/delegues-de-classe-des-elections-en-allemand-sil-vous-plait\/","og_locale":"fr_FR","og_type":"article","og_title":"Election des d\u00e9l\u00e9gu\u00e9s de classe : en allemand s'il vous plait.","og_description":"Mme PEROL est Professeur Responsable de Classe et enseigne l'allemand. Les \u00e9lections de d\u00e9l\u00e9gu\u00e9s de classe se font dans la langue de Goethe.","og_url":"https:\/\/www.saint-paul-angouleme.fr\/application\/delegues-de-classe-des-elections-en-allemand-sil-vous-plait\/","og_site_name":"Actualit\u00e9s","article_publisher":"https:\/\/www.facebook.com\/SaintPaulAngouleme16\/","article_published_time":"2024-10-03T09:19:28+00:00","article_modified_time":"2024-10-03T09:20:10+00:00","og_image":[{"width":1240,"height":1754,"url":"https:\/\/www.saint-paul-angouleme.fr\/application\/wp-content\/uploads\/2024\/10\/Votre-texte-de-paragraphe.jpg","type":"image\/jpeg"}],"author":"SAINT-PAUL","twitter_card":"summary_large_image","twitter_creator":"@StPaulAngoulem","twitter_site":"@StPaulAngoulem","twitter_misc":{"\u00c9crit par":"SAINT-PAUL","Dur\u00e9e de lecture estim\u00e9e":"4 minutes"},"schema":{"@context":"https:\/\/schema.org","@graph":[{"@type":"Article","@id":"https:\/\/www.saint-paul-angouleme.fr\/application\/delegues-de-classe-des-elections-en-allemand-sil-vous-plait\/#article","isPartOf":{"@id":"https:\/\/www.saint-paul-angouleme.fr\/application\/delegues-de-classe-des-elections-en-allemand-sil-vous-plait\/"},"author":{"name":"SAINT-PAUL","@id":"https:\/\/www.saint-paul-angouleme.fr\/application\/#\/schema\/person\/ea152930b1a3823659065827b1a5fb9b"},"headline":"Election des d\u00e9l\u00e9gu\u00e9s de classe : en allemand s&#8217;il vous plait.","datePublished":"2024-10-03T09:19:28+00:00","dateModified":"2024-10-03T09:20:10+00:00","mainEntityOfPage":{"@id":"https:\/\/www.saint-paul-angouleme.fr\/application\/delegues-de-classe-des-elections-en-allemand-sil-vous-plait\/"},"wordCount":260,"commentCount":0,"publisher":{"@id":"https:\/\/www.saint-paul-angouleme.fr\/application\/#organization"},"image":{"@id":"https:\/\/www.saint-paul-angouleme.fr\/application\/delegues-de-classe-des-elections-en-allemand-sil-vous-plait\/#primaryimage"},"thumbnailUrl":"https:\/\/www.saint-paul-angouleme.fr\/application\/wp-content\/uploads\/2024\/10\/Votre-texte-de-paragraphe.jpg","keywords":["allemand","d\u00e9l\u00e9gu\u00e9s de classe","Election"],"articleSection":["P\u00e9dagogie"],"inLanguage":"fr-FR","potentialAction":[{"@type":"CommentAction","name":"Comment","target":["https:\/\/www.saint-paul-angouleme.fr\/application\/delegues-de-classe-des-elections-en-allemand-sil-vous-plait\/#respond"]}]},{"@type":"WebPage","@id":"https:\/\/www.saint-paul-angouleme.fr\/application\/delegues-de-classe-des-elections-en-allemand-sil-vous-plait\/","url":"https:\/\/www.saint-paul-angouleme.fr\/application\/delegues-de-classe-des-elections-en-allemand-sil-vous-plait\/","name":"Election des d\u00e9l\u00e9gu\u00e9s de classe : en allemand s'il vous plait.","isPartOf":{"@id":"https:\/\/www.saint-paul-angouleme.fr\/application\/#website"},"primaryImageOfPage":{"@id":"https:\/\/www.saint-paul-angouleme.fr\/application\/delegues-de-classe-des-elections-en-allemand-sil-vous-plait\/#primaryimage"},"image":{"@id":"https:\/\/www.saint-paul-angouleme.fr\/application\/delegues-de-classe-des-elections-en-allemand-sil-vous-plait\/#primaryimage"},"thumbnailUrl":"https:\/\/www.saint-paul-angouleme.fr\/application\/wp-content\/uploads\/2024\/10\/Votre-texte-de-paragraphe.jpg","datePublished":"2024-10-03T09:19:28+00:00","dateModified":"2024-10-03T09:20:10+00:00","description":"Mme PEROL est Professeur Responsable de Classe et enseigne l'allemand. Les \u00e9lections de d\u00e9l\u00e9gu\u00e9s de classe se font dans la langue de Goethe.","breadcrumb":{"@id":"https:\/\/www.saint-paul-angouleme.fr\/application\/delegues-de-classe-des-elections-en-allemand-sil-vous-plait\/#breadcrumb"},"inLanguage":"fr-FR","potentialAction":[{"@type":"ReadAction","target":["https:\/\/www.saint-paul-angouleme.fr\/application\/delegues-de-classe-des-elections-en-allemand-sil-vous-plait\/"]}]},{"@type":"ImageObject","inLanguage":"fr-FR","@id":"https:\/\/www.saint-paul-angouleme.fr\/application\/delegues-de-classe-des-elections-en-allemand-sil-vous-plait\/#primaryimage","url":"https:\/\/www.saint-paul-angouleme.fr\/application\/wp-content\/uploads\/2024\/10\/Votre-texte-de-paragraphe.jpg","contentUrl":"https:\/\/www.saint-paul-angouleme.fr\/application\/wp-content\/uploads\/2024\/10\/Votre-texte-de-paragraphe.jpg","width":1240,"height":1754,"caption":"Affiche de campagne pour les \u00e9lections de d\u00e9l\u00e9gu\u00e9s"},{"@type":"BreadcrumbList","@id":"https:\/\/www.saint-paul-angouleme.fr\/application\/delegues-de-classe-des-elections-en-allemand-sil-vous-plait\/#breadcrumb","itemListElement":[{"@type":"ListItem","position":1,"name":"Accueil","item":"http:\/\/www.saint-paul-angouleme.fr\/application\/"},{"@type":"ListItem","position":2,"name":"Election des d\u00e9l\u00e9gu\u00e9s de classe : en allemand s&#8217;il vous plait."}]},{"@type":"WebSite","@id":"https:\/\/www.saint-paul-angouleme.fr\/application\/#website","url":"https:\/\/www.saint-paul-angouleme.fr\/application\/","name":"Actualit\u00e9s","description":"Actualit\u00e9s Saint Paul","publisher":{"@id":"https:\/\/www.saint-paul-angouleme.fr\/application\/#organization"},"potentialAction":[{"@type":"SearchAction","target":{"@type":"EntryPoint","urlTemplate":"https:\/\/www.saint-paul-angouleme.fr\/application\/?s={search_term_string}"},"query-input":"required name=search_term_string"}],"inLanguage":"fr-FR"},{"@type":"Organization","@id":"https:\/\/www.saint-paul-angouleme.fr\/application\/#organization","name":"Ensemble scolaire Saint-Paul","url":"https:\/\/www.saint-paul-angouleme.fr\/application\/","logo":{"@type":"ImageObject","inLanguage":"fr-FR","@id":"https:\/\/www.saint-paul-angouleme.fr\/application\/#\/schema\/logo\/image\/","url":"https:\/\/www.saint-paul-angouleme.fr\/application\/wp-content\/uploads\/2018\/08\/logo-saint-paul-couleurs.jpg","contentUrl":"https:\/\/www.saint-paul-angouleme.fr\/application\/wp-content\/uploads\/2018\/08\/logo-saint-paul-couleurs.jpg","width":1890,"height":709,"caption":"Ensemble scolaire Saint-Paul"},"image":{"@id":"https:\/\/www.saint-paul-angouleme.fr\/application\/#\/schema\/logo\/image\/"},"sameAs":["https:\/\/www.facebook.com\/SaintPaulAngouleme16\/","https:\/\/x.com\/StPaulAngoulem","https:\/\/www.youtube.com\/channel\/UCRLpz1CmPVqc0gn--YyXvjA?view_as=subscriber"]},{"@type":"Person","@id":"https:\/\/www.saint-paul-angouleme.fr\/application\/#\/schema\/person\/ea152930b1a3823659065827b1a5fb9b","name":"SAINT-PAUL","image":{"@type":"ImageObject","inLanguage":"fr-FR","@id":"https:\/\/www.saint-paul-angouleme.fr\/application\/#\/schema\/person\/image\/","url":"https:\/\/secure.gravatar.com\/avatar\/eadb0ffebc02683a61d69038eb2924f0?s=96&r=g","contentUrl":"https:\/\/secure.gravatar.com\/avatar\/eadb0ffebc02683a61d69038eb2924f0?s=96&r=g","caption":"SAINT-PAUL"},"url":"https:\/\/www.saint-paul-angouleme.fr\/application\/author\/myriam\/"}]}},"_links":{"self":[{"href":"https:\/\/www.saint-paul-angouleme.fr\/application\/wp-json\/wp\/v2\/posts\/11364"}],"collection":[{"href":"https:\/\/www.saint-paul-angouleme.fr\/application\/wp-json\/wp\/v2\/posts"}],"about":[{"href":"https:\/\/www.saint-paul-angouleme.fr\/application\/wp-json\/wp\/v2\/types\/post"}],"author":[{"embeddable":true,"href":"https:\/\/www.saint-paul-angouleme.fr\/application\/wp-json\/wp\/v2\/users\/3"}],"replies":[{"embeddable":true,"href":"https:\/\/www.saint-paul-angouleme.fr\/application\/wp-json\/wp\/v2\/comments?post=11364"}],"version-history":[{"count":7,"href":"https:\/\/www.saint-paul-angouleme.fr\/application\/wp-json\/wp\/v2\/posts\/11364\/revisions"}],"predecessor-version":[{"id":11391,"href":"https:\/\/www.saint-paul-angouleme.fr\/application\/wp-json\/wp\/v2\/posts\/11364\/revisions\/11391"}],"wp:featuredmedia":[{"embeddable":true,"href":"https:\/\/www.saint-paul-angouleme.fr\/application\/wp-json\/wp\/v2\/media\/11366"}],"wp:attachment":[{"href":"https:\/\/www.saint-paul-angouleme.fr\/application\/wp-json\/wp\/v2\/media?parent=11364"}],"wp:term":[{"taxonomy":"category","embeddable":true,"href":"https:\/\/www.saint-paul-angouleme.fr\/application\/wp-json\/wp\/v2\/categories?post=11364"},{"taxonomy":"post_tag","embeddable":true,"href":"https:\/\/www.saint-paul-angouleme.fr\/application\/wp-json\/wp\/v2\/tags?post=11364"}],"curies":[{"name":"wp","href":"https:\/\/api.w.org\/{rel}","templated":true}]}}