{"id":1129,"date":"2017-06-20T17:59:36","date_gmt":"2017-06-20T15:59:36","guid":{"rendered":"http:\/\/www.saint-paul-angouleme.fr\/application\/?p=1129"},"modified":"2017-06-20T18:50:50","modified_gmt":"2017-06-20T16:50:50","slug":"des-classes-de-secondes-aux-incorruptibles","status":"publish","type":"post","link":"https:\/\/www.saint-paul-angouleme.fr\/application\/des-classes-de-secondes-aux-incorruptibles\/","title":{"rendered":"Des classes de secondes aux INCORRUPTIBLES"},"content":{"rendered":"<p style=\"text-align: justify;\"><a href=\"http:\/\/www.saint-paul-angouleme.fr\/application\/wp-content\/uploads\/2017\/06\/DSC_0012.jpg\"><img loading=\"lazy\" decoding=\"async\" class=\"aligncenter size-large wp-image-1135\" src=\"http:\/\/www.saint-paul-angouleme.fr\/application\/wp-content\/uploads\/2017\/06\/DSC_0012-1024x576.jpg\" alt=\"\" width=\"1024\" height=\"576\" data-id=\"1135\" srcset=\"https:\/\/www.saint-paul-angouleme.fr\/application\/wp-content\/uploads\/2017\/06\/DSC_0012-1024x576.jpg 1024w, https:\/\/www.saint-paul-angouleme.fr\/application\/wp-content\/uploads\/2017\/06\/DSC_0012-300x169.jpg 300w, https:\/\/www.saint-paul-angouleme.fr\/application\/wp-content\/uploads\/2017\/06\/DSC_0012-768x432.jpg 768w\" sizes=\"(max-width: 1024px) 100vw, 1024px\" \/><\/a><\/p>\n<p style=\"text-align: justify;\"><span style=\"color: #333333; font-family: tahoma,arial,helvetica,sans-serif; font-size: 16px;\">\u00ab Si un enfant apprend tr\u00e8s jeune \u00e0 aimer les livres, il aura un immense avantage dans la vie. \u00bb <\/span><span style=\"color: #333333; font-family: tahoma,arial,helvetica,sans-serif; font-size: 16px;\"><em>Roald Dahl<\/em><\/span><\/p>\n<p style=\"text-align: justify;\"><span style=\"color: #333333; font-family: tahoma,arial,helvetica,sans-serif; font-size: 16px;\"><strong>Petite pr\u00e9sentation du concours \u00ab\u00a0Les incorruptibles\u00a0\u00bb\u00a0:<\/strong><\/span><\/p>\n<p style=\"text-align: justify;\"><span style=\"color: #333333; font-family: tahoma,arial,helvetica,sans-serif; font-size: 16px;\"><strong>L&#8217;association des Incorruptibles (loi 1901) a \u00e9t\u00e9 cr\u00e9\u00e9e en 1988<\/strong> avec la collaboration de Fran\u00e7oise Xenakis, aujourd\u2019hui pr\u00e9sidente d\u2019honneur. Elle est agr\u00e9\u00e9e par l\u2019\u00c9ducation nationale en tant qu\u2019association \u00e9ducative compl\u00e9mentaire de l\u2019enseignement public.<\/span><\/p>\n<p style=\"text-align: justify;\"><span style=\"color: #333333; font-family: tahoma,arial,helvetica,sans-serif; font-size: 16px;\">L&#8217;objectif de l&#8217;association est de <strong>susciter l&#8217;envie et le d\u00e9sir de lire des plus jeunes<\/strong> \u00e0 travers des actions lecture autour d&#8217;une s\u00e9lection de qualit\u00e9 et\/ou en les faisant entrer dans les coulisses de la cr\u00e9ation d&#8217;un roman avec le Feuilleton des Incos.<\/span><\/p>\n<p style=\"text-align: justify;\"><span style=\"color: #333333; font-family: tahoma,arial,helvetica,sans-serif; font-size: 16px;\"><a href=\"http:\/\/www.saint-paul-angouleme.fr\/application\/wp-content\/uploads\/2017\/06\/macaron.png\"><img loading=\"lazy\" decoding=\"async\" class=\"wp-image-1134 size-thumbnail alignright\" src=\"http:\/\/www.saint-paul-angouleme.fr\/application\/wp-content\/uploads\/2017\/06\/macaron-150x150.png\" alt=\"\" width=\"150\" height=\"150\" data-id=\"1134\" srcset=\"https:\/\/www.saint-paul-angouleme.fr\/application\/wp-content\/uploads\/2017\/06\/macaron-150x150.png 150w, https:\/\/www.saint-paul-angouleme.fr\/application\/wp-content\/uploads\/2017\/06\/macaron-144x144.png 144w, https:\/\/www.saint-paul-angouleme.fr\/application\/wp-content\/uploads\/2017\/06\/macaron.png 253w\" sizes=\"(max-width: 150px) 100vw, 150px\" \/><\/a>Pour \u00eatre Incorruptibles, les jeunes lecteurs, de la maternelle au lyc\u00e9e, s&#8217;engagent \u00e0 :<\/span><\/p>\n<ul style=\"text-align: justify;\">\n<li><span style=\"color: #333333; font-family: tahoma,arial,helvetica,sans-serif; font-size: 16px;\">lire les ouvrages qui ont \u00e9t\u00e9 s\u00e9lectionn\u00e9s<\/span><\/li>\n<li><span style=\"color: #333333; font-family: tahoma,arial,helvetica,sans-serif; font-size: 16px;\">se forger une opinion personnelle sur chacun des livres<\/span><\/li>\n<li><span style=\"color: #333333; font-family: tahoma,arial,helvetica,sans-serif; font-size: 16px;\">voter pour leur livre pr\u00e9f\u00e9r\u00e9<\/span><\/li>\n<\/ul>\n<p style=\"text-align: justify;\"><span style=\"color: #333333; font-family: tahoma,arial,helvetica,sans-serif; font-size: 16px;\">Le Prix des Incorruptibles peut prendre plusieurs formes et s&#8217;adapter \u00e0 toutes les structures : \u00e9coles, coll\u00e8ges, lyc\u00e9es, biblioth\u00e8ques, centres de loisirs et m\u00eame \u00e0 la maison !<\/span><\/p>\n<p style=\"text-align: justify;\"><span style=\"color: #333333; font-family: tahoma,arial,helvetica,sans-serif; font-size: 16px;\">En 2017, pour la 28e \u00e9dition du Prix, <strong>434 639 jeunes lecteurs<\/strong> r\u00e9partis dans plus de 8 000 \u00e9tablissements scolaires et p\u00e9riscolaires \u00e0 travers toute la France, les DOM\/TOM et \u00e0 l\u2019\u00e9tranger ont lu les livres s\u00e9lectionn\u00e9s et \u00e9lu, parmi eux, leur titre pr\u00e9f\u00e9r\u00e9. <\/span><span style=\"font-size: 12px;\"><a href=\"http:\/\/www.lesincos.com\/\"><span style=\"font-family: tahoma,arial,helvetica,sans-serif;\">http:\/\/www.lesincos.com\/<\/span><\/a><\/span><\/p>\n<p style=\"text-align: justify;\"><a href=\"http:\/\/www.saint-paul-angouleme.fr\/application\/wp-content\/uploads\/2017\/06\/DSC_0014.jpg\"><img loading=\"lazy\" decoding=\"async\" class=\"aligncenter size-large wp-image-1136\" src=\"http:\/\/www.saint-paul-angouleme.fr\/application\/wp-content\/uploads\/2017\/06\/DSC_0014-1024x576.jpg\" alt=\"\" width=\"1024\" height=\"576\" data-id=\"1136\" srcset=\"https:\/\/www.saint-paul-angouleme.fr\/application\/wp-content\/uploads\/2017\/06\/DSC_0014-1024x576.jpg 1024w, https:\/\/www.saint-paul-angouleme.fr\/application\/wp-content\/uploads\/2017\/06\/DSC_0014-300x169.jpg 300w, https:\/\/www.saint-paul-angouleme.fr\/application\/wp-content\/uploads\/2017\/06\/DSC_0014-768x432.jpg 768w\" sizes=\"(max-width: 1024px) 100vw, 1024px\" \/><\/a><\/p>\n<p style=\"text-align: justify;\"><span style=\"color: #333333; font-family: tahoma,arial,helvetica,sans-serif; font-size: 16px;\"><strong>Les Incorruptibles \u00e0 Saint-Paul\u00a0:<\/strong><\/span><\/p>\n<p style=\"text-align: justify;\"><span style=\"color: #333333; font-family: tahoma,arial,helvetica,sans-serif; font-size: 16px;\">A Saint-Paul la participation \u00e0 ce concours de \u2018litt\u00e9rature jeunesse\u2019 est propos\u00e9e exclusivement aux classes de seconde. Une quinzaine de jeunes se sont inscrits pour participer aux \u00ab\u00a0Incorruptibles\u00a0\u00bb. <\/span><span style=\"color: #333333; font-family: tahoma,arial,helvetica,sans-serif; font-size: 16px;\">Nous avons d\u00e9j\u00e0 \u00e9voqu\u00e9 le salon litt\u00e9raire du \u00ab\u00a0Prix Folio\u00a0\u00bb pour les classes de Premi\u00e8re et Terminale (cf. article du 24 mars 2017).<\/span><\/p>\n<p style=\"text-align: justify;\"><span style=\"color: #333333; font-family: tahoma,arial,helvetica,sans-serif; font-size: 16px;\">Le lundi 12 juin 2017 un go\u00fbter \u00e9tait organis\u00e9 au CDR Lyc\u00e9e pour que les participants puissent partager leurs opinions autour des livres lus et conna\u00eetre le nom du laur\u00e9at. Certains d\u2019entre eux avaient \u00e9galement particip\u00e9 au concours d\u2019\u00e9criture d\u2019un article critique sur leur livre pr\u00e9f\u00e9r\u00e9\u00a0: l\u2019occasion \u00e9tait belle de pouvoir les r\u00e9compenser. Tous les jeunes pr\u00e9sents ont bien aim\u00e9 les livres propos\u00e9s m\u00eame si, bien s\u00fbr, chacun garde sa pr\u00e9f\u00e9rence.<\/span><\/p>\n<p style=\"text-align: justify;\"><span style=\"color: #333333; font-family: tahoma,arial,helvetica,sans-serif; font-size: 16px;\">Cinq ouvrages faisaient partie de la s\u00e9lection\u00a0:<\/span><\/p>\n<p style=\"text-align: justify;\"><span style=\"color: #333333; font-family: tahoma,arial,helvetica,sans-serif; font-size: 16px;\">&#8211; <em>Aristote et Dante d\u00e9couvrent les secrets de l&#8217;univers <\/em>de <a style=\"color: #333333;\" href=\"http:\/\/www.lesincos.com\/auteur-4433\/benjamin-alire-saenz.html\">Benjamin ALIRE SAENZ<\/a> (PKJ)<\/span><\/p>\n<p style=\"text-align: justify;\"><span style=\"color: #333333; font-family: tahoma,arial,helvetica,sans-serif; font-size: 16px;\">&#8211; <em>Les petites reines<\/em> de Cl\u00e9mentine BEAUVAIS (Sarbacane)<\/span><\/p>\n<p style=\"text-align: justify;\"><span style=\"color: #333333; font-family: tahoma,arial,helvetica,sans-serif; font-size: 16px;\">&#8211; <em>Lever de rideau sur Terezin <\/em>de Christophe MAMBERT (Bayard Jeunesse)<\/span><\/p>\n<p style=\"text-align: justify;\"><span style=\"color: #333333; font-family: tahoma,arial,helvetica,sans-serif; font-size: 16px;\">&#8211; <em>Ma m\u00e8re, le crabe et moi<\/em> d\u2019Anne PERCIN (Le Rouergue)<\/span><\/p>\n<p style=\"text-align: justify;\"><span style=\"color: #333333; font-family: tahoma,arial,helvetica,sans-serif; font-size: 16px;\">&#8211; <em>On est tous faits de mol\u00e9cules <\/em>de Susin NIELSEN (Trad. Val\u00e9rie LE PLOUHINEC chez H\u00e9lium)<\/span><\/p>\n<p style=\"text-align: justify;\"><span style=\"color: #333333; font-family: tahoma,arial,helvetica,sans-serif; font-size: 16px;\">Mmes KRYNICKI et ARNAUD commencent par annoncer le laur\u00e9at 2017 niveau lyc\u00e9e\u00a0: <em>Aristote et Dante d\u00e9couvrent les secrets de l&#8217;univers <\/em>de <a style=\"color: #333333;\" href=\"http:\/\/www.lesincos.com\/auteur-4433\/benjamin-alire-saenz.html\">Benjamin ALIRE SAENZ<\/a> (PKJ).<\/span><\/p>\n<p style=\"text-align: justify;\"><a href=\"http:\/\/www.saint-paul-angouleme.fr\/application\/wp-content\/uploads\/2017\/06\/91s-jCt8xZL.jpg\"><img loading=\"lazy\" decoding=\"async\" class=\"aligncenter size-large wp-image-1133\" src=\"http:\/\/www.saint-paul-angouleme.fr\/application\/wp-content\/uploads\/2017\/06\/91s-jCt8xZL-633x1024.jpg\" alt=\"\" width=\"633\" height=\"1024\" data-id=\"1133\" srcset=\"https:\/\/www.saint-paul-angouleme.fr\/application\/wp-content\/uploads\/2017\/06\/91s-jCt8xZL-633x1024.jpg 633w, https:\/\/www.saint-paul-angouleme.fr\/application\/wp-content\/uploads\/2017\/06\/91s-jCt8xZL-186x300.jpg 186w, https:\/\/www.saint-paul-angouleme.fr\/application\/wp-content\/uploads\/2017\/06\/91s-jCt8xZL-768x1241.jpg 768w, https:\/\/www.saint-paul-angouleme.fr\/application\/wp-content\/uploads\/2017\/06\/91s-jCt8xZL.jpg 1400w\" sizes=\"(max-width: 633px) 100vw, 633px\" \/><\/a><\/p>\n<blockquote>\n<p style=\"text-align: justify;\"><span style=\"color: #333333; font-family: tahoma,arial,helvetica,sans-serif; font-size: 16px;\">Ali\u00e9nor\u00a0: \u00ab\u00a0Il \u00e9tait \u00e9vident qu\u2019il arriverait premier. C\u2019est un livre touchant, l\u2019\u00e9criture est sympa \u00e0 lire et l\u2019histoire est bien\u00a0\u00bb.<\/span><\/p>\n<p style=\"text-align: justify;\">\n<p style=\"text-align: justify;\"><span style=\"color: #333333; font-family: tahoma,arial,helvetica,sans-serif; font-size: 16px;\">Jean\u00a0: \u00ab\u00a0J\u2019ai bien aim\u00e9 <em>Lever de rideau sur Teresin<\/em> de Christophe Lambert. C\u2019est un m\u00e9lange d\u2019originalit\u00e9 litt\u00e9raire sur fond historique\u00a0\u00bb.<\/span><\/p>\n<p style=\"text-align: justify;\"><span style=\"color: #333333; font-family: tahoma,arial,helvetica,sans-serif; font-size: 16px;\">Ambre\u00a0: \u00ab\u00a0L\u2019id\u00e9e d\u2019int\u00e9grer une pi\u00e8ce de th\u00e9\u00e2tre \u00e0 la fin est originale\u00a0\u00bb.<\/span><\/p>\n<p style=\"text-align: justify;\"><span style=\"color: #333333; font-family: tahoma,arial,helvetica,sans-serif; font-size: 16px;\">L\u00e9onie\u00a0: \u00ab\u00a0J\u2019ai fait ce m\u00eame choix parce que j\u2019aime la p\u00e9riode de la Seconde Guerre Mondiale. C\u2019est bien \u00e9crit.\u00a0J\u2019ai eu plus de mal avec les autres livres, notamment <em>Ma m\u00e8re, le crabe et moi<\/em>. Il est trop caricatural en ce qui concerne les ados. Je n\u2019aime pas quand les adultes parlent \u00e0 la place des ados\u00a0\u00bb.<\/span><\/p>\n<p style=\"text-align: justify;\">\n<p style=\"text-align: justify;\"><span style=\"color: #333333; font-family: tahoma,arial,helvetica,sans-serif; font-size: 16px;\">Marie\u00a0: \u00ab\u00a0Il \u00e9tait int\u00e9ressant de m\u00e9langer plusieurs th\u00e8mes d\u2019actualit\u00e9 comme l\u2019homosexualit\u00e9, les familles recompos\u00e9es\u2026 dans <em>On est tous faits de mol\u00e9cules<\/em>. <\/span><\/p>\n<p style=\"text-align: justify;\"><span style=\"color: #333333; font-family: tahoma,arial,helvetica,sans-serif; font-size: 16px;\">Ali\u00e9nor\u00a0: \u00ab\u00a0C\u2019\u00e9tait un peu exag\u00e9r\u00e9 quand m\u00eame de placer autant de complication au sein d\u2019une m\u00eame famille\u00a0\u00bb.<\/span><\/p>\n<p style=\"text-align: justify;\">\n<p style=\"text-align: justify;\"><span style=\"color: #333333; font-family: tahoma,arial,helvetica,sans-serif; font-size: 16px;\">Ali\u00e9nor\u00a0: \u00ab\u00a0J\u2019ai bien aim\u00e9 <em>Les petites reines<\/em> parce que le th\u00e8me \u00e9tait original\u00a0\u00bb.<\/span><\/p>\n<p style=\"text-align: justify;\"><span style=\"color: #333333; font-family: tahoma,arial,helvetica,sans-serif; font-size: 16px;\">L\u00e9onie\u00a0: \u00ab\u00a0Je trouve que ce livre n\u2019est pas r\u00e9aliste et trop enfantin. Je l\u2019ai lu mais je n\u2019ai pas accroch\u00e9 m\u00eame si je respecte le travail de l\u2019auteur. il me rappelle <em>Le pays o\u00f9 l\u2019on arrive jamais<\/em>\u00a0\u00bb.<\/span><\/p>\n<\/blockquote>\n<p style=\"text-align: justify;\"><span style=\"color: #333333; font-family: tahoma,arial,helvetica,sans-serif; font-size: 16px;\">Tous soulignent l\u2019importance des couvertures dans l\u2019attrait du livre et se disent satisfaits du nombre d\u2019exemplaires disponible au CDR.<\/span><\/p>\n<p style=\"text-align: justify;\"><a href=\"http:\/\/www.saint-paul-angouleme.fr\/application\/wp-content\/uploads\/2017\/06\/DSC_0013.jpg\"><img loading=\"lazy\" decoding=\"async\" class=\"aligncenter size-large wp-image-1137\" src=\"http:\/\/www.saint-paul-angouleme.fr\/application\/wp-content\/uploads\/2017\/06\/DSC_0013-1024x576.jpg\" alt=\"\" width=\"1024\" height=\"576\" data-id=\"1137\" srcset=\"https:\/\/www.saint-paul-angouleme.fr\/application\/wp-content\/uploads\/2017\/06\/DSC_0013-1024x576.jpg 1024w, https:\/\/www.saint-paul-angouleme.fr\/application\/wp-content\/uploads\/2017\/06\/DSC_0013-300x169.jpg 300w, https:\/\/www.saint-paul-angouleme.fr\/application\/wp-content\/uploads\/2017\/06\/DSC_0013-768x432.jpg 768w\" sizes=\"(max-width: 1024px) 100vw, 1024px\" \/><\/a><\/p>\n<p style=\"text-align: justify;\"><span style=\"color: #333333; font-family: tahoma,arial,helvetica,sans-serif; font-size: 16px;\">Avant le go\u00fbter Mme ARNAUD prend la parole\u00a0: \u00ab\u00a0Bravo et merci pour votre investissement de lecture tout au long de l\u2019ann\u00e9e. Merci aux filles qui ont particip\u00e9 au concours d\u2019\u00e9criture\u00a0!\u00a0\u00bb. S\u2019en suit la remise des prix\u00a0:<\/span><\/p>\n<p style=\"text-align: justify;\"><span style=\"color: #333333; font-family: tahoma,arial,helvetica,sans-serif; font-size: 16px;\">&#8211; 3<sup>\u00e8me<\/sup> prix\u00a0: Ali\u00e9nor LANDRAGIN pour son article critique du livre <em>Les petites reines<\/em><\/span><\/p>\n<p style=\"text-align: justify;\"><span style=\"color: #333333; font-family: tahoma,arial,helvetica,sans-serif; font-size: 16px;\">&#8211; 2<sup>\u00e8me<\/sup> prix\u00a0: L\u00e9onie MENARD pour <em>Lever de rideau sur Teresin<\/em><\/span><\/p>\n<p style=\"text-align: justify;\"><span style=\"color: #333333; font-family: tahoma,arial,helvetica,sans-serif; font-size: 16px;\">&#8211; 1<sup>er<\/sup> prix\u00a0: Ambre MOORELS pour <em>Aristote et Dante d\u00e9couvrent les secrets de l&#8217;univers<\/em><\/span><\/p>\n<p style=\"text-align: justify;\"><span style=\"color: #333333; font-family: tahoma,arial,helvetica,sans-serif; font-size: 16px;\">Grace \u00e0 l\u2019ESPACE (association des professeurs et personnels de droit priv\u00e9 de l\u2019Ensemble scolaire Saint-Paul) elles re\u00e7oivent respectivement un bon d\u2019achat de 35,00 \u20ac, 40,00 \u20ac et 50,00 \u20ac \u00e0 la librairie MCL proche de notre \u00e9tablissement.<\/span><\/p>\n<p style=\"text-align: justify;\"><span style=\"color: #333333; font-family: tahoma,arial,helvetica,sans-serif; font-size: 16px;\">Le rendez-vous est d\u00e9j\u00e0 pris pour le prochain \u00ab\u00a0Concours Folio\u00a0\u00bb qui r\u00e9serve d\u00e9j\u00e0 une tr\u00e8s belle s\u00e9lection 2017\/2018.<\/span><\/p>\n<p style=\"text-align: justify;\"><span style=\"color: #333333; font-family: tahoma,arial,helvetica,sans-serif; font-size: 16px;\">En attendant, bonnes lectures estivales\u00a0!<\/span><\/p>\n<div tabindex=\"0\" class=\"cycloneslider cycloneslider-template-standard cycloneslider-width-responsive\" id=\"cycloneslider-incorruptibles-1\" style=\"max-width:960px\" > <div class=\"cycloneslider-slides cycle-slideshow\" data-cycle-allow-wrap=\"true\" data-cycle-dynamic-height=\"off\" data-cycle-auto-height=\"960:600\" data-cycle-auto-height-easing=\"null\" data-cycle-auto-height-speed=\"250\" data-cycle-delay=\"0\" data-cycle-easing=\"\" data-cycle-fx=\"fade\" data-cycle-hide-non-active=\"true\" data-cycle-log=\"false\" data-cycle-next=\"#cycloneslider-incorruptibles-1 .cycloneslider-next\" data-cycle-pager=\"#cycloneslider-incorruptibles-1 .cycloneslider-pager\" data-cycle-pause-on-hover=\"true\" data-cycle-prev=\"#cycloneslider-incorruptibles-1 .cycloneslider-prev\" data-cycle-slides=\"&gt; div\" data-cycle-speed=\"1000\" data-cycle-swipe=\"1\" data-cycle-tile-count=\"7\" data-cycle-tile-delay=\"100\" data-cycle-tile-vertical=\"true\" data-cycle-timeout=\"4000\" > <div class=\"cycloneslider-slide cycloneslider-slide-image\" > <img decoding=\"async\" src=\"https:\/\/www.saint-paul-angouleme.fr\/application\/wp-content\/uploads\/2017\/06\/91s-jCt8xZL-960x600.jpg\" alt=\"\" title=\"\" \/> <\/div> <div class=\"cycloneslider-slide cycloneslider-slide-image\" > <img decoding=\"async\" src=\"https:\/\/www.saint-paul-angouleme.fr\/application\/wp-content\/uploads\/2017\/06\/DSC_0005-960x600.jpg\" alt=\"\" title=\"\" \/> <\/div> <div class=\"cycloneslider-slide cycloneslider-slide-image\" > <img decoding=\"async\" src=\"https:\/\/www.saint-paul-angouleme.fr\/application\/wp-content\/uploads\/2017\/06\/DSC_0006-960x600.jpg\" alt=\"\" title=\"\" \/> <\/div> <div class=\"cycloneslider-slide cycloneslider-slide-image\" > <img decoding=\"async\" src=\"https:\/\/www.saint-paul-angouleme.fr\/application\/wp-content\/uploads\/2017\/06\/DSC_0007-960x600.jpg\" alt=\"\" title=\"\" \/> <\/div> <div class=\"cycloneslider-slide cycloneslider-slide-image\" > <img decoding=\"async\" src=\"https:\/\/www.saint-paul-angouleme.fr\/application\/wp-content\/uploads\/2017\/06\/DSC_0008-960x600.jpg\" alt=\"\" title=\"\" \/> <\/div> <div class=\"cycloneslider-slide cycloneslider-slide-image\" > <img decoding=\"async\" src=\"https:\/\/www.saint-paul-angouleme.fr\/application\/wp-content\/uploads\/2017\/06\/DSC_0009-960x600.jpg\" alt=\"\" title=\"\" \/> <\/div> <div class=\"cycloneslider-slide cycloneslider-slide-image\" > <img decoding=\"async\" src=\"https:\/\/www.saint-paul-angouleme.fr\/application\/wp-content\/uploads\/2017\/06\/DSC_0010-960x600.jpg\" alt=\"\" title=\"\" \/> <\/div> <div class=\"cycloneslider-slide cycloneslider-slide-image\" > <img decoding=\"async\" src=\"https:\/\/www.saint-paul-angouleme.fr\/application\/wp-content\/uploads\/2017\/06\/DSC_0011-960x600.jpg\" alt=\"\" title=\"\" \/> <\/div> <div class=\"cycloneslider-slide cycloneslider-slide-image\" > <img decoding=\"async\" src=\"https:\/\/www.saint-paul-angouleme.fr\/application\/wp-content\/uploads\/2017\/06\/DSC_0015-960x600.jpg\" alt=\"\" title=\"\" \/> <\/div> <\/div> <div class=\"cycloneslider-pager\"><\/div> <a href=\"#\" class=\"cycloneslider-prev\"> <span class=\"arrow\"><\/span> <\/a> <a href=\"#\" class=\"cycloneslider-next\"> <span class=\"arrow\"><\/span> <\/a> <\/div>\n<iframe src=\"\/\/docs.google.com\/viewer?url=http%3A%2F%2Fwww.saint-paul-angouleme.fr%2Fapplication%2Fwp-content%2Fuploads%2F2017%2F06%2FArticles-de-critique-litt%C3%A9raire.pdf&hl=fr&embedded=true\" class=\"gde-frame\" style=\"width:100%; height:1000px; border: none;\" scrolling=\"no\"><\/iframe>\n<p class=\"gde-text\"><a href=\"http:\/\/www.saint-paul-angouleme.fr\/application\/wp-content\/uploads\/2017\/06\/Articles-de-critique-litt\u00e9raire.pdf\" class=\"gde-link\">T\u00e9l\u00e9charger (PDF, 926KB)<\/a><\/p>\n","protected":false},"excerpt":{"rendered":"<p>\u00ab Si un enfant apprend tr\u00e8s jeune \u00e0 aimer les livres, il aura un immense avantage dans la vie. \u00bb Roald Dahl Petite pr\u00e9sentation du concours \u00ab\u00a0Les incorruptibles\u00a0\u00bb\u00a0: L&#8217;association des Incorruptibles (loi 1901) a \u00e9t\u00e9 cr\u00e9\u00e9e en 1988 avec la collaboration de Fran\u00e7oise Xenakis, aujourd\u2019hui pr\u00e9sidente d\u2019honneur. Elle est agr\u00e9\u00e9e par l\u2019\u00c9ducation nationale en tant &#8230; <a title=\"Des classes de secondes aux INCORRUPTIBLES\" class=\"read-more\" href=\"https:\/\/www.saint-paul-angouleme.fr\/application\/des-classes-de-secondes-aux-incorruptibles\/\" aria-label=\"Read more about Des classes de secondes aux INCORRUPTIBLES\">Lire la suite<\/a><\/p>\n","protected":false},"author":3,"featured_media":0,"comment_status":"open","ping_status":"open","sticky":false,"template":"","format":"standard","meta":{"_exactmetrics_skip_tracking":false,"_exactmetrics_sitenote_active":false,"_exactmetrics_sitenote_note":"","_exactmetrics_sitenote_category":0,"footnotes":""},"categories":[2],"tags":[86,85,26],"class_list":["post-1129","post","type-post","status-publish","format-standard","hentry","category-look-on","tag-critique-litteraire","tag-incorruptibles","tag-litterature"],"yoast_head":"<!-- This site is optimized with the Yoast SEO plugin v23.3 - https:\/\/yoast.com\/wordpress\/plugins\/seo\/ -->\n<title>Des classes de secondes aux INCORRUPTIBLES - Actualit\u00e9s<\/title>\n<meta name=\"robots\" content=\"index, follow, max-snippet:-1, max-image-preview:large, max-video-preview:-1\" \/>\n<link rel=\"canonical\" href=\"https:\/\/www.saint-paul-angouleme.fr\/application\/des-classes-de-secondes-aux-incorruptibles\/\" \/>\n<meta property=\"og:locale\" content=\"fr_FR\" \/>\n<meta property=\"og:type\" content=\"article\" \/>\n<meta property=\"og:title\" content=\"Des classes de secondes aux INCORRUPTIBLES - Actualit\u00e9s\" \/>\n<meta property=\"og:description\" content=\"\u00ab Si un enfant apprend tr\u00e8s jeune \u00e0 aimer les livres, il aura un immense avantage dans la vie. \u00bb Roald Dahl Petite pr\u00e9sentation du concours \u00ab\u00a0Les incorruptibles\u00a0\u00bb\u00a0: L&#8217;association des Incorruptibles (loi 1901) a \u00e9t\u00e9 cr\u00e9\u00e9e en 1988 avec la collaboration de Fran\u00e7oise Xenakis, aujourd\u2019hui pr\u00e9sidente d\u2019honneur. Elle est agr\u00e9\u00e9e par l\u2019\u00c9ducation nationale en tant ... Lire la suite\" \/>\n<meta property=\"og:url\" content=\"https:\/\/www.saint-paul-angouleme.fr\/application\/des-classes-de-secondes-aux-incorruptibles\/\" \/>\n<meta property=\"og:site_name\" content=\"Actualit\u00e9s\" \/>\n<meta property=\"article:publisher\" content=\"https:\/\/www.facebook.com\/SaintPaulAngouleme16\/\" \/>\n<meta property=\"article:published_time\" content=\"2017-06-20T15:59:36+00:00\" \/>\n<meta property=\"article:modified_time\" content=\"2017-06-20T16:50:50+00:00\" \/>\n<meta property=\"og:image\" content=\"http:\/\/www.saint-paul-angouleme.fr\/application\/wp-content\/uploads\/2017\/06\/DSC_0012-1024x576.jpg\" \/>\n<meta name=\"author\" content=\"SAINT-PAUL\" \/>\n<meta name=\"twitter:card\" content=\"summary_large_image\" \/>\n<meta name=\"twitter:creator\" content=\"@StPaulAngoulem\" \/>\n<meta name=\"twitter:site\" content=\"@StPaulAngoulem\" \/>\n<meta name=\"twitter:label1\" content=\"\u00c9crit par\" \/>\n\t<meta name=\"twitter:data1\" content=\"SAINT-PAUL\" \/>\n\t<meta name=\"twitter:label2\" content=\"Dur\u00e9e de lecture estim\u00e9e\" \/>\n\t<meta name=\"twitter:data2\" content=\"4 minutes\" \/>\n<script type=\"application\/ld+json\" class=\"yoast-schema-graph\">{\"@context\":\"https:\/\/schema.org\",\"@graph\":[{\"@type\":\"Article\",\"@id\":\"https:\/\/www.saint-paul-angouleme.fr\/application\/des-classes-de-secondes-aux-incorruptibles\/#article\",\"isPartOf\":{\"@id\":\"https:\/\/www.saint-paul-angouleme.fr\/application\/des-classes-de-secondes-aux-incorruptibles\/\"},\"author\":{\"name\":\"SAINT-PAUL\",\"@id\":\"https:\/\/www.saint-paul-angouleme.fr\/application\/#\/schema\/person\/ea152930b1a3823659065827b1a5fb9b\"},\"headline\":\"Des classes de secondes aux INCORRUPTIBLES\",\"datePublished\":\"2017-06-20T15:59:36+00:00\",\"dateModified\":\"2017-06-20T16:50:50+00:00\",\"mainEntityOfPage\":{\"@id\":\"https:\/\/www.saint-paul-angouleme.fr\/application\/des-classes-de-secondes-aux-incorruptibles\/\"},\"wordCount\":916,\"commentCount\":0,\"publisher\":{\"@id\":\"https:\/\/www.saint-paul-angouleme.fr\/application\/#organization\"},\"image\":{\"@id\":\"https:\/\/www.saint-paul-angouleme.fr\/application\/des-classes-de-secondes-aux-incorruptibles\/#primaryimage\"},\"thumbnailUrl\":\"http:\/\/www.saint-paul-angouleme.fr\/application\/wp-content\/uploads\/2017\/06\/DSC_0012-1024x576.jpg\",\"keywords\":[\"critique litt\u00e9raire\",\"Incorruptibles\",\"Litt\u00e9rature\"],\"articleSection\":[\"Look on\"],\"inLanguage\":\"fr-FR\",\"potentialAction\":[{\"@type\":\"CommentAction\",\"name\":\"Comment\",\"target\":[\"https:\/\/www.saint-paul-angouleme.fr\/application\/des-classes-de-secondes-aux-incorruptibles\/#respond\"]}]},{\"@type\":\"WebPage\",\"@id\":\"https:\/\/www.saint-paul-angouleme.fr\/application\/des-classes-de-secondes-aux-incorruptibles\/\",\"url\":\"https:\/\/www.saint-paul-angouleme.fr\/application\/des-classes-de-secondes-aux-incorruptibles\/\",\"name\":\"Des classes de secondes aux INCORRUPTIBLES - Actualit\u00e9s\",\"isPartOf\":{\"@id\":\"https:\/\/www.saint-paul-angouleme.fr\/application\/#website\"},\"primaryImageOfPage\":{\"@id\":\"https:\/\/www.saint-paul-angouleme.fr\/application\/des-classes-de-secondes-aux-incorruptibles\/#primaryimage\"},\"image\":{\"@id\":\"https:\/\/www.saint-paul-angouleme.fr\/application\/des-classes-de-secondes-aux-incorruptibles\/#primaryimage\"},\"thumbnailUrl\":\"http:\/\/www.saint-paul-angouleme.fr\/application\/wp-content\/uploads\/2017\/06\/DSC_0012-1024x576.jpg\",\"datePublished\":\"2017-06-20T15:59:36+00:00\",\"dateModified\":\"2017-06-20T16:50:50+00:00\",\"breadcrumb\":{\"@id\":\"https:\/\/www.saint-paul-angouleme.fr\/application\/des-classes-de-secondes-aux-incorruptibles\/#breadcrumb\"},\"inLanguage\":\"fr-FR\",\"potentialAction\":[{\"@type\":\"ReadAction\",\"target\":[\"https:\/\/www.saint-paul-angouleme.fr\/application\/des-classes-de-secondes-aux-incorruptibles\/\"]}]},{\"@type\":\"ImageObject\",\"inLanguage\":\"fr-FR\",\"@id\":\"https:\/\/www.saint-paul-angouleme.fr\/application\/des-classes-de-secondes-aux-incorruptibles\/#primaryimage\",\"url\":\"https:\/\/www.saint-paul-angouleme.fr\/application\/wp-content\/uploads\/2017\/06\/DSC_0012.jpg\",\"contentUrl\":\"https:\/\/www.saint-paul-angouleme.fr\/application\/wp-content\/uploads\/2017\/06\/DSC_0012.jpg\",\"width\":3840,\"height\":2160},{\"@type\":\"BreadcrumbList\",\"@id\":\"https:\/\/www.saint-paul-angouleme.fr\/application\/des-classes-de-secondes-aux-incorruptibles\/#breadcrumb\",\"itemListElement\":[{\"@type\":\"ListItem\",\"position\":1,\"name\":\"Accueil\",\"item\":\"http:\/\/www.saint-paul-angouleme.fr\/application\/\"},{\"@type\":\"ListItem\",\"position\":2,\"name\":\"Des classes de secondes aux INCORRUPTIBLES\"}]},{\"@type\":\"WebSite\",\"@id\":\"https:\/\/www.saint-paul-angouleme.fr\/application\/#website\",\"url\":\"https:\/\/www.saint-paul-angouleme.fr\/application\/\",\"name\":\"Actualit\u00e9s\",\"description\":\"Actualit\u00e9s Saint Paul\",\"publisher\":{\"@id\":\"https:\/\/www.saint-paul-angouleme.fr\/application\/#organization\"},\"potentialAction\":[{\"@type\":\"SearchAction\",\"target\":{\"@type\":\"EntryPoint\",\"urlTemplate\":\"https:\/\/www.saint-paul-angouleme.fr\/application\/?s={search_term_string}\"},\"query-input\":\"required name=search_term_string\"}],\"inLanguage\":\"fr-FR\"},{\"@type\":\"Organization\",\"@id\":\"https:\/\/www.saint-paul-angouleme.fr\/application\/#organization\",\"name\":\"Ensemble scolaire Saint-Paul\",\"url\":\"https:\/\/www.saint-paul-angouleme.fr\/application\/\",\"logo\":{\"@type\":\"ImageObject\",\"inLanguage\":\"fr-FR\",\"@id\":\"https:\/\/www.saint-paul-angouleme.fr\/application\/#\/schema\/logo\/image\/\",\"url\":\"https:\/\/www.saint-paul-angouleme.fr\/application\/wp-content\/uploads\/2018\/08\/logo-saint-paul-couleurs.jpg\",\"contentUrl\":\"https:\/\/www.saint-paul-angouleme.fr\/application\/wp-content\/uploads\/2018\/08\/logo-saint-paul-couleurs.jpg\",\"width\":1890,\"height\":709,\"caption\":\"Ensemble scolaire Saint-Paul\"},\"image\":{\"@id\":\"https:\/\/www.saint-paul-angouleme.fr\/application\/#\/schema\/logo\/image\/\"},\"sameAs\":[\"https:\/\/www.facebook.com\/SaintPaulAngouleme16\/\",\"https:\/\/x.com\/StPaulAngoulem\",\"https:\/\/www.youtube.com\/channel\/UCRLpz1CmPVqc0gn--YyXvjA?view_as=subscriber\"]},{\"@type\":\"Person\",\"@id\":\"https:\/\/www.saint-paul-angouleme.fr\/application\/#\/schema\/person\/ea152930b1a3823659065827b1a5fb9b\",\"name\":\"SAINT-PAUL\",\"image\":{\"@type\":\"ImageObject\",\"inLanguage\":\"fr-FR\",\"@id\":\"https:\/\/www.saint-paul-angouleme.fr\/application\/#\/schema\/person\/image\/\",\"url\":\"https:\/\/secure.gravatar.com\/avatar\/eadb0ffebc02683a61d69038eb2924f0?s=96&r=g\",\"contentUrl\":\"https:\/\/secure.gravatar.com\/avatar\/eadb0ffebc02683a61d69038eb2924f0?s=96&r=g\",\"caption\":\"SAINT-PAUL\"},\"url\":\"https:\/\/www.saint-paul-angouleme.fr\/application\/author\/myriam\/\"}]}<\/script>\n<!-- \/ Yoast SEO plugin. -->","yoast_head_json":{"title":"Des classes de secondes aux INCORRUPTIBLES - Actualit\u00e9s","robots":{"index":"index","follow":"follow","max-snippet":"max-snippet:-1","max-image-preview":"max-image-preview:large","max-video-preview":"max-video-preview:-1"},"canonical":"https:\/\/www.saint-paul-angouleme.fr\/application\/des-classes-de-secondes-aux-incorruptibles\/","og_locale":"fr_FR","og_type":"article","og_title":"Des classes de secondes aux INCORRUPTIBLES - Actualit\u00e9s","og_description":"\u00ab Si un enfant apprend tr\u00e8s jeune \u00e0 aimer les livres, il aura un immense avantage dans la vie. \u00bb Roald Dahl Petite pr\u00e9sentation du concours \u00ab\u00a0Les incorruptibles\u00a0\u00bb\u00a0: L&#8217;association des Incorruptibles (loi 1901) a \u00e9t\u00e9 cr\u00e9\u00e9e en 1988 avec la collaboration de Fran\u00e7oise Xenakis, aujourd\u2019hui pr\u00e9sidente d\u2019honneur. Elle est agr\u00e9\u00e9e par l\u2019\u00c9ducation nationale en tant ... Lire la suite","og_url":"https:\/\/www.saint-paul-angouleme.fr\/application\/des-classes-de-secondes-aux-incorruptibles\/","og_site_name":"Actualit\u00e9s","article_publisher":"https:\/\/www.facebook.com\/SaintPaulAngouleme16\/","article_published_time":"2017-06-20T15:59:36+00:00","article_modified_time":"2017-06-20T16:50:50+00:00","og_image":[{"url":"http:\/\/www.saint-paul-angouleme.fr\/application\/wp-content\/uploads\/2017\/06\/DSC_0012-1024x576.jpg"}],"author":"SAINT-PAUL","twitter_card":"summary_large_image","twitter_creator":"@StPaulAngoulem","twitter_site":"@StPaulAngoulem","twitter_misc":{"\u00c9crit par":"SAINT-PAUL","Dur\u00e9e de lecture estim\u00e9e":"4 minutes"},"schema":{"@context":"https:\/\/schema.org","@graph":[{"@type":"Article","@id":"https:\/\/www.saint-paul-angouleme.fr\/application\/des-classes-de-secondes-aux-incorruptibles\/#article","isPartOf":{"@id":"https:\/\/www.saint-paul-angouleme.fr\/application\/des-classes-de-secondes-aux-incorruptibles\/"},"author":{"name":"SAINT-PAUL","@id":"https:\/\/www.saint-paul-angouleme.fr\/application\/#\/schema\/person\/ea152930b1a3823659065827b1a5fb9b"},"headline":"Des classes de secondes aux INCORRUPTIBLES","datePublished":"2017-06-20T15:59:36+00:00","dateModified":"2017-06-20T16:50:50+00:00","mainEntityOfPage":{"@id":"https:\/\/www.saint-paul-angouleme.fr\/application\/des-classes-de-secondes-aux-incorruptibles\/"},"wordCount":916,"commentCount":0,"publisher":{"@id":"https:\/\/www.saint-paul-angouleme.fr\/application\/#organization"},"image":{"@id":"https:\/\/www.saint-paul-angouleme.fr\/application\/des-classes-de-secondes-aux-incorruptibles\/#primaryimage"},"thumbnailUrl":"http:\/\/www.saint-paul-angouleme.fr\/application\/wp-content\/uploads\/2017\/06\/DSC_0012-1024x576.jpg","keywords":["critique litt\u00e9raire","Incorruptibles","Litt\u00e9rature"],"articleSection":["Look on"],"inLanguage":"fr-FR","potentialAction":[{"@type":"CommentAction","name":"Comment","target":["https:\/\/www.saint-paul-angouleme.fr\/application\/des-classes-de-secondes-aux-incorruptibles\/#respond"]}]},{"@type":"WebPage","@id":"https:\/\/www.saint-paul-angouleme.fr\/application\/des-classes-de-secondes-aux-incorruptibles\/","url":"https:\/\/www.saint-paul-angouleme.fr\/application\/des-classes-de-secondes-aux-incorruptibles\/","name":"Des classes de secondes aux INCORRUPTIBLES - Actualit\u00e9s","isPartOf":{"@id":"https:\/\/www.saint-paul-angouleme.fr\/application\/#website"},"primaryImageOfPage":{"@id":"https:\/\/www.saint-paul-angouleme.fr\/application\/des-classes-de-secondes-aux-incorruptibles\/#primaryimage"},"image":{"@id":"https:\/\/www.saint-paul-angouleme.fr\/application\/des-classes-de-secondes-aux-incorruptibles\/#primaryimage"},"thumbnailUrl":"http:\/\/www.saint-paul-angouleme.fr\/application\/wp-content\/uploads\/2017\/06\/DSC_0012-1024x576.jpg","datePublished":"2017-06-20T15:59:36+00:00","dateModified":"2017-06-20T16:50:50+00:00","breadcrumb":{"@id":"https:\/\/www.saint-paul-angouleme.fr\/application\/des-classes-de-secondes-aux-incorruptibles\/#breadcrumb"},"inLanguage":"fr-FR","potentialAction":[{"@type":"ReadAction","target":["https:\/\/www.saint-paul-angouleme.fr\/application\/des-classes-de-secondes-aux-incorruptibles\/"]}]},{"@type":"ImageObject","inLanguage":"fr-FR","@id":"https:\/\/www.saint-paul-angouleme.fr\/application\/des-classes-de-secondes-aux-incorruptibles\/#primaryimage","url":"https:\/\/www.saint-paul-angouleme.fr\/application\/wp-content\/uploads\/2017\/06\/DSC_0012.jpg","contentUrl":"https:\/\/www.saint-paul-angouleme.fr\/application\/wp-content\/uploads\/2017\/06\/DSC_0012.jpg","width":3840,"height":2160},{"@type":"BreadcrumbList","@id":"https:\/\/www.saint-paul-angouleme.fr\/application\/des-classes-de-secondes-aux-incorruptibles\/#breadcrumb","itemListElement":[{"@type":"ListItem","position":1,"name":"Accueil","item":"http:\/\/www.saint-paul-angouleme.fr\/application\/"},{"@type":"ListItem","position":2,"name":"Des classes de secondes aux INCORRUPTIBLES"}]},{"@type":"WebSite","@id":"https:\/\/www.saint-paul-angouleme.fr\/application\/#website","url":"https:\/\/www.saint-paul-angouleme.fr\/application\/","name":"Actualit\u00e9s","description":"Actualit\u00e9s Saint Paul","publisher":{"@id":"https:\/\/www.saint-paul-angouleme.fr\/application\/#organization"},"potentialAction":[{"@type":"SearchAction","target":{"@type":"EntryPoint","urlTemplate":"https:\/\/www.saint-paul-angouleme.fr\/application\/?s={search_term_string}"},"query-input":"required name=search_term_string"}],"inLanguage":"fr-FR"},{"@type":"Organization","@id":"https:\/\/www.saint-paul-angouleme.fr\/application\/#organization","name":"Ensemble scolaire Saint-Paul","url":"https:\/\/www.saint-paul-angouleme.fr\/application\/","logo":{"@type":"ImageObject","inLanguage":"fr-FR","@id":"https:\/\/www.saint-paul-angouleme.fr\/application\/#\/schema\/logo\/image\/","url":"https:\/\/www.saint-paul-angouleme.fr\/application\/wp-content\/uploads\/2018\/08\/logo-saint-paul-couleurs.jpg","contentUrl":"https:\/\/www.saint-paul-angouleme.fr\/application\/wp-content\/uploads\/2018\/08\/logo-saint-paul-couleurs.jpg","width":1890,"height":709,"caption":"Ensemble scolaire Saint-Paul"},"image":{"@id":"https:\/\/www.saint-paul-angouleme.fr\/application\/#\/schema\/logo\/image\/"},"sameAs":["https:\/\/www.facebook.com\/SaintPaulAngouleme16\/","https:\/\/x.com\/StPaulAngoulem","https:\/\/www.youtube.com\/channel\/UCRLpz1CmPVqc0gn--YyXvjA?view_as=subscriber"]},{"@type":"Person","@id":"https:\/\/www.saint-paul-angouleme.fr\/application\/#\/schema\/person\/ea152930b1a3823659065827b1a5fb9b","name":"SAINT-PAUL","image":{"@type":"ImageObject","inLanguage":"fr-FR","@id":"https:\/\/www.saint-paul-angouleme.fr\/application\/#\/schema\/person\/image\/","url":"https:\/\/secure.gravatar.com\/avatar\/eadb0ffebc02683a61d69038eb2924f0?s=96&r=g","contentUrl":"https:\/\/secure.gravatar.com\/avatar\/eadb0ffebc02683a61d69038eb2924f0?s=96&r=g","caption":"SAINT-PAUL"},"url":"https:\/\/www.saint-paul-angouleme.fr\/application\/author\/myriam\/"}]}},"_links":{"self":[{"href":"https:\/\/www.saint-paul-angouleme.fr\/application\/wp-json\/wp\/v2\/posts\/1129"}],"collection":[{"href":"https:\/\/www.saint-paul-angouleme.fr\/application\/wp-json\/wp\/v2\/posts"}],"about":[{"href":"https:\/\/www.saint-paul-angouleme.fr\/application\/wp-json\/wp\/v2\/types\/post"}],"author":[{"embeddable":true,"href":"https:\/\/www.saint-paul-angouleme.fr\/application\/wp-json\/wp\/v2\/users\/3"}],"replies":[{"embeddable":true,"href":"https:\/\/www.saint-paul-angouleme.fr\/application\/wp-json\/wp\/v2\/comments?post=1129"}],"version-history":[{"count":11,"href":"https:\/\/www.saint-paul-angouleme.fr\/application\/wp-json\/wp\/v2\/posts\/1129\/revisions"}],"predecessor-version":[{"id":1158,"href":"https:\/\/www.saint-paul-angouleme.fr\/application\/wp-json\/wp\/v2\/posts\/1129\/revisions\/1158"}],"wp:attachment":[{"href":"https:\/\/www.saint-paul-angouleme.fr\/application\/wp-json\/wp\/v2\/media?parent=1129"}],"wp:term":[{"taxonomy":"category","embeddable":true,"href":"https:\/\/www.saint-paul-angouleme.fr\/application\/wp-json\/wp\/v2\/categories?post=1129"},{"taxonomy":"post_tag","embeddable":true,"href":"https:\/\/www.saint-paul-angouleme.fr\/application\/wp-json\/wp\/v2\/tags?post=1129"}],"curies":[{"name":"wp","href":"https:\/\/api.w.org\/{rel}","templated":true}]}}