{"id":11220,"date":"2024-09-05T09:23:00","date_gmt":"2024-09-05T07:23:00","guid":{"rendered":"https:\/\/www.saint-paul-angouleme.fr\/application\/?p=11220"},"modified":"2024-10-03T11:49:25","modified_gmt":"2024-10-03T09:49:25","slug":"une-rentree-sur-deux-jours-pour-mieux-accueillir-nos-eleves","status":"publish","type":"post","link":"https:\/\/www.saint-paul-angouleme.fr\/application\/une-rentree-sur-deux-jours-pour-mieux-accueillir-nos-eleves\/","title":{"rendered":"Une rentr\u00e9e sur deux jours pour mieux accueillir nos \u00e9l\u00e8ves"},"content":{"rendered":"\n<figure class=\"wp-block-image size-large\"><img loading=\"lazy\" decoding=\"async\" width=\"1024\" height=\"757\" src=\"https:\/\/www.saint-paul-angouleme.fr\/application\/wp-content\/uploads\/2024\/09\/Rentree_6eme_24-1-1024x757.jpg\" alt=\"Accueil pour la rentr\u00e9e des 6\u00e8me par Mme EPAUD\" class=\"wp-image-11221\" srcset=\"https:\/\/www.saint-paul-angouleme.fr\/application\/wp-content\/uploads\/2024\/09\/Rentree_6eme_24-1-1024x757.jpg 1024w, https:\/\/www.saint-paul-angouleme.fr\/application\/wp-content\/uploads\/2024\/09\/Rentree_6eme_24-1-300x222.jpg 300w, https:\/\/www.saint-paul-angouleme.fr\/application\/wp-content\/uploads\/2024\/09\/Rentree_6eme_24-1-768x568.jpg 768w, https:\/\/www.saint-paul-angouleme.fr\/application\/wp-content\/uploads\/2024\/09\/Rentree_6eme_24-1.jpg 1410w\" sizes=\"(max-width: 1024px) 100vw, 1024px\" \/><\/figure>\n\n\n\n<p><\/p>\n\n\n\n<h3 class=\"wp-block-heading\">Rentr\u00e9e 2024\/2025 : Une journ\u00e9e r\u00e9serv\u00e9e aux 6\u00e8me<\/h3>\n\n\n\n<p>Ce lundi 2 septembre la rentr\u00e9e sonne la fin des vacances pour nos \u00e9l\u00e8ves de 6<sup>\u00e8me<\/sup>. Tous sont venus en famille pour ce jour important : passer de l&#8217;\u00e9cole au coll\u00e8ge. Ils viennent de l&#8217;\u00e9cole Saint-Paul, de <a href=\"https:\/\/enfantjesusangouleme.toutemonecole.fr\/\">l&#8217;Enfant-J\u00e9sus<\/a>, de <a href=\"https:\/\/www.notredamelacouronne.fr\/news\/\">Notre-Dame<\/a> et bien d&#8217;autres \u00e9tablissements priv\u00e9s ou publics. Certains ont pu faire une <a href=\"https:\/\/www.saint-paul-angouleme.fr\/application\/des-cm2-enthousiastes-pour-leur-immersion-a-saint-paul\/\">immersion<\/a> en juin et ont d\u00e9j\u00e0 quelques rep\u00e8res d&#8217;autres d\u00e9couvrent totalement. Tous viennent en famille pour ce grand jour. Pour l&#8217;occasion le Coll\u00e8ge-Lyc\u00e9e est &#8220;privatis\u00e9&#8221; pour eux. <\/p>\n\n\n\n<p>Dans un premier temps, Mme EPAUD, cheffe d&#8217;\u00e9tablissement, accueille parents et \u00e9l\u00e8ves. Ensuite chacun(e) est appel\u00e9(e) classe apr\u00e8s classe. La mont\u00e9e des marches est plus ou moins dynamique en fonction de l&#8217;\u00e9tat d&#8217;esprit. Au fur et \u00e0 mesure les classes se constituent, premi\u00e8re photo et prise en charge jusqu&#8217;\u00e0 l&#8217;heure du d\u00e9jeuner.<\/p>\n\n\n\n<p>Pour certains il y a en effet une petite appr\u00e9hension. Cependant, leurs Professeurs Responsables de Classe (PRC) ont toute la matin\u00e9e pour expliquer et rassurer ces nouveaux coll\u00e9giens. Le jeu d&#8217;orientation de l&#8217;apr\u00e8s-midi montre de fait que le moral est au beau fixe.<\/p>\n\n\n\n<p><\/p>\n\n\n\n<figure class=\"wp-block-gallery has-nested-images columns-default is-cropped wp-block-gallery-1 is-layout-flex wp-block-gallery-is-layout-flex\">\n<figure class=\"wp-block-image size-large\"><img loading=\"lazy\" decoding=\"async\" width=\"577\" height=\"1024\" data-id=\"11229\" src=\"https:\/\/www.saint-paul-angouleme.fr\/application\/wp-content\/uploads\/2024\/09\/Rentree_6eme_24-4-1-577x1024.jpg\" alt=\"\" class=\"wp-image-11229\" srcset=\"https:\/\/www.saint-paul-angouleme.fr\/application\/wp-content\/uploads\/2024\/09\/Rentree_6eme_24-4-1-577x1024.jpg 577w, https:\/\/www.saint-paul-angouleme.fr\/application\/wp-content\/uploads\/2024\/09\/Rentree_6eme_24-4-1-169x300.jpg 169w, https:\/\/www.saint-paul-angouleme.fr\/application\/wp-content\/uploads\/2024\/09\/Rentree_6eme_24-4-1-768x1364.jpg 768w, https:\/\/www.saint-paul-angouleme.fr\/application\/wp-content\/uploads\/2024\/09\/Rentree_6eme_24-4-1.jpg 794w\" sizes=\"(max-width: 577px) 100vw, 577px\" \/><\/figure>\n\n\n\n<figure class=\"wp-block-image size-large\"><img loading=\"lazy\" decoding=\"async\" width=\"577\" height=\"1024\" data-id=\"11230\" src=\"https:\/\/www.saint-paul-angouleme.fr\/application\/wp-content\/uploads\/2024\/09\/Rentree_6eme_24-5-1-577x1024.jpg\" alt=\"\" class=\"wp-image-11230\" srcset=\"https:\/\/www.saint-paul-angouleme.fr\/application\/wp-content\/uploads\/2024\/09\/Rentree_6eme_24-5-1-577x1024.jpg 577w, https:\/\/www.saint-paul-angouleme.fr\/application\/wp-content\/uploads\/2024\/09\/Rentree_6eme_24-5-1-169x300.jpg 169w, https:\/\/www.saint-paul-angouleme.fr\/application\/wp-content\/uploads\/2024\/09\/Rentree_6eme_24-5-1-768x1364.jpg 768w, https:\/\/www.saint-paul-angouleme.fr\/application\/wp-content\/uploads\/2024\/09\/Rentree_6eme_24-5-1.jpg 794w\" sizes=\"(max-width: 577px) 100vw, 577px\" \/><\/figure>\n\n\n\n<figure class=\"wp-block-image size-large\"><img loading=\"lazy\" decoding=\"async\" width=\"577\" height=\"1024\" data-id=\"11231\" src=\"https:\/\/www.saint-paul-angouleme.fr\/application\/wp-content\/uploads\/2024\/09\/Rentree_6eme_24-6-577x1024.jpg\" alt=\"\" class=\"wp-image-11231\" srcset=\"https:\/\/www.saint-paul-angouleme.fr\/application\/wp-content\/uploads\/2024\/09\/Rentree_6eme_24-6-577x1024.jpg 577w, https:\/\/www.saint-paul-angouleme.fr\/application\/wp-content\/uploads\/2024\/09\/Rentree_6eme_24-6-169x300.jpg 169w, https:\/\/www.saint-paul-angouleme.fr\/application\/wp-content\/uploads\/2024\/09\/Rentree_6eme_24-6-768x1364.jpg 768w, https:\/\/www.saint-paul-angouleme.fr\/application\/wp-content\/uploads\/2024\/09\/Rentree_6eme_24-6.jpg 794w\" sizes=\"(max-width: 577px) 100vw, 577px\" \/><\/figure>\n<\/figure>\n\n\n\n<figure class=\"wp-block-gallery has-nested-images columns-default is-cropped wp-block-gallery-2 is-layout-flex wp-block-gallery-is-layout-flex\">\n<figure class=\"wp-block-image size-large\"><img loading=\"lazy\" decoding=\"async\" width=\"577\" height=\"1024\" data-id=\"11232\" src=\"https:\/\/www.saint-paul-angouleme.fr\/application\/wp-content\/uploads\/2024\/09\/Rentree_6eme_24-7-577x1024.jpg\" alt=\"\" class=\"wp-image-11232\" srcset=\"https:\/\/www.saint-paul-angouleme.fr\/application\/wp-content\/uploads\/2024\/09\/Rentree_6eme_24-7-577x1024.jpg 577w, https:\/\/www.saint-paul-angouleme.fr\/application\/wp-content\/uploads\/2024\/09\/Rentree_6eme_24-7-169x300.jpg 169w, https:\/\/www.saint-paul-angouleme.fr\/application\/wp-content\/uploads\/2024\/09\/Rentree_6eme_24-7-768x1364.jpg 768w, https:\/\/www.saint-paul-angouleme.fr\/application\/wp-content\/uploads\/2024\/09\/Rentree_6eme_24-7.jpg 794w\" sizes=\"(max-width: 577px) 100vw, 577px\" \/><\/figure>\n\n\n\n<figure class=\"wp-block-image size-large\"><img loading=\"lazy\" decoding=\"async\" width=\"577\" height=\"1024\" data-id=\"11233\" src=\"https:\/\/www.saint-paul-angouleme.fr\/application\/wp-content\/uploads\/2024\/09\/Rentree_6eme_24-8-577x1024.jpg\" alt=\"Rentr\u00e9e des 606\" class=\"wp-image-11233\" srcset=\"https:\/\/www.saint-paul-angouleme.fr\/application\/wp-content\/uploads\/2024\/09\/Rentree_6eme_24-8-577x1024.jpg 577w, https:\/\/www.saint-paul-angouleme.fr\/application\/wp-content\/uploads\/2024\/09\/Rentree_6eme_24-8-169x300.jpg 169w, https:\/\/www.saint-paul-angouleme.fr\/application\/wp-content\/uploads\/2024\/09\/Rentree_6eme_24-8-768x1364.jpg 768w, https:\/\/www.saint-paul-angouleme.fr\/application\/wp-content\/uploads\/2024\/09\/Rentree_6eme_24-8.jpg 794w\" sizes=\"(max-width: 577px) 100vw, 577px\" \/><\/figure>\n\n\n\n<figure class=\"wp-block-image size-large\"><img loading=\"lazy\" decoding=\"async\" width=\"577\" height=\"1024\" data-id=\"11234\" src=\"https:\/\/www.saint-paul-angouleme.fr\/application\/wp-content\/uploads\/2024\/09\/Rentree_6eme_24-9-577x1024.jpg\" alt=\"\" class=\"wp-image-11234\" srcset=\"https:\/\/www.saint-paul-angouleme.fr\/application\/wp-content\/uploads\/2024\/09\/Rentree_6eme_24-9-577x1024.jpg 577w, https:\/\/www.saint-paul-angouleme.fr\/application\/wp-content\/uploads\/2024\/09\/Rentree_6eme_24-9-169x300.jpg 169w, https:\/\/www.saint-paul-angouleme.fr\/application\/wp-content\/uploads\/2024\/09\/Rentree_6eme_24-9-768x1364.jpg 768w, https:\/\/www.saint-paul-angouleme.fr\/application\/wp-content\/uploads\/2024\/09\/Rentree_6eme_24-9.jpg 794w\" sizes=\"(max-width: 577px) 100vw, 577px\" \/><\/figure>\n\n\n\n<figure class=\"wp-block-image size-large\"><img loading=\"lazy\" decoding=\"async\" width=\"586\" height=\"1024\" data-id=\"11236\" src=\"https:\/\/www.saint-paul-angouleme.fr\/application\/wp-content\/uploads\/2024\/09\/Rentree_6eme_24-11-586x1024.jpg\" alt=\"Rentr\u00e9e des 604\" class=\"wp-image-11236\" srcset=\"https:\/\/www.saint-paul-angouleme.fr\/application\/wp-content\/uploads\/2024\/09\/Rentree_6eme_24-11-586x1024.jpg 586w, https:\/\/www.saint-paul-angouleme.fr\/application\/wp-content\/uploads\/2024\/09\/Rentree_6eme_24-11-172x300.jpg 172w, https:\/\/www.saint-paul-angouleme.fr\/application\/wp-content\/uploads\/2024\/09\/Rentree_6eme_24-11-768x1342.jpg 768w, https:\/\/www.saint-paul-angouleme.fr\/application\/wp-content\/uploads\/2024\/09\/Rentree_6eme_24-11.jpg 807w\" sizes=\"(max-width: 586px) 100vw, 586px\" \/><\/figure>\n<\/figure>\n\n\n\n<figure class=\"wp-block-gallery has-nested-images columns-default is-cropped wp-block-gallery-3 is-layout-flex wp-block-gallery-is-layout-flex\">\n<figure class=\"wp-block-image size-large\"><img loading=\"lazy\" decoding=\"async\" width=\"577\" height=\"1024\" data-id=\"11237\" src=\"https:\/\/www.saint-paul-angouleme.fr\/application\/wp-content\/uploads\/2024\/09\/Rentree_6eme_24-12-577x1024.jpg\" alt=\"Rentr\u00e9e des 603\" class=\"wp-image-11237\" srcset=\"https:\/\/www.saint-paul-angouleme.fr\/application\/wp-content\/uploads\/2024\/09\/Rentree_6eme_24-12-577x1024.jpg 577w, https:\/\/www.saint-paul-angouleme.fr\/application\/wp-content\/uploads\/2024\/09\/Rentree_6eme_24-12-169x300.jpg 169w, https:\/\/www.saint-paul-angouleme.fr\/application\/wp-content\/uploads\/2024\/09\/Rentree_6eme_24-12-768x1364.jpg 768w, https:\/\/www.saint-paul-angouleme.fr\/application\/wp-content\/uploads\/2024\/09\/Rentree_6eme_24-12.jpg 794w\" sizes=\"(max-width: 577px) 100vw, 577px\" \/><\/figure>\n\n\n\n<figure class=\"wp-block-image size-large\"><img loading=\"lazy\" decoding=\"async\" width=\"577\" height=\"1024\" data-id=\"11238\" src=\"https:\/\/www.saint-paul-angouleme.fr\/application\/wp-content\/uploads\/2024\/09\/Rentree_6eme_24-13-577x1024.jpg\" alt=\"Rentr\u00e9e des 602\" class=\"wp-image-11238\" srcset=\"https:\/\/www.saint-paul-angouleme.fr\/application\/wp-content\/uploads\/2024\/09\/Rentree_6eme_24-13-577x1024.jpg 577w, https:\/\/www.saint-paul-angouleme.fr\/application\/wp-content\/uploads\/2024\/09\/Rentree_6eme_24-13-169x300.jpg 169w, https:\/\/www.saint-paul-angouleme.fr\/application\/wp-content\/uploads\/2024\/09\/Rentree_6eme_24-13-768x1364.jpg 768w, https:\/\/www.saint-paul-angouleme.fr\/application\/wp-content\/uploads\/2024\/09\/Rentree_6eme_24-13.jpg 794w\" sizes=\"(max-width: 577px) 100vw, 577px\" \/><\/figure>\n\n\n\n<figure class=\"wp-block-image size-large\"><img loading=\"lazy\" decoding=\"async\" width=\"577\" height=\"1024\" data-id=\"11239\" src=\"https:\/\/www.saint-paul-angouleme.fr\/application\/wp-content\/uploads\/2024\/09\/Rentree_6eme_24-14-577x1024.jpg\" alt=\"Rentr\u00e9e des 601\" class=\"wp-image-11239\" srcset=\"https:\/\/www.saint-paul-angouleme.fr\/application\/wp-content\/uploads\/2024\/09\/Rentree_6eme_24-14-577x1024.jpg 577w, https:\/\/www.saint-paul-angouleme.fr\/application\/wp-content\/uploads\/2024\/09\/Rentree_6eme_24-14-169x300.jpg 169w, https:\/\/www.saint-paul-angouleme.fr\/application\/wp-content\/uploads\/2024\/09\/Rentree_6eme_24-14-768x1364.jpg 768w, https:\/\/www.saint-paul-angouleme.fr\/application\/wp-content\/uploads\/2024\/09\/Rentree_6eme_24-14.jpg 794w\" sizes=\"(max-width: 577px) 100vw, 577px\" \/><\/figure>\n<\/figure>\n\n\n\n<p><\/p>\n\n\n\n<h3 class=\"wp-block-heading\">Accueil sp\u00e9cial secondes<\/h3>\n\n\n\n<p>Le lendemain apr\u00e8s-midi, \u00e0 14h00, les \u00e9l\u00e8ves de seconde font leur rentr\u00e9e. Pas de parent pour les accompagner, c&#8217;est en petits groupes de copains, qu&#8217;ils attendent sur la cour. Apr\u00e8s quelques mots d&#8217;accueil, les classes se constituent petit \u00e0 petit. On assiste \u00e0 des manifestations de joie et de complicit\u00e9 lorsque le(s) copain(s) sont dans la m\u00eame classe. Les PRC prennent alors en charge leur classe jusqu&#8217;\u00e0 17h00. L&#8217;emploi du temps entrera en vigueur d\u00e8s le lendemain.<\/p>\n\n\n\n<p><\/p>\n\n\n\n<figure class=\"wp-block-image size-large\"><img loading=\"lazy\" decoding=\"async\" width=\"1024\" height=\"577\" src=\"https:\/\/www.saint-paul-angouleme.fr\/application\/wp-content\/uploads\/2024\/09\/Rentree_2DES_24-1-1-1024x577.jpg\" alt=\"Rentr\u00e9e des secondes\" class=\"wp-image-11250\" srcset=\"https:\/\/www.saint-paul-angouleme.fr\/application\/wp-content\/uploads\/2024\/09\/Rentree_2DES_24-1-1-1024x577.jpg 1024w, https:\/\/www.saint-paul-angouleme.fr\/application\/wp-content\/uploads\/2024\/09\/Rentree_2DES_24-1-1-300x169.jpg 300w, https:\/\/www.saint-paul-angouleme.fr\/application\/wp-content\/uploads\/2024\/09\/Rentree_2DES_24-1-1-768x432.jpg 768w, https:\/\/www.saint-paul-angouleme.fr\/application\/wp-content\/uploads\/2024\/09\/Rentree_2DES_24-1-1.jpg 1410w\" sizes=\"(max-width: 1024px) 100vw, 1024px\" \/><\/figure>\n\n\n\n<p><\/p>\n\n\n\n<figure class=\"wp-block-gallery has-nested-images columns-default is-cropped wp-block-gallery-4 is-layout-flex wp-block-gallery-is-layout-flex\">\n<figure class=\"wp-block-image size-large\"><img loading=\"lazy\" decoding=\"async\" width=\"633\" height=\"1024\" data-id=\"11244\" src=\"https:\/\/www.saint-paul-angouleme.fr\/application\/wp-content\/uploads\/2024\/09\/Rentree_2DES_24-3-633x1024.jpg\" alt=\"Les 201\" class=\"wp-image-11244\" srcset=\"https:\/\/www.saint-paul-angouleme.fr\/application\/wp-content\/uploads\/2024\/09\/Rentree_2DES_24-3-633x1024.jpg 633w, https:\/\/www.saint-paul-angouleme.fr\/application\/wp-content\/uploads\/2024\/09\/Rentree_2DES_24-3-186x300.jpg 186w, https:\/\/www.saint-paul-angouleme.fr\/application\/wp-content\/uploads\/2024\/09\/Rentree_2DES_24-3-768x1242.jpg 768w, https:\/\/www.saint-paul-angouleme.fr\/application\/wp-content\/uploads\/2024\/09\/Rentree_2DES_24-3.jpg 872w\" sizes=\"(max-width: 633px) 100vw, 633px\" \/><\/figure>\n\n\n\n<figure class=\"wp-block-image size-large\"><img loading=\"lazy\" decoding=\"async\" width=\"595\" height=\"1024\" data-id=\"11245\" src=\"https:\/\/www.saint-paul-angouleme.fr\/application\/wp-content\/uploads\/2024\/09\/Rentree_2DES_24-4-595x1024.jpg\" alt=\"Les 202\" class=\"wp-image-11245\" srcset=\"https:\/\/www.saint-paul-angouleme.fr\/application\/wp-content\/uploads\/2024\/09\/Rentree_2DES_24-4-595x1024.jpg 595w, https:\/\/www.saint-paul-angouleme.fr\/application\/wp-content\/uploads\/2024\/09\/Rentree_2DES_24-4-174x300.jpg 174w, https:\/\/www.saint-paul-angouleme.fr\/application\/wp-content\/uploads\/2024\/09\/Rentree_2DES_24-4-768x1322.jpg 768w, https:\/\/www.saint-paul-angouleme.fr\/application\/wp-content\/uploads\/2024\/09\/Rentree_2DES_24-4.jpg 819w\" sizes=\"(max-width: 595px) 100vw, 595px\" \/><\/figure>\n\n\n\n<figure class=\"wp-block-image size-large\"><img loading=\"lazy\" decoding=\"async\" width=\"577\" height=\"1024\" data-id=\"11246\" src=\"https:\/\/www.saint-paul-angouleme.fr\/application\/wp-content\/uploads\/2024\/09\/Rentree_2DES_24-7-577x1024.jpg\" alt=\"Les 203\" class=\"wp-image-11246\" srcset=\"https:\/\/www.saint-paul-angouleme.fr\/application\/wp-content\/uploads\/2024\/09\/Rentree_2DES_24-7-577x1024.jpg 577w, https:\/\/www.saint-paul-angouleme.fr\/application\/wp-content\/uploads\/2024\/09\/Rentree_2DES_24-7-169x300.jpg 169w, https:\/\/www.saint-paul-angouleme.fr\/application\/wp-content\/uploads\/2024\/09\/Rentree_2DES_24-7-768x1364.jpg 768w, https:\/\/www.saint-paul-angouleme.fr\/application\/wp-content\/uploads\/2024\/09\/Rentree_2DES_24-7.jpg 794w\" sizes=\"(max-width: 577px) 100vw, 577px\" \/><\/figure>\n\n\n\n<figure class=\"wp-block-image size-large\"><img loading=\"lazy\" decoding=\"async\" width=\"650\" height=\"1024\" data-id=\"11247\" src=\"https:\/\/www.saint-paul-angouleme.fr\/application\/wp-content\/uploads\/2024\/09\/Rentree_2DES_24-8-650x1024.jpg\" alt=\"Les 204\" class=\"wp-image-11247\" srcset=\"https:\/\/www.saint-paul-angouleme.fr\/application\/wp-content\/uploads\/2024\/09\/Rentree_2DES_24-8-650x1024.jpg 650w, https:\/\/www.saint-paul-angouleme.fr\/application\/wp-content\/uploads\/2024\/09\/Rentree_2DES_24-8-190x300.jpg 190w, https:\/\/www.saint-paul-angouleme.fr\/application\/wp-content\/uploads\/2024\/09\/Rentree_2DES_24-8-768x1210.jpg 768w, https:\/\/www.saint-paul-angouleme.fr\/application\/wp-content\/uploads\/2024\/09\/Rentree_2DES_24-8.jpg 895w\" sizes=\"(max-width: 650px) 100vw, 650px\" \/><\/figure>\n\n\n\n<figure class=\"wp-block-image size-large\"><img loading=\"lazy\" decoding=\"async\" width=\"577\" height=\"1024\" data-id=\"11248\" src=\"https:\/\/www.saint-paul-angouleme.fr\/application\/wp-content\/uploads\/2024\/09\/Rentree_2DES_24-9-577x1024.jpg\" alt=\"Les 206\" class=\"wp-image-11248\" srcset=\"https:\/\/www.saint-paul-angouleme.fr\/application\/wp-content\/uploads\/2024\/09\/Rentree_2DES_24-9-577x1024.jpg 577w, https:\/\/www.saint-paul-angouleme.fr\/application\/wp-content\/uploads\/2024\/09\/Rentree_2DES_24-9-169x300.jpg 169w, https:\/\/www.saint-paul-angouleme.fr\/application\/wp-content\/uploads\/2024\/09\/Rentree_2DES_24-9-768x1364.jpg 768w, https:\/\/www.saint-paul-angouleme.fr\/application\/wp-content\/uploads\/2024\/09\/Rentree_2DES_24-9.jpg 794w\" sizes=\"(max-width: 577px) 100vw, 577px\" \/><\/figure>\n\n\n\n<figure class=\"wp-block-image size-large\"><img loading=\"lazy\" decoding=\"async\" width=\"613\" height=\"1024\" data-id=\"11249\" src=\"https:\/\/www.saint-paul-angouleme.fr\/application\/wp-content\/uploads\/2024\/09\/Rentree_2DES_24-10-613x1024.jpg\" alt=\"Les 205\" class=\"wp-image-11249\" srcset=\"https:\/\/www.saint-paul-angouleme.fr\/application\/wp-content\/uploads\/2024\/09\/Rentree_2DES_24-10-613x1024.jpg 613w, https:\/\/www.saint-paul-angouleme.fr\/application\/wp-content\/uploads\/2024\/09\/Rentree_2DES_24-10-180x300.jpg 180w, https:\/\/www.saint-paul-angouleme.fr\/application\/wp-content\/uploads\/2024\/09\/Rentree_2DES_24-10-768x1283.jpg 768w, https:\/\/www.saint-paul-angouleme.fr\/application\/wp-content\/uploads\/2024\/09\/Rentree_2DES_24-10.jpg 844w\" sizes=\"(max-width: 613px) 100vw, 613px\" \/><\/figure>\n<\/figure>\n","protected":false},"excerpt":{"rendered":"<p>Rentr\u00e9e 2024\/2025 : Une journ\u00e9e r\u00e9serv\u00e9e aux 6\u00e8me Ce lundi 2 septembre la rentr\u00e9e sonne la fin des vacances pour nos \u00e9l\u00e8ves de 6\u00e8me. Tous sont venus en famille pour ce jour important : passer de l&#8217;\u00e9cole au coll\u00e8ge. Ils viennent de l&#8217;\u00e9cole Saint-Paul, de l&#8217;Enfant-J\u00e9sus, de Notre-Dame et bien d&#8217;autres \u00e9tablissements priv\u00e9s ou publics. &#8230; <a title=\"Une rentr\u00e9e sur deux jours pour mieux accueillir nos \u00e9l\u00e8ves\" class=\"read-more\" href=\"https:\/\/www.saint-paul-angouleme.fr\/application\/une-rentree-sur-deux-jours-pour-mieux-accueillir-nos-eleves\/\" aria-label=\"Read more about Une rentr\u00e9e sur deux jours pour mieux accueillir nos \u00e9l\u00e8ves\">Lire la suite<\/a><\/p>\n","protected":false},"author":3,"featured_media":11222,"comment_status":"open","ping_status":"open","sticky":false,"template":"","format":"standard","meta":{"_exactmetrics_skip_tracking":false,"_exactmetrics_sitenote_active":false,"_exactmetrics_sitenote_note":"","_exactmetrics_sitenote_category":0,"footnotes":""},"categories":[4,13],"tags":[879,20,881],"class_list":["post-11220","post","type-post","status-publish","format-standard","has-post-thumbnail","hentry","category-agenda","category-pedagogie","tag-accueil","tag-college-et-lycee-saint-paul-angouleme","tag-rentree"],"yoast_head":"<!-- This site is optimized with the Yoast SEO plugin v23.3 - https:\/\/yoast.com\/wordpress\/plugins\/seo\/ -->\n<title>Une rentr\u00e9e sur deux jours pour un accueil personnalis\u00e9<\/title>\n<meta name=\"description\" content=\"Cette ann\u00e9e encore la rentr\u00e9e scolaire se fait en deux temps. Le lundi est r\u00e9serv\u00e9 exclusivement aux 6\u00e8me et le mardi \u00e014h00 aux 2des.\" \/>\n<meta name=\"robots\" content=\"index, follow, max-snippet:-1, max-image-preview:large, max-video-preview:-1\" \/>\n<link rel=\"canonical\" href=\"https:\/\/www.saint-paul-angouleme.fr\/application\/une-rentree-sur-deux-jours-pour-mieux-accueillir-nos-eleves\/\" \/>\n<meta property=\"og:locale\" content=\"fr_FR\" \/>\n<meta property=\"og:type\" content=\"article\" \/>\n<meta property=\"og:title\" content=\"Une rentr\u00e9e sur deux jours pour un accueil personnalis\u00e9\" \/>\n<meta property=\"og:description\" content=\"Cette ann\u00e9e encore la rentr\u00e9e scolaire se fait en deux temps. Le lundi est r\u00e9serv\u00e9 exclusivement aux 6\u00e8me et le mardi \u00e014h00 aux 2des.\" \/>\n<meta property=\"og:url\" content=\"https:\/\/www.saint-paul-angouleme.fr\/application\/une-rentree-sur-deux-jours-pour-mieux-accueillir-nos-eleves\/\" \/>\n<meta property=\"og:site_name\" content=\"Actualit\u00e9s\" \/>\n<meta property=\"article:publisher\" content=\"https:\/\/www.facebook.com\/SaintPaulAngouleme16\/\" \/>\n<meta property=\"article:published_time\" content=\"2024-09-05T07:23:00+00:00\" \/>\n<meta property=\"article:modified_time\" content=\"2024-10-03T09:49:25+00:00\" \/>\n<meta property=\"og:image\" content=\"https:\/\/www.saint-paul-angouleme.fr\/application\/wp-content\/uploads\/2024\/09\/Rentree_6eme_24-3.jpg\" \/>\n\t<meta property=\"og:image:width\" content=\"1410\" \/>\n\t<meta property=\"og:image:height\" content=\"794\" \/>\n\t<meta property=\"og:image:type\" content=\"image\/jpeg\" \/>\n<meta name=\"author\" content=\"SAINT-PAUL\" \/>\n<meta name=\"twitter:card\" content=\"summary_large_image\" \/>\n<meta name=\"twitter:creator\" content=\"@StPaulAngoulem\" \/>\n<meta name=\"twitter:site\" content=\"@StPaulAngoulem\" \/>\n<meta name=\"twitter:label1\" content=\"\u00c9crit par\" \/>\n\t<meta name=\"twitter:data1\" content=\"SAINT-PAUL\" \/>\n\t<meta name=\"twitter:label2\" content=\"Dur\u00e9e de lecture estim\u00e9e\" \/>\n\t<meta name=\"twitter:data2\" content=\"6 minutes\" \/>\n<script type=\"application\/ld+json\" class=\"yoast-schema-graph\">{\"@context\":\"https:\/\/schema.org\",\"@graph\":[{\"@type\":\"Article\",\"@id\":\"https:\/\/www.saint-paul-angouleme.fr\/application\/une-rentree-sur-deux-jours-pour-mieux-accueillir-nos-eleves\/#article\",\"isPartOf\":{\"@id\":\"https:\/\/www.saint-paul-angouleme.fr\/application\/une-rentree-sur-deux-jours-pour-mieux-accueillir-nos-eleves\/\"},\"author\":{\"name\":\"SAINT-PAUL\",\"@id\":\"https:\/\/www.saint-paul-angouleme.fr\/application\/#\/schema\/person\/ea152930b1a3823659065827b1a5fb9b\"},\"headline\":\"Une rentr\u00e9e sur deux jours pour mieux accueillir nos \u00e9l\u00e8ves\",\"datePublished\":\"2024-09-05T07:23:00+00:00\",\"dateModified\":\"2024-10-03T09:49:25+00:00\",\"mainEntityOfPage\":{\"@id\":\"https:\/\/www.saint-paul-angouleme.fr\/application\/une-rentree-sur-deux-jours-pour-mieux-accueillir-nos-eleves\/\"},\"wordCount\":316,\"commentCount\":0,\"publisher\":{\"@id\":\"https:\/\/www.saint-paul-angouleme.fr\/application\/#organization\"},\"image\":{\"@id\":\"https:\/\/www.saint-paul-angouleme.fr\/application\/une-rentree-sur-deux-jours-pour-mieux-accueillir-nos-eleves\/#primaryimage\"},\"thumbnailUrl\":\"https:\/\/www.saint-paul-angouleme.fr\/application\/wp-content\/uploads\/2024\/09\/Rentree_6eme_24-3.jpg\",\"keywords\":[\"Accueil\",\"Coll\u00e8ge et Lyc\u00e9e Saint-Paul Angoul\u00eame\",\"Rentr\u00e9e\"],\"articleSection\":[\"Agenda\",\"P\u00e9dagogie\"],\"inLanguage\":\"fr-FR\",\"potentialAction\":[{\"@type\":\"CommentAction\",\"name\":\"Comment\",\"target\":[\"https:\/\/www.saint-paul-angouleme.fr\/application\/une-rentree-sur-deux-jours-pour-mieux-accueillir-nos-eleves\/#respond\"]}]},{\"@type\":\"WebPage\",\"@id\":\"https:\/\/www.saint-paul-angouleme.fr\/application\/une-rentree-sur-deux-jours-pour-mieux-accueillir-nos-eleves\/\",\"url\":\"https:\/\/www.saint-paul-angouleme.fr\/application\/une-rentree-sur-deux-jours-pour-mieux-accueillir-nos-eleves\/\",\"name\":\"Une rentr\u00e9e sur deux jours pour un accueil personnalis\u00e9\",\"isPartOf\":{\"@id\":\"https:\/\/www.saint-paul-angouleme.fr\/application\/#website\"},\"primaryImageOfPage\":{\"@id\":\"https:\/\/www.saint-paul-angouleme.fr\/application\/une-rentree-sur-deux-jours-pour-mieux-accueillir-nos-eleves\/#primaryimage\"},\"image\":{\"@id\":\"https:\/\/www.saint-paul-angouleme.fr\/application\/une-rentree-sur-deux-jours-pour-mieux-accueillir-nos-eleves\/#primaryimage\"},\"thumbnailUrl\":\"https:\/\/www.saint-paul-angouleme.fr\/application\/wp-content\/uploads\/2024\/09\/Rentree_6eme_24-3.jpg\",\"datePublished\":\"2024-09-05T07:23:00+00:00\",\"dateModified\":\"2024-10-03T09:49:25+00:00\",\"description\":\"Cette ann\u00e9e encore la rentr\u00e9e scolaire se fait en deux temps. Le lundi est r\u00e9serv\u00e9 exclusivement aux 6\u00e8me et le mardi \u00e014h00 aux 2des.\",\"breadcrumb\":{\"@id\":\"https:\/\/www.saint-paul-angouleme.fr\/application\/une-rentree-sur-deux-jours-pour-mieux-accueillir-nos-eleves\/#breadcrumb\"},\"inLanguage\":\"fr-FR\",\"potentialAction\":[{\"@type\":\"ReadAction\",\"target\":[\"https:\/\/www.saint-paul-angouleme.fr\/application\/une-rentree-sur-deux-jours-pour-mieux-accueillir-nos-eleves\/\"]}]},{\"@type\":\"ImageObject\",\"inLanguage\":\"fr-FR\",\"@id\":\"https:\/\/www.saint-paul-angouleme.fr\/application\/une-rentree-sur-deux-jours-pour-mieux-accueillir-nos-eleves\/#primaryimage\",\"url\":\"https:\/\/www.saint-paul-angouleme.fr\/application\/wp-content\/uploads\/2024\/09\/Rentree_6eme_24-3.jpg\",\"contentUrl\":\"https:\/\/www.saint-paul-angouleme.fr\/application\/wp-content\/uploads\/2024\/09\/Rentree_6eme_24-3.jpg\",\"width\":1410,\"height\":794},{\"@type\":\"BreadcrumbList\",\"@id\":\"https:\/\/www.saint-paul-angouleme.fr\/application\/une-rentree-sur-deux-jours-pour-mieux-accueillir-nos-eleves\/#breadcrumb\",\"itemListElement\":[{\"@type\":\"ListItem\",\"position\":1,\"name\":\"Accueil\",\"item\":\"http:\/\/www.saint-paul-angouleme.fr\/application\/\"},{\"@type\":\"ListItem\",\"position\":2,\"name\":\"Une rentr\u00e9e sur deux jours pour mieux accueillir nos \u00e9l\u00e8ves\"}]},{\"@type\":\"WebSite\",\"@id\":\"https:\/\/www.saint-paul-angouleme.fr\/application\/#website\",\"url\":\"https:\/\/www.saint-paul-angouleme.fr\/application\/\",\"name\":\"Actualit\u00e9s\",\"description\":\"Actualit\u00e9s Saint Paul\",\"publisher\":{\"@id\":\"https:\/\/www.saint-paul-angouleme.fr\/application\/#organization\"},\"potentialAction\":[{\"@type\":\"SearchAction\",\"target\":{\"@type\":\"EntryPoint\",\"urlTemplate\":\"https:\/\/www.saint-paul-angouleme.fr\/application\/?s={search_term_string}\"},\"query-input\":\"required name=search_term_string\"}],\"inLanguage\":\"fr-FR\"},{\"@type\":\"Organization\",\"@id\":\"https:\/\/www.saint-paul-angouleme.fr\/application\/#organization\",\"name\":\"Ensemble scolaire Saint-Paul\",\"url\":\"https:\/\/www.saint-paul-angouleme.fr\/application\/\",\"logo\":{\"@type\":\"ImageObject\",\"inLanguage\":\"fr-FR\",\"@id\":\"https:\/\/www.saint-paul-angouleme.fr\/application\/#\/schema\/logo\/image\/\",\"url\":\"https:\/\/www.saint-paul-angouleme.fr\/application\/wp-content\/uploads\/2018\/08\/logo-saint-paul-couleurs.jpg\",\"contentUrl\":\"https:\/\/www.saint-paul-angouleme.fr\/application\/wp-content\/uploads\/2018\/08\/logo-saint-paul-couleurs.jpg\",\"width\":1890,\"height\":709,\"caption\":\"Ensemble scolaire Saint-Paul\"},\"image\":{\"@id\":\"https:\/\/www.saint-paul-angouleme.fr\/application\/#\/schema\/logo\/image\/\"},\"sameAs\":[\"https:\/\/www.facebook.com\/SaintPaulAngouleme16\/\",\"https:\/\/x.com\/StPaulAngoulem\",\"https:\/\/www.youtube.com\/channel\/UCRLpz1CmPVqc0gn--YyXvjA?view_as=subscriber\"]},{\"@type\":\"Person\",\"@id\":\"https:\/\/www.saint-paul-angouleme.fr\/application\/#\/schema\/person\/ea152930b1a3823659065827b1a5fb9b\",\"name\":\"SAINT-PAUL\",\"image\":{\"@type\":\"ImageObject\",\"inLanguage\":\"fr-FR\",\"@id\":\"https:\/\/www.saint-paul-angouleme.fr\/application\/#\/schema\/person\/image\/\",\"url\":\"https:\/\/secure.gravatar.com\/avatar\/eadb0ffebc02683a61d69038eb2924f0?s=96&r=g\",\"contentUrl\":\"https:\/\/secure.gravatar.com\/avatar\/eadb0ffebc02683a61d69038eb2924f0?s=96&r=g\",\"caption\":\"SAINT-PAUL\"},\"url\":\"https:\/\/www.saint-paul-angouleme.fr\/application\/author\/myriam\/\"}]}<\/script>\n<!-- \/ Yoast SEO plugin. -->","yoast_head_json":{"title":"Une rentr\u00e9e sur deux jours pour un accueil personnalis\u00e9","description":"Cette ann\u00e9e encore la rentr\u00e9e scolaire se fait en deux temps. Le lundi est r\u00e9serv\u00e9 exclusivement aux 6\u00e8me et le mardi \u00e014h00 aux 2des.","robots":{"index":"index","follow":"follow","max-snippet":"max-snippet:-1","max-image-preview":"max-image-preview:large","max-video-preview":"max-video-preview:-1"},"canonical":"https:\/\/www.saint-paul-angouleme.fr\/application\/une-rentree-sur-deux-jours-pour-mieux-accueillir-nos-eleves\/","og_locale":"fr_FR","og_type":"article","og_title":"Une rentr\u00e9e sur deux jours pour un accueil personnalis\u00e9","og_description":"Cette ann\u00e9e encore la rentr\u00e9e scolaire se fait en deux temps. Le lundi est r\u00e9serv\u00e9 exclusivement aux 6\u00e8me et le mardi \u00e014h00 aux 2des.","og_url":"https:\/\/www.saint-paul-angouleme.fr\/application\/une-rentree-sur-deux-jours-pour-mieux-accueillir-nos-eleves\/","og_site_name":"Actualit\u00e9s","article_publisher":"https:\/\/www.facebook.com\/SaintPaulAngouleme16\/","article_published_time":"2024-09-05T07:23:00+00:00","article_modified_time":"2024-10-03T09:49:25+00:00","og_image":[{"width":1410,"height":794,"url":"https:\/\/www.saint-paul-angouleme.fr\/application\/wp-content\/uploads\/2024\/09\/Rentree_6eme_24-3.jpg","type":"image\/jpeg"}],"author":"SAINT-PAUL","twitter_card":"summary_large_image","twitter_creator":"@StPaulAngoulem","twitter_site":"@StPaulAngoulem","twitter_misc":{"\u00c9crit par":"SAINT-PAUL","Dur\u00e9e de lecture estim\u00e9e":"6 minutes"},"schema":{"@context":"https:\/\/schema.org","@graph":[{"@type":"Article","@id":"https:\/\/www.saint-paul-angouleme.fr\/application\/une-rentree-sur-deux-jours-pour-mieux-accueillir-nos-eleves\/#article","isPartOf":{"@id":"https:\/\/www.saint-paul-angouleme.fr\/application\/une-rentree-sur-deux-jours-pour-mieux-accueillir-nos-eleves\/"},"author":{"name":"SAINT-PAUL","@id":"https:\/\/www.saint-paul-angouleme.fr\/application\/#\/schema\/person\/ea152930b1a3823659065827b1a5fb9b"},"headline":"Une rentr\u00e9e sur deux jours pour mieux accueillir nos \u00e9l\u00e8ves","datePublished":"2024-09-05T07:23:00+00:00","dateModified":"2024-10-03T09:49:25+00:00","mainEntityOfPage":{"@id":"https:\/\/www.saint-paul-angouleme.fr\/application\/une-rentree-sur-deux-jours-pour-mieux-accueillir-nos-eleves\/"},"wordCount":316,"commentCount":0,"publisher":{"@id":"https:\/\/www.saint-paul-angouleme.fr\/application\/#organization"},"image":{"@id":"https:\/\/www.saint-paul-angouleme.fr\/application\/une-rentree-sur-deux-jours-pour-mieux-accueillir-nos-eleves\/#primaryimage"},"thumbnailUrl":"https:\/\/www.saint-paul-angouleme.fr\/application\/wp-content\/uploads\/2024\/09\/Rentree_6eme_24-3.jpg","keywords":["Accueil","Coll\u00e8ge et Lyc\u00e9e Saint-Paul Angoul\u00eame","Rentr\u00e9e"],"articleSection":["Agenda","P\u00e9dagogie"],"inLanguage":"fr-FR","potentialAction":[{"@type":"CommentAction","name":"Comment","target":["https:\/\/www.saint-paul-angouleme.fr\/application\/une-rentree-sur-deux-jours-pour-mieux-accueillir-nos-eleves\/#respond"]}]},{"@type":"WebPage","@id":"https:\/\/www.saint-paul-angouleme.fr\/application\/une-rentree-sur-deux-jours-pour-mieux-accueillir-nos-eleves\/","url":"https:\/\/www.saint-paul-angouleme.fr\/application\/une-rentree-sur-deux-jours-pour-mieux-accueillir-nos-eleves\/","name":"Une rentr\u00e9e sur deux jours pour un accueil personnalis\u00e9","isPartOf":{"@id":"https:\/\/www.saint-paul-angouleme.fr\/application\/#website"},"primaryImageOfPage":{"@id":"https:\/\/www.saint-paul-angouleme.fr\/application\/une-rentree-sur-deux-jours-pour-mieux-accueillir-nos-eleves\/#primaryimage"},"image":{"@id":"https:\/\/www.saint-paul-angouleme.fr\/application\/une-rentree-sur-deux-jours-pour-mieux-accueillir-nos-eleves\/#primaryimage"},"thumbnailUrl":"https:\/\/www.saint-paul-angouleme.fr\/application\/wp-content\/uploads\/2024\/09\/Rentree_6eme_24-3.jpg","datePublished":"2024-09-05T07:23:00+00:00","dateModified":"2024-10-03T09:49:25+00:00","description":"Cette ann\u00e9e encore la rentr\u00e9e scolaire se fait en deux temps. Le lundi est r\u00e9serv\u00e9 exclusivement aux 6\u00e8me et le mardi \u00e014h00 aux 2des.","breadcrumb":{"@id":"https:\/\/www.saint-paul-angouleme.fr\/application\/une-rentree-sur-deux-jours-pour-mieux-accueillir-nos-eleves\/#breadcrumb"},"inLanguage":"fr-FR","potentialAction":[{"@type":"ReadAction","target":["https:\/\/www.saint-paul-angouleme.fr\/application\/une-rentree-sur-deux-jours-pour-mieux-accueillir-nos-eleves\/"]}]},{"@type":"ImageObject","inLanguage":"fr-FR","@id":"https:\/\/www.saint-paul-angouleme.fr\/application\/une-rentree-sur-deux-jours-pour-mieux-accueillir-nos-eleves\/#primaryimage","url":"https:\/\/www.saint-paul-angouleme.fr\/application\/wp-content\/uploads\/2024\/09\/Rentree_6eme_24-3.jpg","contentUrl":"https:\/\/www.saint-paul-angouleme.fr\/application\/wp-content\/uploads\/2024\/09\/Rentree_6eme_24-3.jpg","width":1410,"height":794},{"@type":"BreadcrumbList","@id":"https:\/\/www.saint-paul-angouleme.fr\/application\/une-rentree-sur-deux-jours-pour-mieux-accueillir-nos-eleves\/#breadcrumb","itemListElement":[{"@type":"ListItem","position":1,"name":"Accueil","item":"http:\/\/www.saint-paul-angouleme.fr\/application\/"},{"@type":"ListItem","position":2,"name":"Une rentr\u00e9e sur deux jours pour mieux accueillir nos \u00e9l\u00e8ves"}]},{"@type":"WebSite","@id":"https:\/\/www.saint-paul-angouleme.fr\/application\/#website","url":"https:\/\/www.saint-paul-angouleme.fr\/application\/","name":"Actualit\u00e9s","description":"Actualit\u00e9s Saint Paul","publisher":{"@id":"https:\/\/www.saint-paul-angouleme.fr\/application\/#organization"},"potentialAction":[{"@type":"SearchAction","target":{"@type":"EntryPoint","urlTemplate":"https:\/\/www.saint-paul-angouleme.fr\/application\/?s={search_term_string}"},"query-input":"required name=search_term_string"}],"inLanguage":"fr-FR"},{"@type":"Organization","@id":"https:\/\/www.saint-paul-angouleme.fr\/application\/#organization","name":"Ensemble scolaire Saint-Paul","url":"https:\/\/www.saint-paul-angouleme.fr\/application\/","logo":{"@type":"ImageObject","inLanguage":"fr-FR","@id":"https:\/\/www.saint-paul-angouleme.fr\/application\/#\/schema\/logo\/image\/","url":"https:\/\/www.saint-paul-angouleme.fr\/application\/wp-content\/uploads\/2018\/08\/logo-saint-paul-couleurs.jpg","contentUrl":"https:\/\/www.saint-paul-angouleme.fr\/application\/wp-content\/uploads\/2018\/08\/logo-saint-paul-couleurs.jpg","width":1890,"height":709,"caption":"Ensemble scolaire Saint-Paul"},"image":{"@id":"https:\/\/www.saint-paul-angouleme.fr\/application\/#\/schema\/logo\/image\/"},"sameAs":["https:\/\/www.facebook.com\/SaintPaulAngouleme16\/","https:\/\/x.com\/StPaulAngoulem","https:\/\/www.youtube.com\/channel\/UCRLpz1CmPVqc0gn--YyXvjA?view_as=subscriber"]},{"@type":"Person","@id":"https:\/\/www.saint-paul-angouleme.fr\/application\/#\/schema\/person\/ea152930b1a3823659065827b1a5fb9b","name":"SAINT-PAUL","image":{"@type":"ImageObject","inLanguage":"fr-FR","@id":"https:\/\/www.saint-paul-angouleme.fr\/application\/#\/schema\/person\/image\/","url":"https:\/\/secure.gravatar.com\/avatar\/eadb0ffebc02683a61d69038eb2924f0?s=96&r=g","contentUrl":"https:\/\/secure.gravatar.com\/avatar\/eadb0ffebc02683a61d69038eb2924f0?s=96&r=g","caption":"SAINT-PAUL"},"url":"https:\/\/www.saint-paul-angouleme.fr\/application\/author\/myriam\/"}]}},"_links":{"self":[{"href":"https:\/\/www.saint-paul-angouleme.fr\/application\/wp-json\/wp\/v2\/posts\/11220"}],"collection":[{"href":"https:\/\/www.saint-paul-angouleme.fr\/application\/wp-json\/wp\/v2\/posts"}],"about":[{"href":"https:\/\/www.saint-paul-angouleme.fr\/application\/wp-json\/wp\/v2\/types\/post"}],"author":[{"embeddable":true,"href":"https:\/\/www.saint-paul-angouleme.fr\/application\/wp-json\/wp\/v2\/users\/3"}],"replies":[{"embeddable":true,"href":"https:\/\/www.saint-paul-angouleme.fr\/application\/wp-json\/wp\/v2\/comments?post=11220"}],"version-history":[{"count":7,"href":"https:\/\/www.saint-paul-angouleme.fr\/application\/wp-json\/wp\/v2\/posts\/11220\/revisions"}],"predecessor-version":[{"id":11392,"href":"https:\/\/www.saint-paul-angouleme.fr\/application\/wp-json\/wp\/v2\/posts\/11220\/revisions\/11392"}],"wp:featuredmedia":[{"embeddable":true,"href":"https:\/\/www.saint-paul-angouleme.fr\/application\/wp-json\/wp\/v2\/media\/11222"}],"wp:attachment":[{"href":"https:\/\/www.saint-paul-angouleme.fr\/application\/wp-json\/wp\/v2\/media?parent=11220"}],"wp:term":[{"taxonomy":"category","embeddable":true,"href":"https:\/\/www.saint-paul-angouleme.fr\/application\/wp-json\/wp\/v2\/categories?post=11220"},{"taxonomy":"post_tag","embeddable":true,"href":"https:\/\/www.saint-paul-angouleme.fr\/application\/wp-json\/wp\/v2\/tags?post=11220"}],"curies":[{"name":"wp","href":"https:\/\/api.w.org\/{rel}","templated":true}]}}