{"id":1120,"date":"2017-06-12T19:43:27","date_gmt":"2017-06-12T17:43:27","guid":{"rendered":"http:\/\/www.saint-paul-angouleme.fr\/application\/?p=1120"},"modified":"2017-06-12T19:43:27","modified_gmt":"2017-06-12T17:43:27","slug":"saint-paul-a-brille-au-concours-deloquence-2017-du-rotary","status":"publish","type":"post","link":"https:\/\/www.saint-paul-angouleme.fr\/application\/saint-paul-a-brille-au-concours-deloquence-2017-du-rotary\/","title":{"rendered":"Saint-Paul a brill\u00e9 au \u2018Concours d\u2019\u00e9loquence 2017\u2019 du Rotary"},"content":{"rendered":"<p style=\"text-align: justify;\"><a href=\"http:\/\/www.saint-paul-angouleme.fr\/application\/wp-content\/uploads\/2017\/06\/18901801_1445253395531146_163715116_o1.jpg\"><img loading=\"lazy\" decoding=\"async\" class=\"aligncenter size-large wp-image-1121\" src=\"http:\/\/www.saint-paul-angouleme.fr\/application\/wp-content\/uploads\/2017\/06\/18901801_1445253395531146_163715116_o1-1024x576.jpg\" alt=\"\" width=\"1024\" height=\"576\" data-id=\"1121\" srcset=\"https:\/\/www.saint-paul-angouleme.fr\/application\/wp-content\/uploads\/2017\/06\/18901801_1445253395531146_163715116_o1-1024x576.jpg 1024w, https:\/\/www.saint-paul-angouleme.fr\/application\/wp-content\/uploads\/2017\/06\/18901801_1445253395531146_163715116_o1-300x169.jpg 300w, https:\/\/www.saint-paul-angouleme.fr\/application\/wp-content\/uploads\/2017\/06\/18901801_1445253395531146_163715116_o1-768x432.jpg 768w, https:\/\/www.saint-paul-angouleme.fr\/application\/wp-content\/uploads\/2017\/06\/18901801_1445253395531146_163715116_o1.jpg 2048w\" sizes=\"(max-width: 1024px) 100vw, 1024px\" \/><\/a><\/p>\n<p style=\"text-align: justify;\"><span style=\"color: #333333; font-family: arial,helvetica,sans-serif; font-size: 20px;\">\u00ab\u00a0L\u2019humanisme aujourd\u2019hui\u00a0\u00bb, tel \u00e9tait le th\u00e8me sur lequel les lyc\u00e9ens participant \u00e0 la deuxi\u00e8me \u00e9dition du \u2018Concours d\u2019\u00e9loquence\u2019 organis\u00e9 par la Rotary Club d\u2019Angoul\u00eame \u2013 Val de Charente devaient s&#8217;affronter. Il s\u2019est d\u00e9roul\u00e9 dans le salon de \u00ab\u00a0La Tranchade\u00a0\u00bb \u00e0 l\u2019H\u00f4tel de Ville d\u2019Angoul\u00eame le samedi 11 mars 2017.<\/span><\/p>\n<p style=\"text-align: justify;\"><span style=\"color: #333333; font-family: arial,helvetica,sans-serif; font-size: 20px;\">Plusieurs \u00e9l\u00e8ves de Saint-Paul se sont ainsi pr\u00eat\u00e9s au jeu sur les conseils de Mme Maniatis leur professeur de philosophie\u00a0: Eva Roy, Emma Robion, Elo\u00efse Charon, Charles Mpolesha, Zakaria Hamdoune, Benoit Colombet, et Manon Bergeron.<\/span><\/p>\n<p style=\"text-align: justify;\"><span style=\"color: #333333; font-family: arial,helvetica,sans-serif; font-size: 20px;\">Les candidats ont \u00e9t\u00e9 jug\u00e9s suivant la pertinence des id\u00e9es du th\u00e8me, la fluidit\u00e9 et le respect du temps. A l\u2019issue du concours trois laur\u00e9ats ont \u00e9t\u00e9 nomm\u00e9s\u00a0: en troisi\u00e8me place Elo\u00efse, Zakaria est arriv\u00e9 deuxi\u00e8me et Manon premi\u00e8re. La remise des prix a eu lieu \u00e0 l\u2019h\u00f4tel Mercure.<\/span><\/p>\n<p style=\"text-align: justify;\"><a href=\"http:\/\/www.saint-paul-angouleme.fr\/application\/wp-content\/uploads\/2017\/06\/18926253_1445253215531164_814368719_o1.jpg\"><img loading=\"lazy\" decoding=\"async\" class=\"aligncenter size-large wp-image-1122\" src=\"http:\/\/www.saint-paul-angouleme.fr\/application\/wp-content\/uploads\/2017\/06\/18926253_1445253215531164_814368719_o1-1024x576.jpg\" alt=\"\" width=\"1024\" height=\"576\" data-id=\"1122\" srcset=\"https:\/\/www.saint-paul-angouleme.fr\/application\/wp-content\/uploads\/2017\/06\/18926253_1445253215531164_814368719_o1-1024x576.jpg 1024w, https:\/\/www.saint-paul-angouleme.fr\/application\/wp-content\/uploads\/2017\/06\/18926253_1445253215531164_814368719_o1-300x169.jpg 300w, https:\/\/www.saint-paul-angouleme.fr\/application\/wp-content\/uploads\/2017\/06\/18926253_1445253215531164_814368719_o1-768x432.jpg 768w, https:\/\/www.saint-paul-angouleme.fr\/application\/wp-content\/uploads\/2017\/06\/18926253_1445253215531164_814368719_o1.jpg 2048w\" sizes=\"(max-width: 1024px) 100vw, 1024px\" \/><\/a><\/p>\n<p style=\"text-align: justify;\"><span style=\"color: #333333; font-family: arial,helvetica,sans-serif; font-size: 20px;\">Manon est ensuite all\u00e9e \u00e0 Bordeaux pour la finale r\u00e9gionale. Plus r\u00e9cemment, le 20 mai, \u00e0 La Palmyre, a eu lieu la derni\u00e8re remise des prix pour les trois premiers du district.<\/span><\/p>\n<p style=\"text-align: justify;\"><span style=\"color: #333333; font-family: arial,helvetica,sans-serif; font-size: 20px;\">Bravo \u00e0 eux\u00a0!<\/span><\/p>\n<p style=\"text-align: justify;\"><a href=\"http:\/\/www.saint-paul-angouleme.fr\/application\/wp-content\/uploads\/2017\/06\/20170401_135536.jpg\"><img loading=\"lazy\" decoding=\"async\" class=\"aligncenter size-large wp-image-1123\" src=\"http:\/\/www.saint-paul-angouleme.fr\/application\/wp-content\/uploads\/2017\/06\/20170401_135536-1024x576.jpg\" alt=\"\" width=\"1024\" height=\"576\" data-id=\"1123\" srcset=\"https:\/\/www.saint-paul-angouleme.fr\/application\/wp-content\/uploads\/2017\/06\/20170401_135536-1024x576.jpg 1024w, https:\/\/www.saint-paul-angouleme.fr\/application\/wp-content\/uploads\/2017\/06\/20170401_135536-300x169.jpg 300w, https:\/\/www.saint-paul-angouleme.fr\/application\/wp-content\/uploads\/2017\/06\/20170401_135536-768x432.jpg 768w\" sizes=\"(max-width: 1024px) 100vw, 1024px\" \/><\/a><\/p>\n<p style=\"text-align: justify;\"><span style=\"color: #333333; font-family: arial,helvetica,sans-serif; font-size: 20px;\">Revivez la remise des prix du concours d&#8217;\u00e9loquence d&#8217;expression orale qui a eu lieu le 11\/03\/2017<\/span><\/p>\n<div class=\"arve\" data-mode=\"normal\" data-oembed=\"1\" data-provider=\"youtube\" id=\"arve-youtube-gp7o9lcnmu8\">\n<div class=\"arve-inner\">\n<div class=\"arve-embed arve-embed--has-aspect-ratio\">\n<span class=\"arve-ar\" style=\"padding-top:56.250000%\"><\/span><iframe credentialless referrerpolicy=\"strict-origin-when-cross-origin\" allow=\"accelerometer &#039;none&#039;;ambient-light-sensor &#039;none&#039;;autoplay &#039;none&#039;;battery &#039;none&#039;;bluetooth &#039;none&#039;;browsing-topics &#039;none&#039;;camera &#039;none&#039;;ch-ua &#039;none&#039;;clipboard-read &#039;none&#039;;clipboard-write;display-capture &#039;none&#039;;document-domain &#039;none&#039;;domain-agent &#039;none&#039;;encrypted-media &#039;none&#039;;execution-while-not-rendered &#039;none&#039;;execution-while-out-of-viewport &#039;none&#039;;gamepad &#039;none&#039;;geolocation &#039;none&#039;;gyroscope &#039;none&#039;;hid &#039;none&#039;;identity-credentials-get &#039;none&#039;;idle-detection &#039;none&#039;;keyboard-map &#039;none&#039;;local-fonts &#039;none&#039;;magnetometer &#039;none&#039;;microphone &#039;none&#039;;midi &#039;none&#039;;navigation-override &#039;none&#039;;otp-credentials &#039;none&#039;;payment &#039;none&#039;;picture-in-picture;publickey-credentials-create &#039;none&#039;;publickey-credentials-get &#039;none&#039;;screen-wake-lock &#039;none&#039;;serial &#039;none&#039;;speaker-selection;sync-xhr &#039;none&#039;;usb &#039;none&#039;;web-share;window-management &#039;none&#039;;xr-spatial-tracking &#039;none&#039;;\" allowfullscreen class=\"arve-iframe fitvidsignore\" data-arve=\"arve-youtube-gp7o9lcnmu8\" data-src-no-ap=\"https:\/\/www.youtube-nocookie.com\/embed\/gP7o9Lcnmu8?feature=oembed&amp;iv_load_policy=3&amp;modestbranding=1&amp;rel=0&amp;autohide=1&amp;playsinline=0&amp;autoplay=0\" frameborder=\"0\" height=\"0\" name sandbox=\"allow-scripts allow-same-origin allow-presentation allow-popups allow-popups-to-escape-sandbox\" scrolling=\"no\" src=\"https:\/\/www.youtube-nocookie.com\/embed\/gP7o9Lcnmu8?feature=oembed&#038;iv_load_policy=3&#038;modestbranding=1&#038;rel=0&#038;autohide=1&#038;playsinline=0&#038;autoplay=0\" width=\"0\" title loading=\"lazy\"><\/iframe><\/p>\n<\/div>\n<\/div>\n<p><script type=\"application\/ld+json\">{\"@context\":\"http:\\\/\\\/schema.org\\\/\",\"@id\":\"https:\\\/\\\/www.saint-paul-angouleme.fr\\\/application\\\/saint-paul-a-brille-au-concours-deloquence-2017-du-rotary\\\/#arve-youtube-gp7o9lcnmu8\",\"type\":\"VideoObject\",\"embedURL\":\"https:\\\/\\\/www.youtube-nocookie.com\\\/embed\\\/gP7o9Lcnmu8?feature=oembed&iv_load_policy=3&modestbranding=1&rel=0&autohide=1&playsinline=0&autoplay=0\"}<\/script>\n<\/div>\n","protected":false},"excerpt":{"rendered":"<p>\u00ab\u00a0L\u2019humanisme aujourd\u2019hui\u00a0\u00bb, tel \u00e9tait le th\u00e8me sur lequel les lyc\u00e9ens participant \u00e0 la deuxi\u00e8me \u00e9dition du \u2018Concours d\u2019\u00e9loquence\u2019 organis\u00e9 par la Rotary Club d\u2019Angoul\u00eame \u2013 Val de Charente devaient s&#8217;affronter. Il s\u2019est d\u00e9roul\u00e9 dans le salon de \u00ab\u00a0La Tranchade\u00a0\u00bb \u00e0 l\u2019H\u00f4tel de Ville d\u2019Angoul\u00eame le samedi 11 mars 2017. Plusieurs \u00e9l\u00e8ves de Saint-Paul se sont &#8230; <a title=\"Saint-Paul a brill\u00e9 au \u2018Concours d\u2019\u00e9loquence 2017\u2019 du Rotary\" class=\"read-more\" href=\"https:\/\/www.saint-paul-angouleme.fr\/application\/saint-paul-a-brille-au-concours-deloquence-2017-du-rotary\/\" aria-label=\"Read more about Saint-Paul a brill\u00e9 au \u2018Concours d\u2019\u00e9loquence 2017\u2019 du Rotary\">Lire la suite<\/a><\/p>\n","protected":false},"author":3,"featured_media":0,"comment_status":"open","ping_status":"open","sticky":false,"template":"","format":"standard","meta":{"_exactmetrics_skip_tracking":false,"_exactmetrics_sitenote_active":false,"_exactmetrics_sitenote_note":"","_exactmetrics_sitenote_category":0,"footnotes":""},"categories":[2],"tags":[81,82,84,83],"class_list":["post-1120","post","type-post","status-publish","format-standard","hentry","category-look-on","tag-concours-eloquence","tag-humanisme","tag-lyceens","tag-rotary"],"yoast_head":"<!-- This site is optimized with the Yoast SEO plugin v23.3 - https:\/\/yoast.com\/wordpress\/plugins\/seo\/ -->\n<title>Saint-Paul a brill\u00e9 au \u2018Concours d\u2019\u00e9loquence 2017\u2019 du Rotary - Actualit\u00e9s<\/title>\n<meta name=\"robots\" content=\"index, follow, max-snippet:-1, max-image-preview:large, max-video-preview:-1\" \/>\n<link rel=\"canonical\" href=\"https:\/\/www.saint-paul-angouleme.fr\/application\/saint-paul-a-brille-au-concours-deloquence-2017-du-rotary\/\" \/>\n<meta property=\"og:locale\" content=\"fr_FR\" \/>\n<meta property=\"og:type\" content=\"article\" \/>\n<meta property=\"og:title\" content=\"Saint-Paul a brill\u00e9 au \u2018Concours d\u2019\u00e9loquence 2017\u2019 du Rotary - Actualit\u00e9s\" \/>\n<meta property=\"og:description\" content=\"\u00ab\u00a0L\u2019humanisme aujourd\u2019hui\u00a0\u00bb, tel \u00e9tait le th\u00e8me sur lequel les lyc\u00e9ens participant \u00e0 la deuxi\u00e8me \u00e9dition du \u2018Concours d\u2019\u00e9loquence\u2019 organis\u00e9 par la Rotary Club d\u2019Angoul\u00eame \u2013 Val de Charente devaient s&#8217;affronter. Il s\u2019est d\u00e9roul\u00e9 dans le salon de \u00ab\u00a0La Tranchade\u00a0\u00bb \u00e0 l\u2019H\u00f4tel de Ville d\u2019Angoul\u00eame le samedi 11 mars 2017. Plusieurs \u00e9l\u00e8ves de Saint-Paul se sont ... Lire la suite\" \/>\n<meta property=\"og:url\" content=\"https:\/\/www.saint-paul-angouleme.fr\/application\/saint-paul-a-brille-au-concours-deloquence-2017-du-rotary\/\" \/>\n<meta property=\"og:site_name\" content=\"Actualit\u00e9s\" \/>\n<meta property=\"article:publisher\" content=\"https:\/\/www.facebook.com\/SaintPaulAngouleme16\/\" \/>\n<meta property=\"article:published_time\" content=\"2017-06-12T17:43:27+00:00\" \/>\n<meta property=\"og:image\" content=\"http:\/\/www.saint-paul-angouleme.fr\/application\/wp-content\/uploads\/2017\/06\/18901801_1445253395531146_163715116_o1-1024x576.jpg\" \/>\n<meta name=\"author\" content=\"SAINT-PAUL\" \/>\n<meta name=\"twitter:card\" content=\"summary_large_image\" \/>\n<meta name=\"twitter:creator\" content=\"@StPaulAngoulem\" \/>\n<meta name=\"twitter:site\" content=\"@StPaulAngoulem\" \/>\n<meta name=\"twitter:label1\" content=\"\u00c9crit par\" \/>\n\t<meta name=\"twitter:data1\" content=\"SAINT-PAUL\" \/>\n\t<meta name=\"twitter:label2\" content=\"Dur\u00e9e de lecture estim\u00e9e\" \/>\n\t<meta name=\"twitter:data2\" content=\"1 minute\" \/>\n<script type=\"application\/ld+json\" class=\"yoast-schema-graph\">{\"@context\":\"https:\/\/schema.org\",\"@graph\":[{\"@type\":\"Article\",\"@id\":\"https:\/\/www.saint-paul-angouleme.fr\/application\/saint-paul-a-brille-au-concours-deloquence-2017-du-rotary\/#article\",\"isPartOf\":{\"@id\":\"https:\/\/www.saint-paul-angouleme.fr\/application\/saint-paul-a-brille-au-concours-deloquence-2017-du-rotary\/\"},\"author\":{\"name\":\"SAINT-PAUL\",\"@id\":\"https:\/\/www.saint-paul-angouleme.fr\/application\/#\/schema\/person\/ea152930b1a3823659065827b1a5fb9b\"},\"headline\":\"Saint-Paul a brill\u00e9 au \u2018Concours d\u2019\u00e9loquence 2017\u2019 du Rotary\",\"datePublished\":\"2017-06-12T17:43:27+00:00\",\"dateModified\":\"2017-06-12T17:43:27+00:00\",\"mainEntityOfPage\":{\"@id\":\"https:\/\/www.saint-paul-angouleme.fr\/application\/saint-paul-a-brille-au-concours-deloquence-2017-du-rotary\/\"},\"wordCount\":227,\"commentCount\":0,\"publisher\":{\"@id\":\"https:\/\/www.saint-paul-angouleme.fr\/application\/#organization\"},\"image\":{\"@id\":\"https:\/\/www.saint-paul-angouleme.fr\/application\/saint-paul-a-brille-au-concours-deloquence-2017-du-rotary\/#primaryimage\"},\"thumbnailUrl\":\"http:\/\/www.saint-paul-angouleme.fr\/application\/wp-content\/uploads\/2017\/06\/18901801_1445253395531146_163715116_o1-1024x576.jpg\",\"keywords\":[\"Concours \u00e9loquence\",\"humanisme\",\"lyc\u00e9ens\",\"Rotary\"],\"articleSection\":[\"Look on\"],\"inLanguage\":\"fr-FR\",\"potentialAction\":[{\"@type\":\"CommentAction\",\"name\":\"Comment\",\"target\":[\"https:\/\/www.saint-paul-angouleme.fr\/application\/saint-paul-a-brille-au-concours-deloquence-2017-du-rotary\/#respond\"]}]},{\"@type\":\"WebPage\",\"@id\":\"https:\/\/www.saint-paul-angouleme.fr\/application\/saint-paul-a-brille-au-concours-deloquence-2017-du-rotary\/\",\"url\":\"https:\/\/www.saint-paul-angouleme.fr\/application\/saint-paul-a-brille-au-concours-deloquence-2017-du-rotary\/\",\"name\":\"Saint-Paul a brill\u00e9 au \u2018Concours d\u2019\u00e9loquence 2017\u2019 du Rotary - Actualit\u00e9s\",\"isPartOf\":{\"@id\":\"https:\/\/www.saint-paul-angouleme.fr\/application\/#website\"},\"primaryImageOfPage\":{\"@id\":\"https:\/\/www.saint-paul-angouleme.fr\/application\/saint-paul-a-brille-au-concours-deloquence-2017-du-rotary\/#primaryimage\"},\"image\":{\"@id\":\"https:\/\/www.saint-paul-angouleme.fr\/application\/saint-paul-a-brille-au-concours-deloquence-2017-du-rotary\/#primaryimage\"},\"thumbnailUrl\":\"http:\/\/www.saint-paul-angouleme.fr\/application\/wp-content\/uploads\/2017\/06\/18901801_1445253395531146_163715116_o1-1024x576.jpg\",\"datePublished\":\"2017-06-12T17:43:27+00:00\",\"dateModified\":\"2017-06-12T17:43:27+00:00\",\"breadcrumb\":{\"@id\":\"https:\/\/www.saint-paul-angouleme.fr\/application\/saint-paul-a-brille-au-concours-deloquence-2017-du-rotary\/#breadcrumb\"},\"inLanguage\":\"fr-FR\",\"potentialAction\":[{\"@type\":\"ReadAction\",\"target\":[\"https:\/\/www.saint-paul-angouleme.fr\/application\/saint-paul-a-brille-au-concours-deloquence-2017-du-rotary\/\"]}]},{\"@type\":\"ImageObject\",\"inLanguage\":\"fr-FR\",\"@id\":\"https:\/\/www.saint-paul-angouleme.fr\/application\/saint-paul-a-brille-au-concours-deloquence-2017-du-rotary\/#primaryimage\",\"url\":\"https:\/\/www.saint-paul-angouleme.fr\/application\/wp-content\/uploads\/2017\/06\/18901801_1445253395531146_163715116_o1.jpg\",\"contentUrl\":\"https:\/\/www.saint-paul-angouleme.fr\/application\/wp-content\/uploads\/2017\/06\/18901801_1445253395531146_163715116_o1.jpg\",\"width\":2048,\"height\":1152},{\"@type\":\"BreadcrumbList\",\"@id\":\"https:\/\/www.saint-paul-angouleme.fr\/application\/saint-paul-a-brille-au-concours-deloquence-2017-du-rotary\/#breadcrumb\",\"itemListElement\":[{\"@type\":\"ListItem\",\"position\":1,\"name\":\"Accueil\",\"item\":\"http:\/\/www.saint-paul-angouleme.fr\/application\/\"},{\"@type\":\"ListItem\",\"position\":2,\"name\":\"Saint-Paul a brill\u00e9 au \u2018Concours d\u2019\u00e9loquence 2017\u2019 du Rotary\"}]},{\"@type\":\"WebSite\",\"@id\":\"https:\/\/www.saint-paul-angouleme.fr\/application\/#website\",\"url\":\"https:\/\/www.saint-paul-angouleme.fr\/application\/\",\"name\":\"Actualit\u00e9s\",\"description\":\"Actualit\u00e9s Saint Paul\",\"publisher\":{\"@id\":\"https:\/\/www.saint-paul-angouleme.fr\/application\/#organization\"},\"potentialAction\":[{\"@type\":\"SearchAction\",\"target\":{\"@type\":\"EntryPoint\",\"urlTemplate\":\"https:\/\/www.saint-paul-angouleme.fr\/application\/?s={search_term_string}\"},\"query-input\":\"required name=search_term_string\"}],\"inLanguage\":\"fr-FR\"},{\"@type\":\"Organization\",\"@id\":\"https:\/\/www.saint-paul-angouleme.fr\/application\/#organization\",\"name\":\"Ensemble scolaire Saint-Paul\",\"url\":\"https:\/\/www.saint-paul-angouleme.fr\/application\/\",\"logo\":{\"@type\":\"ImageObject\",\"inLanguage\":\"fr-FR\",\"@id\":\"https:\/\/www.saint-paul-angouleme.fr\/application\/#\/schema\/logo\/image\/\",\"url\":\"https:\/\/www.saint-paul-angouleme.fr\/application\/wp-content\/uploads\/2018\/08\/logo-saint-paul-couleurs.jpg\",\"contentUrl\":\"https:\/\/www.saint-paul-angouleme.fr\/application\/wp-content\/uploads\/2018\/08\/logo-saint-paul-couleurs.jpg\",\"width\":1890,\"height\":709,\"caption\":\"Ensemble scolaire Saint-Paul\"},\"image\":{\"@id\":\"https:\/\/www.saint-paul-angouleme.fr\/application\/#\/schema\/logo\/image\/\"},\"sameAs\":[\"https:\/\/www.facebook.com\/SaintPaulAngouleme16\/\",\"https:\/\/x.com\/StPaulAngoulem\",\"https:\/\/www.youtube.com\/channel\/UCRLpz1CmPVqc0gn--YyXvjA?view_as=subscriber\"]},{\"@type\":\"Person\",\"@id\":\"https:\/\/www.saint-paul-angouleme.fr\/application\/#\/schema\/person\/ea152930b1a3823659065827b1a5fb9b\",\"name\":\"SAINT-PAUL\",\"image\":{\"@type\":\"ImageObject\",\"inLanguage\":\"fr-FR\",\"@id\":\"https:\/\/www.saint-paul-angouleme.fr\/application\/#\/schema\/person\/image\/\",\"url\":\"https:\/\/secure.gravatar.com\/avatar\/eadb0ffebc02683a61d69038eb2924f0?s=96&r=g\",\"contentUrl\":\"https:\/\/secure.gravatar.com\/avatar\/eadb0ffebc02683a61d69038eb2924f0?s=96&r=g\",\"caption\":\"SAINT-PAUL\"},\"url\":\"https:\/\/www.saint-paul-angouleme.fr\/application\/author\/myriam\/\"}]}<\/script>\n<!-- \/ Yoast SEO plugin. -->","yoast_head_json":{"title":"Saint-Paul a brill\u00e9 au \u2018Concours d\u2019\u00e9loquence 2017\u2019 du Rotary - Actualit\u00e9s","robots":{"index":"index","follow":"follow","max-snippet":"max-snippet:-1","max-image-preview":"max-image-preview:large","max-video-preview":"max-video-preview:-1"},"canonical":"https:\/\/www.saint-paul-angouleme.fr\/application\/saint-paul-a-brille-au-concours-deloquence-2017-du-rotary\/","og_locale":"fr_FR","og_type":"article","og_title":"Saint-Paul a brill\u00e9 au \u2018Concours d\u2019\u00e9loquence 2017\u2019 du Rotary - Actualit\u00e9s","og_description":"\u00ab\u00a0L\u2019humanisme aujourd\u2019hui\u00a0\u00bb, tel \u00e9tait le th\u00e8me sur lequel les lyc\u00e9ens participant \u00e0 la deuxi\u00e8me \u00e9dition du \u2018Concours d\u2019\u00e9loquence\u2019 organis\u00e9 par la Rotary Club d\u2019Angoul\u00eame \u2013 Val de Charente devaient s&#8217;affronter. Il s\u2019est d\u00e9roul\u00e9 dans le salon de \u00ab\u00a0La Tranchade\u00a0\u00bb \u00e0 l\u2019H\u00f4tel de Ville d\u2019Angoul\u00eame le samedi 11 mars 2017. Plusieurs \u00e9l\u00e8ves de Saint-Paul se sont ... Lire la suite","og_url":"https:\/\/www.saint-paul-angouleme.fr\/application\/saint-paul-a-brille-au-concours-deloquence-2017-du-rotary\/","og_site_name":"Actualit\u00e9s","article_publisher":"https:\/\/www.facebook.com\/SaintPaulAngouleme16\/","article_published_time":"2017-06-12T17:43:27+00:00","og_image":[{"url":"http:\/\/www.saint-paul-angouleme.fr\/application\/wp-content\/uploads\/2017\/06\/18901801_1445253395531146_163715116_o1-1024x576.jpg"}],"author":"SAINT-PAUL","twitter_card":"summary_large_image","twitter_creator":"@StPaulAngoulem","twitter_site":"@StPaulAngoulem","twitter_misc":{"\u00c9crit par":"SAINT-PAUL","Dur\u00e9e de lecture estim\u00e9e":"1 minute"},"schema":{"@context":"https:\/\/schema.org","@graph":[{"@type":"Article","@id":"https:\/\/www.saint-paul-angouleme.fr\/application\/saint-paul-a-brille-au-concours-deloquence-2017-du-rotary\/#article","isPartOf":{"@id":"https:\/\/www.saint-paul-angouleme.fr\/application\/saint-paul-a-brille-au-concours-deloquence-2017-du-rotary\/"},"author":{"name":"SAINT-PAUL","@id":"https:\/\/www.saint-paul-angouleme.fr\/application\/#\/schema\/person\/ea152930b1a3823659065827b1a5fb9b"},"headline":"Saint-Paul a brill\u00e9 au \u2018Concours d\u2019\u00e9loquence 2017\u2019 du Rotary","datePublished":"2017-06-12T17:43:27+00:00","dateModified":"2017-06-12T17:43:27+00:00","mainEntityOfPage":{"@id":"https:\/\/www.saint-paul-angouleme.fr\/application\/saint-paul-a-brille-au-concours-deloquence-2017-du-rotary\/"},"wordCount":227,"commentCount":0,"publisher":{"@id":"https:\/\/www.saint-paul-angouleme.fr\/application\/#organization"},"image":{"@id":"https:\/\/www.saint-paul-angouleme.fr\/application\/saint-paul-a-brille-au-concours-deloquence-2017-du-rotary\/#primaryimage"},"thumbnailUrl":"http:\/\/www.saint-paul-angouleme.fr\/application\/wp-content\/uploads\/2017\/06\/18901801_1445253395531146_163715116_o1-1024x576.jpg","keywords":["Concours \u00e9loquence","humanisme","lyc\u00e9ens","Rotary"],"articleSection":["Look on"],"inLanguage":"fr-FR","potentialAction":[{"@type":"CommentAction","name":"Comment","target":["https:\/\/www.saint-paul-angouleme.fr\/application\/saint-paul-a-brille-au-concours-deloquence-2017-du-rotary\/#respond"]}]},{"@type":"WebPage","@id":"https:\/\/www.saint-paul-angouleme.fr\/application\/saint-paul-a-brille-au-concours-deloquence-2017-du-rotary\/","url":"https:\/\/www.saint-paul-angouleme.fr\/application\/saint-paul-a-brille-au-concours-deloquence-2017-du-rotary\/","name":"Saint-Paul a brill\u00e9 au \u2018Concours d\u2019\u00e9loquence 2017\u2019 du Rotary - Actualit\u00e9s","isPartOf":{"@id":"https:\/\/www.saint-paul-angouleme.fr\/application\/#website"},"primaryImageOfPage":{"@id":"https:\/\/www.saint-paul-angouleme.fr\/application\/saint-paul-a-brille-au-concours-deloquence-2017-du-rotary\/#primaryimage"},"image":{"@id":"https:\/\/www.saint-paul-angouleme.fr\/application\/saint-paul-a-brille-au-concours-deloquence-2017-du-rotary\/#primaryimage"},"thumbnailUrl":"http:\/\/www.saint-paul-angouleme.fr\/application\/wp-content\/uploads\/2017\/06\/18901801_1445253395531146_163715116_o1-1024x576.jpg","datePublished":"2017-06-12T17:43:27+00:00","dateModified":"2017-06-12T17:43:27+00:00","breadcrumb":{"@id":"https:\/\/www.saint-paul-angouleme.fr\/application\/saint-paul-a-brille-au-concours-deloquence-2017-du-rotary\/#breadcrumb"},"inLanguage":"fr-FR","potentialAction":[{"@type":"ReadAction","target":["https:\/\/www.saint-paul-angouleme.fr\/application\/saint-paul-a-brille-au-concours-deloquence-2017-du-rotary\/"]}]},{"@type":"ImageObject","inLanguage":"fr-FR","@id":"https:\/\/www.saint-paul-angouleme.fr\/application\/saint-paul-a-brille-au-concours-deloquence-2017-du-rotary\/#primaryimage","url":"https:\/\/www.saint-paul-angouleme.fr\/application\/wp-content\/uploads\/2017\/06\/18901801_1445253395531146_163715116_o1.jpg","contentUrl":"https:\/\/www.saint-paul-angouleme.fr\/application\/wp-content\/uploads\/2017\/06\/18901801_1445253395531146_163715116_o1.jpg","width":2048,"height":1152},{"@type":"BreadcrumbList","@id":"https:\/\/www.saint-paul-angouleme.fr\/application\/saint-paul-a-brille-au-concours-deloquence-2017-du-rotary\/#breadcrumb","itemListElement":[{"@type":"ListItem","position":1,"name":"Accueil","item":"http:\/\/www.saint-paul-angouleme.fr\/application\/"},{"@type":"ListItem","position":2,"name":"Saint-Paul a brill\u00e9 au \u2018Concours d\u2019\u00e9loquence 2017\u2019 du Rotary"}]},{"@type":"WebSite","@id":"https:\/\/www.saint-paul-angouleme.fr\/application\/#website","url":"https:\/\/www.saint-paul-angouleme.fr\/application\/","name":"Actualit\u00e9s","description":"Actualit\u00e9s Saint Paul","publisher":{"@id":"https:\/\/www.saint-paul-angouleme.fr\/application\/#organization"},"potentialAction":[{"@type":"SearchAction","target":{"@type":"EntryPoint","urlTemplate":"https:\/\/www.saint-paul-angouleme.fr\/application\/?s={search_term_string}"},"query-input":"required name=search_term_string"}],"inLanguage":"fr-FR"},{"@type":"Organization","@id":"https:\/\/www.saint-paul-angouleme.fr\/application\/#organization","name":"Ensemble scolaire Saint-Paul","url":"https:\/\/www.saint-paul-angouleme.fr\/application\/","logo":{"@type":"ImageObject","inLanguage":"fr-FR","@id":"https:\/\/www.saint-paul-angouleme.fr\/application\/#\/schema\/logo\/image\/","url":"https:\/\/www.saint-paul-angouleme.fr\/application\/wp-content\/uploads\/2018\/08\/logo-saint-paul-couleurs.jpg","contentUrl":"https:\/\/www.saint-paul-angouleme.fr\/application\/wp-content\/uploads\/2018\/08\/logo-saint-paul-couleurs.jpg","width":1890,"height":709,"caption":"Ensemble scolaire Saint-Paul"},"image":{"@id":"https:\/\/www.saint-paul-angouleme.fr\/application\/#\/schema\/logo\/image\/"},"sameAs":["https:\/\/www.facebook.com\/SaintPaulAngouleme16\/","https:\/\/x.com\/StPaulAngoulem","https:\/\/www.youtube.com\/channel\/UCRLpz1CmPVqc0gn--YyXvjA?view_as=subscriber"]},{"@type":"Person","@id":"https:\/\/www.saint-paul-angouleme.fr\/application\/#\/schema\/person\/ea152930b1a3823659065827b1a5fb9b","name":"SAINT-PAUL","image":{"@type":"ImageObject","inLanguage":"fr-FR","@id":"https:\/\/www.saint-paul-angouleme.fr\/application\/#\/schema\/person\/image\/","url":"https:\/\/secure.gravatar.com\/avatar\/eadb0ffebc02683a61d69038eb2924f0?s=96&r=g","contentUrl":"https:\/\/secure.gravatar.com\/avatar\/eadb0ffebc02683a61d69038eb2924f0?s=96&r=g","caption":"SAINT-PAUL"},"url":"https:\/\/www.saint-paul-angouleme.fr\/application\/author\/myriam\/"}]}},"_links":{"self":[{"href":"https:\/\/www.saint-paul-angouleme.fr\/application\/wp-json\/wp\/v2\/posts\/1120"}],"collection":[{"href":"https:\/\/www.saint-paul-angouleme.fr\/application\/wp-json\/wp\/v2\/posts"}],"about":[{"href":"https:\/\/www.saint-paul-angouleme.fr\/application\/wp-json\/wp\/v2\/types\/post"}],"author":[{"embeddable":true,"href":"https:\/\/www.saint-paul-angouleme.fr\/application\/wp-json\/wp\/v2\/users\/3"}],"replies":[{"embeddable":true,"href":"https:\/\/www.saint-paul-angouleme.fr\/application\/wp-json\/wp\/v2\/comments?post=1120"}],"version-history":[{"count":3,"href":"https:\/\/www.saint-paul-angouleme.fr\/application\/wp-json\/wp\/v2\/posts\/1120\/revisions"}],"predecessor-version":[{"id":1126,"href":"https:\/\/www.saint-paul-angouleme.fr\/application\/wp-json\/wp\/v2\/posts\/1120\/revisions\/1126"}],"wp:attachment":[{"href":"https:\/\/www.saint-paul-angouleme.fr\/application\/wp-json\/wp\/v2\/media?parent=1120"}],"wp:term":[{"taxonomy":"category","embeddable":true,"href":"https:\/\/www.saint-paul-angouleme.fr\/application\/wp-json\/wp\/v2\/categories?post=1120"},{"taxonomy":"post_tag","embeddable":true,"href":"https:\/\/www.saint-paul-angouleme.fr\/application\/wp-json\/wp\/v2\/tags?post=1120"}],"curies":[{"name":"wp","href":"https:\/\/api.w.org\/{rel}","templated":true}]}}