{"id":11186,"date":"2024-06-21T17:21:00","date_gmt":"2024-06-21T15:21:00","guid":{"rendered":"https:\/\/www.saint-paul-angouleme.fr\/application\/?p=11186"},"modified":"2024-09-09T17:22:46","modified_gmt":"2024-09-09T15:22:46","slug":"deux-jours-en-dordogne-et-des-visites-extraordinaires","status":"publish","type":"post","link":"https:\/\/www.saint-paul-angouleme.fr\/application\/deux-jours-en-dordogne-et-des-visites-extraordinaires\/","title":{"rendered":"S\u00e9jour de fin d\u2019ann\u00e9e en Dordogne des 401 et 403"},"content":{"rendered":"\n<figure class=\"wp-block-image size-large\"><img loading=\"lazy\" decoding=\"async\" width=\"1024\" height=\"768\" src=\"https:\/\/www.saint-paul-angouleme.fr\/application\/wp-content\/uploads\/2024\/09\/c0f4dbef291a7126312abf7f4ac4e684-1024x768.jpeg\" alt=\"\" class=\"wp-image-11187\" srcset=\"https:\/\/www.saint-paul-angouleme.fr\/application\/wp-content\/uploads\/2024\/09\/c0f4dbef291a7126312abf7f4ac4e684-1024x768.jpeg 1024w, https:\/\/www.saint-paul-angouleme.fr\/application\/wp-content\/uploads\/2024\/09\/c0f4dbef291a7126312abf7f4ac4e684-300x225.jpeg 300w, https:\/\/www.saint-paul-angouleme.fr\/application\/wp-content\/uploads\/2024\/09\/c0f4dbef291a7126312abf7f4ac4e684-768x576.jpeg 768w, https:\/\/www.saint-paul-angouleme.fr\/application\/wp-content\/uploads\/2024\/09\/c0f4dbef291a7126312abf7f4ac4e684-1536x1152.jpeg 1536w, https:\/\/www.saint-paul-angouleme.fr\/application\/wp-content\/uploads\/2024\/09\/c0f4dbef291a7126312abf7f4ac4e684.jpeg 1706w\" sizes=\"(max-width: 1024px) 100vw, 1024px\" \/><\/figure>\n\n\n\n<p>Les 17 et 18 juin 2024, une cinquantaine d\u2019\u00e9l\u00e8ves de 4<sup>\u00e8me<\/sup> du coll\u00e8ge Saint-Paul visite la Dordogne. Encadr\u00e9s par quatre professeurs du coll\u00e8ge Saint Paul, ils d\u00e9couvrent quelques-uns des sites patrimoniaux les plus embl\u00e9matiques du P\u00e9rigord. <\/p>\n\n\n\n<h3 class=\"wp-block-heading\">Dordogne : de la grotte de Lascaux au ch\u00e2teaux des Milandes<\/h3>\n\n\n\n<p>La grotte de <a href=\"https:\/\/lascaux.fr\/fr\/\">Lascaux<\/a> se situe au Centre Pari\u00e9tal International de Montignac. Ce site exceptionnel date de 17 000 \u00e0 20 000 ans avant notre \u00e8re. Son importance n\u2019a pas \u00e9chapp\u00e9 aux coll\u00e9giens ni aux accompagnateurs. Les outils p\u00e9dagogiques mis en \u0153uvre autour du fac-simil\u00e9 ont contribu\u00e9 \u00e0 une meilleure appropriation de la visite.<\/p>\n\n\n\n<p>Ensuite, nous rejoignons le <a href=\"https:\/\/www.milandes.com\/\">ch\u00e2teau des Milandes<\/a>. Ce lieu est admirable de par ses jardins et l&#8217;hommage rendu \u00e0 son ancienne propri\u00e9taire : Jos\u00e9phine BAKER. Figure embl\u00e9matique de la r\u00e9sistance et de la lutte anti-raciste, nous nous rappelons que, r\u00e9cemment, elle est entr\u00e9e au Panth\u00e9on. Une d\u00e9monstration de dressage d&#8217;oiseaux de proie cl\u00f4ture la visite.<\/p>\n\n\n\n<p><\/p>\n\n\n\n<figure class=\"wp-block-gallery has-nested-images columns-2 is-cropped wp-block-gallery-1 is-layout-flex wp-block-gallery-is-layout-flex\">\n<figure class=\"wp-block-image size-large\"><img loading=\"lazy\" decoding=\"async\" width=\"1024\" height=\"768\" data-id=\"11194\" src=\"https:\/\/www.saint-paul-angouleme.fr\/application\/wp-content\/uploads\/2024\/09\/4991dcda51ca1b1fdc3581f06cf8a5de-1-1024x768.jpeg\" alt=\"\" class=\"wp-image-11194\" srcset=\"https:\/\/www.saint-paul-angouleme.fr\/application\/wp-content\/uploads\/2024\/09\/4991dcda51ca1b1fdc3581f06cf8a5de-1-1024x768.jpeg 1024w, https:\/\/www.saint-paul-angouleme.fr\/application\/wp-content\/uploads\/2024\/09\/4991dcda51ca1b1fdc3581f06cf8a5de-1-300x225.jpeg 300w, https:\/\/www.saint-paul-angouleme.fr\/application\/wp-content\/uploads\/2024\/09\/4991dcda51ca1b1fdc3581f06cf8a5de-1-768x576.jpeg 768w, https:\/\/www.saint-paul-angouleme.fr\/application\/wp-content\/uploads\/2024\/09\/4991dcda51ca1b1fdc3581f06cf8a5de-1-1536x1152.jpeg 1536w, https:\/\/www.saint-paul-angouleme.fr\/application\/wp-content\/uploads\/2024\/09\/4991dcda51ca1b1fdc3581f06cf8a5de-1.jpeg 1706w\" sizes=\"(max-width: 1024px) 100vw, 1024px\" \/><\/figure>\n\n\n\n<figure class=\"wp-block-image size-large\"><img loading=\"lazy\" decoding=\"async\" width=\"1024\" height=\"768\" data-id=\"11197\" src=\"https:\/\/www.saint-paul-angouleme.fr\/application\/wp-content\/uploads\/2024\/09\/63a37694bd3ca3786afd34e9b4ea734f-2-1024x768.jpeg\" alt=\"Dordogne, grotte de Lascaux\" class=\"wp-image-11197\" srcset=\"https:\/\/www.saint-paul-angouleme.fr\/application\/wp-content\/uploads\/2024\/09\/63a37694bd3ca3786afd34e9b4ea734f-2-1024x768.jpeg 1024w, https:\/\/www.saint-paul-angouleme.fr\/application\/wp-content\/uploads\/2024\/09\/63a37694bd3ca3786afd34e9b4ea734f-2-300x225.jpeg 300w, https:\/\/www.saint-paul-angouleme.fr\/application\/wp-content\/uploads\/2024\/09\/63a37694bd3ca3786afd34e9b4ea734f-2-768x576.jpeg 768w, https:\/\/www.saint-paul-angouleme.fr\/application\/wp-content\/uploads\/2024\/09\/63a37694bd3ca3786afd34e9b4ea734f-2-1536x1152.jpeg 1536w, https:\/\/www.saint-paul-angouleme.fr\/application\/wp-content\/uploads\/2024\/09\/63a37694bd3ca3786afd34e9b4ea734f-2.jpeg 1706w\" sizes=\"(max-width: 1024px) 100vw, 1024px\" \/><\/figure>\n\n\n\n<figure class=\"wp-block-image size-large\"><img loading=\"lazy\" decoding=\"async\" width=\"1024\" height=\"768\" data-id=\"11195\" src=\"https:\/\/www.saint-paul-angouleme.fr\/application\/wp-content\/uploads\/2024\/09\/8674df252e3a1a2b49d4c436efef1a30-1-1024x768.jpeg\" alt=\"\" class=\"wp-image-11195\" srcset=\"https:\/\/www.saint-paul-angouleme.fr\/application\/wp-content\/uploads\/2024\/09\/8674df252e3a1a2b49d4c436efef1a30-1-1024x768.jpeg 1024w, https:\/\/www.saint-paul-angouleme.fr\/application\/wp-content\/uploads\/2024\/09\/8674df252e3a1a2b49d4c436efef1a30-1-300x225.jpeg 300w, https:\/\/www.saint-paul-angouleme.fr\/application\/wp-content\/uploads\/2024\/09\/8674df252e3a1a2b49d4c436efef1a30-1-768x576.jpeg 768w, https:\/\/www.saint-paul-angouleme.fr\/application\/wp-content\/uploads\/2024\/09\/8674df252e3a1a2b49d4c436efef1a30-1-1536x1152.jpeg 1536w, https:\/\/www.saint-paul-angouleme.fr\/application\/wp-content\/uploads\/2024\/09\/8674df252e3a1a2b49d4c436efef1a30-1.jpeg 1706w\" sizes=\"(max-width: 1024px) 100vw, 1024px\" \/><\/figure>\n\n\n\n<figure class=\"wp-block-image size-large\"><img loading=\"lazy\" decoding=\"async\" width=\"1024\" height=\"768\" data-id=\"11196\" src=\"https:\/\/www.saint-paul-angouleme.fr\/application\/wp-content\/uploads\/2024\/09\/570854a8b805790ea35c28d72724c243-1-1024x768.jpeg\" alt=\"Reproduction de la grotte de Lascaux en Dordogne\" class=\"wp-image-11196\" srcset=\"https:\/\/www.saint-paul-angouleme.fr\/application\/wp-content\/uploads\/2024\/09\/570854a8b805790ea35c28d72724c243-1-1024x768.jpeg 1024w, https:\/\/www.saint-paul-angouleme.fr\/application\/wp-content\/uploads\/2024\/09\/570854a8b805790ea35c28d72724c243-1-300x225.jpeg 300w, https:\/\/www.saint-paul-angouleme.fr\/application\/wp-content\/uploads\/2024\/09\/570854a8b805790ea35c28d72724c243-1-768x576.jpeg 768w, https:\/\/www.saint-paul-angouleme.fr\/application\/wp-content\/uploads\/2024\/09\/570854a8b805790ea35c28d72724c243-1-1536x1152.jpeg 1536w, https:\/\/www.saint-paul-angouleme.fr\/application\/wp-content\/uploads\/2024\/09\/570854a8b805790ea35c28d72724c243-1.jpeg 1706w\" sizes=\"(max-width: 1024px) 100vw, 1024px\" \/><\/figure>\n<\/figure>\n\n\n\n<p><\/p>\n\n\n\n<figure class=\"wp-block-gallery has-nested-images columns-default is-cropped wp-block-gallery-2 is-layout-flex wp-block-gallery-is-layout-flex\">\n<figure class=\"wp-block-image size-large\"><img loading=\"lazy\" decoding=\"async\" width=\"1024\" height=\"768\" data-id=\"11198\" src=\"https:\/\/www.saint-paul-angouleme.fr\/application\/wp-content\/uploads\/2024\/09\/b19290696153f112193b4c5e086f373a-1024x768.jpeg\" alt=\"\" class=\"wp-image-11198\" srcset=\"https:\/\/www.saint-paul-angouleme.fr\/application\/wp-content\/uploads\/2024\/09\/b19290696153f112193b4c5e086f373a-1024x768.jpeg 1024w, https:\/\/www.saint-paul-angouleme.fr\/application\/wp-content\/uploads\/2024\/09\/b19290696153f112193b4c5e086f373a-300x225.jpeg 300w, https:\/\/www.saint-paul-angouleme.fr\/application\/wp-content\/uploads\/2024\/09\/b19290696153f112193b4c5e086f373a-768x576.jpeg 768w, https:\/\/www.saint-paul-angouleme.fr\/application\/wp-content\/uploads\/2024\/09\/b19290696153f112193b4c5e086f373a-1536x1152.jpeg 1536w, https:\/\/www.saint-paul-angouleme.fr\/application\/wp-content\/uploads\/2024\/09\/b19290696153f112193b4c5e086f373a.jpeg 1706w\" sizes=\"(max-width: 1024px) 100vw, 1024px\" \/><\/figure>\n\n\n\n<figure class=\"wp-block-image size-large\"><img loading=\"lazy\" decoding=\"async\" width=\"1024\" height=\"768\" data-id=\"11199\" src=\"https:\/\/www.saint-paul-angouleme.fr\/application\/wp-content\/uploads\/2024\/09\/c0f4dbef291a7126312abf7f4ac4e684-1-1024x768.jpeg\" alt=\"Dordogne : le ch\u00e2teau des Milandes\" class=\"wp-image-11199\" srcset=\"https:\/\/www.saint-paul-angouleme.fr\/application\/wp-content\/uploads\/2024\/09\/c0f4dbef291a7126312abf7f4ac4e684-1-1024x768.jpeg 1024w, https:\/\/www.saint-paul-angouleme.fr\/application\/wp-content\/uploads\/2024\/09\/c0f4dbef291a7126312abf7f4ac4e684-1-300x225.jpeg 300w, https:\/\/www.saint-paul-angouleme.fr\/application\/wp-content\/uploads\/2024\/09\/c0f4dbef291a7126312abf7f4ac4e684-1-768x576.jpeg 768w, https:\/\/www.saint-paul-angouleme.fr\/application\/wp-content\/uploads\/2024\/09\/c0f4dbef291a7126312abf7f4ac4e684-1-1536x1152.jpeg 1536w, https:\/\/www.saint-paul-angouleme.fr\/application\/wp-content\/uploads\/2024\/09\/c0f4dbef291a7126312abf7f4ac4e684-1.jpeg 1706w\" sizes=\"(max-width: 1024px) 100vw, 1024px\" \/><\/figure>\n<\/figure>\n\n\n\n<figure class=\"wp-block-gallery has-nested-images columns-2 is-cropped wp-block-gallery-3 is-layout-flex wp-block-gallery-is-layout-flex\">\n<figure class=\"wp-block-image size-large\"><img loading=\"lazy\" decoding=\"async\" width=\"1024\" height=\"768\" data-id=\"11202\" src=\"https:\/\/www.saint-paul-angouleme.fr\/application\/wp-content\/uploads\/2024\/09\/01fec8d03c233a3494bd878d3559aab5-1024x768.jpeg\" alt=\"\" class=\"wp-image-11202\" srcset=\"https:\/\/www.saint-paul-angouleme.fr\/application\/wp-content\/uploads\/2024\/09\/01fec8d03c233a3494bd878d3559aab5-1024x768.jpeg 1024w, https:\/\/www.saint-paul-angouleme.fr\/application\/wp-content\/uploads\/2024\/09\/01fec8d03c233a3494bd878d3559aab5-300x225.jpeg 300w, https:\/\/www.saint-paul-angouleme.fr\/application\/wp-content\/uploads\/2024\/09\/01fec8d03c233a3494bd878d3559aab5-768x576.jpeg 768w, https:\/\/www.saint-paul-angouleme.fr\/application\/wp-content\/uploads\/2024\/09\/01fec8d03c233a3494bd878d3559aab5-1536x1152.jpeg 1536w, https:\/\/www.saint-paul-angouleme.fr\/application\/wp-content\/uploads\/2024\/09\/01fec8d03c233a3494bd878d3559aab5.jpeg 2000w\" sizes=\"(max-width: 1024px) 100vw, 1024px\" \/><\/figure>\n\n\n\n<figure class=\"wp-block-image size-large\"><img loading=\"lazy\" decoding=\"async\" width=\"768\" height=\"1024\" data-id=\"11201\" src=\"https:\/\/www.saint-paul-angouleme.fr\/application\/wp-content\/uploads\/2024\/09\/284bd5560ce49a46bbb59b427423ab34-xl-768x1024.jpg\" alt=\"\" class=\"wp-image-11201\" srcset=\"https:\/\/www.saint-paul-angouleme.fr\/application\/wp-content\/uploads\/2024\/09\/284bd5560ce49a46bbb59b427423ab34-xl-768x1024.jpg 768w, https:\/\/www.saint-paul-angouleme.fr\/application\/wp-content\/uploads\/2024\/09\/284bd5560ce49a46bbb59b427423ab34-xl-225x300.jpg 225w, https:\/\/www.saint-paul-angouleme.fr\/application\/wp-content\/uploads\/2024\/09\/284bd5560ce49a46bbb59b427423ab34-xl.jpg 999w\" sizes=\"(max-width: 768px) 100vw, 768px\" \/><\/figure>\n\n\n\n<figure class=\"wp-block-image size-large\"><img loading=\"lazy\" decoding=\"async\" width=\"1024\" height=\"771\" data-id=\"11200\" src=\"https:\/\/www.saint-paul-angouleme.fr\/application\/wp-content\/uploads\/2024\/09\/8bd4d504708621ed7bcaeb3a4e69114f-1024x771.jpeg\" alt=\"\" class=\"wp-image-11200\" srcset=\"https:\/\/www.saint-paul-angouleme.fr\/application\/wp-content\/uploads\/2024\/09\/8bd4d504708621ed7bcaeb3a4e69114f-1024x771.jpeg 1024w, https:\/\/www.saint-paul-angouleme.fr\/application\/wp-content\/uploads\/2024\/09\/8bd4d504708621ed7bcaeb3a4e69114f-300x226.jpeg 300w, https:\/\/www.saint-paul-angouleme.fr\/application\/wp-content\/uploads\/2024\/09\/8bd4d504708621ed7bcaeb3a4e69114f-768x578.jpeg 768w, https:\/\/www.saint-paul-angouleme.fr\/application\/wp-content\/uploads\/2024\/09\/8bd4d504708621ed7bcaeb3a4e69114f-1536x1157.jpeg 1536w, https:\/\/www.saint-paul-angouleme.fr\/application\/wp-content\/uploads\/2024\/09\/8bd4d504708621ed7bcaeb3a4e69114f.jpeg 2000w\" sizes=\"(max-width: 1024px) 100vw, 1024px\" \/><\/figure>\n<\/figure>\n\n\n\n<p><\/p>\n\n\n\n<h3 class=\"wp-block-heading\">L&#8217;abbaye de Cadouin, Monpazier et le ch\u00e2teau de Biron<\/h3>\n\n\n\n<p>Le lendemain matin, nous visitons le clo\u00eetre de l&#8217;<a href=\"https:\/\/abbaye-de-cadouin.com\/\">abbaye de Cadouin<\/a>. Elle est de style gothique flamboyant et il est tr\u00e8s agr\u00e9able de commencer paisiblement notre journ\u00e9e.<\/p>\n\n\n\n<figure class=\"wp-block-embed is-type-video is-provider-youtube wp-block-embed-youtube\"><div style=\"display: contents;\" >\n<div class=\"arve\" data-mode=\"normal\" data-oembed=\"1\" data-provider=\"youtube\" id=\"arve-youtube-r3ueylpcafq\">\n<div class=\"arve-inner\">\n<div class=\"arve-embed arve-embed--has-aspect-ratio\">\n<span class=\"arve-ar\" style=\"padding-top:56.250000%\"><\/span><iframe credentialless referrerpolicy=\"strict-origin-when-cross-origin\" allow=\"accelerometer &#039;none&#039;;ambient-light-sensor &#039;none&#039;;autoplay &#039;none&#039;;battery &#039;none&#039;;bluetooth &#039;none&#039;;browsing-topics &#039;none&#039;;camera &#039;none&#039;;ch-ua &#039;none&#039;;clipboard-read &#039;none&#039;;clipboard-write;display-capture &#039;none&#039;;document-domain &#039;none&#039;;domain-agent &#039;none&#039;;encrypted-media &#039;none&#039;;execution-while-not-rendered &#039;none&#039;;execution-while-out-of-viewport &#039;none&#039;;gamepad &#039;none&#039;;geolocation &#039;none&#039;;gyroscope &#039;none&#039;;hid &#039;none&#039;;identity-credentials-get &#039;none&#039;;idle-detection &#039;none&#039;;keyboard-map &#039;none&#039;;local-fonts &#039;none&#039;;magnetometer &#039;none&#039;;microphone &#039;none&#039;;midi &#039;none&#039;;navigation-override &#039;none&#039;;otp-credentials &#039;none&#039;;payment &#039;none&#039;;picture-in-picture;publickey-credentials-create &#039;none&#039;;publickey-credentials-get &#039;none&#039;;screen-wake-lock &#039;none&#039;;serial &#039;none&#039;;speaker-selection;sync-xhr &#039;none&#039;;usb &#039;none&#039;;web-share;window-management &#039;none&#039;;xr-spatial-tracking &#039;none&#039;;\" allowfullscreen class=\"arve-iframe fitvidsignore\" data-arve=\"arve-youtube-r3ueylpcafq\" data-src-no-ap=\"https:\/\/www.youtube-nocookie.com\/embed\/r3UEylpcAFQ?feature=oembed&amp;iv_load_policy=3&amp;modestbranding=1&amp;rel=0&amp;autohide=1&amp;playsinline=0&amp;autoplay=0\" frameborder=\"0\" height=\"0\" name sandbox=\"allow-scripts allow-same-origin allow-presentation allow-popups allow-popups-to-escape-sandbox\" scrolling=\"no\" src=\"https:\/\/www.youtube-nocookie.com\/embed\/r3UEylpcAFQ?feature=oembed&#038;iv_load_policy=3&#038;modestbranding=1&#038;rel=0&#038;autohide=1&#038;playsinline=0&#038;autoplay=0\" width=\"0\" title loading=\"lazy\"><\/iframe>\n\n<\/div>\n\n<\/div>\n<script type=\"application\/ld+json\">{\"@context\":\"http:\\\/\\\/schema.org\\\/\",\"@id\":\"https:\\\/\\\/www.saint-paul-angouleme.fr\\\/application\\\/deux-jours-en-dordogne-et-des-visites-extraordinaires\\\/#arve-youtube-r3ueylpcafq\",\"type\":\"VideoObject\",\"embedURL\":\"https:\\\/\\\/www.youtube-nocookie.com\\\/embed\\\/r3UEylpcAFQ?feature=oembed&iv_load_policy=3&modestbranding=1&rel=0&autohide=1&playsinline=0&autoplay=0\"}<\/script>\n<\/div>\n\n<\/div><\/figure>\n\n\n\n<p><\/p>\n\n\n\n<p>Nous nous dirigeons ensuite vers la bastide de Monpazier pour le d\u00e9jeuner. Apr\u00e8s cette pause bien agr\u00e9able nous rejoignons le ch\u00e2teau de Biron. Il est le plus vaste \u00e9difice de Nouvelle Aquitaine. Notre guide est le dynamique directeur du site. Ainsi nous n&#8217;avons pas vu passer le temps malgr\u00e9 les deux heures de visite. Il nous dispense un v\u00e9ritable cours d&#8217;histoire vivant. <\/p>\n\n\n\n<p><\/p>\n\n\n\n<figure class=\"wp-block-gallery has-nested-images columns-default is-cropped wp-block-gallery-4 is-layout-flex wp-block-gallery-is-layout-flex\">\n<figure class=\"wp-block-image size-large\"><img loading=\"lazy\" decoding=\"async\" width=\"1024\" height=\"768\" data-id=\"11203\" src=\"https:\/\/www.saint-paul-angouleme.fr\/application\/wp-content\/uploads\/2024\/09\/781720e745757f5014de621fcf2ce48e-1024x768.jpeg\" alt=\"Dordogne : abbaye de Cadouin\" class=\"wp-image-11203\" srcset=\"https:\/\/www.saint-paul-angouleme.fr\/application\/wp-content\/uploads\/2024\/09\/781720e745757f5014de621fcf2ce48e-1024x768.jpeg 1024w, https:\/\/www.saint-paul-angouleme.fr\/application\/wp-content\/uploads\/2024\/09\/781720e745757f5014de621fcf2ce48e-300x225.jpeg 300w, https:\/\/www.saint-paul-angouleme.fr\/application\/wp-content\/uploads\/2024\/09\/781720e745757f5014de621fcf2ce48e-768x576.jpeg 768w, https:\/\/www.saint-paul-angouleme.fr\/application\/wp-content\/uploads\/2024\/09\/781720e745757f5014de621fcf2ce48e-1536x1152.jpeg 1536w, https:\/\/www.saint-paul-angouleme.fr\/application\/wp-content\/uploads\/2024\/09\/781720e745757f5014de621fcf2ce48e.jpeg 2000w\" sizes=\"(max-width: 1024px) 100vw, 1024px\" \/><\/figure>\n\n\n\n<figure class=\"wp-block-image size-large\"><img loading=\"lazy\" decoding=\"async\" width=\"1024\" height=\"659\" data-id=\"11209\" src=\"https:\/\/www.saint-paul-angouleme.fr\/application\/wp-content\/uploads\/2024\/09\/b83dfbd62648963c92bc6faebda1c37e-1-1024x659.jpeg\" alt=\"\" class=\"wp-image-11209\" srcset=\"https:\/\/www.saint-paul-angouleme.fr\/application\/wp-content\/uploads\/2024\/09\/b83dfbd62648963c92bc6faebda1c37e-1-1024x659.jpeg 1024w, https:\/\/www.saint-paul-angouleme.fr\/application\/wp-content\/uploads\/2024\/09\/b83dfbd62648963c92bc6faebda1c37e-1-300x193.jpeg 300w, https:\/\/www.saint-paul-angouleme.fr\/application\/wp-content\/uploads\/2024\/09\/b83dfbd62648963c92bc6faebda1c37e-1-768x495.jpeg 768w, https:\/\/www.saint-paul-angouleme.fr\/application\/wp-content\/uploads\/2024\/09\/b83dfbd62648963c92bc6faebda1c37e-1-1536x989.jpeg 1536w, https:\/\/www.saint-paul-angouleme.fr\/application\/wp-content\/uploads\/2024\/09\/b83dfbd62648963c92bc6faebda1c37e-1.jpeg 2000w\" sizes=\"(max-width: 1024px) 100vw, 1024px\" \/><\/figure>\n\n\n\n<figure class=\"wp-block-image size-large\"><img loading=\"lazy\" decoding=\"async\" width=\"1024\" height=\"768\" data-id=\"11205\" src=\"https:\/\/www.saint-paul-angouleme.fr\/application\/wp-content\/uploads\/2024\/09\/f5aca6b41ebf27a0beebb2e60953575c-1024x768.jpeg\" alt=\"\" class=\"wp-image-11205\" srcset=\"https:\/\/www.saint-paul-angouleme.fr\/application\/wp-content\/uploads\/2024\/09\/f5aca6b41ebf27a0beebb2e60953575c-1024x768.jpeg 1024w, https:\/\/www.saint-paul-angouleme.fr\/application\/wp-content\/uploads\/2024\/09\/f5aca6b41ebf27a0beebb2e60953575c-300x225.jpeg 300w, https:\/\/www.saint-paul-angouleme.fr\/application\/wp-content\/uploads\/2024\/09\/f5aca6b41ebf27a0beebb2e60953575c-768x576.jpeg 768w, https:\/\/www.saint-paul-angouleme.fr\/application\/wp-content\/uploads\/2024\/09\/f5aca6b41ebf27a0beebb2e60953575c-1536x1152.jpeg 1536w, https:\/\/www.saint-paul-angouleme.fr\/application\/wp-content\/uploads\/2024\/09\/f5aca6b41ebf27a0beebb2e60953575c.jpeg 1706w\" sizes=\"(max-width: 1024px) 100vw, 1024px\" \/><\/figure>\n<\/figure>\n\n\n\n<figure class=\"wp-block-gallery has-nested-images columns-2 is-cropped wp-block-gallery-5 is-layout-flex wp-block-gallery-is-layout-flex\">\n<figure class=\"wp-block-image size-large\"><img loading=\"lazy\" decoding=\"async\" width=\"1024\" height=\"768\" data-id=\"11215\" src=\"https:\/\/www.saint-paul-angouleme.fr\/application\/wp-content\/uploads\/2024\/09\/7aed3f180a8fa2dca5c8b845f109ea0f-1024x768.jpeg\" alt=\"\" class=\"wp-image-11215\" srcset=\"https:\/\/www.saint-paul-angouleme.fr\/application\/wp-content\/uploads\/2024\/09\/7aed3f180a8fa2dca5c8b845f109ea0f-1024x768.jpeg 1024w, https:\/\/www.saint-paul-angouleme.fr\/application\/wp-content\/uploads\/2024\/09\/7aed3f180a8fa2dca5c8b845f109ea0f-300x225.jpeg 300w, https:\/\/www.saint-paul-angouleme.fr\/application\/wp-content\/uploads\/2024\/09\/7aed3f180a8fa2dca5c8b845f109ea0f-768x576.jpeg 768w, https:\/\/www.saint-paul-angouleme.fr\/application\/wp-content\/uploads\/2024\/09\/7aed3f180a8fa2dca5c8b845f109ea0f-1536x1152.jpeg 1536w, https:\/\/www.saint-paul-angouleme.fr\/application\/wp-content\/uploads\/2024\/09\/7aed3f180a8fa2dca5c8b845f109ea0f.jpeg 1706w\" sizes=\"(max-width: 1024px) 100vw, 1024px\" \/><\/figure>\n\n\n\n<figure class=\"wp-block-image size-large\"><img loading=\"lazy\" decoding=\"async\" width=\"1024\" height=\"768\" data-id=\"11210\" src=\"https:\/\/www.saint-paul-angouleme.fr\/application\/wp-content\/uploads\/2024\/09\/d1378240bbc0250871d958cbc6a142a3-1-1024x768.jpeg\" alt=\"\" class=\"wp-image-11210\" srcset=\"https:\/\/www.saint-paul-angouleme.fr\/application\/wp-content\/uploads\/2024\/09\/d1378240bbc0250871d958cbc6a142a3-1-1024x768.jpeg 1024w, https:\/\/www.saint-paul-angouleme.fr\/application\/wp-content\/uploads\/2024\/09\/d1378240bbc0250871d958cbc6a142a3-1-300x225.jpeg 300w, https:\/\/www.saint-paul-angouleme.fr\/application\/wp-content\/uploads\/2024\/09\/d1378240bbc0250871d958cbc6a142a3-1-768x576.jpeg 768w, https:\/\/www.saint-paul-angouleme.fr\/application\/wp-content\/uploads\/2024\/09\/d1378240bbc0250871d958cbc6a142a3-1-1536x1152.jpeg 1536w, https:\/\/www.saint-paul-angouleme.fr\/application\/wp-content\/uploads\/2024\/09\/d1378240bbc0250871d958cbc6a142a3-1.jpeg 1706w\" sizes=\"(max-width: 1024px) 100vw, 1024px\" \/><\/figure>\n\n\n\n<figure class=\"wp-block-image size-large\"><img loading=\"lazy\" decoding=\"async\" width=\"1024\" height=\"768\" data-id=\"11211\" src=\"https:\/\/www.saint-paul-angouleme.fr\/application\/wp-content\/uploads\/2024\/09\/fe148cdce3c9296c82289d5e19b1e22f-1-1024x768.jpeg\" alt=\"Dordogne: les 4\u00e8me en sortie\" class=\"wp-image-11211\" srcset=\"https:\/\/www.saint-paul-angouleme.fr\/application\/wp-content\/uploads\/2024\/09\/fe148cdce3c9296c82289d5e19b1e22f-1-1024x768.jpeg 1024w, https:\/\/www.saint-paul-angouleme.fr\/application\/wp-content\/uploads\/2024\/09\/fe148cdce3c9296c82289d5e19b1e22f-1-300x225.jpeg 300w, https:\/\/www.saint-paul-angouleme.fr\/application\/wp-content\/uploads\/2024\/09\/fe148cdce3c9296c82289d5e19b1e22f-1-768x576.jpeg 768w, https:\/\/www.saint-paul-angouleme.fr\/application\/wp-content\/uploads\/2024\/09\/fe148cdce3c9296c82289d5e19b1e22f-1-1536x1152.jpeg 1536w, https:\/\/www.saint-paul-angouleme.fr\/application\/wp-content\/uploads\/2024\/09\/fe148cdce3c9296c82289d5e19b1e22f-1.jpeg 1706w\" sizes=\"(max-width: 1024px) 100vw, 1024px\" \/><\/figure>\n<\/figure>\n\n\n\n<figure class=\"wp-block-gallery has-nested-images columns-default is-cropped wp-block-gallery-6 is-layout-flex wp-block-gallery-is-layout-flex\">\n<figure class=\"wp-block-image size-large\"><img loading=\"lazy\" decoding=\"async\" width=\"1024\" height=\"768\" data-id=\"11212\" src=\"https:\/\/www.saint-paul-angouleme.fr\/application\/wp-content\/uploads\/2024\/09\/d7953531b36dfdc65f5897d02b161ed1-1024x768.jpeg\" alt=\"\" class=\"wp-image-11212\" srcset=\"https:\/\/www.saint-paul-angouleme.fr\/application\/wp-content\/uploads\/2024\/09\/d7953531b36dfdc65f5897d02b161ed1-1024x768.jpeg 1024w, https:\/\/www.saint-paul-angouleme.fr\/application\/wp-content\/uploads\/2024\/09\/d7953531b36dfdc65f5897d02b161ed1-300x225.jpeg 300w, https:\/\/www.saint-paul-angouleme.fr\/application\/wp-content\/uploads\/2024\/09\/d7953531b36dfdc65f5897d02b161ed1-768x576.jpeg 768w, https:\/\/www.saint-paul-angouleme.fr\/application\/wp-content\/uploads\/2024\/09\/d7953531b36dfdc65f5897d02b161ed1-1536x1152.jpeg 1536w, https:\/\/www.saint-paul-angouleme.fr\/application\/wp-content\/uploads\/2024\/09\/d7953531b36dfdc65f5897d02b161ed1.jpeg 1706w\" sizes=\"(max-width: 1024px) 100vw, 1024px\" \/><\/figure>\n\n\n\n<figure class=\"wp-block-image size-large\"><img loading=\"lazy\" decoding=\"async\" width=\"768\" height=\"1024\" data-id=\"11213\" src=\"https:\/\/www.saint-paul-angouleme.fr\/application\/wp-content\/uploads\/2024\/09\/dee58cabadbd6f8ec2e7c32f99d8ff2d-768x1024.jpeg\" alt=\"\" class=\"wp-image-11213\" srcset=\"https:\/\/www.saint-paul-angouleme.fr\/application\/wp-content\/uploads\/2024\/09\/dee58cabadbd6f8ec2e7c32f99d8ff2d-768x1024.jpeg 768w, https:\/\/www.saint-paul-angouleme.fr\/application\/wp-content\/uploads\/2024\/09\/dee58cabadbd6f8ec2e7c32f99d8ff2d-225x300.jpeg 225w, https:\/\/www.saint-paul-angouleme.fr\/application\/wp-content\/uploads\/2024\/09\/dee58cabadbd6f8ec2e7c32f99d8ff2d-1152x1536.jpeg 1152w, https:\/\/www.saint-paul-angouleme.fr\/application\/wp-content\/uploads\/2024\/09\/dee58cabadbd6f8ec2e7c32f99d8ff2d.jpeg 1282w\" sizes=\"(max-width: 768px) 100vw, 768px\" \/><\/figure>\n\n\n\n<figure class=\"wp-block-image size-large\"><img loading=\"lazy\" decoding=\"async\" width=\"1024\" height=\"768\" data-id=\"11214\" src=\"https:\/\/www.saint-paul-angouleme.fr\/application\/wp-content\/uploads\/2024\/09\/e6c19029b66b3a2043e50656f221aad1-1024x768.jpeg\" alt=\"\" class=\"wp-image-11214\" srcset=\"https:\/\/www.saint-paul-angouleme.fr\/application\/wp-content\/uploads\/2024\/09\/e6c19029b66b3a2043e50656f221aad1-1024x768.jpeg 1024w, https:\/\/www.saint-paul-angouleme.fr\/application\/wp-content\/uploads\/2024\/09\/e6c19029b66b3a2043e50656f221aad1-300x225.jpeg 300w, https:\/\/www.saint-paul-angouleme.fr\/application\/wp-content\/uploads\/2024\/09\/e6c19029b66b3a2043e50656f221aad1-768x576.jpeg 768w, https:\/\/www.saint-paul-angouleme.fr\/application\/wp-content\/uploads\/2024\/09\/e6c19029b66b3a2043e50656f221aad1-1536x1152.jpeg 1536w, https:\/\/www.saint-paul-angouleme.fr\/application\/wp-content\/uploads\/2024\/09\/e6c19029b66b3a2043e50656f221aad1.jpeg 2000w\" sizes=\"(max-width: 1024px) 100vw, 1024px\" \/><\/figure>\n<\/figure>\n\n\n\n<p><\/p>\n\n\n\n<p>Sur les sites visit\u00e9s, les guides, de grande qualit\u00e9, ont remarqu\u00e9 et appr\u00e9ci\u00e9 la bonne tenue de notre groupe, son \u00e9coute et son respect de la parole diffus\u00e9e. En effet, il \u00e9tait important pour nous, organisateurs et cadres de ce d\u00e9placement, de proposer aux \u00e9l\u00e8ves pr\u00e9sents, importants en nombre, une p\u00e9dagogie diff\u00e9rente de celle men\u00e9e en classe, dans des conditions \u00e9difiantes pour chacun d\u2019entre nous, tout en contribuant \u00e0 v\u00e9hiculer du coll\u00e8ge Saint Paul une image positive et valorisante. Pari r\u00e9ussi !<\/p>\n\n\n\n<p>Sophie Dupont, pour l\u2019\u00e9quipe enseignante (d&#8217;apr\u00e8s&#8230;)<\/p>\n","protected":false},"excerpt":{"rendered":"<p>Les 17 et 18 juin 2024, une cinquantaine d\u2019\u00e9l\u00e8ves de 4\u00e8me du coll\u00e8ge Saint-Paul visite la Dordogne. Encadr\u00e9s par quatre professeurs du coll\u00e8ge Saint Paul, ils d\u00e9couvrent quelques-uns des sites patrimoniaux les plus embl\u00e9matiques du P\u00e9rigord. Dordogne : de la grotte de Lascaux au ch\u00e2teaux des Milandes La grotte de Lascaux se situe au Centre &#8230; <a title=\"S\u00e9jour de fin d\u2019ann\u00e9e en Dordogne des 401 et 403\" class=\"read-more\" href=\"https:\/\/www.saint-paul-angouleme.fr\/application\/deux-jours-en-dordogne-et-des-visites-extraordinaires\/\" aria-label=\"Read more about S\u00e9jour de fin d\u2019ann\u00e9e en Dordogne des 401 et 403\">Lire la suite<\/a><\/p>\n","protected":false},"author":3,"featured_media":11188,"comment_status":"open","ping_status":"open","sticky":false,"template":"","format":"standard","meta":{"_exactmetrics_skip_tracking":false,"_exactmetrics_sitenote_active":false,"_exactmetrics_sitenote_note":"","_exactmetrics_sitenote_category":0,"footnotes":""},"categories":[13,523],"tags":[871,873,875,869,877],"class_list":["post-11186","post","type-post","status-publish","format-standard","has-post-thumbnail","hentry","category-pedagogie","category-regard-sur","tag-abbaye-de-cadouin","tag-chateau-de-biron","tag-chateau-des-milandes","tag-dordogne","tag-lascaux"],"yoast_head":"<!-- This site is optimized with the Yoast SEO plugin v23.3 - https:\/\/yoast.com\/wordpress\/plugins\/seo\/ -->\n<title>Deux jours en Dordogne et des visites extraordinaires<\/title>\n<meta name=\"description\" content=\"Pour marquer la fin de l&#039;ann\u00e9e, deux classes se sont rendues en Dordogne pour deux jours. Visites extraordinaires et souvenirs garantis.\" \/>\n<meta name=\"robots\" content=\"index, follow, max-snippet:-1, max-image-preview:large, max-video-preview:-1\" \/>\n<link rel=\"canonical\" href=\"https:\/\/www.saint-paul-angouleme.fr\/application\/deux-jours-en-dordogne-et-des-visites-extraordinaires\/\" \/>\n<meta property=\"og:locale\" content=\"fr_FR\" \/>\n<meta property=\"og:type\" content=\"article\" \/>\n<meta property=\"og:title\" content=\"Deux jours en Dordogne et des visites extraordinaires\" \/>\n<meta property=\"og:description\" content=\"Pour marquer la fin de l&#039;ann\u00e9e, deux classes se sont rendues en Dordogne pour deux jours. Visites extraordinaires et souvenirs garantis.\" \/>\n<meta property=\"og:url\" content=\"https:\/\/www.saint-paul-angouleme.fr\/application\/deux-jours-en-dordogne-et-des-visites-extraordinaires\/\" \/>\n<meta property=\"og:site_name\" content=\"Actualit\u00e9s\" \/>\n<meta property=\"article:publisher\" content=\"https:\/\/www.facebook.com\/SaintPaulAngouleme16\/\" \/>\n<meta property=\"article:published_time\" content=\"2024-06-21T15:21:00+00:00\" \/>\n<meta property=\"article:modified_time\" content=\"2024-09-09T15:22:46+00:00\" \/>\n<meta property=\"og:image\" content=\"https:\/\/www.saint-paul-angouleme.fr\/application\/wp-content\/uploads\/2024\/09\/c33fd7612a2a5fffa0965b8da061a3ed.jpeg\" \/>\n\t<meta property=\"og:image:width\" content=\"1706\" \/>\n\t<meta property=\"og:image:height\" content=\"1280\" \/>\n\t<meta property=\"og:image:type\" content=\"image\/jpeg\" \/>\n<meta name=\"author\" content=\"SAINT-PAUL\" \/>\n<meta name=\"twitter:card\" content=\"summary_large_image\" \/>\n<meta name=\"twitter:creator\" content=\"@StPaulAngoulem\" \/>\n<meta name=\"twitter:site\" content=\"@StPaulAngoulem\" \/>\n<meta name=\"twitter:label1\" content=\"\u00c9crit par\" \/>\n\t<meta name=\"twitter:data1\" content=\"SAINT-PAUL\" \/>\n\t<meta name=\"twitter:label2\" content=\"Dur\u00e9e de lecture estim\u00e9e\" \/>\n\t<meta name=\"twitter:data2\" content=\"6 minutes\" \/>\n<script type=\"application\/ld+json\" class=\"yoast-schema-graph\">{\"@context\":\"https:\/\/schema.org\",\"@graph\":[{\"@type\":\"Article\",\"@id\":\"https:\/\/www.saint-paul-angouleme.fr\/application\/deux-jours-en-dordogne-et-des-visites-extraordinaires\/#article\",\"isPartOf\":{\"@id\":\"https:\/\/www.saint-paul-angouleme.fr\/application\/deux-jours-en-dordogne-et-des-visites-extraordinaires\/\"},\"author\":{\"name\":\"SAINT-PAUL\",\"@id\":\"https:\/\/www.saint-paul-angouleme.fr\/application\/#\/schema\/person\/ea152930b1a3823659065827b1a5fb9b\"},\"headline\":\"S\u00e9jour de fin d\u2019ann\u00e9e en Dordogne des 401 et 403\",\"datePublished\":\"2024-06-21T15:21:00+00:00\",\"dateModified\":\"2024-09-09T15:22:46+00:00\",\"mainEntityOfPage\":{\"@id\":\"https:\/\/www.saint-paul-angouleme.fr\/application\/deux-jours-en-dordogne-et-des-visites-extraordinaires\/\"},\"wordCount\":404,\"commentCount\":0,\"publisher\":{\"@id\":\"https:\/\/www.saint-paul-angouleme.fr\/application\/#organization\"},\"image\":{\"@id\":\"https:\/\/www.saint-paul-angouleme.fr\/application\/deux-jours-en-dordogne-et-des-visites-extraordinaires\/#primaryimage\"},\"thumbnailUrl\":\"https:\/\/www.saint-paul-angouleme.fr\/application\/wp-content\/uploads\/2024\/09\/c33fd7612a2a5fffa0965b8da061a3ed.jpeg\",\"keywords\":[\"Abbaye de Cadouin\",\"Ch\u00e2teau de Biron\",\"Ch\u00e2teau des Milandes\",\"Dordogne\",\"Lascaux\"],\"articleSection\":[\"P\u00e9dagogie\",\"Regard sur\"],\"inLanguage\":\"fr-FR\",\"potentialAction\":[{\"@type\":\"CommentAction\",\"name\":\"Comment\",\"target\":[\"https:\/\/www.saint-paul-angouleme.fr\/application\/deux-jours-en-dordogne-et-des-visites-extraordinaires\/#respond\"]}]},{\"@type\":\"WebPage\",\"@id\":\"https:\/\/www.saint-paul-angouleme.fr\/application\/deux-jours-en-dordogne-et-des-visites-extraordinaires\/\",\"url\":\"https:\/\/www.saint-paul-angouleme.fr\/application\/deux-jours-en-dordogne-et-des-visites-extraordinaires\/\",\"name\":\"Deux jours en Dordogne et des visites extraordinaires\",\"isPartOf\":{\"@id\":\"https:\/\/www.saint-paul-angouleme.fr\/application\/#website\"},\"primaryImageOfPage\":{\"@id\":\"https:\/\/www.saint-paul-angouleme.fr\/application\/deux-jours-en-dordogne-et-des-visites-extraordinaires\/#primaryimage\"},\"image\":{\"@id\":\"https:\/\/www.saint-paul-angouleme.fr\/application\/deux-jours-en-dordogne-et-des-visites-extraordinaires\/#primaryimage\"},\"thumbnailUrl\":\"https:\/\/www.saint-paul-angouleme.fr\/application\/wp-content\/uploads\/2024\/09\/c33fd7612a2a5fffa0965b8da061a3ed.jpeg\",\"datePublished\":\"2024-06-21T15:21:00+00:00\",\"dateModified\":\"2024-09-09T15:22:46+00:00\",\"description\":\"Pour marquer la fin de l'ann\u00e9e, deux classes se sont rendues en Dordogne pour deux jours. Visites extraordinaires et souvenirs garantis.\",\"breadcrumb\":{\"@id\":\"https:\/\/www.saint-paul-angouleme.fr\/application\/deux-jours-en-dordogne-et-des-visites-extraordinaires\/#breadcrumb\"},\"inLanguage\":\"fr-FR\",\"potentialAction\":[{\"@type\":\"ReadAction\",\"target\":[\"https:\/\/www.saint-paul-angouleme.fr\/application\/deux-jours-en-dordogne-et-des-visites-extraordinaires\/\"]}]},{\"@type\":\"ImageObject\",\"inLanguage\":\"fr-FR\",\"@id\":\"https:\/\/www.saint-paul-angouleme.fr\/application\/deux-jours-en-dordogne-et-des-visites-extraordinaires\/#primaryimage\",\"url\":\"https:\/\/www.saint-paul-angouleme.fr\/application\/wp-content\/uploads\/2024\/09\/c33fd7612a2a5fffa0965b8da061a3ed.jpeg\",\"contentUrl\":\"https:\/\/www.saint-paul-angouleme.fr\/application\/wp-content\/uploads\/2024\/09\/c33fd7612a2a5fffa0965b8da061a3ed.jpeg\",\"width\":1706,\"height\":1280,\"caption\":\"Lascaux en Dordogne\"},{\"@type\":\"BreadcrumbList\",\"@id\":\"https:\/\/www.saint-paul-angouleme.fr\/application\/deux-jours-en-dordogne-et-des-visites-extraordinaires\/#breadcrumb\",\"itemListElement\":[{\"@type\":\"ListItem\",\"position\":1,\"name\":\"Accueil\",\"item\":\"http:\/\/www.saint-paul-angouleme.fr\/application\/\"},{\"@type\":\"ListItem\",\"position\":2,\"name\":\"S\u00e9jour de fin d\u2019ann\u00e9e en Dordogne des 401 et 403\"}]},{\"@type\":\"WebSite\",\"@id\":\"https:\/\/www.saint-paul-angouleme.fr\/application\/#website\",\"url\":\"https:\/\/www.saint-paul-angouleme.fr\/application\/\",\"name\":\"Actualit\u00e9s\",\"description\":\"Actualit\u00e9s Saint Paul\",\"publisher\":{\"@id\":\"https:\/\/www.saint-paul-angouleme.fr\/application\/#organization\"},\"potentialAction\":[{\"@type\":\"SearchAction\",\"target\":{\"@type\":\"EntryPoint\",\"urlTemplate\":\"https:\/\/www.saint-paul-angouleme.fr\/application\/?s={search_term_string}\"},\"query-input\":\"required name=search_term_string\"}],\"inLanguage\":\"fr-FR\"},{\"@type\":\"Organization\",\"@id\":\"https:\/\/www.saint-paul-angouleme.fr\/application\/#organization\",\"name\":\"Ensemble scolaire Saint-Paul\",\"url\":\"https:\/\/www.saint-paul-angouleme.fr\/application\/\",\"logo\":{\"@type\":\"ImageObject\",\"inLanguage\":\"fr-FR\",\"@id\":\"https:\/\/www.saint-paul-angouleme.fr\/application\/#\/schema\/logo\/image\/\",\"url\":\"https:\/\/www.saint-paul-angouleme.fr\/application\/wp-content\/uploads\/2018\/08\/logo-saint-paul-couleurs.jpg\",\"contentUrl\":\"https:\/\/www.saint-paul-angouleme.fr\/application\/wp-content\/uploads\/2018\/08\/logo-saint-paul-couleurs.jpg\",\"width\":1890,\"height\":709,\"caption\":\"Ensemble scolaire Saint-Paul\"},\"image\":{\"@id\":\"https:\/\/www.saint-paul-angouleme.fr\/application\/#\/schema\/logo\/image\/\"},\"sameAs\":[\"https:\/\/www.facebook.com\/SaintPaulAngouleme16\/\",\"https:\/\/x.com\/StPaulAngoulem\",\"https:\/\/www.youtube.com\/channel\/UCRLpz1CmPVqc0gn--YyXvjA?view_as=subscriber\"]},{\"@type\":\"Person\",\"@id\":\"https:\/\/www.saint-paul-angouleme.fr\/application\/#\/schema\/person\/ea152930b1a3823659065827b1a5fb9b\",\"name\":\"SAINT-PAUL\",\"image\":{\"@type\":\"ImageObject\",\"inLanguage\":\"fr-FR\",\"@id\":\"https:\/\/www.saint-paul-angouleme.fr\/application\/#\/schema\/person\/image\/\",\"url\":\"https:\/\/secure.gravatar.com\/avatar\/eadb0ffebc02683a61d69038eb2924f0?s=96&r=g\",\"contentUrl\":\"https:\/\/secure.gravatar.com\/avatar\/eadb0ffebc02683a61d69038eb2924f0?s=96&r=g\",\"caption\":\"SAINT-PAUL\"},\"url\":\"https:\/\/www.saint-paul-angouleme.fr\/application\/author\/myriam\/\"}]}<\/script>\n<!-- \/ Yoast SEO plugin. -->","yoast_head_json":{"title":"Deux jours en Dordogne et des visites extraordinaires","description":"Pour marquer la fin de l'ann\u00e9e, deux classes se sont rendues en Dordogne pour deux jours. Visites extraordinaires et souvenirs garantis.","robots":{"index":"index","follow":"follow","max-snippet":"max-snippet:-1","max-image-preview":"max-image-preview:large","max-video-preview":"max-video-preview:-1"},"canonical":"https:\/\/www.saint-paul-angouleme.fr\/application\/deux-jours-en-dordogne-et-des-visites-extraordinaires\/","og_locale":"fr_FR","og_type":"article","og_title":"Deux jours en Dordogne et des visites extraordinaires","og_description":"Pour marquer la fin de l'ann\u00e9e, deux classes se sont rendues en Dordogne pour deux jours. Visites extraordinaires et souvenirs garantis.","og_url":"https:\/\/www.saint-paul-angouleme.fr\/application\/deux-jours-en-dordogne-et-des-visites-extraordinaires\/","og_site_name":"Actualit\u00e9s","article_publisher":"https:\/\/www.facebook.com\/SaintPaulAngouleme16\/","article_published_time":"2024-06-21T15:21:00+00:00","article_modified_time":"2024-09-09T15:22:46+00:00","og_image":[{"width":1706,"height":1280,"url":"https:\/\/www.saint-paul-angouleme.fr\/application\/wp-content\/uploads\/2024\/09\/c33fd7612a2a5fffa0965b8da061a3ed.jpeg","type":"image\/jpeg"}],"author":"SAINT-PAUL","twitter_card":"summary_large_image","twitter_creator":"@StPaulAngoulem","twitter_site":"@StPaulAngoulem","twitter_misc":{"\u00c9crit par":"SAINT-PAUL","Dur\u00e9e de lecture estim\u00e9e":"6 minutes"},"schema":{"@context":"https:\/\/schema.org","@graph":[{"@type":"Article","@id":"https:\/\/www.saint-paul-angouleme.fr\/application\/deux-jours-en-dordogne-et-des-visites-extraordinaires\/#article","isPartOf":{"@id":"https:\/\/www.saint-paul-angouleme.fr\/application\/deux-jours-en-dordogne-et-des-visites-extraordinaires\/"},"author":{"name":"SAINT-PAUL","@id":"https:\/\/www.saint-paul-angouleme.fr\/application\/#\/schema\/person\/ea152930b1a3823659065827b1a5fb9b"},"headline":"S\u00e9jour de fin d\u2019ann\u00e9e en Dordogne des 401 et 403","datePublished":"2024-06-21T15:21:00+00:00","dateModified":"2024-09-09T15:22:46+00:00","mainEntityOfPage":{"@id":"https:\/\/www.saint-paul-angouleme.fr\/application\/deux-jours-en-dordogne-et-des-visites-extraordinaires\/"},"wordCount":404,"commentCount":0,"publisher":{"@id":"https:\/\/www.saint-paul-angouleme.fr\/application\/#organization"},"image":{"@id":"https:\/\/www.saint-paul-angouleme.fr\/application\/deux-jours-en-dordogne-et-des-visites-extraordinaires\/#primaryimage"},"thumbnailUrl":"https:\/\/www.saint-paul-angouleme.fr\/application\/wp-content\/uploads\/2024\/09\/c33fd7612a2a5fffa0965b8da061a3ed.jpeg","keywords":["Abbaye de Cadouin","Ch\u00e2teau de Biron","Ch\u00e2teau des Milandes","Dordogne","Lascaux"],"articleSection":["P\u00e9dagogie","Regard sur"],"inLanguage":"fr-FR","potentialAction":[{"@type":"CommentAction","name":"Comment","target":["https:\/\/www.saint-paul-angouleme.fr\/application\/deux-jours-en-dordogne-et-des-visites-extraordinaires\/#respond"]}]},{"@type":"WebPage","@id":"https:\/\/www.saint-paul-angouleme.fr\/application\/deux-jours-en-dordogne-et-des-visites-extraordinaires\/","url":"https:\/\/www.saint-paul-angouleme.fr\/application\/deux-jours-en-dordogne-et-des-visites-extraordinaires\/","name":"Deux jours en Dordogne et des visites extraordinaires","isPartOf":{"@id":"https:\/\/www.saint-paul-angouleme.fr\/application\/#website"},"primaryImageOfPage":{"@id":"https:\/\/www.saint-paul-angouleme.fr\/application\/deux-jours-en-dordogne-et-des-visites-extraordinaires\/#primaryimage"},"image":{"@id":"https:\/\/www.saint-paul-angouleme.fr\/application\/deux-jours-en-dordogne-et-des-visites-extraordinaires\/#primaryimage"},"thumbnailUrl":"https:\/\/www.saint-paul-angouleme.fr\/application\/wp-content\/uploads\/2024\/09\/c33fd7612a2a5fffa0965b8da061a3ed.jpeg","datePublished":"2024-06-21T15:21:00+00:00","dateModified":"2024-09-09T15:22:46+00:00","description":"Pour marquer la fin de l'ann\u00e9e, deux classes se sont rendues en Dordogne pour deux jours. Visites extraordinaires et souvenirs garantis.","breadcrumb":{"@id":"https:\/\/www.saint-paul-angouleme.fr\/application\/deux-jours-en-dordogne-et-des-visites-extraordinaires\/#breadcrumb"},"inLanguage":"fr-FR","potentialAction":[{"@type":"ReadAction","target":["https:\/\/www.saint-paul-angouleme.fr\/application\/deux-jours-en-dordogne-et-des-visites-extraordinaires\/"]}]},{"@type":"ImageObject","inLanguage":"fr-FR","@id":"https:\/\/www.saint-paul-angouleme.fr\/application\/deux-jours-en-dordogne-et-des-visites-extraordinaires\/#primaryimage","url":"https:\/\/www.saint-paul-angouleme.fr\/application\/wp-content\/uploads\/2024\/09\/c33fd7612a2a5fffa0965b8da061a3ed.jpeg","contentUrl":"https:\/\/www.saint-paul-angouleme.fr\/application\/wp-content\/uploads\/2024\/09\/c33fd7612a2a5fffa0965b8da061a3ed.jpeg","width":1706,"height":1280,"caption":"Lascaux en Dordogne"},{"@type":"BreadcrumbList","@id":"https:\/\/www.saint-paul-angouleme.fr\/application\/deux-jours-en-dordogne-et-des-visites-extraordinaires\/#breadcrumb","itemListElement":[{"@type":"ListItem","position":1,"name":"Accueil","item":"http:\/\/www.saint-paul-angouleme.fr\/application\/"},{"@type":"ListItem","position":2,"name":"S\u00e9jour de fin d\u2019ann\u00e9e en Dordogne des 401 et 403"}]},{"@type":"WebSite","@id":"https:\/\/www.saint-paul-angouleme.fr\/application\/#website","url":"https:\/\/www.saint-paul-angouleme.fr\/application\/","name":"Actualit\u00e9s","description":"Actualit\u00e9s Saint Paul","publisher":{"@id":"https:\/\/www.saint-paul-angouleme.fr\/application\/#organization"},"potentialAction":[{"@type":"SearchAction","target":{"@type":"EntryPoint","urlTemplate":"https:\/\/www.saint-paul-angouleme.fr\/application\/?s={search_term_string}"},"query-input":"required name=search_term_string"}],"inLanguage":"fr-FR"},{"@type":"Organization","@id":"https:\/\/www.saint-paul-angouleme.fr\/application\/#organization","name":"Ensemble scolaire Saint-Paul","url":"https:\/\/www.saint-paul-angouleme.fr\/application\/","logo":{"@type":"ImageObject","inLanguage":"fr-FR","@id":"https:\/\/www.saint-paul-angouleme.fr\/application\/#\/schema\/logo\/image\/","url":"https:\/\/www.saint-paul-angouleme.fr\/application\/wp-content\/uploads\/2018\/08\/logo-saint-paul-couleurs.jpg","contentUrl":"https:\/\/www.saint-paul-angouleme.fr\/application\/wp-content\/uploads\/2018\/08\/logo-saint-paul-couleurs.jpg","width":1890,"height":709,"caption":"Ensemble scolaire Saint-Paul"},"image":{"@id":"https:\/\/www.saint-paul-angouleme.fr\/application\/#\/schema\/logo\/image\/"},"sameAs":["https:\/\/www.facebook.com\/SaintPaulAngouleme16\/","https:\/\/x.com\/StPaulAngoulem","https:\/\/www.youtube.com\/channel\/UCRLpz1CmPVqc0gn--YyXvjA?view_as=subscriber"]},{"@type":"Person","@id":"https:\/\/www.saint-paul-angouleme.fr\/application\/#\/schema\/person\/ea152930b1a3823659065827b1a5fb9b","name":"SAINT-PAUL","image":{"@type":"ImageObject","inLanguage":"fr-FR","@id":"https:\/\/www.saint-paul-angouleme.fr\/application\/#\/schema\/person\/image\/","url":"https:\/\/secure.gravatar.com\/avatar\/eadb0ffebc02683a61d69038eb2924f0?s=96&r=g","contentUrl":"https:\/\/secure.gravatar.com\/avatar\/eadb0ffebc02683a61d69038eb2924f0?s=96&r=g","caption":"SAINT-PAUL"},"url":"https:\/\/www.saint-paul-angouleme.fr\/application\/author\/myriam\/"}]}},"_links":{"self":[{"href":"https:\/\/www.saint-paul-angouleme.fr\/application\/wp-json\/wp\/v2\/posts\/11186"}],"collection":[{"href":"https:\/\/www.saint-paul-angouleme.fr\/application\/wp-json\/wp\/v2\/posts"}],"about":[{"href":"https:\/\/www.saint-paul-angouleme.fr\/application\/wp-json\/wp\/v2\/types\/post"}],"author":[{"embeddable":true,"href":"https:\/\/www.saint-paul-angouleme.fr\/application\/wp-json\/wp\/v2\/users\/3"}],"replies":[{"embeddable":true,"href":"https:\/\/www.saint-paul-angouleme.fr\/application\/wp-json\/wp\/v2\/comments?post=11186"}],"version-history":[{"count":2,"href":"https:\/\/www.saint-paul-angouleme.fr\/application\/wp-json\/wp\/v2\/posts\/11186\/revisions"}],"predecessor-version":[{"id":11217,"href":"https:\/\/www.saint-paul-angouleme.fr\/application\/wp-json\/wp\/v2\/posts\/11186\/revisions\/11217"}],"wp:featuredmedia":[{"embeddable":true,"href":"https:\/\/www.saint-paul-angouleme.fr\/application\/wp-json\/wp\/v2\/media\/11188"}],"wp:attachment":[{"href":"https:\/\/www.saint-paul-angouleme.fr\/application\/wp-json\/wp\/v2\/media?parent=11186"}],"wp:term":[{"taxonomy":"category","embeddable":true,"href":"https:\/\/www.saint-paul-angouleme.fr\/application\/wp-json\/wp\/v2\/categories?post=11186"},{"taxonomy":"post_tag","embeddable":true,"href":"https:\/\/www.saint-paul-angouleme.fr\/application\/wp-json\/wp\/v2\/tags?post=11186"}],"curies":[{"name":"wp","href":"https:\/\/api.w.org\/{rel}","templated":true}]}}