{"id":11139,"date":"2024-06-21T16:47:00","date_gmt":"2024-06-21T14:47:00","guid":{"rendered":"https:\/\/www.saint-paul-angouleme.fr\/application\/?p=11139"},"modified":"2024-08-22T16:55:53","modified_gmt":"2024-08-22T14:55:53","slug":"theatre-deux-ateliers-et-deux-representations-pour-la-fin-dannee","status":"publish","type":"post","link":"https:\/\/www.saint-paul-angouleme.fr\/application\/theatre-deux-ateliers-et-deux-representations-pour-la-fin-dannee\/","title":{"rendered":"Th\u00e9\u00e2tre : deux ateliers et deux repr\u00e9sentations pour la fin d&#8217;ann\u00e9e"},"content":{"rendered":"\n<figure class=\"wp-block-image size-large\"><img loading=\"lazy\" decoding=\"async\" width=\"1024\" height=\"683\" src=\"https:\/\/www.saint-paul-angouleme.fr\/application\/wp-content\/uploads\/2024\/08\/Theatre_24-1024x683.jpg\" alt=\"La troupe du th\u00e9\u00e2tre lyc\u00e9e\" class=\"wp-image-11141\" srcset=\"https:\/\/www.saint-paul-angouleme.fr\/application\/wp-content\/uploads\/2024\/08\/Theatre_24-1024x683.jpg 1024w, https:\/\/www.saint-paul-angouleme.fr\/application\/wp-content\/uploads\/2024\/08\/Theatre_24-300x200.jpg 300w, https:\/\/www.saint-paul-angouleme.fr\/application\/wp-content\/uploads\/2024\/08\/Theatre_24-768x512.jpg 768w, https:\/\/www.saint-paul-angouleme.fr\/application\/wp-content\/uploads\/2024\/08\/Theatre_24.jpg 1410w\" sizes=\"(max-width: 1024px) 100vw, 1024px\" \/><\/figure>\n\n\n\n<p><\/p>\n\n\n\n<h3 class=\"wp-block-heading\">THEATRE : une tradition \u00e0 Saint-Paul<\/h3>\n\n\n\n<p>Le Lyc\u00e9e Saint Paul et le th\u00e9\u00e2tre sont de vieux amis, au point qu\u2019un de ses anciens \u00e9l\u00e8ves, <a href=\"https:\/\/ericlaugerias.com\/\" target=\"_blank\" rel=\"noreferrer noopener\">Eric LAUGERIAS<\/a>, a choisi cette voie, y fait carri\u00e8re et nous a soutenus en 2015. Des ann\u00e9es durant, M. CHADUTEAU, professeur de Lettres, a men\u00e9 sa troupe de main de ma\u00eetre. Depuis 2014, le th\u00e9\u00e2tre fait \u00e0 nouveau partie int\u00e9grante de la formation \u00e0 Saint Paul. Les \u00e9l\u00e8ves y trouvent la joie de la collaboration, un accompagnement dans l\u2019affirmation de soi et une pr\u00e9paration \u00e0 la prise de parole en public. <\/p>\n\n\n\n<p>Les textes sont vari\u00e9s : Ribbes, Guitry, Courteline, Labiche, Feydeau, Fran\u00e7ois Morel et Shakespeare.<\/p>\n\n\n\n<p><\/p>\n\n\n\n<h3 class=\"wp-block-heading\">THEATRE : Mme GABRIEL prend le relais<\/h3>\n\n\n\n<p>Depuis de nombreuses ann\u00e9es Madame GABRIEL, professeure de Lettres au Lyc\u00e9e, a reprit le flambeau et conduit l&#8217;atelier th\u00e9\u00e2tre du Lyc\u00e9e avec, jusqu&#8217;\u00e0 l&#8217;an dernier, l&#8217;aide d&#8217;un com\u00e9dien professionnel <a href=\"https:\/\/vimeo.com\/317661174?turnstile=0.YbFBXeNLfjr6dqqVcLgE8R7UfxAXHSy6sNSGI9TaTgn3gpXyBfbkNtam5VGMQsh-J9-VSQt9nhj4rerxpDfoJ1Ub1CkQNpKmn4ZbB2VOsX2FjdITTYObQYQHf9HX165FYrAQbQND7LV6KWJQu2FeLXlX3w2R_gK_L7ObYW7PICsEpF23Gy4a33eRS-GtWr33UKKyCSCBbr9iQw1pleUNFkGpecaaOsTv_-jVw23Ru5nf7RldfKd1KqMutWbBhPlgQlF1VcspmR-cA_oHOiJ4zrjsrorEQB4FLBw2s54vIQkszluP6_7inVTt6cMAlP4pWnAsGmmyxQhwhD41s9XpXns4W0aJeW8N5vrEcpYjzR2afTlE3euyr4K_Sm5rzohHWiRS9ADmB3OaojN-A2B4qdB9DMSdV-GZBfsdd6Xie1c.NLkTf6pXKnbbe0Y0-N_oQQ.7e8b9ec93c8b23d23384be2b6860b3917f3b8f8ff37fe29af2590e9be0674169\" target=\"_blank\" rel=\"noreferrer noopener\">David POUGNAUD-BARILLON<\/a>.<\/p>\n\n\n\n<p><a href=\"https:\/\/francoismorel.com\/\" target=\"_blank\" rel=\"noreferrer noopener\">Fran\u00e7ois MOREL<\/a> a eu la gentillesse de venir \u00e0 deux reprises \u00e0 Saint-Paul (2018 et 2019) et m\u00eame faire une <a href=\"https:\/\/www.saint-paul-angouleme.fr\/application\/latelier-theatre-accueille-francois-morel\/\" target=\"_blank\" rel=\"noreferrer noopener\">master classe<\/a> (2019) pour les apprentis com\u00e9diens. Depuis l&#8217;an dernier, le coll\u00e8ge a aussi sa propre troupe.<\/p>\n\n\n\n<p><\/p>\n\n\n<div class=\"wp-block-image\">\n<figure class=\"aligncenter size-large\"><img loading=\"lazy\" decoding=\"async\" width=\"724\" height=\"1024\" src=\"https:\/\/www.saint-paul-angouleme.fr\/application\/wp-content\/uploads\/2024\/08\/Le_malade_imaginaire_-_college-724x1024.jpg\" alt=\"\" class=\"wp-image-11143\" srcset=\"https:\/\/www.saint-paul-angouleme.fr\/application\/wp-content\/uploads\/2024\/08\/Le_malade_imaginaire_-_college-724x1024.jpg 724w, https:\/\/www.saint-paul-angouleme.fr\/application\/wp-content\/uploads\/2024\/08\/Le_malade_imaginaire_-_college-212x300.jpg 212w, https:\/\/www.saint-paul-angouleme.fr\/application\/wp-content\/uploads\/2024\/08\/Le_malade_imaginaire_-_college-768x1086.jpg 768w, https:\/\/www.saint-paul-angouleme.fr\/application\/wp-content\/uploads\/2024\/08\/Le_malade_imaginaire_-_college-1086x1536.jpg 1086w, https:\/\/www.saint-paul-angouleme.fr\/application\/wp-content\/uploads\/2024\/08\/Le_malade_imaginaire_-_college.jpg 1240w\" sizes=\"(max-width: 724px) 100vw, 724px\" \/><\/figure><\/div>\n\n\n<p><\/p>\n\n\n<div class=\"wp-block-image\">\n<figure class=\"aligncenter size-large\"><img loading=\"lazy\" decoding=\"async\" width=\"724\" height=\"1024\" src=\"https:\/\/www.saint-paul-angouleme.fr\/application\/wp-content\/uploads\/2024\/08\/Conference_Pomme_de_reinette_et_pomme_davis_ou_mieux_comprendre_la_discorde-724x1024.jpg\" alt=\"\" class=\"wp-image-11144\" srcset=\"https:\/\/www.saint-paul-angouleme.fr\/application\/wp-content\/uploads\/2024\/08\/Conference_Pomme_de_reinette_et_pomme_davis_ou_mieux_comprendre_la_discorde-724x1024.jpg 724w, https:\/\/www.saint-paul-angouleme.fr\/application\/wp-content\/uploads\/2024\/08\/Conference_Pomme_de_reinette_et_pomme_davis_ou_mieux_comprendre_la_discorde-212x300.jpg 212w, https:\/\/www.saint-paul-angouleme.fr\/application\/wp-content\/uploads\/2024\/08\/Conference_Pomme_de_reinette_et_pomme_davis_ou_mieux_comprendre_la_discorde-768x1086.jpg 768w, https:\/\/www.saint-paul-angouleme.fr\/application\/wp-content\/uploads\/2024\/08\/Conference_Pomme_de_reinette_et_pomme_davis_ou_mieux_comprendre_la_discorde-1086x1536.jpg 1086w, https:\/\/www.saint-paul-angouleme.fr\/application\/wp-content\/uploads\/2024\/08\/Conference_Pomme_de_reinette_et_pomme_davis_ou_mieux_comprendre_la_discorde.jpg 1240w\" sizes=\"(max-width: 724px) 100vw, 724px\" \/><\/figure><\/div>\n\n\n<p><\/p>\n\n\n\n<p>Les 16 et 17 mai 2024 deux repr\u00e9sentations ont donc eu lieu le m\u00eame soir, en deux endroits distincts (Cf. les affiches ci-dessus). Le public, venu nombreux, a appr\u00e9ci\u00e9 le travail et le talent de nos com\u00e9diens en herbe.<\/p>\n\n\n\n<figure class=\"wp-block-gallery has-nested-images columns-2 is-cropped wp-block-gallery-1 is-layout-flex wp-block-gallery-is-layout-flex\">\n<figure class=\"wp-block-image size-large\"><img loading=\"lazy\" decoding=\"async\" width=\"1024\" height=\"683\" data-id=\"11146\" src=\"https:\/\/www.saint-paul-angouleme.fr\/application\/wp-content\/uploads\/2024\/08\/01.-1024x683.jpg\" alt=\"Th\u00e9\u00e2tre : reprise du sketch &quot;le Scrabble&quot;\" class=\"wp-image-11146\" srcset=\"https:\/\/www.saint-paul-angouleme.fr\/application\/wp-content\/uploads\/2024\/08\/01.-1024x683.jpg 1024w, https:\/\/www.saint-paul-angouleme.fr\/application\/wp-content\/uploads\/2024\/08\/01.-300x200.jpg 300w, https:\/\/www.saint-paul-angouleme.fr\/application\/wp-content\/uploads\/2024\/08\/01.-768x512.jpg 768w, https:\/\/www.saint-paul-angouleme.fr\/application\/wp-content\/uploads\/2024\/08\/01.-1536x1024.jpg 1536w, https:\/\/www.saint-paul-angouleme.fr\/application\/wp-content\/uploads\/2024\/08\/01.-2048x1365.jpg 2048w\" sizes=\"(max-width: 1024px) 100vw, 1024px\" \/><\/figure>\n\n\n\n<figure class=\"wp-block-image size-large\"><img loading=\"lazy\" decoding=\"async\" width=\"1024\" height=\"683\" data-id=\"11145\" src=\"https:\/\/www.saint-paul-angouleme.fr\/application\/wp-content\/uploads\/2024\/08\/02.-1024x683.jpg\" alt=\"Th\u00e9\u00e2tre : la tirade de Cyrano\" class=\"wp-image-11145\" srcset=\"https:\/\/www.saint-paul-angouleme.fr\/application\/wp-content\/uploads\/2024\/08\/02.-1024x683.jpg 1024w, https:\/\/www.saint-paul-angouleme.fr\/application\/wp-content\/uploads\/2024\/08\/02.-300x200.jpg 300w, https:\/\/www.saint-paul-angouleme.fr\/application\/wp-content\/uploads\/2024\/08\/02.-768x512.jpg 768w, https:\/\/www.saint-paul-angouleme.fr\/application\/wp-content\/uploads\/2024\/08\/02.-1536x1024.jpg 1536w, https:\/\/www.saint-paul-angouleme.fr\/application\/wp-content\/uploads\/2024\/08\/02.-2048x1365.jpg 2048w\" sizes=\"(max-width: 1024px) 100vw, 1024px\" \/><\/figure>\n\n\n\n<figure class=\"wp-block-image size-large\"><img loading=\"lazy\" decoding=\"async\" width=\"1024\" height=\"683\" data-id=\"11147\" src=\"https:\/\/www.saint-paul-angouleme.fr\/application\/wp-content\/uploads\/2024\/08\/03.-1024x683.jpg\" alt=\"\" class=\"wp-image-11147\" srcset=\"https:\/\/www.saint-paul-angouleme.fr\/application\/wp-content\/uploads\/2024\/08\/03.-1024x683.jpg 1024w, https:\/\/www.saint-paul-angouleme.fr\/application\/wp-content\/uploads\/2024\/08\/03.-300x200.jpg 300w, https:\/\/www.saint-paul-angouleme.fr\/application\/wp-content\/uploads\/2024\/08\/03.-768x512.jpg 768w, https:\/\/www.saint-paul-angouleme.fr\/application\/wp-content\/uploads\/2024\/08\/03.-1536x1024.jpg 1536w, https:\/\/www.saint-paul-angouleme.fr\/application\/wp-content\/uploads\/2024\/08\/03.-2048x1365.jpg 2048w\" sizes=\"(max-width: 1024px) 100vw, 1024px\" \/><\/figure>\n\n\n\n<figure class=\"wp-block-image size-large\"><img loading=\"lazy\" decoding=\"async\" width=\"1024\" height=\"683\" data-id=\"11148\" src=\"https:\/\/www.saint-paul-angouleme.fr\/application\/wp-content\/uploads\/2024\/08\/04.-1024x683.jpg\" alt=\"\" class=\"wp-image-11148\" srcset=\"https:\/\/www.saint-paul-angouleme.fr\/application\/wp-content\/uploads\/2024\/08\/04.-1024x683.jpg 1024w, https:\/\/www.saint-paul-angouleme.fr\/application\/wp-content\/uploads\/2024\/08\/04.-300x200.jpg 300w, https:\/\/www.saint-paul-angouleme.fr\/application\/wp-content\/uploads\/2024\/08\/04.-768x512.jpg 768w, https:\/\/www.saint-paul-angouleme.fr\/application\/wp-content\/uploads\/2024\/08\/04.-1536x1024.jpg 1536w, https:\/\/www.saint-paul-angouleme.fr\/application\/wp-content\/uploads\/2024\/08\/04.-2048x1365.jpg 2048w\" sizes=\"(max-width: 1024px) 100vw, 1024px\" \/><\/figure>\n\n\n\n<figure class=\"wp-block-image size-large\"><img loading=\"lazy\" decoding=\"async\" width=\"1024\" height=\"683\" data-id=\"11149\" src=\"https:\/\/www.saint-paul-angouleme.fr\/application\/wp-content\/uploads\/2024\/08\/05.-1024x683.jpg\" alt=\"\" class=\"wp-image-11149\" srcset=\"https:\/\/www.saint-paul-angouleme.fr\/application\/wp-content\/uploads\/2024\/08\/05.-1024x683.jpg 1024w, https:\/\/www.saint-paul-angouleme.fr\/application\/wp-content\/uploads\/2024\/08\/05.-300x200.jpg 300w, https:\/\/www.saint-paul-angouleme.fr\/application\/wp-content\/uploads\/2024\/08\/05.-768x512.jpg 768w, https:\/\/www.saint-paul-angouleme.fr\/application\/wp-content\/uploads\/2024\/08\/05.-1536x1024.jpg 1536w, https:\/\/www.saint-paul-angouleme.fr\/application\/wp-content\/uploads\/2024\/08\/05.-2048x1365.jpg 2048w\" sizes=\"(max-width: 1024px) 100vw, 1024px\" \/><\/figure>\n\n\n\n<figure class=\"wp-block-image size-large\"><img loading=\"lazy\" decoding=\"async\" width=\"1024\" height=\"683\" data-id=\"11150\" src=\"https:\/\/www.saint-paul-angouleme.fr\/application\/wp-content\/uploads\/2024\/08\/06.-1024x683.jpg\" alt=\"\" class=\"wp-image-11150\" srcset=\"https:\/\/www.saint-paul-angouleme.fr\/application\/wp-content\/uploads\/2024\/08\/06.-1024x683.jpg 1024w, https:\/\/www.saint-paul-angouleme.fr\/application\/wp-content\/uploads\/2024\/08\/06.-300x200.jpg 300w, https:\/\/www.saint-paul-angouleme.fr\/application\/wp-content\/uploads\/2024\/08\/06.-768x512.jpg 768w, https:\/\/www.saint-paul-angouleme.fr\/application\/wp-content\/uploads\/2024\/08\/06.-1536x1024.jpg 1536w, https:\/\/www.saint-paul-angouleme.fr\/application\/wp-content\/uploads\/2024\/08\/06.-2048x1365.jpg 2048w\" sizes=\"(max-width: 1024px) 100vw, 1024px\" \/><\/figure>\n\n\n\n<figure class=\"wp-block-image size-large\"><img loading=\"lazy\" decoding=\"async\" width=\"1024\" height=\"683\" data-id=\"11151\" src=\"https:\/\/www.saint-paul-angouleme.fr\/application\/wp-content\/uploads\/2024\/08\/07.-1024x683.jpg\" alt=\"\" class=\"wp-image-11151\" srcset=\"https:\/\/www.saint-paul-angouleme.fr\/application\/wp-content\/uploads\/2024\/08\/07.-1024x683.jpg 1024w, https:\/\/www.saint-paul-angouleme.fr\/application\/wp-content\/uploads\/2024\/08\/07.-300x200.jpg 300w, https:\/\/www.saint-paul-angouleme.fr\/application\/wp-content\/uploads\/2024\/08\/07.-768x512.jpg 768w, https:\/\/www.saint-paul-angouleme.fr\/application\/wp-content\/uploads\/2024\/08\/07.-1536x1024.jpg 1536w, https:\/\/www.saint-paul-angouleme.fr\/application\/wp-content\/uploads\/2024\/08\/07.-2048x1365.jpg 2048w\" sizes=\"(max-width: 1024px) 100vw, 1024px\" \/><\/figure>\n\n\n\n<figure class=\"wp-block-image size-large\"><img loading=\"lazy\" decoding=\"async\" width=\"1024\" height=\"677\" data-id=\"11152\" src=\"https:\/\/www.saint-paul-angouleme.fr\/application\/wp-content\/uploads\/2024\/08\/08.-1024x677.jpg\" alt=\"\" class=\"wp-image-11152\" srcset=\"https:\/\/www.saint-paul-angouleme.fr\/application\/wp-content\/uploads\/2024\/08\/08.-1024x677.jpg 1024w, https:\/\/www.saint-paul-angouleme.fr\/application\/wp-content\/uploads\/2024\/08\/08.-300x198.jpg 300w, https:\/\/www.saint-paul-angouleme.fr\/application\/wp-content\/uploads\/2024\/08\/08.-768x508.jpg 768w, https:\/\/www.saint-paul-angouleme.fr\/application\/wp-content\/uploads\/2024\/08\/08.-1536x1016.jpg 1536w, https:\/\/www.saint-paul-angouleme.fr\/application\/wp-content\/uploads\/2024\/08\/08.-2048x1355.jpg 2048w\" sizes=\"(max-width: 1024px) 100vw, 1024px\" \/><\/figure>\n<\/figure>\n\n\n\n<p><\/p>\n\n\n\n<h3 class=\"wp-block-heading\">THEATRE ET SOLIDARITE<\/h3>\n\n\n\n<p>L&#8217;Atelier Lyc\u00e9e, compos\u00e9 d&#8217;une trentaine d&#8217;\u00e9l\u00e8ves, propose cette ann\u00e9e une succession de sketchs. Sous l&#8217;intitul\u00e9 &#8220;Pomme de reinette et pomme d&#8217;avis&#8221;, l&#8217;id\u00e9e est de m\u00e9langer plusieurs textes autour de la dispute. La mise en sc\u00e8ne est de Aur\u00e9lia BALITRAN. <\/p>\n\n\n\n<p>Chaque ann\u00e9e, l&#8217;atelier th\u00e9\u00e2tre soutient un projet, une association. Grace \u00e0 la participation du public 500 \u20ac ont pu \u00eatre remis \u00e0 l&#8217;ADAPEI le vendredi 14 juin 2024. Cela permettra \u00e0 cinq enfants handicap\u00e9s, de 6 \u00e0 10 ans, de suivre des ateliers de cirque pendant une ann\u00e9e. Un cadeau tr\u00e8s appr\u00e9ci\u00e9 par l&#8217;\u00e9quipe de l&#8217;<a href=\"https:\/\/adapei-charente.fr\/\" target=\"_blank\" rel=\"noreferrer noopener\">ADAPEI<\/a> venue rencontrer quelques jeunes. Merci \u00e0 chacun(e) !<\/p>\n\n\n\n<p><\/p>\n\n\n\n<figure class=\"wp-block-gallery has-nested-images columns-2 is-cropped wp-block-gallery-2 is-layout-flex wp-block-gallery-is-layout-flex\">\n<figure class=\"wp-block-image size-large\"><img loading=\"lazy\" decoding=\"async\" width=\"1024\" height=\"576\" data-id=\"11154\" src=\"https:\/\/www.saint-paul-angouleme.fr\/application\/wp-content\/uploads\/2024\/08\/Media-3-1024x576.jpeg\" alt=\"\" class=\"wp-image-11154\" srcset=\"https:\/\/www.saint-paul-angouleme.fr\/application\/wp-content\/uploads\/2024\/08\/Media-3-1024x576.jpeg 1024w, https:\/\/www.saint-paul-angouleme.fr\/application\/wp-content\/uploads\/2024\/08\/Media-3-300x169.jpeg 300w, https:\/\/www.saint-paul-angouleme.fr\/application\/wp-content\/uploads\/2024\/08\/Media-3-768x432.jpeg 768w, https:\/\/www.saint-paul-angouleme.fr\/application\/wp-content\/uploads\/2024\/08\/Media-3-1536x864.jpeg 1536w, https:\/\/www.saint-paul-angouleme.fr\/application\/wp-content\/uploads\/2024\/08\/Media-3.jpeg 1920w\" sizes=\"(max-width: 1024px) 100vw, 1024px\" \/><\/figure>\n\n\n\n<figure class=\"wp-block-image size-large\"><img loading=\"lazy\" decoding=\"async\" width=\"1024\" height=\"576\" data-id=\"11153\" src=\"https:\/\/www.saint-paul-angouleme.fr\/application\/wp-content\/uploads\/2024\/08\/Media-4-1024x576.jpeg\" alt=\"\" class=\"wp-image-11153\" srcset=\"https:\/\/www.saint-paul-angouleme.fr\/application\/wp-content\/uploads\/2024\/08\/Media-4-1024x576.jpeg 1024w, https:\/\/www.saint-paul-angouleme.fr\/application\/wp-content\/uploads\/2024\/08\/Media-4-300x169.jpeg 300w, https:\/\/www.saint-paul-angouleme.fr\/application\/wp-content\/uploads\/2024\/08\/Media-4-768x432.jpeg 768w, https:\/\/www.saint-paul-angouleme.fr\/application\/wp-content\/uploads\/2024\/08\/Media-4-1536x864.jpeg 1536w, https:\/\/www.saint-paul-angouleme.fr\/application\/wp-content\/uploads\/2024\/08\/Media-4.jpeg 1920w\" sizes=\"(max-width: 1024px) 100vw, 1024px\" \/><\/figure>\n\n\n\n<figure class=\"wp-block-image size-large\"><img loading=\"lazy\" decoding=\"async\" width=\"1024\" height=\"576\" data-id=\"11157\" src=\"https:\/\/www.saint-paul-angouleme.fr\/application\/wp-content\/uploads\/2024\/08\/Media-5-1024x576.jpeg\" alt=\"\" class=\"wp-image-11157\" srcset=\"https:\/\/www.saint-paul-angouleme.fr\/application\/wp-content\/uploads\/2024\/08\/Media-5-1024x576.jpeg 1024w, https:\/\/www.saint-paul-angouleme.fr\/application\/wp-content\/uploads\/2024\/08\/Media-5-300x169.jpeg 300w, https:\/\/www.saint-paul-angouleme.fr\/application\/wp-content\/uploads\/2024\/08\/Media-5-768x432.jpeg 768w, https:\/\/www.saint-paul-angouleme.fr\/application\/wp-content\/uploads\/2024\/08\/Media-5-1536x864.jpeg 1536w, https:\/\/www.saint-paul-angouleme.fr\/application\/wp-content\/uploads\/2024\/08\/Media-5.jpeg 1920w\" sizes=\"(max-width: 1024px) 100vw, 1024px\" \/><\/figure>\n<\/figure>\n\n\n\n<p><\/p>\n","protected":false},"excerpt":{"rendered":"<p>THEATRE : une tradition \u00e0 Saint-Paul Le Lyc\u00e9e Saint Paul et le th\u00e9\u00e2tre sont de vieux amis, au point qu\u2019un de ses anciens \u00e9l\u00e8ves, Eric LAUGERIAS, a choisi cette voie, y fait carri\u00e8re et nous a soutenus en 2015. Des ann\u00e9es durant, M. CHADUTEAU, professeur de Lettres, a men\u00e9 sa troupe de main de ma\u00eetre. &#8230; <a title=\"Th\u00e9\u00e2tre : deux ateliers et deux repr\u00e9sentations pour la fin d&#8217;ann\u00e9e\" class=\"read-more\" href=\"https:\/\/www.saint-paul-angouleme.fr\/application\/theatre-deux-ateliers-et-deux-representations-pour-la-fin-dannee\/\" aria-label=\"Read more about Th\u00e9\u00e2tre : deux ateliers et deux repr\u00e9sentations pour la fin d&#8217;ann\u00e9e\">Lire la suite<\/a><\/p>\n","protected":false},"author":3,"featured_media":11175,"comment_status":"open","ping_status":"open","sticky":false,"template":"","format":"standard","meta":{"_exactmetrics_skip_tracking":false,"_exactmetrics_sitenote_active":false,"_exactmetrics_sitenote_note":"","_exactmetrics_sitenote_category":0,"footnotes":""},"categories":[13],"tags":[],"class_list":["post-11139","post","type-post","status-publish","format-standard","has-post-thumbnail","hentry","category-pedagogie"],"yoast_head":"<!-- This site is optimized with the Yoast SEO plugin v23.3 - https:\/\/yoast.com\/wordpress\/plugins\/seo\/ -->\n<title>Th\u00e9\u00e2tre : deux ateliers et deux repr\u00e9sentations pour la fin d&#039;ann\u00e9e<\/title>\n<meta name=\"description\" content=\"Depuis l&#039;an dernier il y a deux troupes de th\u00e9\u00e2tre \u00e0 Saint-Paul. Une au Coll\u00e8ge, une au Lyc\u00e9e. Mai 2024 deux repr\u00e9sentations ont donc lieu.\" \/>\n<meta name=\"robots\" content=\"index, follow, max-snippet:-1, max-image-preview:large, max-video-preview:-1\" \/>\n<link rel=\"canonical\" href=\"https:\/\/www.saint-paul-angouleme.fr\/application\/theatre-deux-ateliers-et-deux-representations-pour-la-fin-dannee\/\" \/>\n<meta property=\"og:locale\" content=\"fr_FR\" \/>\n<meta property=\"og:type\" content=\"article\" \/>\n<meta property=\"og:title\" content=\"Th\u00e9\u00e2tre : deux ateliers et deux repr\u00e9sentations pour la fin d&#039;ann\u00e9e\" \/>\n<meta property=\"og:description\" content=\"Depuis l&#039;an dernier il y a deux troupes de th\u00e9\u00e2tre \u00e0 Saint-Paul. Une au Coll\u00e8ge, une au Lyc\u00e9e. Mai 2024 deux repr\u00e9sentations ont donc lieu.\" \/>\n<meta property=\"og:url\" content=\"https:\/\/www.saint-paul-angouleme.fr\/application\/theatre-deux-ateliers-et-deux-representations-pour-la-fin-dannee\/\" \/>\n<meta property=\"og:site_name\" content=\"Actualit\u00e9s\" \/>\n<meta property=\"article:publisher\" content=\"https:\/\/www.facebook.com\/SaintPaulAngouleme16\/\" \/>\n<meta property=\"article:published_time\" content=\"2024-06-21T14:47:00+00:00\" \/>\n<meta property=\"article:modified_time\" content=\"2024-08-22T14:55:53+00:00\" \/>\n<meta property=\"og:image\" content=\"https:\/\/www.saint-paul-angouleme.fr\/application\/wp-content\/uploads\/2024\/08\/Conference_Pomme_de_reinette_et_pomme_davis_ou_mieux_comprendre_la_discorde-1.jpg\" \/>\n\t<meta property=\"og:image:width\" content=\"1240\" \/>\n\t<meta property=\"og:image:height\" content=\"1754\" \/>\n\t<meta property=\"og:image:type\" content=\"image\/jpeg\" \/>\n<meta name=\"author\" content=\"SAINT-PAUL\" \/>\n<meta name=\"twitter:card\" content=\"summary_large_image\" \/>\n<meta name=\"twitter:creator\" content=\"@StPaulAngoulem\" \/>\n<meta name=\"twitter:site\" content=\"@StPaulAngoulem\" \/>\n<meta name=\"twitter:label1\" content=\"\u00c9crit par\" \/>\n\t<meta name=\"twitter:data1\" content=\"SAINT-PAUL\" \/>\n\t<meta name=\"twitter:label2\" content=\"Dur\u00e9e de lecture estim\u00e9e\" \/>\n\t<meta name=\"twitter:data2\" content=\"5 minutes\" \/>\n<script type=\"application\/ld+json\" class=\"yoast-schema-graph\">{\"@context\":\"https:\/\/schema.org\",\"@graph\":[{\"@type\":\"Article\",\"@id\":\"https:\/\/www.saint-paul-angouleme.fr\/application\/theatre-deux-ateliers-et-deux-representations-pour-la-fin-dannee\/#article\",\"isPartOf\":{\"@id\":\"https:\/\/www.saint-paul-angouleme.fr\/application\/theatre-deux-ateliers-et-deux-representations-pour-la-fin-dannee\/\"},\"author\":{\"name\":\"SAINT-PAUL\",\"@id\":\"https:\/\/www.saint-paul-angouleme.fr\/application\/#\/schema\/person\/ea152930b1a3823659065827b1a5fb9b\"},\"headline\":\"Th\u00e9\u00e2tre : deux ateliers et deux repr\u00e9sentations pour la fin d&#8217;ann\u00e9e\",\"datePublished\":\"2024-06-21T14:47:00+00:00\",\"dateModified\":\"2024-08-22T14:55:53+00:00\",\"mainEntityOfPage\":{\"@id\":\"https:\/\/www.saint-paul-angouleme.fr\/application\/theatre-deux-ateliers-et-deux-representations-pour-la-fin-dannee\/\"},\"wordCount\":370,\"commentCount\":0,\"publisher\":{\"@id\":\"https:\/\/www.saint-paul-angouleme.fr\/application\/#organization\"},\"image\":{\"@id\":\"https:\/\/www.saint-paul-angouleme.fr\/application\/theatre-deux-ateliers-et-deux-representations-pour-la-fin-dannee\/#primaryimage\"},\"thumbnailUrl\":\"https:\/\/www.saint-paul-angouleme.fr\/application\/wp-content\/uploads\/2024\/08\/Conference_Pomme_de_reinette_et_pomme_davis_ou_mieux_comprendre_la_discorde-1.jpg\",\"articleSection\":[\"P\u00e9dagogie\"],\"inLanguage\":\"fr-FR\",\"potentialAction\":[{\"@type\":\"CommentAction\",\"name\":\"Comment\",\"target\":[\"https:\/\/www.saint-paul-angouleme.fr\/application\/theatre-deux-ateliers-et-deux-representations-pour-la-fin-dannee\/#respond\"]}]},{\"@type\":\"WebPage\",\"@id\":\"https:\/\/www.saint-paul-angouleme.fr\/application\/theatre-deux-ateliers-et-deux-representations-pour-la-fin-dannee\/\",\"url\":\"https:\/\/www.saint-paul-angouleme.fr\/application\/theatre-deux-ateliers-et-deux-representations-pour-la-fin-dannee\/\",\"name\":\"Th\u00e9\u00e2tre : deux ateliers et deux repr\u00e9sentations pour la fin d'ann\u00e9e\",\"isPartOf\":{\"@id\":\"https:\/\/www.saint-paul-angouleme.fr\/application\/#website\"},\"primaryImageOfPage\":{\"@id\":\"https:\/\/www.saint-paul-angouleme.fr\/application\/theatre-deux-ateliers-et-deux-representations-pour-la-fin-dannee\/#primaryimage\"},\"image\":{\"@id\":\"https:\/\/www.saint-paul-angouleme.fr\/application\/theatre-deux-ateliers-et-deux-representations-pour-la-fin-dannee\/#primaryimage\"},\"thumbnailUrl\":\"https:\/\/www.saint-paul-angouleme.fr\/application\/wp-content\/uploads\/2024\/08\/Conference_Pomme_de_reinette_et_pomme_davis_ou_mieux_comprendre_la_discorde-1.jpg\",\"datePublished\":\"2024-06-21T14:47:00+00:00\",\"dateModified\":\"2024-08-22T14:55:53+00:00\",\"description\":\"Depuis l'an dernier il y a deux troupes de th\u00e9\u00e2tre \u00e0 Saint-Paul. Une au Coll\u00e8ge, une au Lyc\u00e9e. Mai 2024 deux repr\u00e9sentations ont donc lieu.\",\"breadcrumb\":{\"@id\":\"https:\/\/www.saint-paul-angouleme.fr\/application\/theatre-deux-ateliers-et-deux-representations-pour-la-fin-dannee\/#breadcrumb\"},\"inLanguage\":\"fr-FR\",\"potentialAction\":[{\"@type\":\"ReadAction\",\"target\":[\"https:\/\/www.saint-paul-angouleme.fr\/application\/theatre-deux-ateliers-et-deux-representations-pour-la-fin-dannee\/\"]}]},{\"@type\":\"ImageObject\",\"inLanguage\":\"fr-FR\",\"@id\":\"https:\/\/www.saint-paul-angouleme.fr\/application\/theatre-deux-ateliers-et-deux-representations-pour-la-fin-dannee\/#primaryimage\",\"url\":\"https:\/\/www.saint-paul-angouleme.fr\/application\/wp-content\/uploads\/2024\/08\/Conference_Pomme_de_reinette_et_pomme_davis_ou_mieux_comprendre_la_discorde-1.jpg\",\"contentUrl\":\"https:\/\/www.saint-paul-angouleme.fr\/application\/wp-content\/uploads\/2024\/08\/Conference_Pomme_de_reinette_et_pomme_davis_ou_mieux_comprendre_la_discorde-1.jpg\",\"width\":1240,\"height\":1754},{\"@type\":\"BreadcrumbList\",\"@id\":\"https:\/\/www.saint-paul-angouleme.fr\/application\/theatre-deux-ateliers-et-deux-representations-pour-la-fin-dannee\/#breadcrumb\",\"itemListElement\":[{\"@type\":\"ListItem\",\"position\":1,\"name\":\"Accueil\",\"item\":\"http:\/\/www.saint-paul-angouleme.fr\/application\/\"},{\"@type\":\"ListItem\",\"position\":2,\"name\":\"Th\u00e9\u00e2tre : deux ateliers et deux repr\u00e9sentations pour la fin d&#8217;ann\u00e9e\"}]},{\"@type\":\"WebSite\",\"@id\":\"https:\/\/www.saint-paul-angouleme.fr\/application\/#website\",\"url\":\"https:\/\/www.saint-paul-angouleme.fr\/application\/\",\"name\":\"Actualit\u00e9s\",\"description\":\"Actualit\u00e9s Saint Paul\",\"publisher\":{\"@id\":\"https:\/\/www.saint-paul-angouleme.fr\/application\/#organization\"},\"potentialAction\":[{\"@type\":\"SearchAction\",\"target\":{\"@type\":\"EntryPoint\",\"urlTemplate\":\"https:\/\/www.saint-paul-angouleme.fr\/application\/?s={search_term_string}\"},\"query-input\":\"required name=search_term_string\"}],\"inLanguage\":\"fr-FR\"},{\"@type\":\"Organization\",\"@id\":\"https:\/\/www.saint-paul-angouleme.fr\/application\/#organization\",\"name\":\"Ensemble scolaire Saint-Paul\",\"url\":\"https:\/\/www.saint-paul-angouleme.fr\/application\/\",\"logo\":{\"@type\":\"ImageObject\",\"inLanguage\":\"fr-FR\",\"@id\":\"https:\/\/www.saint-paul-angouleme.fr\/application\/#\/schema\/logo\/image\/\",\"url\":\"https:\/\/www.saint-paul-angouleme.fr\/application\/wp-content\/uploads\/2018\/08\/logo-saint-paul-couleurs.jpg\",\"contentUrl\":\"https:\/\/www.saint-paul-angouleme.fr\/application\/wp-content\/uploads\/2018\/08\/logo-saint-paul-couleurs.jpg\",\"width\":1890,\"height\":709,\"caption\":\"Ensemble scolaire Saint-Paul\"},\"image\":{\"@id\":\"https:\/\/www.saint-paul-angouleme.fr\/application\/#\/schema\/logo\/image\/\"},\"sameAs\":[\"https:\/\/www.facebook.com\/SaintPaulAngouleme16\/\",\"https:\/\/x.com\/StPaulAngoulem\",\"https:\/\/www.youtube.com\/channel\/UCRLpz1CmPVqc0gn--YyXvjA?view_as=subscriber\"]},{\"@type\":\"Person\",\"@id\":\"https:\/\/www.saint-paul-angouleme.fr\/application\/#\/schema\/person\/ea152930b1a3823659065827b1a5fb9b\",\"name\":\"SAINT-PAUL\",\"image\":{\"@type\":\"ImageObject\",\"inLanguage\":\"fr-FR\",\"@id\":\"https:\/\/www.saint-paul-angouleme.fr\/application\/#\/schema\/person\/image\/\",\"url\":\"https:\/\/secure.gravatar.com\/avatar\/eadb0ffebc02683a61d69038eb2924f0?s=96&r=g\",\"contentUrl\":\"https:\/\/secure.gravatar.com\/avatar\/eadb0ffebc02683a61d69038eb2924f0?s=96&r=g\",\"caption\":\"SAINT-PAUL\"},\"url\":\"https:\/\/www.saint-paul-angouleme.fr\/application\/author\/myriam\/\"}]}<\/script>\n<!-- \/ Yoast SEO plugin. -->","yoast_head_json":{"title":"Th\u00e9\u00e2tre : deux ateliers et deux repr\u00e9sentations pour la fin d'ann\u00e9e","description":"Depuis l'an dernier il y a deux troupes de th\u00e9\u00e2tre \u00e0 Saint-Paul. Une au Coll\u00e8ge, une au Lyc\u00e9e. Mai 2024 deux repr\u00e9sentations ont donc lieu.","robots":{"index":"index","follow":"follow","max-snippet":"max-snippet:-1","max-image-preview":"max-image-preview:large","max-video-preview":"max-video-preview:-1"},"canonical":"https:\/\/www.saint-paul-angouleme.fr\/application\/theatre-deux-ateliers-et-deux-representations-pour-la-fin-dannee\/","og_locale":"fr_FR","og_type":"article","og_title":"Th\u00e9\u00e2tre : deux ateliers et deux repr\u00e9sentations pour la fin d'ann\u00e9e","og_description":"Depuis l'an dernier il y a deux troupes de th\u00e9\u00e2tre \u00e0 Saint-Paul. Une au Coll\u00e8ge, une au Lyc\u00e9e. Mai 2024 deux repr\u00e9sentations ont donc lieu.","og_url":"https:\/\/www.saint-paul-angouleme.fr\/application\/theatre-deux-ateliers-et-deux-representations-pour-la-fin-dannee\/","og_site_name":"Actualit\u00e9s","article_publisher":"https:\/\/www.facebook.com\/SaintPaulAngouleme16\/","article_published_time":"2024-06-21T14:47:00+00:00","article_modified_time":"2024-08-22T14:55:53+00:00","og_image":[{"width":1240,"height":1754,"url":"https:\/\/www.saint-paul-angouleme.fr\/application\/wp-content\/uploads\/2024\/08\/Conference_Pomme_de_reinette_et_pomme_davis_ou_mieux_comprendre_la_discorde-1.jpg","type":"image\/jpeg"}],"author":"SAINT-PAUL","twitter_card":"summary_large_image","twitter_creator":"@StPaulAngoulem","twitter_site":"@StPaulAngoulem","twitter_misc":{"\u00c9crit par":"SAINT-PAUL","Dur\u00e9e de lecture estim\u00e9e":"5 minutes"},"schema":{"@context":"https:\/\/schema.org","@graph":[{"@type":"Article","@id":"https:\/\/www.saint-paul-angouleme.fr\/application\/theatre-deux-ateliers-et-deux-representations-pour-la-fin-dannee\/#article","isPartOf":{"@id":"https:\/\/www.saint-paul-angouleme.fr\/application\/theatre-deux-ateliers-et-deux-representations-pour-la-fin-dannee\/"},"author":{"name":"SAINT-PAUL","@id":"https:\/\/www.saint-paul-angouleme.fr\/application\/#\/schema\/person\/ea152930b1a3823659065827b1a5fb9b"},"headline":"Th\u00e9\u00e2tre : deux ateliers et deux repr\u00e9sentations pour la fin d&#8217;ann\u00e9e","datePublished":"2024-06-21T14:47:00+00:00","dateModified":"2024-08-22T14:55:53+00:00","mainEntityOfPage":{"@id":"https:\/\/www.saint-paul-angouleme.fr\/application\/theatre-deux-ateliers-et-deux-representations-pour-la-fin-dannee\/"},"wordCount":370,"commentCount":0,"publisher":{"@id":"https:\/\/www.saint-paul-angouleme.fr\/application\/#organization"},"image":{"@id":"https:\/\/www.saint-paul-angouleme.fr\/application\/theatre-deux-ateliers-et-deux-representations-pour-la-fin-dannee\/#primaryimage"},"thumbnailUrl":"https:\/\/www.saint-paul-angouleme.fr\/application\/wp-content\/uploads\/2024\/08\/Conference_Pomme_de_reinette_et_pomme_davis_ou_mieux_comprendre_la_discorde-1.jpg","articleSection":["P\u00e9dagogie"],"inLanguage":"fr-FR","potentialAction":[{"@type":"CommentAction","name":"Comment","target":["https:\/\/www.saint-paul-angouleme.fr\/application\/theatre-deux-ateliers-et-deux-representations-pour-la-fin-dannee\/#respond"]}]},{"@type":"WebPage","@id":"https:\/\/www.saint-paul-angouleme.fr\/application\/theatre-deux-ateliers-et-deux-representations-pour-la-fin-dannee\/","url":"https:\/\/www.saint-paul-angouleme.fr\/application\/theatre-deux-ateliers-et-deux-representations-pour-la-fin-dannee\/","name":"Th\u00e9\u00e2tre : deux ateliers et deux repr\u00e9sentations pour la fin d'ann\u00e9e","isPartOf":{"@id":"https:\/\/www.saint-paul-angouleme.fr\/application\/#website"},"primaryImageOfPage":{"@id":"https:\/\/www.saint-paul-angouleme.fr\/application\/theatre-deux-ateliers-et-deux-representations-pour-la-fin-dannee\/#primaryimage"},"image":{"@id":"https:\/\/www.saint-paul-angouleme.fr\/application\/theatre-deux-ateliers-et-deux-representations-pour-la-fin-dannee\/#primaryimage"},"thumbnailUrl":"https:\/\/www.saint-paul-angouleme.fr\/application\/wp-content\/uploads\/2024\/08\/Conference_Pomme_de_reinette_et_pomme_davis_ou_mieux_comprendre_la_discorde-1.jpg","datePublished":"2024-06-21T14:47:00+00:00","dateModified":"2024-08-22T14:55:53+00:00","description":"Depuis l'an dernier il y a deux troupes de th\u00e9\u00e2tre \u00e0 Saint-Paul. Une au Coll\u00e8ge, une au Lyc\u00e9e. Mai 2024 deux repr\u00e9sentations ont donc lieu.","breadcrumb":{"@id":"https:\/\/www.saint-paul-angouleme.fr\/application\/theatre-deux-ateliers-et-deux-representations-pour-la-fin-dannee\/#breadcrumb"},"inLanguage":"fr-FR","potentialAction":[{"@type":"ReadAction","target":["https:\/\/www.saint-paul-angouleme.fr\/application\/theatre-deux-ateliers-et-deux-representations-pour-la-fin-dannee\/"]}]},{"@type":"ImageObject","inLanguage":"fr-FR","@id":"https:\/\/www.saint-paul-angouleme.fr\/application\/theatre-deux-ateliers-et-deux-representations-pour-la-fin-dannee\/#primaryimage","url":"https:\/\/www.saint-paul-angouleme.fr\/application\/wp-content\/uploads\/2024\/08\/Conference_Pomme_de_reinette_et_pomme_davis_ou_mieux_comprendre_la_discorde-1.jpg","contentUrl":"https:\/\/www.saint-paul-angouleme.fr\/application\/wp-content\/uploads\/2024\/08\/Conference_Pomme_de_reinette_et_pomme_davis_ou_mieux_comprendre_la_discorde-1.jpg","width":1240,"height":1754},{"@type":"BreadcrumbList","@id":"https:\/\/www.saint-paul-angouleme.fr\/application\/theatre-deux-ateliers-et-deux-representations-pour-la-fin-dannee\/#breadcrumb","itemListElement":[{"@type":"ListItem","position":1,"name":"Accueil","item":"http:\/\/www.saint-paul-angouleme.fr\/application\/"},{"@type":"ListItem","position":2,"name":"Th\u00e9\u00e2tre : deux ateliers et deux repr\u00e9sentations pour la fin d&#8217;ann\u00e9e"}]},{"@type":"WebSite","@id":"https:\/\/www.saint-paul-angouleme.fr\/application\/#website","url":"https:\/\/www.saint-paul-angouleme.fr\/application\/","name":"Actualit\u00e9s","description":"Actualit\u00e9s Saint Paul","publisher":{"@id":"https:\/\/www.saint-paul-angouleme.fr\/application\/#organization"},"potentialAction":[{"@type":"SearchAction","target":{"@type":"EntryPoint","urlTemplate":"https:\/\/www.saint-paul-angouleme.fr\/application\/?s={search_term_string}"},"query-input":"required name=search_term_string"}],"inLanguage":"fr-FR"},{"@type":"Organization","@id":"https:\/\/www.saint-paul-angouleme.fr\/application\/#organization","name":"Ensemble scolaire Saint-Paul","url":"https:\/\/www.saint-paul-angouleme.fr\/application\/","logo":{"@type":"ImageObject","inLanguage":"fr-FR","@id":"https:\/\/www.saint-paul-angouleme.fr\/application\/#\/schema\/logo\/image\/","url":"https:\/\/www.saint-paul-angouleme.fr\/application\/wp-content\/uploads\/2018\/08\/logo-saint-paul-couleurs.jpg","contentUrl":"https:\/\/www.saint-paul-angouleme.fr\/application\/wp-content\/uploads\/2018\/08\/logo-saint-paul-couleurs.jpg","width":1890,"height":709,"caption":"Ensemble scolaire Saint-Paul"},"image":{"@id":"https:\/\/www.saint-paul-angouleme.fr\/application\/#\/schema\/logo\/image\/"},"sameAs":["https:\/\/www.facebook.com\/SaintPaulAngouleme16\/","https:\/\/x.com\/StPaulAngoulem","https:\/\/www.youtube.com\/channel\/UCRLpz1CmPVqc0gn--YyXvjA?view_as=subscriber"]},{"@type":"Person","@id":"https:\/\/www.saint-paul-angouleme.fr\/application\/#\/schema\/person\/ea152930b1a3823659065827b1a5fb9b","name":"SAINT-PAUL","image":{"@type":"ImageObject","inLanguage":"fr-FR","@id":"https:\/\/www.saint-paul-angouleme.fr\/application\/#\/schema\/person\/image\/","url":"https:\/\/secure.gravatar.com\/avatar\/eadb0ffebc02683a61d69038eb2924f0?s=96&r=g","contentUrl":"https:\/\/secure.gravatar.com\/avatar\/eadb0ffebc02683a61d69038eb2924f0?s=96&r=g","caption":"SAINT-PAUL"},"url":"https:\/\/www.saint-paul-angouleme.fr\/application\/author\/myriam\/"}]}},"_links":{"self":[{"href":"https:\/\/www.saint-paul-angouleme.fr\/application\/wp-json\/wp\/v2\/posts\/11139"}],"collection":[{"href":"https:\/\/www.saint-paul-angouleme.fr\/application\/wp-json\/wp\/v2\/posts"}],"about":[{"href":"https:\/\/www.saint-paul-angouleme.fr\/application\/wp-json\/wp\/v2\/types\/post"}],"author":[{"embeddable":true,"href":"https:\/\/www.saint-paul-angouleme.fr\/application\/wp-json\/wp\/v2\/users\/3"}],"replies":[{"embeddable":true,"href":"https:\/\/www.saint-paul-angouleme.fr\/application\/wp-json\/wp\/v2\/comments?post=11139"}],"version-history":[{"count":15,"href":"https:\/\/www.saint-paul-angouleme.fr\/application\/wp-json\/wp\/v2\/posts\/11139\/revisions"}],"predecessor-version":[{"id":11172,"href":"https:\/\/www.saint-paul-angouleme.fr\/application\/wp-json\/wp\/v2\/posts\/11139\/revisions\/11172"}],"wp:featuredmedia":[{"embeddable":true,"href":"https:\/\/www.saint-paul-angouleme.fr\/application\/wp-json\/wp\/v2\/media\/11175"}],"wp:attachment":[{"href":"https:\/\/www.saint-paul-angouleme.fr\/application\/wp-json\/wp\/v2\/media?parent=11139"}],"wp:term":[{"taxonomy":"category","embeddable":true,"href":"https:\/\/www.saint-paul-angouleme.fr\/application\/wp-json\/wp\/v2\/categories?post=11139"},{"taxonomy":"post_tag","embeddable":true,"href":"https:\/\/www.saint-paul-angouleme.fr\/application\/wp-json\/wp\/v2\/tags?post=11139"}],"curies":[{"name":"wp","href":"https:\/\/api.w.org\/{rel}","templated":true}]}}