{"id":11099,"date":"2024-06-17T15:15:00","date_gmt":"2024-06-17T13:15:00","guid":{"rendered":"https:\/\/www.saint-paul-angouleme.fr\/application\/?p=11099"},"modified":"2024-08-20T15:18:10","modified_gmt":"2024-08-20T13:18:10","slug":"chorale-saint-paul-artistes-varies-et-qualite-assuree","status":"publish","type":"post","link":"https:\/\/www.saint-paul-angouleme.fr\/application\/chorale-saint-paul-artistes-varies-et-qualite-assuree\/","title":{"rendered":"Chorale Saint-Paul : artistes vari\u00e9s et qualit\u00e9 assur\u00e9e"},"content":{"rendered":"\n<figure class=\"wp-block-image size-large\"><img loading=\"lazy\" decoding=\"async\" width=\"1024\" height=\"683\" src=\"https:\/\/www.saint-paul-angouleme.fr\/application\/wp-content\/uploads\/2024\/08\/L1430561-1024x683.jpg\" alt=\"Concert chorale Saint-Paul \u00e0 la Nef\" class=\"wp-image-11100\" srcset=\"https:\/\/www.saint-paul-angouleme.fr\/application\/wp-content\/uploads\/2024\/08\/L1430561-1024x683.jpg 1024w, https:\/\/www.saint-paul-angouleme.fr\/application\/wp-content\/uploads\/2024\/08\/L1430561-300x200.jpg 300w, https:\/\/www.saint-paul-angouleme.fr\/application\/wp-content\/uploads\/2024\/08\/L1430561-768x512.jpg 768w, https:\/\/www.saint-paul-angouleme.fr\/application\/wp-content\/uploads\/2024\/08\/L1430561-1536x1024.jpg 1536w, https:\/\/www.saint-paul-angouleme.fr\/application\/wp-content\/uploads\/2024\/08\/L1430561-2048x1365.jpg 2048w\" sizes=\"(max-width: 1024px) 100vw, 1024px\" \/><\/figure>\n\n\n\n<p><\/p>\n\n\n\n<p>Depuis de nombreuses ann\u00e9es d\u00e9j\u00e0 la <a href=\"https:\/\/www.saint-paul-angouleme.fr\/application\/fetons-la-musique-a-saint-paul\/\" target=\"_blank\" rel=\"noreferrer noopener\">chorale de Saint-Paul<\/a> propose un r\u00e9pertoire de qualit\u00e9 et original. Quand de nombreux \u00e9tablissement travaillent de la vari\u00e9t\u00e9 fran\u00e7aise (souvent ancienne), M. CLEYRAT, chef de ch\u0153ur, mise sur la vari\u00e9t\u00e9 internationale. <\/p>\n\n\n\n<p><\/p>\n\n\n\n<h3 class=\"wp-block-heading\">Chorale Saint-Paul : rigueur et qualit\u00e9<\/h3>\n\n\n\n<p>En effet, nos jeunes artistes s&#8217;engage \u00e0 une assiduit\u00e9 sans faille. R\u00e9p\u00e9tition chaque semaine et des r\u00e9p\u00e9titions compl\u00e9mentaires avant les concerts. Et cette ann\u00e9e, ce sont pas moins d&#8217;une huitaine de dates en Charente et au-del\u00e0. Concert \u00e0 <a href=\"https:\/\/www.lanef-musiques.com\/\" target=\"_blank\" rel=\"noreferrer noopener\">La Nef<\/a> (salle de spectacle angoumoisine d\u00e9di\u00e9e aux musiques actuelles avec studios de r\u00e9p\u00e9tition et d&#8217;enregistrement), Festival de <a href=\"https:\/\/imprevu-festival.fr\/asso\/\" target=\"_blank\" rel=\"noreferrer noopener\">L&#8217;Impr\u00e9vu<\/a>, Rencontres musicales acad\u00e9miques \u00e0 Bressuire, concert \u00e0 <a href=\"https:\/\/la-sirene.fr\/\" target=\"_blank\" rel=\"noreferrer noopener\">La Sir\u00e8ne<\/a> (salle de concert \u00e0 La Rochelle), concert au sein de l&#8217;\u00e9tablissement bien s\u00fbr, prestation \u00e0 la librairie Cosmopolite d&#8217;Angoul\u00eame&#8230; A chaque fois le public, ravi, est au rendez-vous. <\/p>\n\n\n\n<p><\/p>\n\n\n\n<figure class=\"wp-block-gallery has-nested-images columns-default is-cropped wp-block-gallery-1 is-layout-flex wp-block-gallery-is-layout-flex\">\n<figure class=\"wp-block-image size-large\"><img loading=\"lazy\" decoding=\"async\" width=\"1024\" height=\"683\" data-id=\"11105\" src=\"https:\/\/www.saint-paul-angouleme.fr\/application\/wp-content\/uploads\/2024\/08\/image-1-1024x683.jpg\" alt=\"Chorale avec &quot;La Maison Tellier&quot; \u00e0 Montemboeuf\" class=\"wp-image-11105\" srcset=\"https:\/\/www.saint-paul-angouleme.fr\/application\/wp-content\/uploads\/2024\/08\/image-1-1024x683.jpg 1024w, https:\/\/www.saint-paul-angouleme.fr\/application\/wp-content\/uploads\/2024\/08\/image-1-300x200.jpg 300w, https:\/\/www.saint-paul-angouleme.fr\/application\/wp-content\/uploads\/2024\/08\/image-1-768x512.jpg 768w, https:\/\/www.saint-paul-angouleme.fr\/application\/wp-content\/uploads\/2024\/08\/image-1.jpg 1286w\" sizes=\"(max-width: 1024px) 100vw, 1024px\" \/><\/figure>\n\n\n\n<figure class=\"wp-block-image size-large\"><img loading=\"lazy\" decoding=\"async\" width=\"1024\" height=\"683\" data-id=\"11106\" src=\"https:\/\/www.saint-paul-angouleme.fr\/application\/wp-content\/uploads\/2024\/08\/image-1024x683.jpg\" alt=\"Chorale \u00e0 &quot;L'Impr\u00e9vu Festival&quot;\" class=\"wp-image-11106\" srcset=\"https:\/\/www.saint-paul-angouleme.fr\/application\/wp-content\/uploads\/2024\/08\/image-1024x683.jpg 1024w, https:\/\/www.saint-paul-angouleme.fr\/application\/wp-content\/uploads\/2024\/08\/image-300x200.jpg 300w, https:\/\/www.saint-paul-angouleme.fr\/application\/wp-content\/uploads\/2024\/08\/image-768x512.jpg 768w, https:\/\/www.saint-paul-angouleme.fr\/application\/wp-content\/uploads\/2024\/08\/image.jpg 1286w\" sizes=\"(max-width: 1024px) 100vw, 1024px\" \/><\/figure>\n\n\n\n<figure class=\"wp-block-image size-large\"><img loading=\"lazy\" decoding=\"async\" width=\"654\" height=\"466\" data-id=\"11107\" src=\"https:\/\/www.saint-paul-angouleme.fr\/application\/wp-content\/uploads\/2024\/08\/image001.png\" alt=\"\" class=\"wp-image-11107\" srcset=\"https:\/\/www.saint-paul-angouleme.fr\/application\/wp-content\/uploads\/2024\/08\/image001.png 654w, https:\/\/www.saint-paul-angouleme.fr\/application\/wp-content\/uploads\/2024\/08\/image001-300x214.png 300w\" sizes=\"(max-width: 654px) 100vw, 654px\" \/><\/figure>\n\n\n\n<figure class=\"wp-block-image size-large\"><img loading=\"lazy\" decoding=\"async\" width=\"1024\" height=\"768\" data-id=\"11108\" src=\"https:\/\/www.saint-paul-angouleme.fr\/application\/wp-content\/uploads\/2024\/08\/IMG-20230911-WA0000-1024x768.jpg\" alt=\"Chorale : Concert \u00e0 La Nef\" class=\"wp-image-11108\" srcset=\"https:\/\/www.saint-paul-angouleme.fr\/application\/wp-content\/uploads\/2024\/08\/IMG-20230911-WA0000-1024x768.jpg 1024w, https:\/\/www.saint-paul-angouleme.fr\/application\/wp-content\/uploads\/2024\/08\/IMG-20230911-WA0000-300x225.jpg 300w, https:\/\/www.saint-paul-angouleme.fr\/application\/wp-content\/uploads\/2024\/08\/IMG-20230911-WA0000-768x576.jpg 768w, https:\/\/www.saint-paul-angouleme.fr\/application\/wp-content\/uploads\/2024\/08\/IMG-20230911-WA0000-1536x1152.jpg 1536w, https:\/\/www.saint-paul-angouleme.fr\/application\/wp-content\/uploads\/2024\/08\/IMG-20230911-WA0000.jpg 1600w\" sizes=\"(max-width: 1024px) 100vw, 1024px\" \/><\/figure>\n\n\n\n<figure class=\"wp-block-image size-large\"><img loading=\"lazy\" decoding=\"async\" width=\"1024\" height=\"768\" data-id=\"11109\" src=\"https:\/\/www.saint-paul-angouleme.fr\/application\/wp-content\/uploads\/2024\/08\/Image1-1024x768.jpg\" alt=\"Chorale : concert \u00e0 Saint-Paul\" class=\"wp-image-11109\" srcset=\"https:\/\/www.saint-paul-angouleme.fr\/application\/wp-content\/uploads\/2024\/08\/Image1-1024x768.jpg 1024w, https:\/\/www.saint-paul-angouleme.fr\/application\/wp-content\/uploads\/2024\/08\/Image1-300x225.jpg 300w, https:\/\/www.saint-paul-angouleme.fr\/application\/wp-content\/uploads\/2024\/08\/Image1-768x576.jpg 768w, https:\/\/www.saint-paul-angouleme.fr\/application\/wp-content\/uploads\/2024\/08\/Image1-1536x1152.jpg 1536w, https:\/\/www.saint-paul-angouleme.fr\/application\/wp-content\/uploads\/2024\/08\/Image1.jpg 2000w\" sizes=\"(max-width: 1024px) 100vw, 1024px\" \/><\/figure>\n<\/figure>\n\n\n\n<p><\/p>\n\n\n\n<h3 class=\"wp-block-heading\">Un r\u00e9pertoire \u00e9clectique ouvert sur le monde<\/h3>\n\n\n\n<p>Mais ce n&#8217;est pas pas une simple chorale. Des musiciens (nos \u00e9l\u00e8ves) accompagnent d\u00e9sormais nos chanteurs : batterie, guitare basse&#8230; Gr\u00e2ce \u00e0 notre professeur de musique en effet, ce sont de v\u00e9ritables projets qui, le plus souvent, sont mis en place. Et notamment des &#8220;R\u00e9sidences d&#8217;artistes&#8221;. Ce fut le cas pour le travail men\u00e9 avec &#8220;<a href=\"https:\/\/decibelsprod.com\/artistes\/cascadeur\/\" target=\"_blank\" rel=\"noreferrer noopener\">Cascadeur<\/a>&#8220;. A La Rochelle, la chorale a particip\u00e9 au dernier concert de la tourn\u00e9e de l\u2019album\u00a0&#8220;Atlas&#8221; du groupe <a href=\"https:\/\/lamaisontellierofficiel.fr\/\" target=\"_blank\" rel=\"noreferrer noopener\">&#8220;La Maison Tellier<\/a>&#8220;. Rencontr\u00e9s lors d\u2019un projet avec la chorale en 2023, le groupe a invit\u00e9 notre chorale pour une soir\u00e9e toute particuli\u00e8re. La prestation de la chorale de Saint Paul \u00ab The Choir who couldn\u2019t say \u00bb a \u00e9t\u00e9 tr\u00e8s remarqu\u00e9e. &#8220;La Sir\u00e8ne&#8221; \u00e0 La Rochelle est une des meilleures salles de concert de musiques actuelles de France. &#8220;La Maison Tellier&#8221; et &#8220;The Choir who couldn\u2019t say&#8221; : affaire \u00e0 suivre. <\/p>\n\n\n\n<p>Mais il y a \u00e9galement\u00a0eu le r\u00e9pertoire des &#8220;Beach Boys&#8221;, d&#8217;Agn\u00e8s OBEL et de Jason LYTLE (Grandaddy). Si tout va bien, en 2024-2025, nous aurons peut-\u00eatre la chance d&#8217;une collaboration avec la chanteuse am\u00e9ricaine Laura VEIRS. Si ce projet voit le jour, nous aurons sans doute besoin de votre aide via une souscription car le montant de celui-ci est forc\u00e9ment \u00e9lev\u00e9. Nous vous tiendrons inform\u00e9s.<\/p>\n\n\n\n<p><\/p>\n\n\n\n<figure class=\"wp-block-embed aligncenter is-type-video is-provider-youtube wp-block-embed-youtube\"><div style=\"display: contents;\" >\n<div class=\"arve\" data-mode=\"normal\" data-oembed=\"1\" data-provider=\"youtube\" id=\"arve-youtube-a8s7uupujkc\">\n<div class=\"arve-inner\">\n<div class=\"arve-embed arve-embed--has-aspect-ratio\" style=\"aspect-ratio: 4 \/ 3\">\n<span class=\"arve-ar\" style=\"padding-top:75.000000%\"><\/span><iframe credentialless referrerpolicy=\"strict-origin-when-cross-origin\" allow=\"accelerometer &#039;none&#039;;ambient-light-sensor &#039;none&#039;;autoplay &#039;none&#039;;battery &#039;none&#039;;bluetooth &#039;none&#039;;browsing-topics &#039;none&#039;;camera &#039;none&#039;;ch-ua &#039;none&#039;;clipboard-read &#039;none&#039;;clipboard-write;display-capture &#039;none&#039;;document-domain &#039;none&#039;;domain-agent &#039;none&#039;;encrypted-media &#039;none&#039;;execution-while-not-rendered &#039;none&#039;;execution-while-out-of-viewport &#039;none&#039;;gamepad &#039;none&#039;;geolocation &#039;none&#039;;gyroscope &#039;none&#039;;hid &#039;none&#039;;identity-credentials-get &#039;none&#039;;idle-detection &#039;none&#039;;keyboard-map &#039;none&#039;;local-fonts &#039;none&#039;;magnetometer &#039;none&#039;;microphone &#039;none&#039;;midi &#039;none&#039;;navigation-override &#039;none&#039;;otp-credentials &#039;none&#039;;payment &#039;none&#039;;picture-in-picture;publickey-credentials-create &#039;none&#039;;publickey-credentials-get &#039;none&#039;;screen-wake-lock &#039;none&#039;;serial &#039;none&#039;;speaker-selection;sync-xhr &#039;none&#039;;usb &#039;none&#039;;web-share;window-management &#039;none&#039;;xr-spatial-tracking &#039;none&#039;;\" allowfullscreen class=\"arve-iframe fitvidsignore\" data-arve=\"arve-youtube-a8s7uupujkc\" data-src-no-ap=\"https:\/\/www.youtube-nocookie.com\/embed\/a8s7UUPUJKc?feature=oembed&amp;iv_load_policy=3&amp;modestbranding=1&amp;rel=0&amp;autohide=1&amp;playsinline=0&amp;autoplay=0\" frameborder=\"0\" height=\"0\" name sandbox=\"allow-scripts allow-same-origin allow-presentation allow-popups allow-popups-to-escape-sandbox\" scrolling=\"no\" src=\"https:\/\/www.youtube-nocookie.com\/embed\/a8s7UUPUJKc?feature=oembed&#038;iv_load_policy=3&#038;modestbranding=1&#038;rel=0&#038;autohide=1&#038;playsinline=0&#038;autoplay=0\" width=\"0\" title loading=\"lazy\"><\/iframe>\n\n<\/div>\n\n<\/div>\n<script type=\"application\/ld+json\">{\"@context\":\"http:\\\/\\\/schema.org\\\/\",\"@id\":\"https:\\\/\\\/www.saint-paul-angouleme.fr\\\/application\\\/chorale-saint-paul-artistes-varies-et-qualite-assuree\\\/#arve-youtube-a8s7uupujkc\",\"type\":\"VideoObject\",\"embedURL\":\"https:\\\/\\\/www.youtube-nocookie.com\\\/embed\\\/a8s7UUPUJKc?feature=oembed&iv_load_policy=3&modestbranding=1&rel=0&autohide=1&playsinline=0&autoplay=0\"}<\/script>\n<\/div>\n\n<\/div><figcaption>Extrait du concert \u00e0 La Nef avec &#8220;La Maison Tellier&#8221;<\/figcaption><\/figure>\n\n\n\n<p><\/p>\n\n\n\n<figure class=\"wp-block-gallery has-nested-images columns-2 is-cropped wp-block-gallery-2 is-layout-flex wp-block-gallery-is-layout-flex\">\n<figure class=\"wp-block-image size-large\"><img loading=\"lazy\" decoding=\"async\" width=\"1024\" height=\"683\" data-id=\"11110\" src=\"https:\/\/www.saint-paul-angouleme.fr\/application\/wp-content\/uploads\/2024\/08\/L1420888-1024x683.jpg\" alt=\"\" class=\"wp-image-11110\" srcset=\"https:\/\/www.saint-paul-angouleme.fr\/application\/wp-content\/uploads\/2024\/08\/L1420888-1024x683.jpg 1024w, https:\/\/www.saint-paul-angouleme.fr\/application\/wp-content\/uploads\/2024\/08\/L1420888-300x200.jpg 300w, https:\/\/www.saint-paul-angouleme.fr\/application\/wp-content\/uploads\/2024\/08\/L1420888-768x512.jpg 768w, https:\/\/www.saint-paul-angouleme.fr\/application\/wp-content\/uploads\/2024\/08\/L1420888-1536x1024.jpg 1536w, https:\/\/www.saint-paul-angouleme.fr\/application\/wp-content\/uploads\/2024\/08\/L1420888-2048x1365.jpg 2048w\" sizes=\"(max-width: 1024px) 100vw, 1024px\" \/><\/figure>\n\n\n\n<figure class=\"wp-block-image size-large\"><img loading=\"lazy\" decoding=\"async\" width=\"1024\" height=\"683\" data-id=\"11111\" src=\"https:\/\/www.saint-paul-angouleme.fr\/application\/wp-content\/uploads\/2024\/08\/L1420894-1024x683.jpg\" alt=\"\" class=\"wp-image-11111\" srcset=\"https:\/\/www.saint-paul-angouleme.fr\/application\/wp-content\/uploads\/2024\/08\/L1420894-1024x683.jpg 1024w, https:\/\/www.saint-paul-angouleme.fr\/application\/wp-content\/uploads\/2024\/08\/L1420894-300x200.jpg 300w, https:\/\/www.saint-paul-angouleme.fr\/application\/wp-content\/uploads\/2024\/08\/L1420894-768x512.jpg 768w, https:\/\/www.saint-paul-angouleme.fr\/application\/wp-content\/uploads\/2024\/08\/L1420894-1536x1024.jpg 1536w, https:\/\/www.saint-paul-angouleme.fr\/application\/wp-content\/uploads\/2024\/08\/L1420894-2048x1365.jpg 2048w\" sizes=\"(max-width: 1024px) 100vw, 1024px\" \/><\/figure>\n\n\n\n<figure class=\"wp-block-image size-large\"><img loading=\"lazy\" decoding=\"async\" width=\"1024\" height=\"683\" data-id=\"11112\" src=\"https:\/\/www.saint-paul-angouleme.fr\/application\/wp-content\/uploads\/2024\/08\/L1420920-1024x683.jpg\" alt=\"\" class=\"wp-image-11112\" srcset=\"https:\/\/www.saint-paul-angouleme.fr\/application\/wp-content\/uploads\/2024\/08\/L1420920-1024x683.jpg 1024w, https:\/\/www.saint-paul-angouleme.fr\/application\/wp-content\/uploads\/2024\/08\/L1420920-300x200.jpg 300w, https:\/\/www.saint-paul-angouleme.fr\/application\/wp-content\/uploads\/2024\/08\/L1420920-768x512.jpg 768w, https:\/\/www.saint-paul-angouleme.fr\/application\/wp-content\/uploads\/2024\/08\/L1420920-1536x1024.jpg 1536w, https:\/\/www.saint-paul-angouleme.fr\/application\/wp-content\/uploads\/2024\/08\/L1420920-2048x1365.jpg 2048w\" sizes=\"(max-width: 1024px) 100vw, 1024px\" \/><\/figure>\n\n\n\n<figure class=\"wp-block-image size-large\"><img loading=\"lazy\" decoding=\"async\" width=\"1024\" height=\"683\" data-id=\"11113\" src=\"https:\/\/www.saint-paul-angouleme.fr\/application\/wp-content\/uploads\/2024\/08\/L1420938-1024x683.jpg\" alt=\"\" class=\"wp-image-11113\" srcset=\"https:\/\/www.saint-paul-angouleme.fr\/application\/wp-content\/uploads\/2024\/08\/L1420938-1024x683.jpg 1024w, https:\/\/www.saint-paul-angouleme.fr\/application\/wp-content\/uploads\/2024\/08\/L1420938-300x200.jpg 300w, https:\/\/www.saint-paul-angouleme.fr\/application\/wp-content\/uploads\/2024\/08\/L1420938-768x512.jpg 768w, https:\/\/www.saint-paul-angouleme.fr\/application\/wp-content\/uploads\/2024\/08\/L1420938-1536x1024.jpg 1536w, https:\/\/www.saint-paul-angouleme.fr\/application\/wp-content\/uploads\/2024\/08\/L1420938-2048x1365.jpg 2048w\" sizes=\"(max-width: 1024px) 100vw, 1024px\" \/><\/figure>\n\n\n\n<figure class=\"wp-block-image size-large\"><img loading=\"lazy\" decoding=\"async\" width=\"683\" height=\"1024\" data-id=\"11114\" src=\"https:\/\/www.saint-paul-angouleme.fr\/application\/wp-content\/uploads\/2024\/08\/L1420945-683x1024.jpg\" alt=\"\" class=\"wp-image-11114\" srcset=\"https:\/\/www.saint-paul-angouleme.fr\/application\/wp-content\/uploads\/2024\/08\/L1420945-683x1024.jpg 683w, https:\/\/www.saint-paul-angouleme.fr\/application\/wp-content\/uploads\/2024\/08\/L1420945-200x300.jpg 200w, https:\/\/www.saint-paul-angouleme.fr\/application\/wp-content\/uploads\/2024\/08\/L1420945-768x1152.jpg 768w, https:\/\/www.saint-paul-angouleme.fr\/application\/wp-content\/uploads\/2024\/08\/L1420945-1024x1536.jpg 1024w, https:\/\/www.saint-paul-angouleme.fr\/application\/wp-content\/uploads\/2024\/08\/L1420945-1365x2048.jpg 1365w, https:\/\/www.saint-paul-angouleme.fr\/application\/wp-content\/uploads\/2024\/08\/L1420945-scaled.jpg 1707w\" sizes=\"(max-width: 683px) 100vw, 683px\" \/><\/figure>\n\n\n\n<figure class=\"wp-block-image size-large\"><img loading=\"lazy\" decoding=\"async\" width=\"683\" height=\"1024\" data-id=\"11119\" src=\"https:\/\/www.saint-paul-angouleme.fr\/application\/wp-content\/uploads\/2024\/08\/L1430594-683x1024.jpg\" alt=\"Chorale \u00e0 La Nef\" class=\"wp-image-11119\" srcset=\"https:\/\/www.saint-paul-angouleme.fr\/application\/wp-content\/uploads\/2024\/08\/L1430594-683x1024.jpg 683w, https:\/\/www.saint-paul-angouleme.fr\/application\/wp-content\/uploads\/2024\/08\/L1430594-200x300.jpg 200w, https:\/\/www.saint-paul-angouleme.fr\/application\/wp-content\/uploads\/2024\/08\/L1430594-768x1152.jpg 768w, https:\/\/www.saint-paul-angouleme.fr\/application\/wp-content\/uploads\/2024\/08\/L1430594-1024x1536.jpg 1024w, https:\/\/www.saint-paul-angouleme.fr\/application\/wp-content\/uploads\/2024\/08\/L1430594-1365x2048.jpg 1365w, https:\/\/www.saint-paul-angouleme.fr\/application\/wp-content\/uploads\/2024\/08\/L1430594-scaled.jpg 1707w\" sizes=\"(max-width: 683px) 100vw, 683px\" \/><\/figure>\n\n\n\n<figure class=\"wp-block-image size-large\"><img loading=\"lazy\" decoding=\"async\" width=\"683\" height=\"1024\" data-id=\"11122\" src=\"https:\/\/www.saint-paul-angouleme.fr\/application\/wp-content\/uploads\/2024\/08\/L1420835-683x1024.jpg\" alt=\"\" class=\"wp-image-11122\" srcset=\"https:\/\/www.saint-paul-angouleme.fr\/application\/wp-content\/uploads\/2024\/08\/L1420835-683x1024.jpg 683w, https:\/\/www.saint-paul-angouleme.fr\/application\/wp-content\/uploads\/2024\/08\/L1420835-200x300.jpg 200w, https:\/\/www.saint-paul-angouleme.fr\/application\/wp-content\/uploads\/2024\/08\/L1420835-768x1152.jpg 768w, https:\/\/www.saint-paul-angouleme.fr\/application\/wp-content\/uploads\/2024\/08\/L1420835-1024x1536.jpg 1024w, https:\/\/www.saint-paul-angouleme.fr\/application\/wp-content\/uploads\/2024\/08\/L1420835-1365x2048.jpg 1365w, https:\/\/www.saint-paul-angouleme.fr\/application\/wp-content\/uploads\/2024\/08\/L1420835-scaled.jpg 1707w\" sizes=\"(max-width: 683px) 100vw, 683px\" \/><\/figure>\n\n\n\n<figure class=\"wp-block-image size-large\"><img loading=\"lazy\" decoding=\"async\" width=\"1024\" height=\"683\" data-id=\"11123\" src=\"https:\/\/www.saint-paul-angouleme.fr\/application\/wp-content\/uploads\/2024\/08\/L1420841-1024x683.jpg\" alt=\"\" class=\"wp-image-11123\" srcset=\"https:\/\/www.saint-paul-angouleme.fr\/application\/wp-content\/uploads\/2024\/08\/L1420841-1024x683.jpg 1024w, https:\/\/www.saint-paul-angouleme.fr\/application\/wp-content\/uploads\/2024\/08\/L1420841-300x200.jpg 300w, https:\/\/www.saint-paul-angouleme.fr\/application\/wp-content\/uploads\/2024\/08\/L1420841-768x512.jpg 768w, https:\/\/www.saint-paul-angouleme.fr\/application\/wp-content\/uploads\/2024\/08\/L1420841-1536x1024.jpg 1536w, https:\/\/www.saint-paul-angouleme.fr\/application\/wp-content\/uploads\/2024\/08\/L1420841-2048x1365.jpg 2048w\" sizes=\"(max-width: 1024px) 100vw, 1024px\" \/><\/figure>\n\n\n\n<figure class=\"wp-block-image size-large\"><img loading=\"lazy\" decoding=\"async\" width=\"1024\" height=\"683\" data-id=\"11125\" src=\"https:\/\/www.saint-paul-angouleme.fr\/application\/wp-content\/uploads\/2024\/08\/L1420856-1024x683.jpg\" alt=\"\" class=\"wp-image-11125\" srcset=\"https:\/\/www.saint-paul-angouleme.fr\/application\/wp-content\/uploads\/2024\/08\/L1420856-1024x683.jpg 1024w, https:\/\/www.saint-paul-angouleme.fr\/application\/wp-content\/uploads\/2024\/08\/L1420856-300x200.jpg 300w, https:\/\/www.saint-paul-angouleme.fr\/application\/wp-content\/uploads\/2024\/08\/L1420856-768x512.jpg 768w, https:\/\/www.saint-paul-angouleme.fr\/application\/wp-content\/uploads\/2024\/08\/L1420856-1536x1024.jpg 1536w, https:\/\/www.saint-paul-angouleme.fr\/application\/wp-content\/uploads\/2024\/08\/L1420856-2048x1365.jpg 2048w\" sizes=\"(max-width: 1024px) 100vw, 1024px\" \/><\/figure>\n\n\n\n<figure class=\"wp-block-image size-large\"><img loading=\"lazy\" decoding=\"async\" width=\"1024\" height=\"683\" data-id=\"11126\" src=\"https:\/\/www.saint-paul-angouleme.fr\/application\/wp-content\/uploads\/2024\/08\/L1420873-1024x683.jpg\" alt=\"\" class=\"wp-image-11126\" srcset=\"https:\/\/www.saint-paul-angouleme.fr\/application\/wp-content\/uploads\/2024\/08\/L1420873-1024x683.jpg 1024w, https:\/\/www.saint-paul-angouleme.fr\/application\/wp-content\/uploads\/2024\/08\/L1420873-300x200.jpg 300w, https:\/\/www.saint-paul-angouleme.fr\/application\/wp-content\/uploads\/2024\/08\/L1420873-768x512.jpg 768w, https:\/\/www.saint-paul-angouleme.fr\/application\/wp-content\/uploads\/2024\/08\/L1420873-1536x1024.jpg 1536w, https:\/\/www.saint-paul-angouleme.fr\/application\/wp-content\/uploads\/2024\/08\/L1420873-2048x1365.jpg 2048w\" sizes=\"(max-width: 1024px) 100vw, 1024px\" \/><\/figure>\n\n\n\n<figure class=\"wp-block-image size-large\"><img loading=\"lazy\" decoding=\"async\" width=\"1024\" height=\"683\" data-id=\"11127\" src=\"https:\/\/www.saint-paul-angouleme.fr\/application\/wp-content\/uploads\/2024\/08\/L1420886-1024x683.jpg\" alt=\"\" class=\"wp-image-11127\" srcset=\"https:\/\/www.saint-paul-angouleme.fr\/application\/wp-content\/uploads\/2024\/08\/L1420886-1024x683.jpg 1024w, https:\/\/www.saint-paul-angouleme.fr\/application\/wp-content\/uploads\/2024\/08\/L1420886-300x200.jpg 300w, https:\/\/www.saint-paul-angouleme.fr\/application\/wp-content\/uploads\/2024\/08\/L1420886-768x512.jpg 768w, https:\/\/www.saint-paul-angouleme.fr\/application\/wp-content\/uploads\/2024\/08\/L1420886-1536x1024.jpg 1536w, https:\/\/www.saint-paul-angouleme.fr\/application\/wp-content\/uploads\/2024\/08\/L1420886-2048x1365.jpg 2048w\" sizes=\"(max-width: 1024px) 100vw, 1024px\" \/><\/figure>\n<\/figure>\n\n\n\n<p><\/p>\n\n\n\n<figure class=\"wp-block-gallery has-nested-images columns-default is-cropped wp-block-gallery-3 is-layout-flex wp-block-gallery-is-layout-flex\">\n<figure class=\"wp-block-image size-large\"><img loading=\"lazy\" decoding=\"async\" width=\"1024\" height=\"683\" data-id=\"11128\" src=\"https:\/\/www.saint-paul-angouleme.fr\/application\/wp-content\/uploads\/2024\/08\/L1430561-2-1024x683.jpg\" alt=\"Chorale \u00e0 La Nef\" class=\"wp-image-11128\" srcset=\"https:\/\/www.saint-paul-angouleme.fr\/application\/wp-content\/uploads\/2024\/08\/L1430561-2-1024x683.jpg 1024w, https:\/\/www.saint-paul-angouleme.fr\/application\/wp-content\/uploads\/2024\/08\/L1430561-2-300x200.jpg 300w, https:\/\/www.saint-paul-angouleme.fr\/application\/wp-content\/uploads\/2024\/08\/L1430561-2-768x512.jpg 768w, https:\/\/www.saint-paul-angouleme.fr\/application\/wp-content\/uploads\/2024\/08\/L1430561-2-1536x1024.jpg 1536w, https:\/\/www.saint-paul-angouleme.fr\/application\/wp-content\/uploads\/2024\/08\/L1430561-2-2048x1365.jpg 2048w\" sizes=\"(max-width: 1024px) 100vw, 1024px\" \/><\/figure>\n\n\n\n<figure class=\"wp-block-image size-large\"><img loading=\"lazy\" decoding=\"async\" width=\"1024\" height=\"683\" data-id=\"11129\" src=\"https:\/\/www.saint-paul-angouleme.fr\/application\/wp-content\/uploads\/2024\/08\/L1430582-1024x683.jpg\" alt=\"Chorale \u00e0 La Nef\" class=\"wp-image-11129\" srcset=\"https:\/\/www.saint-paul-angouleme.fr\/application\/wp-content\/uploads\/2024\/08\/L1430582-1024x683.jpg 1024w, https:\/\/www.saint-paul-angouleme.fr\/application\/wp-content\/uploads\/2024\/08\/L1430582-300x200.jpg 300w, https:\/\/www.saint-paul-angouleme.fr\/application\/wp-content\/uploads\/2024\/08\/L1430582-768x512.jpg 768w, https:\/\/www.saint-paul-angouleme.fr\/application\/wp-content\/uploads\/2024\/08\/L1430582-1536x1024.jpg 1536w, https:\/\/www.saint-paul-angouleme.fr\/application\/wp-content\/uploads\/2024\/08\/L1430582-2048x1365.jpg 2048w\" sizes=\"(max-width: 1024px) 100vw, 1024px\" \/><\/figure>\n\n\n\n<figure class=\"wp-block-image size-large\"><img loading=\"lazy\" decoding=\"async\" width=\"1024\" height=\"683\" data-id=\"11130\" src=\"https:\/\/www.saint-paul-angouleme.fr\/application\/wp-content\/uploads\/2024\/08\/L1430583-1-1024x683.jpg\" alt=\"Chorale \u00e0 La Nef\" class=\"wp-image-11130\" srcset=\"https:\/\/www.saint-paul-angouleme.fr\/application\/wp-content\/uploads\/2024\/08\/L1430583-1-1024x683.jpg 1024w, https:\/\/www.saint-paul-angouleme.fr\/application\/wp-content\/uploads\/2024\/08\/L1430583-1-300x200.jpg 300w, https:\/\/www.saint-paul-angouleme.fr\/application\/wp-content\/uploads\/2024\/08\/L1430583-1-768x512.jpg 768w, https:\/\/www.saint-paul-angouleme.fr\/application\/wp-content\/uploads\/2024\/08\/L1430583-1-1536x1024.jpg 1536w, https:\/\/www.saint-paul-angouleme.fr\/application\/wp-content\/uploads\/2024\/08\/L1430583-1-2048x1365.jpg 2048w\" sizes=\"(max-width: 1024px) 100vw, 1024px\" \/><\/figure>\n\n\n\n<figure class=\"wp-block-image size-large\"><img loading=\"lazy\" decoding=\"async\" width=\"1024\" height=\"683\" data-id=\"11131\" src=\"https:\/\/www.saint-paul-angouleme.fr\/application\/wp-content\/uploads\/2024\/08\/L1430588-1-1024x683.jpg\" alt=\"Chorale \u00e0 La Nef\" class=\"wp-image-11131\" srcset=\"https:\/\/www.saint-paul-angouleme.fr\/application\/wp-content\/uploads\/2024\/08\/L1430588-1-1024x683.jpg 1024w, https:\/\/www.saint-paul-angouleme.fr\/application\/wp-content\/uploads\/2024\/08\/L1430588-1-300x200.jpg 300w, https:\/\/www.saint-paul-angouleme.fr\/application\/wp-content\/uploads\/2024\/08\/L1430588-1-768x512.jpg 768w, https:\/\/www.saint-paul-angouleme.fr\/application\/wp-content\/uploads\/2024\/08\/L1430588-1-1536x1024.jpg 1536w, https:\/\/www.saint-paul-angouleme.fr\/application\/wp-content\/uploads\/2024\/08\/L1430588-1-2048x1365.jpg 2048w\" sizes=\"(max-width: 1024px) 100vw, 1024px\" \/><\/figure>\n<\/figure>\n\n\n\n<p><\/p>\n\n\n\n<figure class=\"wp-block-video aligncenter\"><video controls src=\"https:\/\/www.saint-paul-angouleme.fr\/application\/wp-content\/uploads\/2024\/08\/2024_06_13_19_30_101.mov\"><\/video><figcaption>Concert gratuit \u00e0 Saint-Paul (court extrait)<\/figcaption><\/figure>\n\n\n\n<p><\/p>\n\n\n\n<figure class=\"wp-block-video aligncenter\"><video controls src=\"https:\/\/www.saint-paul-angouleme.fr\/application\/wp-content\/uploads\/2024\/08\/2024_06_13_19_42_481.mov\"><\/video><figcaption>Concert gratuit \u00e0 Saint-Paul (court extrait)<\/figcaption><\/figure>\n","protected":false},"excerpt":{"rendered":"<p>Depuis de nombreuses ann\u00e9es d\u00e9j\u00e0 la chorale de Saint-Paul propose un r\u00e9pertoire de qualit\u00e9 et original. Quand de nombreux \u00e9tablissement travaillent de la vari\u00e9t\u00e9 fran\u00e7aise (souvent ancienne), M. CLEYRAT, chef de ch\u0153ur, mise sur la vari\u00e9t\u00e9 internationale. Chorale Saint-Paul : rigueur et qualit\u00e9 En effet, nos jeunes artistes s&#8217;engage \u00e0 une assiduit\u00e9 sans faille. R\u00e9p\u00e9tition &#8230; <a title=\"Chorale Saint-Paul : artistes vari\u00e9s et qualit\u00e9 assur\u00e9e\" class=\"read-more\" href=\"https:\/\/www.saint-paul-angouleme.fr\/application\/chorale-saint-paul-artistes-varies-et-qualite-assuree\/\" aria-label=\"Read more about Chorale Saint-Paul : artistes vari\u00e9s et qualit\u00e9 assur\u00e9e\">Lire la suite<\/a><\/p>\n","protected":false},"author":3,"featured_media":11101,"comment_status":"open","ping_status":"open","sticky":false,"template":"","format":"standard","meta":{"_exactmetrics_skip_tracking":false,"_exactmetrics_sitenote_active":false,"_exactmetrics_sitenote_note":"","_exactmetrics_sitenote_category":0,"footnotes":""},"categories":[13,12],"tags":[95,88,861],"class_list":["post-11099","post","type-post","status-publish","format-standard","has-post-thumbnail","hentry","category-pedagogie","category-rendez-vous","tag-chorale-saint-paul","tag-la-nef","tag-maison-tellier"],"yoast_head":"<!-- This site is optimized with the Yoast SEO plugin v23.3 - https:\/\/yoast.com\/wordpress\/plugins\/seo\/ -->\n<title>Chorale Saint-Paul : artistes vari\u00e9s et qualit\u00e9 assur\u00e9e<\/title>\n<meta name=\"description\" content=\"Cette ann\u00e9e 2023-2024 a encore \u00e9t\u00e9 riche riche en musique pour la chorale de Saint-Paul. Nombreux concerts et public ravi au rendez-vous.\" \/>\n<meta name=\"robots\" content=\"index, follow, max-snippet:-1, max-image-preview:large, max-video-preview:-1\" \/>\n<link rel=\"canonical\" href=\"https:\/\/www.saint-paul-angouleme.fr\/application\/chorale-saint-paul-artistes-varies-et-qualite-assuree\/\" \/>\n<meta property=\"og:locale\" content=\"fr_FR\" \/>\n<meta property=\"og:type\" content=\"article\" \/>\n<meta property=\"og:title\" content=\"Chorale Saint-Paul : artistes vari\u00e9s et qualit\u00e9 assur\u00e9e\" \/>\n<meta property=\"og:description\" content=\"Cette ann\u00e9e 2023-2024 a encore \u00e9t\u00e9 riche riche en musique pour la chorale de Saint-Paul. Nombreux concerts et public ravi au rendez-vous.\" \/>\n<meta property=\"og:url\" content=\"https:\/\/www.saint-paul-angouleme.fr\/application\/chorale-saint-paul-artistes-varies-et-qualite-assuree\/\" \/>\n<meta property=\"og:site_name\" content=\"Actualit\u00e9s\" \/>\n<meta property=\"article:publisher\" content=\"https:\/\/www.facebook.com\/SaintPaulAngouleme16\/\" \/>\n<meta property=\"article:published_time\" content=\"2024-06-17T13:15:00+00:00\" \/>\n<meta property=\"article:modified_time\" content=\"2024-08-20T13:18:10+00:00\" \/>\n<meta property=\"og:image\" content=\"https:\/\/www.saint-paul-angouleme.fr\/application\/wp-content\/uploads\/2024\/08\/Concert_13_06_2024.png\" \/>\n\t<meta property=\"og:image:width\" content=\"1533\" \/>\n\t<meta property=\"og:image:height\" content=\"1140\" \/>\n\t<meta property=\"og:image:type\" content=\"image\/png\" \/>\n<meta name=\"author\" content=\"SAINT-PAUL\" \/>\n<meta name=\"twitter:card\" content=\"summary_large_image\" \/>\n<meta name=\"twitter:creator\" content=\"@StPaulAngoulem\" \/>\n<meta name=\"twitter:site\" content=\"@StPaulAngoulem\" \/>\n<meta name=\"twitter:label1\" content=\"\u00c9crit par\" \/>\n\t<meta name=\"twitter:data1\" content=\"SAINT-PAUL\" \/>\n\t<meta name=\"twitter:label2\" content=\"Dur\u00e9e de lecture estim\u00e9e\" \/>\n\t<meta name=\"twitter:data2\" content=\"7 minutes\" \/>\n<script type=\"application\/ld+json\" class=\"yoast-schema-graph\">{\"@context\":\"https:\/\/schema.org\",\"@graph\":[{\"@type\":\"Article\",\"@id\":\"https:\/\/www.saint-paul-angouleme.fr\/application\/chorale-saint-paul-artistes-varies-et-qualite-assuree\/#article\",\"isPartOf\":{\"@id\":\"https:\/\/www.saint-paul-angouleme.fr\/application\/chorale-saint-paul-artistes-varies-et-qualite-assuree\/\"},\"author\":{\"name\":\"SAINT-PAUL\",\"@id\":\"https:\/\/www.saint-paul-angouleme.fr\/application\/#\/schema\/person\/ea152930b1a3823659065827b1a5fb9b\"},\"headline\":\"Chorale Saint-Paul : artistes vari\u00e9s et qualit\u00e9 assur\u00e9e\",\"datePublished\":\"2024-06-17T13:15:00+00:00\",\"dateModified\":\"2024-08-20T13:18:10+00:00\",\"mainEntityOfPage\":{\"@id\":\"https:\/\/www.saint-paul-angouleme.fr\/application\/chorale-saint-paul-artistes-varies-et-qualite-assuree\/\"},\"wordCount\":430,\"commentCount\":2,\"publisher\":{\"@id\":\"https:\/\/www.saint-paul-angouleme.fr\/application\/#organization\"},\"image\":{\"@id\":\"https:\/\/www.saint-paul-angouleme.fr\/application\/chorale-saint-paul-artistes-varies-et-qualite-assuree\/#primaryimage\"},\"thumbnailUrl\":\"https:\/\/www.saint-paul-angouleme.fr\/application\/wp-content\/uploads\/2024\/08\/Concert_13_06_2024.png\",\"keywords\":[\"chorale Saint-Paul\",\"La Nef\",\"Maison Tellier\"],\"articleSection\":[\"P\u00e9dagogie\",\"Rendez-vous\"],\"inLanguage\":\"fr-FR\",\"potentialAction\":[{\"@type\":\"CommentAction\",\"name\":\"Comment\",\"target\":[\"https:\/\/www.saint-paul-angouleme.fr\/application\/chorale-saint-paul-artistes-varies-et-qualite-assuree\/#respond\"]}]},{\"@type\":\"WebPage\",\"@id\":\"https:\/\/www.saint-paul-angouleme.fr\/application\/chorale-saint-paul-artistes-varies-et-qualite-assuree\/\",\"url\":\"https:\/\/www.saint-paul-angouleme.fr\/application\/chorale-saint-paul-artistes-varies-et-qualite-assuree\/\",\"name\":\"Chorale Saint-Paul : artistes vari\u00e9s et qualit\u00e9 assur\u00e9e\",\"isPartOf\":{\"@id\":\"https:\/\/www.saint-paul-angouleme.fr\/application\/#website\"},\"primaryImageOfPage\":{\"@id\":\"https:\/\/www.saint-paul-angouleme.fr\/application\/chorale-saint-paul-artistes-varies-et-qualite-assuree\/#primaryimage\"},\"image\":{\"@id\":\"https:\/\/www.saint-paul-angouleme.fr\/application\/chorale-saint-paul-artistes-varies-et-qualite-assuree\/#primaryimage\"},\"thumbnailUrl\":\"https:\/\/www.saint-paul-angouleme.fr\/application\/wp-content\/uploads\/2024\/08\/Concert_13_06_2024.png\",\"datePublished\":\"2024-06-17T13:15:00+00:00\",\"dateModified\":\"2024-08-20T13:18:10+00:00\",\"description\":\"Cette ann\u00e9e 2023-2024 a encore \u00e9t\u00e9 riche riche en musique pour la chorale de Saint-Paul. Nombreux concerts et public ravi au rendez-vous.\",\"breadcrumb\":{\"@id\":\"https:\/\/www.saint-paul-angouleme.fr\/application\/chorale-saint-paul-artistes-varies-et-qualite-assuree\/#breadcrumb\"},\"inLanguage\":\"fr-FR\",\"potentialAction\":[{\"@type\":\"ReadAction\",\"target\":[\"https:\/\/www.saint-paul-angouleme.fr\/application\/chorale-saint-paul-artistes-varies-et-qualite-assuree\/\"]}]},{\"@type\":\"ImageObject\",\"inLanguage\":\"fr-FR\",\"@id\":\"https:\/\/www.saint-paul-angouleme.fr\/application\/chorale-saint-paul-artistes-varies-et-qualite-assuree\/#primaryimage\",\"url\":\"https:\/\/www.saint-paul-angouleme.fr\/application\/wp-content\/uploads\/2024\/08\/Concert_13_06_2024.png\",\"contentUrl\":\"https:\/\/www.saint-paul-angouleme.fr\/application\/wp-content\/uploads\/2024\/08\/Concert_13_06_2024.png\",\"width\":1533,\"height\":1140},{\"@type\":\"BreadcrumbList\",\"@id\":\"https:\/\/www.saint-paul-angouleme.fr\/application\/chorale-saint-paul-artistes-varies-et-qualite-assuree\/#breadcrumb\",\"itemListElement\":[{\"@type\":\"ListItem\",\"position\":1,\"name\":\"Accueil\",\"item\":\"http:\/\/www.saint-paul-angouleme.fr\/application\/\"},{\"@type\":\"ListItem\",\"position\":2,\"name\":\"Chorale Saint-Paul : artistes vari\u00e9s et qualit\u00e9 assur\u00e9e\"}]},{\"@type\":\"WebSite\",\"@id\":\"https:\/\/www.saint-paul-angouleme.fr\/application\/#website\",\"url\":\"https:\/\/www.saint-paul-angouleme.fr\/application\/\",\"name\":\"Actualit\u00e9s\",\"description\":\"Actualit\u00e9s Saint Paul\",\"publisher\":{\"@id\":\"https:\/\/www.saint-paul-angouleme.fr\/application\/#organization\"},\"potentialAction\":[{\"@type\":\"SearchAction\",\"target\":{\"@type\":\"EntryPoint\",\"urlTemplate\":\"https:\/\/www.saint-paul-angouleme.fr\/application\/?s={search_term_string}\"},\"query-input\":\"required name=search_term_string\"}],\"inLanguage\":\"fr-FR\"},{\"@type\":\"Organization\",\"@id\":\"https:\/\/www.saint-paul-angouleme.fr\/application\/#organization\",\"name\":\"Ensemble scolaire Saint-Paul\",\"url\":\"https:\/\/www.saint-paul-angouleme.fr\/application\/\",\"logo\":{\"@type\":\"ImageObject\",\"inLanguage\":\"fr-FR\",\"@id\":\"https:\/\/www.saint-paul-angouleme.fr\/application\/#\/schema\/logo\/image\/\",\"url\":\"https:\/\/www.saint-paul-angouleme.fr\/application\/wp-content\/uploads\/2018\/08\/logo-saint-paul-couleurs.jpg\",\"contentUrl\":\"https:\/\/www.saint-paul-angouleme.fr\/application\/wp-content\/uploads\/2018\/08\/logo-saint-paul-couleurs.jpg\",\"width\":1890,\"height\":709,\"caption\":\"Ensemble scolaire Saint-Paul\"},\"image\":{\"@id\":\"https:\/\/www.saint-paul-angouleme.fr\/application\/#\/schema\/logo\/image\/\"},\"sameAs\":[\"https:\/\/www.facebook.com\/SaintPaulAngouleme16\/\",\"https:\/\/x.com\/StPaulAngoulem\",\"https:\/\/www.youtube.com\/channel\/UCRLpz1CmPVqc0gn--YyXvjA?view_as=subscriber\"]},{\"@type\":\"Person\",\"@id\":\"https:\/\/www.saint-paul-angouleme.fr\/application\/#\/schema\/person\/ea152930b1a3823659065827b1a5fb9b\",\"name\":\"SAINT-PAUL\",\"image\":{\"@type\":\"ImageObject\",\"inLanguage\":\"fr-FR\",\"@id\":\"https:\/\/www.saint-paul-angouleme.fr\/application\/#\/schema\/person\/image\/\",\"url\":\"https:\/\/secure.gravatar.com\/avatar\/eadb0ffebc02683a61d69038eb2924f0?s=96&r=g\",\"contentUrl\":\"https:\/\/secure.gravatar.com\/avatar\/eadb0ffebc02683a61d69038eb2924f0?s=96&r=g\",\"caption\":\"SAINT-PAUL\"},\"url\":\"https:\/\/www.saint-paul-angouleme.fr\/application\/author\/myriam\/\"}]}<\/script>\n<!-- \/ Yoast SEO plugin. -->","yoast_head_json":{"title":"Chorale Saint-Paul : artistes vari\u00e9s et qualit\u00e9 assur\u00e9e","description":"Cette ann\u00e9e 2023-2024 a encore \u00e9t\u00e9 riche riche en musique pour la chorale de Saint-Paul. Nombreux concerts et public ravi au rendez-vous.","robots":{"index":"index","follow":"follow","max-snippet":"max-snippet:-1","max-image-preview":"max-image-preview:large","max-video-preview":"max-video-preview:-1"},"canonical":"https:\/\/www.saint-paul-angouleme.fr\/application\/chorale-saint-paul-artistes-varies-et-qualite-assuree\/","og_locale":"fr_FR","og_type":"article","og_title":"Chorale Saint-Paul : artistes vari\u00e9s et qualit\u00e9 assur\u00e9e","og_description":"Cette ann\u00e9e 2023-2024 a encore \u00e9t\u00e9 riche riche en musique pour la chorale de Saint-Paul. Nombreux concerts et public ravi au rendez-vous.","og_url":"https:\/\/www.saint-paul-angouleme.fr\/application\/chorale-saint-paul-artistes-varies-et-qualite-assuree\/","og_site_name":"Actualit\u00e9s","article_publisher":"https:\/\/www.facebook.com\/SaintPaulAngouleme16\/","article_published_time":"2024-06-17T13:15:00+00:00","article_modified_time":"2024-08-20T13:18:10+00:00","og_image":[{"width":1533,"height":1140,"url":"https:\/\/www.saint-paul-angouleme.fr\/application\/wp-content\/uploads\/2024\/08\/Concert_13_06_2024.png","type":"image\/png"}],"author":"SAINT-PAUL","twitter_card":"summary_large_image","twitter_creator":"@StPaulAngoulem","twitter_site":"@StPaulAngoulem","twitter_misc":{"\u00c9crit par":"SAINT-PAUL","Dur\u00e9e de lecture estim\u00e9e":"7 minutes"},"schema":{"@context":"https:\/\/schema.org","@graph":[{"@type":"Article","@id":"https:\/\/www.saint-paul-angouleme.fr\/application\/chorale-saint-paul-artistes-varies-et-qualite-assuree\/#article","isPartOf":{"@id":"https:\/\/www.saint-paul-angouleme.fr\/application\/chorale-saint-paul-artistes-varies-et-qualite-assuree\/"},"author":{"name":"SAINT-PAUL","@id":"https:\/\/www.saint-paul-angouleme.fr\/application\/#\/schema\/person\/ea152930b1a3823659065827b1a5fb9b"},"headline":"Chorale Saint-Paul : artistes vari\u00e9s et qualit\u00e9 assur\u00e9e","datePublished":"2024-06-17T13:15:00+00:00","dateModified":"2024-08-20T13:18:10+00:00","mainEntityOfPage":{"@id":"https:\/\/www.saint-paul-angouleme.fr\/application\/chorale-saint-paul-artistes-varies-et-qualite-assuree\/"},"wordCount":430,"commentCount":2,"publisher":{"@id":"https:\/\/www.saint-paul-angouleme.fr\/application\/#organization"},"image":{"@id":"https:\/\/www.saint-paul-angouleme.fr\/application\/chorale-saint-paul-artistes-varies-et-qualite-assuree\/#primaryimage"},"thumbnailUrl":"https:\/\/www.saint-paul-angouleme.fr\/application\/wp-content\/uploads\/2024\/08\/Concert_13_06_2024.png","keywords":["chorale Saint-Paul","La Nef","Maison Tellier"],"articleSection":["P\u00e9dagogie","Rendez-vous"],"inLanguage":"fr-FR","potentialAction":[{"@type":"CommentAction","name":"Comment","target":["https:\/\/www.saint-paul-angouleme.fr\/application\/chorale-saint-paul-artistes-varies-et-qualite-assuree\/#respond"]}]},{"@type":"WebPage","@id":"https:\/\/www.saint-paul-angouleme.fr\/application\/chorale-saint-paul-artistes-varies-et-qualite-assuree\/","url":"https:\/\/www.saint-paul-angouleme.fr\/application\/chorale-saint-paul-artistes-varies-et-qualite-assuree\/","name":"Chorale Saint-Paul : artistes vari\u00e9s et qualit\u00e9 assur\u00e9e","isPartOf":{"@id":"https:\/\/www.saint-paul-angouleme.fr\/application\/#website"},"primaryImageOfPage":{"@id":"https:\/\/www.saint-paul-angouleme.fr\/application\/chorale-saint-paul-artistes-varies-et-qualite-assuree\/#primaryimage"},"image":{"@id":"https:\/\/www.saint-paul-angouleme.fr\/application\/chorale-saint-paul-artistes-varies-et-qualite-assuree\/#primaryimage"},"thumbnailUrl":"https:\/\/www.saint-paul-angouleme.fr\/application\/wp-content\/uploads\/2024\/08\/Concert_13_06_2024.png","datePublished":"2024-06-17T13:15:00+00:00","dateModified":"2024-08-20T13:18:10+00:00","description":"Cette ann\u00e9e 2023-2024 a encore \u00e9t\u00e9 riche riche en musique pour la chorale de Saint-Paul. Nombreux concerts et public ravi au rendez-vous.","breadcrumb":{"@id":"https:\/\/www.saint-paul-angouleme.fr\/application\/chorale-saint-paul-artistes-varies-et-qualite-assuree\/#breadcrumb"},"inLanguage":"fr-FR","potentialAction":[{"@type":"ReadAction","target":["https:\/\/www.saint-paul-angouleme.fr\/application\/chorale-saint-paul-artistes-varies-et-qualite-assuree\/"]}]},{"@type":"ImageObject","inLanguage":"fr-FR","@id":"https:\/\/www.saint-paul-angouleme.fr\/application\/chorale-saint-paul-artistes-varies-et-qualite-assuree\/#primaryimage","url":"https:\/\/www.saint-paul-angouleme.fr\/application\/wp-content\/uploads\/2024\/08\/Concert_13_06_2024.png","contentUrl":"https:\/\/www.saint-paul-angouleme.fr\/application\/wp-content\/uploads\/2024\/08\/Concert_13_06_2024.png","width":1533,"height":1140},{"@type":"BreadcrumbList","@id":"https:\/\/www.saint-paul-angouleme.fr\/application\/chorale-saint-paul-artistes-varies-et-qualite-assuree\/#breadcrumb","itemListElement":[{"@type":"ListItem","position":1,"name":"Accueil","item":"http:\/\/www.saint-paul-angouleme.fr\/application\/"},{"@type":"ListItem","position":2,"name":"Chorale Saint-Paul : artistes vari\u00e9s et qualit\u00e9 assur\u00e9e"}]},{"@type":"WebSite","@id":"https:\/\/www.saint-paul-angouleme.fr\/application\/#website","url":"https:\/\/www.saint-paul-angouleme.fr\/application\/","name":"Actualit\u00e9s","description":"Actualit\u00e9s Saint Paul","publisher":{"@id":"https:\/\/www.saint-paul-angouleme.fr\/application\/#organization"},"potentialAction":[{"@type":"SearchAction","target":{"@type":"EntryPoint","urlTemplate":"https:\/\/www.saint-paul-angouleme.fr\/application\/?s={search_term_string}"},"query-input":"required name=search_term_string"}],"inLanguage":"fr-FR"},{"@type":"Organization","@id":"https:\/\/www.saint-paul-angouleme.fr\/application\/#organization","name":"Ensemble scolaire Saint-Paul","url":"https:\/\/www.saint-paul-angouleme.fr\/application\/","logo":{"@type":"ImageObject","inLanguage":"fr-FR","@id":"https:\/\/www.saint-paul-angouleme.fr\/application\/#\/schema\/logo\/image\/","url":"https:\/\/www.saint-paul-angouleme.fr\/application\/wp-content\/uploads\/2018\/08\/logo-saint-paul-couleurs.jpg","contentUrl":"https:\/\/www.saint-paul-angouleme.fr\/application\/wp-content\/uploads\/2018\/08\/logo-saint-paul-couleurs.jpg","width":1890,"height":709,"caption":"Ensemble scolaire Saint-Paul"},"image":{"@id":"https:\/\/www.saint-paul-angouleme.fr\/application\/#\/schema\/logo\/image\/"},"sameAs":["https:\/\/www.facebook.com\/SaintPaulAngouleme16\/","https:\/\/x.com\/StPaulAngoulem","https:\/\/www.youtube.com\/channel\/UCRLpz1CmPVqc0gn--YyXvjA?view_as=subscriber"]},{"@type":"Person","@id":"https:\/\/www.saint-paul-angouleme.fr\/application\/#\/schema\/person\/ea152930b1a3823659065827b1a5fb9b","name":"SAINT-PAUL","image":{"@type":"ImageObject","inLanguage":"fr-FR","@id":"https:\/\/www.saint-paul-angouleme.fr\/application\/#\/schema\/person\/image\/","url":"https:\/\/secure.gravatar.com\/avatar\/eadb0ffebc02683a61d69038eb2924f0?s=96&r=g","contentUrl":"https:\/\/secure.gravatar.com\/avatar\/eadb0ffebc02683a61d69038eb2924f0?s=96&r=g","caption":"SAINT-PAUL"},"url":"https:\/\/www.saint-paul-angouleme.fr\/application\/author\/myriam\/"}]}},"_links":{"self":[{"href":"https:\/\/www.saint-paul-angouleme.fr\/application\/wp-json\/wp\/v2\/posts\/11099"}],"collection":[{"href":"https:\/\/www.saint-paul-angouleme.fr\/application\/wp-json\/wp\/v2\/posts"}],"about":[{"href":"https:\/\/www.saint-paul-angouleme.fr\/application\/wp-json\/wp\/v2\/types\/post"}],"author":[{"embeddable":true,"href":"https:\/\/www.saint-paul-angouleme.fr\/application\/wp-json\/wp\/v2\/users\/3"}],"replies":[{"embeddable":true,"href":"https:\/\/www.saint-paul-angouleme.fr\/application\/wp-json\/wp\/v2\/comments?post=11099"}],"version-history":[{"count":7,"href":"https:\/\/www.saint-paul-angouleme.fr\/application\/wp-json\/wp\/v2\/posts\/11099\/revisions"}],"predecessor-version":[{"id":11137,"href":"https:\/\/www.saint-paul-angouleme.fr\/application\/wp-json\/wp\/v2\/posts\/11099\/revisions\/11137"}],"wp:featuredmedia":[{"embeddable":true,"href":"https:\/\/www.saint-paul-angouleme.fr\/application\/wp-json\/wp\/v2\/media\/11101"}],"wp:attachment":[{"href":"https:\/\/www.saint-paul-angouleme.fr\/application\/wp-json\/wp\/v2\/media?parent=11099"}],"wp:term":[{"taxonomy":"category","embeddable":true,"href":"https:\/\/www.saint-paul-angouleme.fr\/application\/wp-json\/wp\/v2\/categories?post=11099"},{"taxonomy":"post_tag","embeddable":true,"href":"https:\/\/www.saint-paul-angouleme.fr\/application\/wp-json\/wp\/v2\/tags?post=11099"}],"curies":[{"name":"wp","href":"https:\/\/api.w.org\/{rel}","templated":true}]}}