{"id":10874,"date":"2024-06-06T11:42:00","date_gmt":"2024-06-06T09:42:00","guid":{"rendered":"https:\/\/www.saint-paul-angouleme.fr\/application\/?p=10874"},"modified":"2024-07-03T11:53:59","modified_gmt":"2024-07-03T09:53:59","slug":"sortie-au-puy-du-fou-pour-nos-eleves-de-premiere","status":"publish","type":"post","link":"https:\/\/www.saint-paul-angouleme.fr\/application\/sortie-au-puy-du-fou-pour-nos-eleves-de-premiere\/","title":{"rendered":"Puy du Fou : journ\u00e9e de sortie pour nos \u00e9l\u00e8ves de Premi\u00e8re"},"content":{"rendered":"<div class=\"wp-block-image\">\n<figure class=\"aligncenter size-full\"><img loading=\"lazy\" decoding=\"async\" width=\"800\" height=\"533\" src=\"https:\/\/www.saint-paul-angouleme.fr\/application\/wp-content\/uploads\/2024\/07\/secret-lance.jpg\" alt=\"Puy du Fou : &quot;le secret de la lance&quot;\" class=\"wp-image-10875\" srcset=\"https:\/\/www.saint-paul-angouleme.fr\/application\/wp-content\/uploads\/2024\/07\/secret-lance.jpg 800w, https:\/\/www.saint-paul-angouleme.fr\/application\/wp-content\/uploads\/2024\/07\/secret-lance-300x200.jpg 300w, https:\/\/www.saint-paul-angouleme.fr\/application\/wp-content\/uploads\/2024\/07\/secret-lance-768x512.jpg 768w\" sizes=\"(max-width: 800px) 100vw, 800px\" \/><\/figure><\/div>\n\n\n<p><\/p>\n\n\n\n<p>C&#8217;est en juin 1977 que le Ch\u00e2teau du Puy du Fou est d\u00e9couvert. Il n&#8217;\u00e9tait alors que ruines. Un an plus tard la premi\u00e8re cin\u00e9sc\u00e9nie voit le jour gr\u00e2ce \u00e0 l&#8217;investissement des Puyfolais. Au fil des ans, de nouveaux spectacles et d\u00e9cors sont cr\u00e9\u00e9s. En 2012 puis 2014, il est r\u00e9compens\u00e9 aux Etats Unis comme &#8220;Meilleur Parc du Monde&#8221;. <\/p>\n\n\n\n<p><\/p>\n\n\n\n<figure class=\"wp-block-embed is-type-video is-provider-youtube wp-block-embed-youtube\"><div style=\"display: contents;\" >\n<div class=\"arve\" data-mode=\"normal\" data-oembed=\"1\" data-provider=\"youtube\" id=\"arve-youtube-q8vznr3lmo0\">\n<div class=\"arve-inner\">\n<div class=\"arve-embed arve-embed--has-aspect-ratio\">\n<span class=\"arve-ar\" style=\"padding-top:56.250000%\"><\/span><iframe credentialless referrerpolicy=\"strict-origin-when-cross-origin\" allow=\"accelerometer &#039;none&#039;;ambient-light-sensor &#039;none&#039;;autoplay &#039;none&#039;;battery &#039;none&#039;;bluetooth &#039;none&#039;;browsing-topics &#039;none&#039;;camera &#039;none&#039;;ch-ua &#039;none&#039;;clipboard-read &#039;none&#039;;clipboard-write;display-capture &#039;none&#039;;document-domain &#039;none&#039;;domain-agent &#039;none&#039;;encrypted-media &#039;none&#039;;execution-while-not-rendered &#039;none&#039;;execution-while-out-of-viewport &#039;none&#039;;gamepad &#039;none&#039;;geolocation &#039;none&#039;;gyroscope &#039;none&#039;;hid &#039;none&#039;;identity-credentials-get &#039;none&#039;;idle-detection &#039;none&#039;;keyboard-map &#039;none&#039;;local-fonts &#039;none&#039;;magnetometer &#039;none&#039;;microphone &#039;none&#039;;midi &#039;none&#039;;navigation-override &#039;none&#039;;otp-credentials &#039;none&#039;;payment &#039;none&#039;;picture-in-picture;publickey-credentials-create &#039;none&#039;;publickey-credentials-get &#039;none&#039;;screen-wake-lock &#039;none&#039;;serial &#039;none&#039;;speaker-selection;sync-xhr &#039;none&#039;;usb &#039;none&#039;;web-share;window-management &#039;none&#039;;xr-spatial-tracking &#039;none&#039;;\" allowfullscreen class=\"arve-iframe fitvidsignore\" data-arve=\"arve-youtube-q8vznr3lmo0\" data-src-no-ap=\"https:\/\/www.youtube-nocookie.com\/embed\/q8vZNr3LmO0?feature=oembed&amp;iv_load_policy=3&amp;modestbranding=1&amp;rel=0&amp;autohide=1&amp;playsinline=0&amp;autoplay=0\" frameborder=\"0\" height=\"0\" name sandbox=\"allow-scripts allow-same-origin allow-presentation allow-popups allow-popups-to-escape-sandbox\" scrolling=\"no\" src=\"https:\/\/www.youtube-nocookie.com\/embed\/q8vZNr3LmO0?feature=oembed&#038;iv_load_policy=3&#038;modestbranding=1&#038;rel=0&#038;autohide=1&#038;playsinline=0&#038;autoplay=0\" width=\"0\" title loading=\"lazy\"><\/iframe>\n\n<\/div>\n\n<\/div>\n<script type=\"application\/ld+json\">{\"@context\":\"http:\\\/\\\/schema.org\\\/\",\"@id\":\"https:\\\/\\\/www.saint-paul-angouleme.fr\\\/application\\\/sortie-au-puy-du-fou-pour-nos-eleves-de-premiere\\\/#arve-youtube-q8vznr3lmo0\",\"type\":\"VideoObject\",\"embedURL\":\"https:\\\/\\\/www.youtube-nocookie.com\\\/embed\\\/q8vZNr3LmO0?feature=oembed&iv_load_policy=3&modestbranding=1&rel=0&autohide=1&playsinline=0&autoplay=0\"}<\/script>\n<\/div>\n\n<\/div><\/figure>\n\n\n\n<p><\/p>\n\n\n\n<p>Le site internet du <a href=\"https:\/\/www.vendee-tourisme.com\/\" target=\"_blank\" rel=\"noreferrer noopener\">Puy du Fou<\/a> le r\u00e9sume ainsi : <em>&#8220;Ici, on s\u2019inspire de l\u2019Histoire et ses l\u00e9gendes pour vous faire vivre des aventures exceptionnelles.&#8221;<\/em> De fait, de l&#8217;Empire Romain \u00e0 la Premi\u00e8re Guerre mondiale les tableaux se succ\u00e8dent et nous font voyager dans le temps avec des d\u00e9cors et des spectacles de grande qualit\u00e9 et tr\u00e8s r\u00e9alistes. <\/p>\n\n\n\n<p><\/p>\n\n\n<div class=\"wp-block-image\">\n<figure class=\"aligncenter size-full\"><img loading=\"lazy\" decoding=\"async\" width=\"800\" height=\"533\" src=\"https:\/\/www.saint-paul-angouleme.fr\/application\/wp-content\/uploads\/2024\/07\/signe-triomphe.jpg\" alt=\"Puy du Fou : course de chars\" class=\"wp-image-10876\" srcset=\"https:\/\/www.saint-paul-angouleme.fr\/application\/wp-content\/uploads\/2024\/07\/signe-triomphe.jpg 800w, https:\/\/www.saint-paul-angouleme.fr\/application\/wp-content\/uploads\/2024\/07\/signe-triomphe-300x200.jpg 300w, https:\/\/www.saint-paul-angouleme.fr\/application\/wp-content\/uploads\/2024\/07\/signe-triomphe-768x512.jpg 768w\" sizes=\"(max-width: 800px) 100vw, 800px\" \/><figcaption>Source : <a href=\"https:\/\/happylifeanywhere.com\/\" target=\"_blank\" rel=\"noreferrer noopener\">https:\/\/happylifeanywhere.com\/<\/a> (les 3 photos)<\/figcaption><\/figure><\/div>\n\n\n<p><\/p>\n\n\n\n<p>Ces <a href=\"https:\/\/www.saint-paul-angouleme.fr\/application\/sorties-scolaires-2022-finir-lannee-en-douceur\/\" target=\"_blank\" rel=\"noreferrer noopener\">sorties de fin d&#8217;ann\u00e9e scolaires<\/a> sont une tradition \u00e0 Saint-Paul, pour le plus grand bonheur de tous. Nos \u00e9l\u00e8ves et les professeurs encadrants ont appr\u00e9ci\u00e9 ce d\u00e9paysement et, malgr\u00e9 la fatigue, cette merveilleuse journ\u00e9e du 8 juin2024.<\/p>\n\n\n\n<p><\/p>\n\n\n\n<figure class=\"wp-block-embed is-type-video is-provider-youtube wp-block-embed-youtube\"><div style=\"display: contents;\" >\n<div class=\"arve\" data-mode=\"normal\" data-oembed=\"1\" data-provider=\"youtube\" id=\"arve-youtube-soel9ywtjns\">\n<div class=\"arve-inner\">\n<div class=\"arve-embed arve-embed--has-aspect-ratio\">\n<span class=\"arve-ar\" style=\"padding-top:56.250000%\"><\/span><iframe credentialless referrerpolicy=\"strict-origin-when-cross-origin\" allow=\"accelerometer &#039;none&#039;;ambient-light-sensor &#039;none&#039;;autoplay &#039;none&#039;;battery &#039;none&#039;;bluetooth &#039;none&#039;;browsing-topics &#039;none&#039;;camera &#039;none&#039;;ch-ua &#039;none&#039;;clipboard-read &#039;none&#039;;clipboard-write;display-capture &#039;none&#039;;document-domain &#039;none&#039;;domain-agent &#039;none&#039;;encrypted-media &#039;none&#039;;execution-while-not-rendered &#039;none&#039;;execution-while-out-of-viewport &#039;none&#039;;gamepad &#039;none&#039;;geolocation &#039;none&#039;;gyroscope &#039;none&#039;;hid &#039;none&#039;;identity-credentials-get &#039;none&#039;;idle-detection &#039;none&#039;;keyboard-map &#039;none&#039;;local-fonts &#039;none&#039;;magnetometer &#039;none&#039;;microphone &#039;none&#039;;midi &#039;none&#039;;navigation-override &#039;none&#039;;otp-credentials &#039;none&#039;;payment &#039;none&#039;;picture-in-picture;publickey-credentials-create &#039;none&#039;;publickey-credentials-get &#039;none&#039;;screen-wake-lock &#039;none&#039;;serial &#039;none&#039;;speaker-selection;sync-xhr &#039;none&#039;;usb &#039;none&#039;;web-share;window-management &#039;none&#039;;xr-spatial-tracking &#039;none&#039;;\" allowfullscreen class=\"arve-iframe fitvidsignore\" data-arve=\"arve-youtube-soel9ywtjns\" data-src-no-ap=\"https:\/\/www.youtube-nocookie.com\/embed\/sOEl9Ywtjns?feature=oembed&amp;iv_load_policy=3&amp;modestbranding=1&amp;rel=0&amp;autohide=1&amp;playsinline=0&amp;autoplay=0\" frameborder=\"0\" height=\"0\" name sandbox=\"allow-scripts allow-same-origin allow-presentation allow-popups allow-popups-to-escape-sandbox\" scrolling=\"no\" src=\"https:\/\/www.youtube-nocookie.com\/embed\/sOEl9Ywtjns?feature=oembed&#038;iv_load_policy=3&#038;modestbranding=1&#038;rel=0&#038;autohide=1&#038;playsinline=0&#038;autoplay=0\" width=\"0\" title loading=\"lazy\"><\/iframe>\n\n<\/div>\n\n<\/div>\n<script type=\"application\/ld+json\">{\"@context\":\"http:\\\/\\\/schema.org\\\/\",\"@id\":\"https:\\\/\\\/www.saint-paul-angouleme.fr\\\/application\\\/sortie-au-puy-du-fou-pour-nos-eleves-de-premiere\\\/#arve-youtube-soel9ywtjns\",\"type\":\"VideoObject\",\"embedURL\":\"https:\\\/\\\/www.youtube-nocookie.com\\\/embed\\\/sOEl9Ywtjns?feature=oembed&iv_load_policy=3&modestbranding=1&rel=0&autohide=1&playsinline=0&autoplay=0\"}<\/script>\n<\/div>\n\n<\/div><\/figure>\n\n\n\n<p><\/p>\n","protected":false},"excerpt":{"rendered":"<p>C&#8217;est en juin 1977 que le Ch\u00e2teau du Puy du Fou est d\u00e9couvert. Il n&#8217;\u00e9tait alors que ruines. Un an plus tard la premi\u00e8re cin\u00e9sc\u00e9nie voit le jour gr\u00e2ce \u00e0 l&#8217;investissement des Puyfolais. Au fil des ans, de nouveaux spectacles et d\u00e9cors sont cr\u00e9\u00e9s. En 2012 puis 2014, il est r\u00e9compens\u00e9 aux Etats Unis comme &#8230; <a title=\"Puy du Fou : journ\u00e9e de sortie pour nos \u00e9l\u00e8ves de Premi\u00e8re\" class=\"read-more\" href=\"https:\/\/www.saint-paul-angouleme.fr\/application\/sortie-au-puy-du-fou-pour-nos-eleves-de-premiere\/\" aria-label=\"Read more about Puy du Fou : journ\u00e9e de sortie pour nos \u00e9l\u00e8ves de Premi\u00e8re\">Lire la suite<\/a><\/p>\n","protected":false},"author":3,"featured_media":10877,"comment_status":"open","ping_status":"open","sticky":false,"template":"","format":"standard","meta":{"_exactmetrics_skip_tracking":false,"_exactmetrics_sitenote_active":false,"_exactmetrics_sitenote_note":"","_exactmetrics_sitenote_category":0,"footnotes":""},"categories":[13,523],"tags":[817,815,819],"class_list":["post-10874","post","type-post","status-publish","format-standard","has-post-thumbnail","hentry","category-pedagogie","category-regard-sur","tag-histoire","tag-puy-du-fou","tag-spectacle"],"yoast_head":"<!-- This site is optimized with the Yoast SEO plugin v23.3 - https:\/\/yoast.com\/wordpress\/plugins\/seo\/ -->\n<title>Puy du Fou : journ\u00e9e de sortie pour nos \u00e9l\u00e8ves de Premi\u00e8re<\/title>\n<meta name=\"description\" content=\"Le lundi 3 juin 2024, 98 \u00e9l\u00e8ves de Premi\u00e8re prennent le Chemin du Puy du Fou pour une journ\u00e9e exceptionnelle.\" \/>\n<meta name=\"robots\" content=\"index, follow, max-snippet:-1, max-image-preview:large, max-video-preview:-1\" \/>\n<link rel=\"canonical\" href=\"https:\/\/www.saint-paul-angouleme.fr\/application\/sortie-au-puy-du-fou-pour-nos-eleves-de-premiere\/\" \/>\n<meta property=\"og:locale\" content=\"fr_FR\" \/>\n<meta property=\"og:type\" content=\"article\" \/>\n<meta property=\"og:title\" content=\"Puy du Fou : journ\u00e9e de sortie pour nos \u00e9l\u00e8ves de Premi\u00e8re\" \/>\n<meta property=\"og:description\" content=\"Le lundi 3 juin 2024, 98 \u00e9l\u00e8ves de Premi\u00e8re prennent le Chemin du Puy du Fou pour une journ\u00e9e exceptionnelle.\" \/>\n<meta property=\"og:url\" content=\"https:\/\/www.saint-paul-angouleme.fr\/application\/sortie-au-puy-du-fou-pour-nos-eleves-de-premiere\/\" \/>\n<meta property=\"og:site_name\" content=\"Actualit\u00e9s\" \/>\n<meta property=\"article:publisher\" content=\"https:\/\/www.facebook.com\/SaintPaulAngouleme16\/\" \/>\n<meta property=\"article:published_time\" content=\"2024-06-06T09:42:00+00:00\" \/>\n<meta property=\"article:modified_time\" content=\"2024-07-03T09:53:59+00:00\" \/>\n<meta property=\"og:image\" content=\"https:\/\/www.saint-paul-angouleme.fr\/application\/wp-content\/uploads\/2024\/07\/decor-viking.jpg\" \/>\n\t<meta property=\"og:image:width\" content=\"800\" \/>\n\t<meta property=\"og:image:height\" content=\"533\" \/>\n\t<meta property=\"og:image:type\" content=\"image\/jpeg\" \/>\n<meta name=\"author\" content=\"SAINT-PAUL\" \/>\n<meta name=\"twitter:card\" content=\"summary_large_image\" \/>\n<meta name=\"twitter:creator\" content=\"@StPaulAngoulem\" \/>\n<meta name=\"twitter:site\" content=\"@StPaulAngoulem\" \/>\n<meta name=\"twitter:label1\" content=\"\u00c9crit par\" \/>\n\t<meta name=\"twitter:data1\" content=\"SAINT-PAUL\" \/>\n\t<meta name=\"twitter:label2\" content=\"Dur\u00e9e de lecture estim\u00e9e\" \/>\n\t<meta name=\"twitter:data2\" content=\"2 minutes\" \/>\n<script type=\"application\/ld+json\" class=\"yoast-schema-graph\">{\"@context\":\"https:\/\/schema.org\",\"@graph\":[{\"@type\":\"Article\",\"@id\":\"https:\/\/www.saint-paul-angouleme.fr\/application\/sortie-au-puy-du-fou-pour-nos-eleves-de-premiere\/#article\",\"isPartOf\":{\"@id\":\"https:\/\/www.saint-paul-angouleme.fr\/application\/sortie-au-puy-du-fou-pour-nos-eleves-de-premiere\/\"},\"author\":{\"name\":\"SAINT-PAUL\",\"@id\":\"https:\/\/www.saint-paul-angouleme.fr\/application\/#\/schema\/person\/ea152930b1a3823659065827b1a5fb9b\"},\"headline\":\"Puy du Fou : journ\u00e9e de sortie pour nos \u00e9l\u00e8ves de Premi\u00e8re\",\"datePublished\":\"2024-06-06T09:42:00+00:00\",\"dateModified\":\"2024-07-03T09:53:59+00:00\",\"mainEntityOfPage\":{\"@id\":\"https:\/\/www.saint-paul-angouleme.fr\/application\/sortie-au-puy-du-fou-pour-nos-eleves-de-premiere\/\"},\"wordCount\":209,\"commentCount\":0,\"publisher\":{\"@id\":\"https:\/\/www.saint-paul-angouleme.fr\/application\/#organization\"},\"image\":{\"@id\":\"https:\/\/www.saint-paul-angouleme.fr\/application\/sortie-au-puy-du-fou-pour-nos-eleves-de-premiere\/#primaryimage\"},\"thumbnailUrl\":\"https:\/\/www.saint-paul-angouleme.fr\/application\/wp-content\/uploads\/2024\/07\/decor-viking.jpg\",\"keywords\":[\"Histoire\",\"Puy du Fou\",\"Spectacle\"],\"articleSection\":[\"P\u00e9dagogie\",\"Regard sur\"],\"inLanguage\":\"fr-FR\",\"potentialAction\":[{\"@type\":\"CommentAction\",\"name\":\"Comment\",\"target\":[\"https:\/\/www.saint-paul-angouleme.fr\/application\/sortie-au-puy-du-fou-pour-nos-eleves-de-premiere\/#respond\"]}]},{\"@type\":\"WebPage\",\"@id\":\"https:\/\/www.saint-paul-angouleme.fr\/application\/sortie-au-puy-du-fou-pour-nos-eleves-de-premiere\/\",\"url\":\"https:\/\/www.saint-paul-angouleme.fr\/application\/sortie-au-puy-du-fou-pour-nos-eleves-de-premiere\/\",\"name\":\"Puy du Fou : journ\u00e9e de sortie pour nos \u00e9l\u00e8ves de Premi\u00e8re\",\"isPartOf\":{\"@id\":\"https:\/\/www.saint-paul-angouleme.fr\/application\/#website\"},\"primaryImageOfPage\":{\"@id\":\"https:\/\/www.saint-paul-angouleme.fr\/application\/sortie-au-puy-du-fou-pour-nos-eleves-de-premiere\/#primaryimage\"},\"image\":{\"@id\":\"https:\/\/www.saint-paul-angouleme.fr\/application\/sortie-au-puy-du-fou-pour-nos-eleves-de-premiere\/#primaryimage\"},\"thumbnailUrl\":\"https:\/\/www.saint-paul-angouleme.fr\/application\/wp-content\/uploads\/2024\/07\/decor-viking.jpg\",\"datePublished\":\"2024-06-06T09:42:00+00:00\",\"dateModified\":\"2024-07-03T09:53:59+00:00\",\"description\":\"Le lundi 3 juin 2024, 98 \u00e9l\u00e8ves de Premi\u00e8re prennent le Chemin du Puy du Fou pour une journ\u00e9e exceptionnelle.\",\"breadcrumb\":{\"@id\":\"https:\/\/www.saint-paul-angouleme.fr\/application\/sortie-au-puy-du-fou-pour-nos-eleves-de-premiere\/#breadcrumb\"},\"inLanguage\":\"fr-FR\",\"potentialAction\":[{\"@type\":\"ReadAction\",\"target\":[\"https:\/\/www.saint-paul-angouleme.fr\/application\/sortie-au-puy-du-fou-pour-nos-eleves-de-premiere\/\"]}]},{\"@type\":\"ImageObject\",\"inLanguage\":\"fr-FR\",\"@id\":\"https:\/\/www.saint-paul-angouleme.fr\/application\/sortie-au-puy-du-fou-pour-nos-eleves-de-premiere\/#primaryimage\",\"url\":\"https:\/\/www.saint-paul-angouleme.fr\/application\/wp-content\/uploads\/2024\/07\/decor-viking.jpg\",\"contentUrl\":\"https:\/\/www.saint-paul-angouleme.fr\/application\/wp-content\/uploads\/2024\/07\/decor-viking.jpg\",\"width\":800,\"height\":533},{\"@type\":\"BreadcrumbList\",\"@id\":\"https:\/\/www.saint-paul-angouleme.fr\/application\/sortie-au-puy-du-fou-pour-nos-eleves-de-premiere\/#breadcrumb\",\"itemListElement\":[{\"@type\":\"ListItem\",\"position\":1,\"name\":\"Accueil\",\"item\":\"http:\/\/www.saint-paul-angouleme.fr\/application\/\"},{\"@type\":\"ListItem\",\"position\":2,\"name\":\"Puy du Fou : journ\u00e9e de sortie pour nos \u00e9l\u00e8ves de Premi\u00e8re\"}]},{\"@type\":\"WebSite\",\"@id\":\"https:\/\/www.saint-paul-angouleme.fr\/application\/#website\",\"url\":\"https:\/\/www.saint-paul-angouleme.fr\/application\/\",\"name\":\"Actualit\u00e9s\",\"description\":\"Actualit\u00e9s Saint Paul\",\"publisher\":{\"@id\":\"https:\/\/www.saint-paul-angouleme.fr\/application\/#organization\"},\"potentialAction\":[{\"@type\":\"SearchAction\",\"target\":{\"@type\":\"EntryPoint\",\"urlTemplate\":\"https:\/\/www.saint-paul-angouleme.fr\/application\/?s={search_term_string}\"},\"query-input\":\"required name=search_term_string\"}],\"inLanguage\":\"fr-FR\"},{\"@type\":\"Organization\",\"@id\":\"https:\/\/www.saint-paul-angouleme.fr\/application\/#organization\",\"name\":\"Ensemble scolaire Saint-Paul\",\"url\":\"https:\/\/www.saint-paul-angouleme.fr\/application\/\",\"logo\":{\"@type\":\"ImageObject\",\"inLanguage\":\"fr-FR\",\"@id\":\"https:\/\/www.saint-paul-angouleme.fr\/application\/#\/schema\/logo\/image\/\",\"url\":\"https:\/\/www.saint-paul-angouleme.fr\/application\/wp-content\/uploads\/2018\/08\/logo-saint-paul-couleurs.jpg\",\"contentUrl\":\"https:\/\/www.saint-paul-angouleme.fr\/application\/wp-content\/uploads\/2018\/08\/logo-saint-paul-couleurs.jpg\",\"width\":1890,\"height\":709,\"caption\":\"Ensemble scolaire Saint-Paul\"},\"image\":{\"@id\":\"https:\/\/www.saint-paul-angouleme.fr\/application\/#\/schema\/logo\/image\/\"},\"sameAs\":[\"https:\/\/www.facebook.com\/SaintPaulAngouleme16\/\",\"https:\/\/x.com\/StPaulAngoulem\",\"https:\/\/www.youtube.com\/channel\/UCRLpz1CmPVqc0gn--YyXvjA?view_as=subscriber\"]},{\"@type\":\"Person\",\"@id\":\"https:\/\/www.saint-paul-angouleme.fr\/application\/#\/schema\/person\/ea152930b1a3823659065827b1a5fb9b\",\"name\":\"SAINT-PAUL\",\"image\":{\"@type\":\"ImageObject\",\"inLanguage\":\"fr-FR\",\"@id\":\"https:\/\/www.saint-paul-angouleme.fr\/application\/#\/schema\/person\/image\/\",\"url\":\"https:\/\/secure.gravatar.com\/avatar\/eadb0ffebc02683a61d69038eb2924f0?s=96&r=g\",\"contentUrl\":\"https:\/\/secure.gravatar.com\/avatar\/eadb0ffebc02683a61d69038eb2924f0?s=96&r=g\",\"caption\":\"SAINT-PAUL\"},\"url\":\"https:\/\/www.saint-paul-angouleme.fr\/application\/author\/myriam\/\"}]}<\/script>\n<!-- \/ Yoast SEO plugin. -->","yoast_head_json":{"title":"Puy du Fou : journ\u00e9e de sortie pour nos \u00e9l\u00e8ves de Premi\u00e8re","description":"Le lundi 3 juin 2024, 98 \u00e9l\u00e8ves de Premi\u00e8re prennent le Chemin du Puy du Fou pour une journ\u00e9e exceptionnelle.","robots":{"index":"index","follow":"follow","max-snippet":"max-snippet:-1","max-image-preview":"max-image-preview:large","max-video-preview":"max-video-preview:-1"},"canonical":"https:\/\/www.saint-paul-angouleme.fr\/application\/sortie-au-puy-du-fou-pour-nos-eleves-de-premiere\/","og_locale":"fr_FR","og_type":"article","og_title":"Puy du Fou : journ\u00e9e de sortie pour nos \u00e9l\u00e8ves de Premi\u00e8re","og_description":"Le lundi 3 juin 2024, 98 \u00e9l\u00e8ves de Premi\u00e8re prennent le Chemin du Puy du Fou pour une journ\u00e9e exceptionnelle.","og_url":"https:\/\/www.saint-paul-angouleme.fr\/application\/sortie-au-puy-du-fou-pour-nos-eleves-de-premiere\/","og_site_name":"Actualit\u00e9s","article_publisher":"https:\/\/www.facebook.com\/SaintPaulAngouleme16\/","article_published_time":"2024-06-06T09:42:00+00:00","article_modified_time":"2024-07-03T09:53:59+00:00","og_image":[{"width":800,"height":533,"url":"https:\/\/www.saint-paul-angouleme.fr\/application\/wp-content\/uploads\/2024\/07\/decor-viking.jpg","type":"image\/jpeg"}],"author":"SAINT-PAUL","twitter_card":"summary_large_image","twitter_creator":"@StPaulAngoulem","twitter_site":"@StPaulAngoulem","twitter_misc":{"\u00c9crit par":"SAINT-PAUL","Dur\u00e9e de lecture estim\u00e9e":"2 minutes"},"schema":{"@context":"https:\/\/schema.org","@graph":[{"@type":"Article","@id":"https:\/\/www.saint-paul-angouleme.fr\/application\/sortie-au-puy-du-fou-pour-nos-eleves-de-premiere\/#article","isPartOf":{"@id":"https:\/\/www.saint-paul-angouleme.fr\/application\/sortie-au-puy-du-fou-pour-nos-eleves-de-premiere\/"},"author":{"name":"SAINT-PAUL","@id":"https:\/\/www.saint-paul-angouleme.fr\/application\/#\/schema\/person\/ea152930b1a3823659065827b1a5fb9b"},"headline":"Puy du Fou : journ\u00e9e de sortie pour nos \u00e9l\u00e8ves de Premi\u00e8re","datePublished":"2024-06-06T09:42:00+00:00","dateModified":"2024-07-03T09:53:59+00:00","mainEntityOfPage":{"@id":"https:\/\/www.saint-paul-angouleme.fr\/application\/sortie-au-puy-du-fou-pour-nos-eleves-de-premiere\/"},"wordCount":209,"commentCount":0,"publisher":{"@id":"https:\/\/www.saint-paul-angouleme.fr\/application\/#organization"},"image":{"@id":"https:\/\/www.saint-paul-angouleme.fr\/application\/sortie-au-puy-du-fou-pour-nos-eleves-de-premiere\/#primaryimage"},"thumbnailUrl":"https:\/\/www.saint-paul-angouleme.fr\/application\/wp-content\/uploads\/2024\/07\/decor-viking.jpg","keywords":["Histoire","Puy du Fou","Spectacle"],"articleSection":["P\u00e9dagogie","Regard sur"],"inLanguage":"fr-FR","potentialAction":[{"@type":"CommentAction","name":"Comment","target":["https:\/\/www.saint-paul-angouleme.fr\/application\/sortie-au-puy-du-fou-pour-nos-eleves-de-premiere\/#respond"]}]},{"@type":"WebPage","@id":"https:\/\/www.saint-paul-angouleme.fr\/application\/sortie-au-puy-du-fou-pour-nos-eleves-de-premiere\/","url":"https:\/\/www.saint-paul-angouleme.fr\/application\/sortie-au-puy-du-fou-pour-nos-eleves-de-premiere\/","name":"Puy du Fou : journ\u00e9e de sortie pour nos \u00e9l\u00e8ves de Premi\u00e8re","isPartOf":{"@id":"https:\/\/www.saint-paul-angouleme.fr\/application\/#website"},"primaryImageOfPage":{"@id":"https:\/\/www.saint-paul-angouleme.fr\/application\/sortie-au-puy-du-fou-pour-nos-eleves-de-premiere\/#primaryimage"},"image":{"@id":"https:\/\/www.saint-paul-angouleme.fr\/application\/sortie-au-puy-du-fou-pour-nos-eleves-de-premiere\/#primaryimage"},"thumbnailUrl":"https:\/\/www.saint-paul-angouleme.fr\/application\/wp-content\/uploads\/2024\/07\/decor-viking.jpg","datePublished":"2024-06-06T09:42:00+00:00","dateModified":"2024-07-03T09:53:59+00:00","description":"Le lundi 3 juin 2024, 98 \u00e9l\u00e8ves de Premi\u00e8re prennent le Chemin du Puy du Fou pour une journ\u00e9e exceptionnelle.","breadcrumb":{"@id":"https:\/\/www.saint-paul-angouleme.fr\/application\/sortie-au-puy-du-fou-pour-nos-eleves-de-premiere\/#breadcrumb"},"inLanguage":"fr-FR","potentialAction":[{"@type":"ReadAction","target":["https:\/\/www.saint-paul-angouleme.fr\/application\/sortie-au-puy-du-fou-pour-nos-eleves-de-premiere\/"]}]},{"@type":"ImageObject","inLanguage":"fr-FR","@id":"https:\/\/www.saint-paul-angouleme.fr\/application\/sortie-au-puy-du-fou-pour-nos-eleves-de-premiere\/#primaryimage","url":"https:\/\/www.saint-paul-angouleme.fr\/application\/wp-content\/uploads\/2024\/07\/decor-viking.jpg","contentUrl":"https:\/\/www.saint-paul-angouleme.fr\/application\/wp-content\/uploads\/2024\/07\/decor-viking.jpg","width":800,"height":533},{"@type":"BreadcrumbList","@id":"https:\/\/www.saint-paul-angouleme.fr\/application\/sortie-au-puy-du-fou-pour-nos-eleves-de-premiere\/#breadcrumb","itemListElement":[{"@type":"ListItem","position":1,"name":"Accueil","item":"http:\/\/www.saint-paul-angouleme.fr\/application\/"},{"@type":"ListItem","position":2,"name":"Puy du Fou : journ\u00e9e de sortie pour nos \u00e9l\u00e8ves de Premi\u00e8re"}]},{"@type":"WebSite","@id":"https:\/\/www.saint-paul-angouleme.fr\/application\/#website","url":"https:\/\/www.saint-paul-angouleme.fr\/application\/","name":"Actualit\u00e9s","description":"Actualit\u00e9s Saint Paul","publisher":{"@id":"https:\/\/www.saint-paul-angouleme.fr\/application\/#organization"},"potentialAction":[{"@type":"SearchAction","target":{"@type":"EntryPoint","urlTemplate":"https:\/\/www.saint-paul-angouleme.fr\/application\/?s={search_term_string}"},"query-input":"required name=search_term_string"}],"inLanguage":"fr-FR"},{"@type":"Organization","@id":"https:\/\/www.saint-paul-angouleme.fr\/application\/#organization","name":"Ensemble scolaire Saint-Paul","url":"https:\/\/www.saint-paul-angouleme.fr\/application\/","logo":{"@type":"ImageObject","inLanguage":"fr-FR","@id":"https:\/\/www.saint-paul-angouleme.fr\/application\/#\/schema\/logo\/image\/","url":"https:\/\/www.saint-paul-angouleme.fr\/application\/wp-content\/uploads\/2018\/08\/logo-saint-paul-couleurs.jpg","contentUrl":"https:\/\/www.saint-paul-angouleme.fr\/application\/wp-content\/uploads\/2018\/08\/logo-saint-paul-couleurs.jpg","width":1890,"height":709,"caption":"Ensemble scolaire Saint-Paul"},"image":{"@id":"https:\/\/www.saint-paul-angouleme.fr\/application\/#\/schema\/logo\/image\/"},"sameAs":["https:\/\/www.facebook.com\/SaintPaulAngouleme16\/","https:\/\/x.com\/StPaulAngoulem","https:\/\/www.youtube.com\/channel\/UCRLpz1CmPVqc0gn--YyXvjA?view_as=subscriber"]},{"@type":"Person","@id":"https:\/\/www.saint-paul-angouleme.fr\/application\/#\/schema\/person\/ea152930b1a3823659065827b1a5fb9b","name":"SAINT-PAUL","image":{"@type":"ImageObject","inLanguage":"fr-FR","@id":"https:\/\/www.saint-paul-angouleme.fr\/application\/#\/schema\/person\/image\/","url":"https:\/\/secure.gravatar.com\/avatar\/eadb0ffebc02683a61d69038eb2924f0?s=96&r=g","contentUrl":"https:\/\/secure.gravatar.com\/avatar\/eadb0ffebc02683a61d69038eb2924f0?s=96&r=g","caption":"SAINT-PAUL"},"url":"https:\/\/www.saint-paul-angouleme.fr\/application\/author\/myriam\/"}]}},"_links":{"self":[{"href":"https:\/\/www.saint-paul-angouleme.fr\/application\/wp-json\/wp\/v2\/posts\/10874"}],"collection":[{"href":"https:\/\/www.saint-paul-angouleme.fr\/application\/wp-json\/wp\/v2\/posts"}],"about":[{"href":"https:\/\/www.saint-paul-angouleme.fr\/application\/wp-json\/wp\/v2\/types\/post"}],"author":[{"embeddable":true,"href":"https:\/\/www.saint-paul-angouleme.fr\/application\/wp-json\/wp\/v2\/users\/3"}],"replies":[{"embeddable":true,"href":"https:\/\/www.saint-paul-angouleme.fr\/application\/wp-json\/wp\/v2\/comments?post=10874"}],"version-history":[{"count":4,"href":"https:\/\/www.saint-paul-angouleme.fr\/application\/wp-json\/wp\/v2\/posts\/10874\/revisions"}],"predecessor-version":[{"id":10884,"href":"https:\/\/www.saint-paul-angouleme.fr\/application\/wp-json\/wp\/v2\/posts\/10874\/revisions\/10884"}],"wp:featuredmedia":[{"embeddable":true,"href":"https:\/\/www.saint-paul-angouleme.fr\/application\/wp-json\/wp\/v2\/media\/10877"}],"wp:attachment":[{"href":"https:\/\/www.saint-paul-angouleme.fr\/application\/wp-json\/wp\/v2\/media?parent=10874"}],"wp:term":[{"taxonomy":"category","embeddable":true,"href":"https:\/\/www.saint-paul-angouleme.fr\/application\/wp-json\/wp\/v2\/categories?post=10874"},{"taxonomy":"post_tag","embeddable":true,"href":"https:\/\/www.saint-paul-angouleme.fr\/application\/wp-json\/wp\/v2\/tags?post=10874"}],"curies":[{"name":"wp","href":"https:\/\/api.w.org\/{rel}","templated":true}]}}