{"id":10864,"date":"2024-05-17T17:31:00","date_gmt":"2024-05-17T15:31:00","guid":{"rendered":"https:\/\/www.saint-paul-angouleme.fr\/application\/?p=10864"},"modified":"2024-07-02T17:34:14","modified_gmt":"2024-07-02T15:34:14","slug":"rallye-citoyen-une-tres-belle-deuxieme-place-pour-saint-paul","status":"publish","type":"post","link":"https:\/\/www.saint-paul-angouleme.fr\/application\/rallye-citoyen-une-tres-belle-deuxieme-place-pour-saint-paul\/","title":{"rendered":"Rallye Citoyen : une tr\u00e8s belle deuxi\u00e8me place"},"content":{"rendered":"\n<figure class=\"wp-block-image size-large\"><img loading=\"lazy\" decoding=\"async\" width=\"1024\" height=\"846\" src=\"https:\/\/www.saint-paul-angouleme.fr\/application\/wp-content\/uploads\/2024\/07\/20240515_073345-1024x846.jpg\" alt=\"Nos 8 \u00e9l\u00e8ves au Rallye Citoyen 2024\" class=\"wp-image-10865\" srcset=\"https:\/\/www.saint-paul-angouleme.fr\/application\/wp-content\/uploads\/2024\/07\/20240515_073345-1024x846.jpg 1024w, https:\/\/www.saint-paul-angouleme.fr\/application\/wp-content\/uploads\/2024\/07\/20240515_073345-300x248.jpg 300w, https:\/\/www.saint-paul-angouleme.fr\/application\/wp-content\/uploads\/2024\/07\/20240515_073345-768x634.jpg 768w, https:\/\/www.saint-paul-angouleme.fr\/application\/wp-content\/uploads\/2024\/07\/20240515_073345.jpg 1500w\" sizes=\"(max-width: 1024px) 100vw, 1024px\" \/><\/figure>\n\n\n\n<p><\/p>\n\n\n\n<p>Ce mercredi 15 mai, c&#8217;est la 14\u00e8me \u00e9dition du <a href=\"https:\/\/x.com\/dsden16\/status\/1791043156365955293\" target=\"_blank\" rel=\"noreferrer noopener\">Rallye Citoyen<\/a> sur le camp de Broche \u00e0 Dirac. Les \u00e9preuves vari\u00e9es visent \u00e0 renforcer la coh\u00e9sion dans l&#8217;effort, favoriser le travail en \u00e9quipe mais aussi le sens de l&#8217;engagement. En <a href=\"https:\/\/www.saint-paul-angouleme.fr\/application\/retour-sur-le-rallye-lyceens-2017\/\" target=\"_blank\" rel=\"noreferrer noopener\">2017<\/a> et d&#8217;autres ann\u00e9es encore notre \u00e9tablissement a particip\u00e9 \u00e0 celui-ci.<\/p>\n\n\n\n<p>Apr\u00e8s la mont\u00e9e des couleurs, les lyc\u00e9ens rev\u00eatent les vestes de treillis. Ensuite, ils se lancent pour effectuer les 16 ateliers mis en place. Cette journ\u00e9e permet enfin de d\u00e9couvrir les m\u00e9tiers de la D\u00e9fense, de la S\u00e9curit\u00e9 et de la Protection Civile. Ce sont les professionnels du 1er RIMA, du 515\u00e8me R\u00e9giment du Train de la Braconne, de la Base A\u00e9rienne 709 et de la Protection Civile qui les encadrent et animent les ateliers. Certains sont physiques bien s\u00fbr, d&#8217;autres p\u00e9dagogiques : pont de singe, tyrolienne ou encore figer une sc\u00e8ne de crime, lire et s&#8217;orienter sur une carte, reconnaitre des empreintes animales&#8230;<\/p>\n\n\n\n<p><\/p>\n\n\n\n<figure class=\"wp-block-image size-large\"><img loading=\"lazy\" decoding=\"async\" width=\"1024\" height=\"768\" src=\"https:\/\/www.saint-paul-angouleme.fr\/application\/wp-content\/uploads\/2024\/07\/20240515_150119-1024x768.jpg\" alt=\"\" class=\"wp-image-10871\" srcset=\"https:\/\/www.saint-paul-angouleme.fr\/application\/wp-content\/uploads\/2024\/07\/20240515_150119-1024x768.jpg 1024w, https:\/\/www.saint-paul-angouleme.fr\/application\/wp-content\/uploads\/2024\/07\/20240515_150119-300x225.jpg 300w, https:\/\/www.saint-paul-angouleme.fr\/application\/wp-content\/uploads\/2024\/07\/20240515_150119-768x576.jpg 768w, https:\/\/www.saint-paul-angouleme.fr\/application\/wp-content\/uploads\/2024\/07\/20240515_150119.jpg 1500w\" sizes=\"(max-width: 1024px) 100vw, 1024px\" \/><\/figure>\n\n\n\n<p><\/p>\n\n\n\n<p>Malgr\u00e9 la pluie et la gadoue, nos \u00e9l\u00e8ves ont particip\u00e9 avec brio et termin\u00e9 \u00e0 une tr\u00e8s belle seconde place. Ils sont seulement devanc\u00e9s par le lyc\u00e9e Jean Monnet de Cognac. L&#8217;abn\u00e9gation, la solidarit\u00e9, la prise d&#8217;initiative et la motivation dont ils ont fait preuve tout au long de cette journ\u00e9e citoyenne sont dignes d&#8217;\u00e9loges !<\/p>\n","protected":false},"excerpt":{"rendered":"<p>Ce mercredi 15 mai, c&#8217;est la 14\u00e8me \u00e9dition du Rallye Citoyen sur le camp de Broche \u00e0 Dirac. Les \u00e9preuves vari\u00e9es visent \u00e0 renforcer la coh\u00e9sion dans l&#8217;effort, favoriser le travail en \u00e9quipe mais aussi le sens de l&#8217;engagement. En 2017 et d&#8217;autres ann\u00e9es encore notre \u00e9tablissement a particip\u00e9 \u00e0 celui-ci. Apr\u00e8s la mont\u00e9e des &#8230; <a title=\"Rallye Citoyen : une tr\u00e8s belle deuxi\u00e8me place\" class=\"read-more\" href=\"https:\/\/www.saint-paul-angouleme.fr\/application\/rallye-citoyen-une-tres-belle-deuxieme-place-pour-saint-paul\/\" aria-label=\"Read more about Rallye Citoyen : une tr\u00e8s belle deuxi\u00e8me place\">Lire la suite<\/a><\/p>\n","protected":false},"author":3,"featured_media":10866,"comment_status":"open","ping_status":"open","sticky":false,"template":"","format":"standard","meta":{"_exactmetrics_skip_tracking":false,"_exactmetrics_sitenote_active":false,"_exactmetrics_sitenote_note":"","_exactmetrics_sitenote_category":0,"footnotes":""},"categories":[523],"tags":[805,807,803,809,811,801,191,813],"class_list":["post-10864","post","type-post","status-publish","format-standard","has-post-thumbnail","hentry","category-regard-sur","tag-1er-rima","tag-515eme-rt","tag-academie-de-poitiers","tag-ba-709","tag-gendarmerie-departementale-de-charente","tag-rallye-ctoyen","tag-saint-paul-angouleme","tag-sdis-16"],"yoast_head":"<!-- This site is optimized with the Yoast SEO plugin v23.3 - https:\/\/yoast.com\/wordpress\/plugins\/seo\/ -->\n<title>Rallye Citoyen : une tr\u00e8s belle deuxi\u00e8me place pour Saint-Paul<\/title>\n<meta name=\"description\" content=\"Le 15 mai 2024, huit \u00e9l\u00e8ves ont particip\u00e9 au &quot;Rallye Citoyen&quot; aux c\u00f4t\u00e9s de 10 \u00e9tablissement charentais. Au final, une tr\u00e8s belle 2\u00e8me place !\" \/>\n<meta name=\"robots\" content=\"index, follow, max-snippet:-1, max-image-preview:large, max-video-preview:-1\" \/>\n<link rel=\"canonical\" href=\"https:\/\/www.saint-paul-angouleme.fr\/application\/rallye-citoyen-une-tres-belle-deuxieme-place-pour-saint-paul\/\" \/>\n<meta property=\"og:locale\" content=\"fr_FR\" \/>\n<meta property=\"og:type\" content=\"article\" \/>\n<meta property=\"og:title\" content=\"Rallye Citoyen : une tr\u00e8s belle deuxi\u00e8me place pour Saint-Paul\" \/>\n<meta property=\"og:description\" content=\"Le 15 mai 2024, huit \u00e9l\u00e8ves ont particip\u00e9 au &quot;Rallye Citoyen&quot; aux c\u00f4t\u00e9s de 10 \u00e9tablissement charentais. Au final, une tr\u00e8s belle 2\u00e8me place !\" \/>\n<meta property=\"og:url\" content=\"https:\/\/www.saint-paul-angouleme.fr\/application\/rallye-citoyen-une-tres-belle-deuxieme-place-pour-saint-paul\/\" \/>\n<meta property=\"og:site_name\" content=\"Actualit\u00e9s\" \/>\n<meta property=\"article:publisher\" content=\"https:\/\/www.facebook.com\/SaintPaulAngouleme16\/\" \/>\n<meta property=\"article:published_time\" content=\"2024-05-17T15:31:00+00:00\" \/>\n<meta property=\"article:modified_time\" content=\"2024-07-02T15:34:14+00:00\" \/>\n<meta property=\"og:image\" content=\"https:\/\/www.saint-paul-angouleme.fr\/application\/wp-content\/uploads\/2024\/07\/20240515_084023.jpg\" \/>\n\t<meta property=\"og:image:width\" content=\"1455\" \/>\n\t<meta property=\"og:image:height\" content=\"1500\" \/>\n\t<meta property=\"og:image:type\" content=\"image\/jpeg\" \/>\n<meta name=\"author\" content=\"SAINT-PAUL\" \/>\n<meta name=\"twitter:card\" content=\"summary_large_image\" \/>\n<meta name=\"twitter:creator\" content=\"@StPaulAngoulem\" \/>\n<meta name=\"twitter:site\" content=\"@StPaulAngoulem\" \/>\n<meta name=\"twitter:label1\" content=\"\u00c9crit par\" \/>\n\t<meta name=\"twitter:data1\" content=\"SAINT-PAUL\" \/>\n\t<meta name=\"twitter:label2\" content=\"Dur\u00e9e de lecture estim\u00e9e\" \/>\n\t<meta name=\"twitter:data2\" content=\"2 minutes\" \/>\n<script type=\"application\/ld+json\" class=\"yoast-schema-graph\">{\"@context\":\"https:\/\/schema.org\",\"@graph\":[{\"@type\":\"Article\",\"@id\":\"https:\/\/www.saint-paul-angouleme.fr\/application\/rallye-citoyen-une-tres-belle-deuxieme-place-pour-saint-paul\/#article\",\"isPartOf\":{\"@id\":\"https:\/\/www.saint-paul-angouleme.fr\/application\/rallye-citoyen-une-tres-belle-deuxieme-place-pour-saint-paul\/\"},\"author\":{\"name\":\"SAINT-PAUL\",\"@id\":\"https:\/\/www.saint-paul-angouleme.fr\/application\/#\/schema\/person\/ea152930b1a3823659065827b1a5fb9b\"},\"headline\":\"Rallye Citoyen : une tr\u00e8s belle deuxi\u00e8me place\",\"datePublished\":\"2024-05-17T15:31:00+00:00\",\"dateModified\":\"2024-07-02T15:34:14+00:00\",\"mainEntityOfPage\":{\"@id\":\"https:\/\/www.saint-paul-angouleme.fr\/application\/rallye-citoyen-une-tres-belle-deuxieme-place-pour-saint-paul\/\"},\"wordCount\":242,\"commentCount\":0,\"publisher\":{\"@id\":\"https:\/\/www.saint-paul-angouleme.fr\/application\/#organization\"},\"image\":{\"@id\":\"https:\/\/www.saint-paul-angouleme.fr\/application\/rallye-citoyen-une-tres-belle-deuxieme-place-pour-saint-paul\/#primaryimage\"},\"thumbnailUrl\":\"https:\/\/www.saint-paul-angouleme.fr\/application\/wp-content\/uploads\/2024\/07\/20240515_084023.jpg\",\"keywords\":[\"1er RIMA\",\"515\u00e8me RT\",\"Acad\u00e9mie de Poitiers\",\"BA 709\",\"Gendarmerie d\u00e9partementale de Charente\",\"Rallye Ctoyen\",\"Saint-Paul Angoul\u00eame\",\"SDIS 16\"],\"articleSection\":[\"Regard sur\"],\"inLanguage\":\"fr-FR\",\"potentialAction\":[{\"@type\":\"CommentAction\",\"name\":\"Comment\",\"target\":[\"https:\/\/www.saint-paul-angouleme.fr\/application\/rallye-citoyen-une-tres-belle-deuxieme-place-pour-saint-paul\/#respond\"]}]},{\"@type\":\"WebPage\",\"@id\":\"https:\/\/www.saint-paul-angouleme.fr\/application\/rallye-citoyen-une-tres-belle-deuxieme-place-pour-saint-paul\/\",\"url\":\"https:\/\/www.saint-paul-angouleme.fr\/application\/rallye-citoyen-une-tres-belle-deuxieme-place-pour-saint-paul\/\",\"name\":\"Rallye Citoyen : une tr\u00e8s belle deuxi\u00e8me place pour Saint-Paul\",\"isPartOf\":{\"@id\":\"https:\/\/www.saint-paul-angouleme.fr\/application\/#website\"},\"primaryImageOfPage\":{\"@id\":\"https:\/\/www.saint-paul-angouleme.fr\/application\/rallye-citoyen-une-tres-belle-deuxieme-place-pour-saint-paul\/#primaryimage\"},\"image\":{\"@id\":\"https:\/\/www.saint-paul-angouleme.fr\/application\/rallye-citoyen-une-tres-belle-deuxieme-place-pour-saint-paul\/#primaryimage\"},\"thumbnailUrl\":\"https:\/\/www.saint-paul-angouleme.fr\/application\/wp-content\/uploads\/2024\/07\/20240515_084023.jpg\",\"datePublished\":\"2024-05-17T15:31:00+00:00\",\"dateModified\":\"2024-07-02T15:34:14+00:00\",\"description\":\"Le 15 mai 2024, huit \u00e9l\u00e8ves ont particip\u00e9 au \\\"Rallye Citoyen\\\" aux c\u00f4t\u00e9s de 10 \u00e9tablissement charentais. Au final, une tr\u00e8s belle 2\u00e8me place !\",\"breadcrumb\":{\"@id\":\"https:\/\/www.saint-paul-angouleme.fr\/application\/rallye-citoyen-une-tres-belle-deuxieme-place-pour-saint-paul\/#breadcrumb\"},\"inLanguage\":\"fr-FR\",\"potentialAction\":[{\"@type\":\"ReadAction\",\"target\":[\"https:\/\/www.saint-paul-angouleme.fr\/application\/rallye-citoyen-une-tres-belle-deuxieme-place-pour-saint-paul\/\"]}]},{\"@type\":\"ImageObject\",\"inLanguage\":\"fr-FR\",\"@id\":\"https:\/\/www.saint-paul-angouleme.fr\/application\/rallye-citoyen-une-tres-belle-deuxieme-place-pour-saint-paul\/#primaryimage\",\"url\":\"https:\/\/www.saint-paul-angouleme.fr\/application\/wp-content\/uploads\/2024\/07\/20240515_084023.jpg\",\"contentUrl\":\"https:\/\/www.saint-paul-angouleme.fr\/application\/wp-content\/uploads\/2024\/07\/20240515_084023.jpg\",\"width\":1455,\"height\":1500},{\"@type\":\"BreadcrumbList\",\"@id\":\"https:\/\/www.saint-paul-angouleme.fr\/application\/rallye-citoyen-une-tres-belle-deuxieme-place-pour-saint-paul\/#breadcrumb\",\"itemListElement\":[{\"@type\":\"ListItem\",\"position\":1,\"name\":\"Accueil\",\"item\":\"http:\/\/www.saint-paul-angouleme.fr\/application\/\"},{\"@type\":\"ListItem\",\"position\":2,\"name\":\"Rallye Citoyen : une tr\u00e8s belle deuxi\u00e8me place\"}]},{\"@type\":\"WebSite\",\"@id\":\"https:\/\/www.saint-paul-angouleme.fr\/application\/#website\",\"url\":\"https:\/\/www.saint-paul-angouleme.fr\/application\/\",\"name\":\"Actualit\u00e9s\",\"description\":\"Actualit\u00e9s Saint Paul\",\"publisher\":{\"@id\":\"https:\/\/www.saint-paul-angouleme.fr\/application\/#organization\"},\"potentialAction\":[{\"@type\":\"SearchAction\",\"target\":{\"@type\":\"EntryPoint\",\"urlTemplate\":\"https:\/\/www.saint-paul-angouleme.fr\/application\/?s={search_term_string}\"},\"query-input\":\"required name=search_term_string\"}],\"inLanguage\":\"fr-FR\"},{\"@type\":\"Organization\",\"@id\":\"https:\/\/www.saint-paul-angouleme.fr\/application\/#organization\",\"name\":\"Ensemble scolaire Saint-Paul\",\"url\":\"https:\/\/www.saint-paul-angouleme.fr\/application\/\",\"logo\":{\"@type\":\"ImageObject\",\"inLanguage\":\"fr-FR\",\"@id\":\"https:\/\/www.saint-paul-angouleme.fr\/application\/#\/schema\/logo\/image\/\",\"url\":\"https:\/\/www.saint-paul-angouleme.fr\/application\/wp-content\/uploads\/2018\/08\/logo-saint-paul-couleurs.jpg\",\"contentUrl\":\"https:\/\/www.saint-paul-angouleme.fr\/application\/wp-content\/uploads\/2018\/08\/logo-saint-paul-couleurs.jpg\",\"width\":1890,\"height\":709,\"caption\":\"Ensemble scolaire Saint-Paul\"},\"image\":{\"@id\":\"https:\/\/www.saint-paul-angouleme.fr\/application\/#\/schema\/logo\/image\/\"},\"sameAs\":[\"https:\/\/www.facebook.com\/SaintPaulAngouleme16\/\",\"https:\/\/x.com\/StPaulAngoulem\",\"https:\/\/www.youtube.com\/channel\/UCRLpz1CmPVqc0gn--YyXvjA?view_as=subscriber\"]},{\"@type\":\"Person\",\"@id\":\"https:\/\/www.saint-paul-angouleme.fr\/application\/#\/schema\/person\/ea152930b1a3823659065827b1a5fb9b\",\"name\":\"SAINT-PAUL\",\"image\":{\"@type\":\"ImageObject\",\"inLanguage\":\"fr-FR\",\"@id\":\"https:\/\/www.saint-paul-angouleme.fr\/application\/#\/schema\/person\/image\/\",\"url\":\"https:\/\/secure.gravatar.com\/avatar\/eadb0ffebc02683a61d69038eb2924f0?s=96&r=g\",\"contentUrl\":\"https:\/\/secure.gravatar.com\/avatar\/eadb0ffebc02683a61d69038eb2924f0?s=96&r=g\",\"caption\":\"SAINT-PAUL\"},\"url\":\"https:\/\/www.saint-paul-angouleme.fr\/application\/author\/myriam\/\"}]}<\/script>\n<!-- \/ Yoast SEO plugin. -->","yoast_head_json":{"title":"Rallye Citoyen : une tr\u00e8s belle deuxi\u00e8me place pour Saint-Paul","description":"Le 15 mai 2024, huit \u00e9l\u00e8ves ont particip\u00e9 au \"Rallye Citoyen\" aux c\u00f4t\u00e9s de 10 \u00e9tablissement charentais. Au final, une tr\u00e8s belle 2\u00e8me place !","robots":{"index":"index","follow":"follow","max-snippet":"max-snippet:-1","max-image-preview":"max-image-preview:large","max-video-preview":"max-video-preview:-1"},"canonical":"https:\/\/www.saint-paul-angouleme.fr\/application\/rallye-citoyen-une-tres-belle-deuxieme-place-pour-saint-paul\/","og_locale":"fr_FR","og_type":"article","og_title":"Rallye Citoyen : une tr\u00e8s belle deuxi\u00e8me place pour Saint-Paul","og_description":"Le 15 mai 2024, huit \u00e9l\u00e8ves ont particip\u00e9 au \"Rallye Citoyen\" aux c\u00f4t\u00e9s de 10 \u00e9tablissement charentais. Au final, une tr\u00e8s belle 2\u00e8me place !","og_url":"https:\/\/www.saint-paul-angouleme.fr\/application\/rallye-citoyen-une-tres-belle-deuxieme-place-pour-saint-paul\/","og_site_name":"Actualit\u00e9s","article_publisher":"https:\/\/www.facebook.com\/SaintPaulAngouleme16\/","article_published_time":"2024-05-17T15:31:00+00:00","article_modified_time":"2024-07-02T15:34:14+00:00","og_image":[{"width":1455,"height":1500,"url":"https:\/\/www.saint-paul-angouleme.fr\/application\/wp-content\/uploads\/2024\/07\/20240515_084023.jpg","type":"image\/jpeg"}],"author":"SAINT-PAUL","twitter_card":"summary_large_image","twitter_creator":"@StPaulAngoulem","twitter_site":"@StPaulAngoulem","twitter_misc":{"\u00c9crit par":"SAINT-PAUL","Dur\u00e9e de lecture estim\u00e9e":"2 minutes"},"schema":{"@context":"https:\/\/schema.org","@graph":[{"@type":"Article","@id":"https:\/\/www.saint-paul-angouleme.fr\/application\/rallye-citoyen-une-tres-belle-deuxieme-place-pour-saint-paul\/#article","isPartOf":{"@id":"https:\/\/www.saint-paul-angouleme.fr\/application\/rallye-citoyen-une-tres-belle-deuxieme-place-pour-saint-paul\/"},"author":{"name":"SAINT-PAUL","@id":"https:\/\/www.saint-paul-angouleme.fr\/application\/#\/schema\/person\/ea152930b1a3823659065827b1a5fb9b"},"headline":"Rallye Citoyen : une tr\u00e8s belle deuxi\u00e8me place","datePublished":"2024-05-17T15:31:00+00:00","dateModified":"2024-07-02T15:34:14+00:00","mainEntityOfPage":{"@id":"https:\/\/www.saint-paul-angouleme.fr\/application\/rallye-citoyen-une-tres-belle-deuxieme-place-pour-saint-paul\/"},"wordCount":242,"commentCount":0,"publisher":{"@id":"https:\/\/www.saint-paul-angouleme.fr\/application\/#organization"},"image":{"@id":"https:\/\/www.saint-paul-angouleme.fr\/application\/rallye-citoyen-une-tres-belle-deuxieme-place-pour-saint-paul\/#primaryimage"},"thumbnailUrl":"https:\/\/www.saint-paul-angouleme.fr\/application\/wp-content\/uploads\/2024\/07\/20240515_084023.jpg","keywords":["1er RIMA","515\u00e8me RT","Acad\u00e9mie de Poitiers","BA 709","Gendarmerie d\u00e9partementale de Charente","Rallye Ctoyen","Saint-Paul Angoul\u00eame","SDIS 16"],"articleSection":["Regard sur"],"inLanguage":"fr-FR","potentialAction":[{"@type":"CommentAction","name":"Comment","target":["https:\/\/www.saint-paul-angouleme.fr\/application\/rallye-citoyen-une-tres-belle-deuxieme-place-pour-saint-paul\/#respond"]}]},{"@type":"WebPage","@id":"https:\/\/www.saint-paul-angouleme.fr\/application\/rallye-citoyen-une-tres-belle-deuxieme-place-pour-saint-paul\/","url":"https:\/\/www.saint-paul-angouleme.fr\/application\/rallye-citoyen-une-tres-belle-deuxieme-place-pour-saint-paul\/","name":"Rallye Citoyen : une tr\u00e8s belle deuxi\u00e8me place pour Saint-Paul","isPartOf":{"@id":"https:\/\/www.saint-paul-angouleme.fr\/application\/#website"},"primaryImageOfPage":{"@id":"https:\/\/www.saint-paul-angouleme.fr\/application\/rallye-citoyen-une-tres-belle-deuxieme-place-pour-saint-paul\/#primaryimage"},"image":{"@id":"https:\/\/www.saint-paul-angouleme.fr\/application\/rallye-citoyen-une-tres-belle-deuxieme-place-pour-saint-paul\/#primaryimage"},"thumbnailUrl":"https:\/\/www.saint-paul-angouleme.fr\/application\/wp-content\/uploads\/2024\/07\/20240515_084023.jpg","datePublished":"2024-05-17T15:31:00+00:00","dateModified":"2024-07-02T15:34:14+00:00","description":"Le 15 mai 2024, huit \u00e9l\u00e8ves ont particip\u00e9 au \"Rallye Citoyen\" aux c\u00f4t\u00e9s de 10 \u00e9tablissement charentais. Au final, une tr\u00e8s belle 2\u00e8me place !","breadcrumb":{"@id":"https:\/\/www.saint-paul-angouleme.fr\/application\/rallye-citoyen-une-tres-belle-deuxieme-place-pour-saint-paul\/#breadcrumb"},"inLanguage":"fr-FR","potentialAction":[{"@type":"ReadAction","target":["https:\/\/www.saint-paul-angouleme.fr\/application\/rallye-citoyen-une-tres-belle-deuxieme-place-pour-saint-paul\/"]}]},{"@type":"ImageObject","inLanguage":"fr-FR","@id":"https:\/\/www.saint-paul-angouleme.fr\/application\/rallye-citoyen-une-tres-belle-deuxieme-place-pour-saint-paul\/#primaryimage","url":"https:\/\/www.saint-paul-angouleme.fr\/application\/wp-content\/uploads\/2024\/07\/20240515_084023.jpg","contentUrl":"https:\/\/www.saint-paul-angouleme.fr\/application\/wp-content\/uploads\/2024\/07\/20240515_084023.jpg","width":1455,"height":1500},{"@type":"BreadcrumbList","@id":"https:\/\/www.saint-paul-angouleme.fr\/application\/rallye-citoyen-une-tres-belle-deuxieme-place-pour-saint-paul\/#breadcrumb","itemListElement":[{"@type":"ListItem","position":1,"name":"Accueil","item":"http:\/\/www.saint-paul-angouleme.fr\/application\/"},{"@type":"ListItem","position":2,"name":"Rallye Citoyen : une tr\u00e8s belle deuxi\u00e8me place"}]},{"@type":"WebSite","@id":"https:\/\/www.saint-paul-angouleme.fr\/application\/#website","url":"https:\/\/www.saint-paul-angouleme.fr\/application\/","name":"Actualit\u00e9s","description":"Actualit\u00e9s Saint Paul","publisher":{"@id":"https:\/\/www.saint-paul-angouleme.fr\/application\/#organization"},"potentialAction":[{"@type":"SearchAction","target":{"@type":"EntryPoint","urlTemplate":"https:\/\/www.saint-paul-angouleme.fr\/application\/?s={search_term_string}"},"query-input":"required name=search_term_string"}],"inLanguage":"fr-FR"},{"@type":"Organization","@id":"https:\/\/www.saint-paul-angouleme.fr\/application\/#organization","name":"Ensemble scolaire Saint-Paul","url":"https:\/\/www.saint-paul-angouleme.fr\/application\/","logo":{"@type":"ImageObject","inLanguage":"fr-FR","@id":"https:\/\/www.saint-paul-angouleme.fr\/application\/#\/schema\/logo\/image\/","url":"https:\/\/www.saint-paul-angouleme.fr\/application\/wp-content\/uploads\/2018\/08\/logo-saint-paul-couleurs.jpg","contentUrl":"https:\/\/www.saint-paul-angouleme.fr\/application\/wp-content\/uploads\/2018\/08\/logo-saint-paul-couleurs.jpg","width":1890,"height":709,"caption":"Ensemble scolaire Saint-Paul"},"image":{"@id":"https:\/\/www.saint-paul-angouleme.fr\/application\/#\/schema\/logo\/image\/"},"sameAs":["https:\/\/www.facebook.com\/SaintPaulAngouleme16\/","https:\/\/x.com\/StPaulAngoulem","https:\/\/www.youtube.com\/channel\/UCRLpz1CmPVqc0gn--YyXvjA?view_as=subscriber"]},{"@type":"Person","@id":"https:\/\/www.saint-paul-angouleme.fr\/application\/#\/schema\/person\/ea152930b1a3823659065827b1a5fb9b","name":"SAINT-PAUL","image":{"@type":"ImageObject","inLanguage":"fr-FR","@id":"https:\/\/www.saint-paul-angouleme.fr\/application\/#\/schema\/person\/image\/","url":"https:\/\/secure.gravatar.com\/avatar\/eadb0ffebc02683a61d69038eb2924f0?s=96&r=g","contentUrl":"https:\/\/secure.gravatar.com\/avatar\/eadb0ffebc02683a61d69038eb2924f0?s=96&r=g","caption":"SAINT-PAUL"},"url":"https:\/\/www.saint-paul-angouleme.fr\/application\/author\/myriam\/"}]}},"_links":{"self":[{"href":"https:\/\/www.saint-paul-angouleme.fr\/application\/wp-json\/wp\/v2\/posts\/10864"}],"collection":[{"href":"https:\/\/www.saint-paul-angouleme.fr\/application\/wp-json\/wp\/v2\/posts"}],"about":[{"href":"https:\/\/www.saint-paul-angouleme.fr\/application\/wp-json\/wp\/v2\/types\/post"}],"author":[{"embeddable":true,"href":"https:\/\/www.saint-paul-angouleme.fr\/application\/wp-json\/wp\/v2\/users\/3"}],"replies":[{"embeddable":true,"href":"https:\/\/www.saint-paul-angouleme.fr\/application\/wp-json\/wp\/v2\/comments?post=10864"}],"version-history":[{"count":6,"href":"https:\/\/www.saint-paul-angouleme.fr\/application\/wp-json\/wp\/v2\/posts\/10864\/revisions"}],"predecessor-version":[{"id":10873,"href":"https:\/\/www.saint-paul-angouleme.fr\/application\/wp-json\/wp\/v2\/posts\/10864\/revisions\/10873"}],"wp:featuredmedia":[{"embeddable":true,"href":"https:\/\/www.saint-paul-angouleme.fr\/application\/wp-json\/wp\/v2\/media\/10866"}],"wp:attachment":[{"href":"https:\/\/www.saint-paul-angouleme.fr\/application\/wp-json\/wp\/v2\/media?parent=10864"}],"wp:term":[{"taxonomy":"category","embeddable":true,"href":"https:\/\/www.saint-paul-angouleme.fr\/application\/wp-json\/wp\/v2\/categories?post=10864"},{"taxonomy":"post_tag","embeddable":true,"href":"https:\/\/www.saint-paul-angouleme.fr\/application\/wp-json\/wp\/v2\/tags?post=10864"}],"curies":[{"name":"wp","href":"https:\/\/api.w.org\/{rel}","templated":true}]}}