{"id":10847,"date":"2024-06-18T18:04:00","date_gmt":"2024-06-18T16:04:00","guid":{"rendered":"https:\/\/www.saint-paul-angouleme.fr\/application\/?p=10847"},"modified":"2024-06-28T18:06:09","modified_gmt":"2024-06-28T16:06:09","slug":"des-cm2-enthousiastes-pour-leur-immersion-a-saint-paul","status":"publish","type":"post","link":"https:\/\/www.saint-paul-angouleme.fr\/application\/des-cm2-enthousiastes-pour-leur-immersion-a-saint-paul\/","title":{"rendered":"CM2 : immersion en sixi\u00e8me \u00e0 Saint-Paul"},"content":{"rendered":"\n<figure class=\"wp-block-image size-large\"><img loading=\"lazy\" decoding=\"async\" width=\"1024\" height=\"768\" src=\"https:\/\/www.saint-paul-angouleme.fr\/application\/wp-content\/uploads\/2024\/06\/449266906_1108897180876280_291554886999196826_n-1024x768.jpg\" alt=\"Des CM2 enthousiastes pour cette journ\u00e9e d'immersion\" class=\"wp-image-10848\" srcset=\"https:\/\/www.saint-paul-angouleme.fr\/application\/wp-content\/uploads\/2024\/06\/449266906_1108897180876280_291554886999196826_n-1024x768.jpg 1024w, https:\/\/www.saint-paul-angouleme.fr\/application\/wp-content\/uploads\/2024\/06\/449266906_1108897180876280_291554886999196826_n-300x225.jpg 300w, https:\/\/www.saint-paul-angouleme.fr\/application\/wp-content\/uploads\/2024\/06\/449266906_1108897180876280_291554886999196826_n-768x576.jpg 768w, https:\/\/www.saint-paul-angouleme.fr\/application\/wp-content\/uploads\/2024\/06\/449266906_1108897180876280_291554886999196826_n-1536x1152.jpg 1536w, https:\/\/www.saint-paul-angouleme.fr\/application\/wp-content\/uploads\/2024\/06\/449266906_1108897180876280_291554886999196826_n.jpg 2048w\" sizes=\"(max-width: 1024px) 100vw, 1024px\" \/><\/figure>\n\n\n\n<p>Les 17 et 18 juin 2024, le coll\u00e8ge Saint-Paul a accueilli des CM2 du R\u00e9seau de l&#8217;Enseignement Catholique. Deux matin\u00e9es pour une immersion totale !<\/p>\n\n\n\n<p>En collaboration avec les \u00e9coles du r\u00e9seau de l\u2019<a href=\"https:\/\/ec-poitou-charentes.fr\/\" target=\"_blank\" rel=\"noreferrer noopener\">Enseignement Catholique<\/a>, les \u00e9l\u00e8ves de CM2 participent \u00e0 une matin\u00e9e d&#8217;immersion au sein de notre \u00e9tablissement. Voici le programme :<\/p>\n\n\n\n<ul class=\"wp-block-list\"><li>Accueil en d\u00e9but de matin\u00e9e autour d\u2019un petit d\u00e9jeuner. Ensuite, visite  des richesses de l\u2019\u00e9tablissement dont le CDR (Centre de Documentation et de Ressources).<\/li><\/ul>\n\n\n\n<ul class=\"wp-block-list\"><li>Participation \u00e0 une s\u00e9ance p\u00e9dagogique avec nos \u00e9l\u00e8ves de 6\u00e8me pour commencer \u00e0 se projeter.<\/li><\/ul>\n\n\n\n<ul class=\"wp-block-list\"><li>D\u00e9jeuner au self du coll\u00e8ge et moment de partage avec nos coll\u00e9giens dans la cour de r\u00e9cr\u00e9ation.<\/li><\/ul>\n\n\n\n<p><\/p>\n\n\n\n<p>Exp\u00e9rience r\u00e9ussie. Il n&#8217;y a plus qu&#8217;\u00e0 attendre la rentr\u00e9e sp\u00e9ciale 6\u00e8me et le <a href=\"https:\/\/www.saint-paul-angouleme.fr\/application\/les-sejours-dintegration-enfin-de-retour\/\" target=\"_blank\" rel=\"noreferrer noopener\">s\u00e9jour d&#8217;int\u00e9gration<\/a> !<\/p>\n\n\n\n<figure class=\"wp-block-gallery has-nested-images columns-default is-cropped wp-block-gallery-1 is-layout-flex wp-block-gallery-is-layout-flex\">\n<figure class=\"wp-block-image size-large\"><img loading=\"lazy\" decoding=\"async\" width=\"1024\" height=\"657\" data-id=\"10855\" src=\"https:\/\/www.saint-paul-angouleme.fr\/application\/wp-content\/uploads\/2024\/06\/449279675_1108897550876243_8592768862885872854_n-1024x657.jpg\" alt=\"\" class=\"wp-image-10855\" srcset=\"https:\/\/www.saint-paul-angouleme.fr\/application\/wp-content\/uploads\/2024\/06\/449279675_1108897550876243_8592768862885872854_n-1024x657.jpg 1024w, https:\/\/www.saint-paul-angouleme.fr\/application\/wp-content\/uploads\/2024\/06\/449279675_1108897550876243_8592768862885872854_n-300x192.jpg 300w, https:\/\/www.saint-paul-angouleme.fr\/application\/wp-content\/uploads\/2024\/06\/449279675_1108897550876243_8592768862885872854_n-768x493.jpg 768w, https:\/\/www.saint-paul-angouleme.fr\/application\/wp-content\/uploads\/2024\/06\/449279675_1108897550876243_8592768862885872854_n-1536x985.jpg 1536w, https:\/\/www.saint-paul-angouleme.fr\/application\/wp-content\/uploads\/2024\/06\/449279675_1108897550876243_8592768862885872854_n.jpg 1818w\" sizes=\"(max-width: 1024px) 100vw, 1024px\" \/><\/figure>\n\n\n\n<figure class=\"wp-block-image size-large\"><img loading=\"lazy\" decoding=\"async\" width=\"1024\" height=\"1024\" data-id=\"10854\" src=\"https:\/\/www.saint-paul-angouleme.fr\/application\/wp-content\/uploads\/2024\/06\/449047349_1108897470876251_5794372545308170708_n-1024x1024.jpg\" alt=\"\" class=\"wp-image-10854\" srcset=\"https:\/\/www.saint-paul-angouleme.fr\/application\/wp-content\/uploads\/2024\/06\/449047349_1108897470876251_5794372545308170708_n-1024x1024.jpg 1024w, https:\/\/www.saint-paul-angouleme.fr\/application\/wp-content\/uploads\/2024\/06\/449047349_1108897470876251_5794372545308170708_n-300x300.jpg 300w, https:\/\/www.saint-paul-angouleme.fr\/application\/wp-content\/uploads\/2024\/06\/449047349_1108897470876251_5794372545308170708_n-150x150.jpg 150w, https:\/\/www.saint-paul-angouleme.fr\/application\/wp-content\/uploads\/2024\/06\/449047349_1108897470876251_5794372545308170708_n-768x768.jpg 768w, https:\/\/www.saint-paul-angouleme.fr\/application\/wp-content\/uploads\/2024\/06\/449047349_1108897470876251_5794372545308170708_n-144x144.jpg 144w, https:\/\/www.saint-paul-angouleme.fr\/application\/wp-content\/uploads\/2024\/06\/449047349_1108897470876251_5794372545308170708_n.jpg 1536w\" sizes=\"(max-width: 1024px) 100vw, 1024px\" \/><\/figure>\n\n\n\n<figure class=\"wp-block-image size-large\"><img loading=\"lazy\" decoding=\"async\" width=\"872\" height=\"1024\" data-id=\"10851\" src=\"https:\/\/www.saint-paul-angouleme.fr\/application\/wp-content\/uploads\/2024\/06\/449067866_1108897394209592_4791717850931905541_n-872x1024.jpg\" alt=\"Les CM2 petit d\u00e9jeunent entre copains\" class=\"wp-image-10851\" srcset=\"https:\/\/www.saint-paul-angouleme.fr\/application\/wp-content\/uploads\/2024\/06\/449067866_1108897394209592_4791717850931905541_n-872x1024.jpg 872w, https:\/\/www.saint-paul-angouleme.fr\/application\/wp-content\/uploads\/2024\/06\/449067866_1108897394209592_4791717850931905541_n-255x300.jpg 255w, https:\/\/www.saint-paul-angouleme.fr\/application\/wp-content\/uploads\/2024\/06\/449067866_1108897394209592_4791717850931905541_n-768x902.jpg 768w, https:\/\/www.saint-paul-angouleme.fr\/application\/wp-content\/uploads\/2024\/06\/449067866_1108897394209592_4791717850931905541_n.jpg 1255w\" sizes=\"(max-width: 872px) 100vw, 872px\" \/><\/figure>\n\n\n\n<figure class=\"wp-block-image size-large\"><img loading=\"lazy\" decoding=\"async\" width=\"768\" height=\"1024\" data-id=\"10856\" src=\"https:\/\/www.saint-paul-angouleme.fr\/application\/wp-content\/uploads\/2024\/06\/449068421_1108897357542929_7777210833936373473_n-1-768x1024.jpg\" alt=\"Petit-d\u00e9jeuner pour les CM2\" class=\"wp-image-10856\" srcset=\"https:\/\/www.saint-paul-angouleme.fr\/application\/wp-content\/uploads\/2024\/06\/449068421_1108897357542929_7777210833936373473_n-1-768x1024.jpg 768w, https:\/\/www.saint-paul-angouleme.fr\/application\/wp-content\/uploads\/2024\/06\/449068421_1108897357542929_7777210833936373473_n-1-225x300.jpg 225w, https:\/\/www.saint-paul-angouleme.fr\/application\/wp-content\/uploads\/2024\/06\/449068421_1108897357542929_7777210833936373473_n-1-1152x1536.jpg 1152w, https:\/\/www.saint-paul-angouleme.fr\/application\/wp-content\/uploads\/2024\/06\/449068421_1108897357542929_7777210833936373473_n-1.jpg 1536w\" sizes=\"(max-width: 768px) 100vw, 768px\" \/><\/figure>\n\n\n\n<figure class=\"wp-block-image size-large\"><img loading=\"lazy\" decoding=\"async\" width=\"768\" height=\"1024\" data-id=\"10853\" src=\"https:\/\/www.saint-paul-angouleme.fr\/application\/wp-content\/uploads\/2024\/06\/449068814_1108897530876245_2895622495584993277_n-768x1024.jpg\" alt=\"Pour un CM2, le r\u00e9fectoire est peu grand...\" class=\"wp-image-10853\" srcset=\"https:\/\/www.saint-paul-angouleme.fr\/application\/wp-content\/uploads\/2024\/06\/449068814_1108897530876245_2895622495584993277_n-768x1024.jpg 768w, https:\/\/www.saint-paul-angouleme.fr\/application\/wp-content\/uploads\/2024\/06\/449068814_1108897530876245_2895622495584993277_n-225x300.jpg 225w, https:\/\/www.saint-paul-angouleme.fr\/application\/wp-content\/uploads\/2024\/06\/449068814_1108897530876245_2895622495584993277_n-1152x1536.jpg 1152w, https:\/\/www.saint-paul-angouleme.fr\/application\/wp-content\/uploads\/2024\/06\/449068814_1108897530876245_2895622495584993277_n.jpg 1536w\" sizes=\"(max-width: 768px) 100vw, 768px\" \/><\/figure>\n<\/figure>\n\n\n\n<p><\/p>\n\n\n<div class=\"wp-block-image\">\n<figure class=\"aligncenter size-large\"><img loading=\"lazy\" decoding=\"async\" width=\"1024\" height=\"768\" src=\"https:\/\/www.saint-paul-angouleme.fr\/application\/wp-content\/uploads\/2024\/06\/449463532_1108897220876276_9062531534969849274_n-1024x768.jpg\" alt=\"2\u00e8me de groupe de CM2 en immersion\" class=\"wp-image-10857\" srcset=\"https:\/\/www.saint-paul-angouleme.fr\/application\/wp-content\/uploads\/2024\/06\/449463532_1108897220876276_9062531534969849274_n-1024x768.jpg 1024w, https:\/\/www.saint-paul-angouleme.fr\/application\/wp-content\/uploads\/2024\/06\/449463532_1108897220876276_9062531534969849274_n-300x225.jpg 300w, https:\/\/www.saint-paul-angouleme.fr\/application\/wp-content\/uploads\/2024\/06\/449463532_1108897220876276_9062531534969849274_n-768x576.jpg 768w, https:\/\/www.saint-paul-angouleme.fr\/application\/wp-content\/uploads\/2024\/06\/449463532_1108897220876276_9062531534969849274_n-1536x1152.jpg 1536w, https:\/\/www.saint-paul-angouleme.fr\/application\/wp-content\/uploads\/2024\/06\/449463532_1108897220876276_9062531534969849274_n.jpg 2048w\" sizes=\"(max-width: 1024px) 100vw, 1024px\" \/><\/figure><\/div>","protected":false},"excerpt":{"rendered":"<p>Les 17 et 18 juin 2024, le coll\u00e8ge Saint-Paul a accueilli des CM2 du R\u00e9seau de l&#8217;Enseignement Catholique. Deux matin\u00e9es pour une immersion totale ! En collaboration avec les \u00e9coles du r\u00e9seau de l\u2019Enseignement Catholique, les \u00e9l\u00e8ves de CM2 participent \u00e0 une matin\u00e9e d&#8217;immersion au sein de notre \u00e9tablissement. Voici le programme : Accueil en &#8230; <a title=\"CM2 : immersion en sixi\u00e8me \u00e0 Saint-Paul\" class=\"read-more\" href=\"https:\/\/www.saint-paul-angouleme.fr\/application\/des-cm2-enthousiastes-pour-leur-immersion-a-saint-paul\/\" aria-label=\"Read more about CM2 : immersion en sixi\u00e8me \u00e0 Saint-Paul\">Lire la suite<\/a><\/p>\n","protected":false},"author":3,"featured_media":10850,"comment_status":"open","ping_status":"open","sticky":false,"template":"","format":"standard","meta":{"_exactmetrics_skip_tracking":false,"_exactmetrics_sitenote_active":false,"_exactmetrics_sitenote_note":"","_exactmetrics_sitenote_category":0,"footnotes":""},"categories":[5,13,523],"tags":[799,203,205,797],"class_list":["post-10847","post","type-post","status-publish","format-standard","has-post-thumbnail","hentry","category-ecole","category-pedagogie","category-regard-sur","tag-cm2-6eme","tag-college","tag-ecole","tag-immersion"],"yoast_head":"<!-- This site is optimized with the Yoast SEO plugin v23.3 - https:\/\/yoast.com\/wordpress\/plugins\/seo\/ -->\n<title>Des CM2 enthousiastes pour leur immersion \u00e0 Saint-Paul<\/title>\n<meta name=\"description\" content=\"Les 17 &amp; 18 juin 2024, Saint-Paul a accueilli des \u00e9l\u00e8ves de CM2 du r\u00e9seau de l&#039;Enseignement Catholique de Charente pour une matin\u00e9e.\" \/>\n<meta name=\"robots\" content=\"index, follow, max-snippet:-1, max-image-preview:large, max-video-preview:-1\" \/>\n<link rel=\"canonical\" href=\"https:\/\/www.saint-paul-angouleme.fr\/application\/des-cm2-enthousiastes-pour-leur-immersion-a-saint-paul\/\" \/>\n<meta property=\"og:locale\" content=\"fr_FR\" \/>\n<meta property=\"og:type\" content=\"article\" \/>\n<meta property=\"og:title\" content=\"Des CM2 enthousiastes pour leur immersion \u00e0 Saint-Paul\" \/>\n<meta property=\"og:description\" content=\"Les 17 &amp; 18 juin 2024, Saint-Paul a accueilli des \u00e9l\u00e8ves de CM2 du r\u00e9seau de l&#039;Enseignement Catholique de Charente pour une matin\u00e9e.\" \/>\n<meta property=\"og:url\" content=\"https:\/\/www.saint-paul-angouleme.fr\/application\/des-cm2-enthousiastes-pour-leur-immersion-a-saint-paul\/\" \/>\n<meta property=\"og:site_name\" content=\"Actualit\u00e9s\" \/>\n<meta property=\"article:publisher\" content=\"https:\/\/www.facebook.com\/SaintPaulAngouleme16\/\" \/>\n<meta property=\"article:published_time\" content=\"2024-06-18T16:04:00+00:00\" \/>\n<meta property=\"article:modified_time\" content=\"2024-06-28T16:06:09+00:00\" \/>\n<meta property=\"og:image\" content=\"https:\/\/www.saint-paul-angouleme.fr\/application\/wp-content\/uploads\/2024\/06\/449491978_1108897420876256_1045126659427893374_n.jpg\" \/>\n\t<meta property=\"og:image:width\" content=\"1536\" \/>\n\t<meta property=\"og:image:height\" content=\"2048\" \/>\n\t<meta property=\"og:image:type\" content=\"image\/jpeg\" \/>\n<meta name=\"author\" content=\"SAINT-PAUL\" \/>\n<meta name=\"twitter:card\" content=\"summary_large_image\" \/>\n<meta name=\"twitter:creator\" content=\"@StPaulAngoulem\" \/>\n<meta name=\"twitter:site\" content=\"@StPaulAngoulem\" \/>\n<meta name=\"twitter:label1\" content=\"\u00c9crit par\" \/>\n\t<meta name=\"twitter:data1\" content=\"SAINT-PAUL\" \/>\n\t<meta name=\"twitter:label2\" content=\"Dur\u00e9e de lecture estim\u00e9e\" \/>\n\t<meta name=\"twitter:data2\" content=\"3 minutes\" \/>\n<script type=\"application\/ld+json\" class=\"yoast-schema-graph\">{\"@context\":\"https:\/\/schema.org\",\"@graph\":[{\"@type\":\"Article\",\"@id\":\"https:\/\/www.saint-paul-angouleme.fr\/application\/des-cm2-enthousiastes-pour-leur-immersion-a-saint-paul\/#article\",\"isPartOf\":{\"@id\":\"https:\/\/www.saint-paul-angouleme.fr\/application\/des-cm2-enthousiastes-pour-leur-immersion-a-saint-paul\/\"},\"author\":{\"name\":\"SAINT-PAUL\",\"@id\":\"https:\/\/www.saint-paul-angouleme.fr\/application\/#\/schema\/person\/ea152930b1a3823659065827b1a5fb9b\"},\"headline\":\"CM2 : immersion en sixi\u00e8me \u00e0 Saint-Paul\",\"datePublished\":\"2024-06-18T16:04:00+00:00\",\"dateModified\":\"2024-06-28T16:06:09+00:00\",\"mainEntityOfPage\":{\"@id\":\"https:\/\/www.saint-paul-angouleme.fr\/application\/des-cm2-enthousiastes-pour-leur-immersion-a-saint-paul\/\"},\"wordCount\":153,\"commentCount\":0,\"publisher\":{\"@id\":\"https:\/\/www.saint-paul-angouleme.fr\/application\/#organization\"},\"image\":{\"@id\":\"https:\/\/www.saint-paul-angouleme.fr\/application\/des-cm2-enthousiastes-pour-leur-immersion-a-saint-paul\/#primaryimage\"},\"thumbnailUrl\":\"https:\/\/www.saint-paul-angouleme.fr\/application\/wp-content\/uploads\/2024\/06\/449491978_1108897420876256_1045126659427893374_n.jpg\",\"keywords\":[\"CM2-6\u00e8me\",\"Coll\u00e8ge\",\"\u00e9cole\",\"Immersion\"],\"articleSection\":[\"Ecole\",\"P\u00e9dagogie\",\"Regard sur\"],\"inLanguage\":\"fr-FR\",\"potentialAction\":[{\"@type\":\"CommentAction\",\"name\":\"Comment\",\"target\":[\"https:\/\/www.saint-paul-angouleme.fr\/application\/des-cm2-enthousiastes-pour-leur-immersion-a-saint-paul\/#respond\"]}]},{\"@type\":\"WebPage\",\"@id\":\"https:\/\/www.saint-paul-angouleme.fr\/application\/des-cm2-enthousiastes-pour-leur-immersion-a-saint-paul\/\",\"url\":\"https:\/\/www.saint-paul-angouleme.fr\/application\/des-cm2-enthousiastes-pour-leur-immersion-a-saint-paul\/\",\"name\":\"Des CM2 enthousiastes pour leur immersion \u00e0 Saint-Paul\",\"isPartOf\":{\"@id\":\"https:\/\/www.saint-paul-angouleme.fr\/application\/#website\"},\"primaryImageOfPage\":{\"@id\":\"https:\/\/www.saint-paul-angouleme.fr\/application\/des-cm2-enthousiastes-pour-leur-immersion-a-saint-paul\/#primaryimage\"},\"image\":{\"@id\":\"https:\/\/www.saint-paul-angouleme.fr\/application\/des-cm2-enthousiastes-pour-leur-immersion-a-saint-paul\/#primaryimage\"},\"thumbnailUrl\":\"https:\/\/www.saint-paul-angouleme.fr\/application\/wp-content\/uploads\/2024\/06\/449491978_1108897420876256_1045126659427893374_n.jpg\",\"datePublished\":\"2024-06-18T16:04:00+00:00\",\"dateModified\":\"2024-06-28T16:06:09+00:00\",\"description\":\"Les 17 & 18 juin 2024, Saint-Paul a accueilli des \u00e9l\u00e8ves de CM2 du r\u00e9seau de l'Enseignement Catholique de Charente pour une matin\u00e9e.\",\"breadcrumb\":{\"@id\":\"https:\/\/www.saint-paul-angouleme.fr\/application\/des-cm2-enthousiastes-pour-leur-immersion-a-saint-paul\/#breadcrumb\"},\"inLanguage\":\"fr-FR\",\"potentialAction\":[{\"@type\":\"ReadAction\",\"target\":[\"https:\/\/www.saint-paul-angouleme.fr\/application\/des-cm2-enthousiastes-pour-leur-immersion-a-saint-paul\/\"]}]},{\"@type\":\"ImageObject\",\"inLanguage\":\"fr-FR\",\"@id\":\"https:\/\/www.saint-paul-angouleme.fr\/application\/des-cm2-enthousiastes-pour-leur-immersion-a-saint-paul\/#primaryimage\",\"url\":\"https:\/\/www.saint-paul-angouleme.fr\/application\/wp-content\/uploads\/2024\/06\/449491978_1108897420876256_1045126659427893374_n.jpg\",\"contentUrl\":\"https:\/\/www.saint-paul-angouleme.fr\/application\/wp-content\/uploads\/2024\/06\/449491978_1108897420876256_1045126659427893374_n.jpg\",\"width\":1536,\"height\":2048},{\"@type\":\"BreadcrumbList\",\"@id\":\"https:\/\/www.saint-paul-angouleme.fr\/application\/des-cm2-enthousiastes-pour-leur-immersion-a-saint-paul\/#breadcrumb\",\"itemListElement\":[{\"@type\":\"ListItem\",\"position\":1,\"name\":\"Accueil\",\"item\":\"http:\/\/www.saint-paul-angouleme.fr\/application\/\"},{\"@type\":\"ListItem\",\"position\":2,\"name\":\"CM2 : immersion en sixi\u00e8me \u00e0 Saint-Paul\"}]},{\"@type\":\"WebSite\",\"@id\":\"https:\/\/www.saint-paul-angouleme.fr\/application\/#website\",\"url\":\"https:\/\/www.saint-paul-angouleme.fr\/application\/\",\"name\":\"Actualit\u00e9s\",\"description\":\"Actualit\u00e9s Saint Paul\",\"publisher\":{\"@id\":\"https:\/\/www.saint-paul-angouleme.fr\/application\/#organization\"},\"potentialAction\":[{\"@type\":\"SearchAction\",\"target\":{\"@type\":\"EntryPoint\",\"urlTemplate\":\"https:\/\/www.saint-paul-angouleme.fr\/application\/?s={search_term_string}\"},\"query-input\":\"required name=search_term_string\"}],\"inLanguage\":\"fr-FR\"},{\"@type\":\"Organization\",\"@id\":\"https:\/\/www.saint-paul-angouleme.fr\/application\/#organization\",\"name\":\"Ensemble scolaire Saint-Paul\",\"url\":\"https:\/\/www.saint-paul-angouleme.fr\/application\/\",\"logo\":{\"@type\":\"ImageObject\",\"inLanguage\":\"fr-FR\",\"@id\":\"https:\/\/www.saint-paul-angouleme.fr\/application\/#\/schema\/logo\/image\/\",\"url\":\"https:\/\/www.saint-paul-angouleme.fr\/application\/wp-content\/uploads\/2018\/08\/logo-saint-paul-couleurs.jpg\",\"contentUrl\":\"https:\/\/www.saint-paul-angouleme.fr\/application\/wp-content\/uploads\/2018\/08\/logo-saint-paul-couleurs.jpg\",\"width\":1890,\"height\":709,\"caption\":\"Ensemble scolaire Saint-Paul\"},\"image\":{\"@id\":\"https:\/\/www.saint-paul-angouleme.fr\/application\/#\/schema\/logo\/image\/\"},\"sameAs\":[\"https:\/\/www.facebook.com\/SaintPaulAngouleme16\/\",\"https:\/\/x.com\/StPaulAngoulem\",\"https:\/\/www.youtube.com\/channel\/UCRLpz1CmPVqc0gn--YyXvjA?view_as=subscriber\"]},{\"@type\":\"Person\",\"@id\":\"https:\/\/www.saint-paul-angouleme.fr\/application\/#\/schema\/person\/ea152930b1a3823659065827b1a5fb9b\",\"name\":\"SAINT-PAUL\",\"image\":{\"@type\":\"ImageObject\",\"inLanguage\":\"fr-FR\",\"@id\":\"https:\/\/www.saint-paul-angouleme.fr\/application\/#\/schema\/person\/image\/\",\"url\":\"https:\/\/secure.gravatar.com\/avatar\/eadb0ffebc02683a61d69038eb2924f0?s=96&r=g\",\"contentUrl\":\"https:\/\/secure.gravatar.com\/avatar\/eadb0ffebc02683a61d69038eb2924f0?s=96&r=g\",\"caption\":\"SAINT-PAUL\"},\"url\":\"https:\/\/www.saint-paul-angouleme.fr\/application\/author\/myriam\/\"}]}<\/script>\n<!-- \/ Yoast SEO plugin. -->","yoast_head_json":{"title":"Des CM2 enthousiastes pour leur immersion \u00e0 Saint-Paul","description":"Les 17 & 18 juin 2024, Saint-Paul a accueilli des \u00e9l\u00e8ves de CM2 du r\u00e9seau de l'Enseignement Catholique de Charente pour une matin\u00e9e.","robots":{"index":"index","follow":"follow","max-snippet":"max-snippet:-1","max-image-preview":"max-image-preview:large","max-video-preview":"max-video-preview:-1"},"canonical":"https:\/\/www.saint-paul-angouleme.fr\/application\/des-cm2-enthousiastes-pour-leur-immersion-a-saint-paul\/","og_locale":"fr_FR","og_type":"article","og_title":"Des CM2 enthousiastes pour leur immersion \u00e0 Saint-Paul","og_description":"Les 17 & 18 juin 2024, Saint-Paul a accueilli des \u00e9l\u00e8ves de CM2 du r\u00e9seau de l'Enseignement Catholique de Charente pour une matin\u00e9e.","og_url":"https:\/\/www.saint-paul-angouleme.fr\/application\/des-cm2-enthousiastes-pour-leur-immersion-a-saint-paul\/","og_site_name":"Actualit\u00e9s","article_publisher":"https:\/\/www.facebook.com\/SaintPaulAngouleme16\/","article_published_time":"2024-06-18T16:04:00+00:00","article_modified_time":"2024-06-28T16:06:09+00:00","og_image":[{"width":1536,"height":2048,"url":"https:\/\/www.saint-paul-angouleme.fr\/application\/wp-content\/uploads\/2024\/06\/449491978_1108897420876256_1045126659427893374_n.jpg","type":"image\/jpeg"}],"author":"SAINT-PAUL","twitter_card":"summary_large_image","twitter_creator":"@StPaulAngoulem","twitter_site":"@StPaulAngoulem","twitter_misc":{"\u00c9crit par":"SAINT-PAUL","Dur\u00e9e de lecture estim\u00e9e":"3 minutes"},"schema":{"@context":"https:\/\/schema.org","@graph":[{"@type":"Article","@id":"https:\/\/www.saint-paul-angouleme.fr\/application\/des-cm2-enthousiastes-pour-leur-immersion-a-saint-paul\/#article","isPartOf":{"@id":"https:\/\/www.saint-paul-angouleme.fr\/application\/des-cm2-enthousiastes-pour-leur-immersion-a-saint-paul\/"},"author":{"name":"SAINT-PAUL","@id":"https:\/\/www.saint-paul-angouleme.fr\/application\/#\/schema\/person\/ea152930b1a3823659065827b1a5fb9b"},"headline":"CM2 : immersion en sixi\u00e8me \u00e0 Saint-Paul","datePublished":"2024-06-18T16:04:00+00:00","dateModified":"2024-06-28T16:06:09+00:00","mainEntityOfPage":{"@id":"https:\/\/www.saint-paul-angouleme.fr\/application\/des-cm2-enthousiastes-pour-leur-immersion-a-saint-paul\/"},"wordCount":153,"commentCount":0,"publisher":{"@id":"https:\/\/www.saint-paul-angouleme.fr\/application\/#organization"},"image":{"@id":"https:\/\/www.saint-paul-angouleme.fr\/application\/des-cm2-enthousiastes-pour-leur-immersion-a-saint-paul\/#primaryimage"},"thumbnailUrl":"https:\/\/www.saint-paul-angouleme.fr\/application\/wp-content\/uploads\/2024\/06\/449491978_1108897420876256_1045126659427893374_n.jpg","keywords":["CM2-6\u00e8me","Coll\u00e8ge","\u00e9cole","Immersion"],"articleSection":["Ecole","P\u00e9dagogie","Regard sur"],"inLanguage":"fr-FR","potentialAction":[{"@type":"CommentAction","name":"Comment","target":["https:\/\/www.saint-paul-angouleme.fr\/application\/des-cm2-enthousiastes-pour-leur-immersion-a-saint-paul\/#respond"]}]},{"@type":"WebPage","@id":"https:\/\/www.saint-paul-angouleme.fr\/application\/des-cm2-enthousiastes-pour-leur-immersion-a-saint-paul\/","url":"https:\/\/www.saint-paul-angouleme.fr\/application\/des-cm2-enthousiastes-pour-leur-immersion-a-saint-paul\/","name":"Des CM2 enthousiastes pour leur immersion \u00e0 Saint-Paul","isPartOf":{"@id":"https:\/\/www.saint-paul-angouleme.fr\/application\/#website"},"primaryImageOfPage":{"@id":"https:\/\/www.saint-paul-angouleme.fr\/application\/des-cm2-enthousiastes-pour-leur-immersion-a-saint-paul\/#primaryimage"},"image":{"@id":"https:\/\/www.saint-paul-angouleme.fr\/application\/des-cm2-enthousiastes-pour-leur-immersion-a-saint-paul\/#primaryimage"},"thumbnailUrl":"https:\/\/www.saint-paul-angouleme.fr\/application\/wp-content\/uploads\/2024\/06\/449491978_1108897420876256_1045126659427893374_n.jpg","datePublished":"2024-06-18T16:04:00+00:00","dateModified":"2024-06-28T16:06:09+00:00","description":"Les 17 & 18 juin 2024, Saint-Paul a accueilli des \u00e9l\u00e8ves de CM2 du r\u00e9seau de l'Enseignement Catholique de Charente pour une matin\u00e9e.","breadcrumb":{"@id":"https:\/\/www.saint-paul-angouleme.fr\/application\/des-cm2-enthousiastes-pour-leur-immersion-a-saint-paul\/#breadcrumb"},"inLanguage":"fr-FR","potentialAction":[{"@type":"ReadAction","target":["https:\/\/www.saint-paul-angouleme.fr\/application\/des-cm2-enthousiastes-pour-leur-immersion-a-saint-paul\/"]}]},{"@type":"ImageObject","inLanguage":"fr-FR","@id":"https:\/\/www.saint-paul-angouleme.fr\/application\/des-cm2-enthousiastes-pour-leur-immersion-a-saint-paul\/#primaryimage","url":"https:\/\/www.saint-paul-angouleme.fr\/application\/wp-content\/uploads\/2024\/06\/449491978_1108897420876256_1045126659427893374_n.jpg","contentUrl":"https:\/\/www.saint-paul-angouleme.fr\/application\/wp-content\/uploads\/2024\/06\/449491978_1108897420876256_1045126659427893374_n.jpg","width":1536,"height":2048},{"@type":"BreadcrumbList","@id":"https:\/\/www.saint-paul-angouleme.fr\/application\/des-cm2-enthousiastes-pour-leur-immersion-a-saint-paul\/#breadcrumb","itemListElement":[{"@type":"ListItem","position":1,"name":"Accueil","item":"http:\/\/www.saint-paul-angouleme.fr\/application\/"},{"@type":"ListItem","position":2,"name":"CM2 : immersion en sixi\u00e8me \u00e0 Saint-Paul"}]},{"@type":"WebSite","@id":"https:\/\/www.saint-paul-angouleme.fr\/application\/#website","url":"https:\/\/www.saint-paul-angouleme.fr\/application\/","name":"Actualit\u00e9s","description":"Actualit\u00e9s Saint Paul","publisher":{"@id":"https:\/\/www.saint-paul-angouleme.fr\/application\/#organization"},"potentialAction":[{"@type":"SearchAction","target":{"@type":"EntryPoint","urlTemplate":"https:\/\/www.saint-paul-angouleme.fr\/application\/?s={search_term_string}"},"query-input":"required name=search_term_string"}],"inLanguage":"fr-FR"},{"@type":"Organization","@id":"https:\/\/www.saint-paul-angouleme.fr\/application\/#organization","name":"Ensemble scolaire Saint-Paul","url":"https:\/\/www.saint-paul-angouleme.fr\/application\/","logo":{"@type":"ImageObject","inLanguage":"fr-FR","@id":"https:\/\/www.saint-paul-angouleme.fr\/application\/#\/schema\/logo\/image\/","url":"https:\/\/www.saint-paul-angouleme.fr\/application\/wp-content\/uploads\/2018\/08\/logo-saint-paul-couleurs.jpg","contentUrl":"https:\/\/www.saint-paul-angouleme.fr\/application\/wp-content\/uploads\/2018\/08\/logo-saint-paul-couleurs.jpg","width":1890,"height":709,"caption":"Ensemble scolaire Saint-Paul"},"image":{"@id":"https:\/\/www.saint-paul-angouleme.fr\/application\/#\/schema\/logo\/image\/"},"sameAs":["https:\/\/www.facebook.com\/SaintPaulAngouleme16\/","https:\/\/x.com\/StPaulAngoulem","https:\/\/www.youtube.com\/channel\/UCRLpz1CmPVqc0gn--YyXvjA?view_as=subscriber"]},{"@type":"Person","@id":"https:\/\/www.saint-paul-angouleme.fr\/application\/#\/schema\/person\/ea152930b1a3823659065827b1a5fb9b","name":"SAINT-PAUL","image":{"@type":"ImageObject","inLanguage":"fr-FR","@id":"https:\/\/www.saint-paul-angouleme.fr\/application\/#\/schema\/person\/image\/","url":"https:\/\/secure.gravatar.com\/avatar\/eadb0ffebc02683a61d69038eb2924f0?s=96&r=g","contentUrl":"https:\/\/secure.gravatar.com\/avatar\/eadb0ffebc02683a61d69038eb2924f0?s=96&r=g","caption":"SAINT-PAUL"},"url":"https:\/\/www.saint-paul-angouleme.fr\/application\/author\/myriam\/"}]}},"_links":{"self":[{"href":"https:\/\/www.saint-paul-angouleme.fr\/application\/wp-json\/wp\/v2\/posts\/10847"}],"collection":[{"href":"https:\/\/www.saint-paul-angouleme.fr\/application\/wp-json\/wp\/v2\/posts"}],"about":[{"href":"https:\/\/www.saint-paul-angouleme.fr\/application\/wp-json\/wp\/v2\/types\/post"}],"author":[{"embeddable":true,"href":"https:\/\/www.saint-paul-angouleme.fr\/application\/wp-json\/wp\/v2\/users\/3"}],"replies":[{"embeddable":true,"href":"https:\/\/www.saint-paul-angouleme.fr\/application\/wp-json\/wp\/v2\/comments?post=10847"}],"version-history":[{"count":7,"href":"https:\/\/www.saint-paul-angouleme.fr\/application\/wp-json\/wp\/v2\/posts\/10847\/revisions"}],"predecessor-version":[{"id":10863,"href":"https:\/\/www.saint-paul-angouleme.fr\/application\/wp-json\/wp\/v2\/posts\/10847\/revisions\/10863"}],"wp:featuredmedia":[{"embeddable":true,"href":"https:\/\/www.saint-paul-angouleme.fr\/application\/wp-json\/wp\/v2\/media\/10850"}],"wp:attachment":[{"href":"https:\/\/www.saint-paul-angouleme.fr\/application\/wp-json\/wp\/v2\/media?parent=10847"}],"wp:term":[{"taxonomy":"category","embeddable":true,"href":"https:\/\/www.saint-paul-angouleme.fr\/application\/wp-json\/wp\/v2\/categories?post=10847"},{"taxonomy":"post_tag","embeddable":true,"href":"https:\/\/www.saint-paul-angouleme.fr\/application\/wp-json\/wp\/v2\/tags?post=10847"}],"curies":[{"name":"wp","href":"https:\/\/api.w.org\/{rel}","templated":true}]}}