{"id":105,"date":"2016-12-16T09:51:01","date_gmt":"2016-12-16T08:51:01","guid":{"rendered":"http:\/\/www.saint-paul-angouleme.fr\/application\/?p=105"},"modified":"2017-02-15T17:02:08","modified_gmt":"2017-02-15T16:02:08","slug":"la-charente-evalue-ses-colleges-article-cl-du-16122016","status":"publish","type":"post","link":"https:\/\/www.saint-paul-angouleme.fr\/application\/la-charente-evalue-ses-colleges-article-cl-du-16122016\/","title":{"rendered":"&#8220;La Charente \u00e9value ses coll\u00e8ges&#8221; (article CL du 16\/12\/2016)"},"content":{"rendered":"<p style=\"text-align: justify;\"><span style=\"color: #333333; font-family: trebuchet ms,geneva,sans-serif; font-size: 16px;\">Charente Libre fait le point sur la situation des coll\u00e8ges de Charente et leur avenir. Il souligne la situation pr\u00e9occupante des plus petits \u00e9tablissements.<\/span><\/p>\n<p style=\"text-align: justify;\"><span style=\"color: #333333; font-family: trebuchet ms,geneva,sans-serif; font-size: 16px;\">Le comparatif effectifs \/ taux de r\u00e9ussite au Dipl\u00f4me National du Brevet fait appara\u00eetre que St Paul est le coll\u00e8ge le plus important du d\u00e9partement avec aussi un fort taux de r\u00e9ussite au DNB (3\u00e8me position avec 95,68 %).<\/span><\/p>\n<p><a href=\"http:\/\/www.saint-paul-angouleme.fr\/application\/wp-content\/uploads\/2017\/02\/La-Charente-\u00e9value-ses-coll\u00e8ges-CL-16-dec-2016.pdf\" target=\"_blank\">&#8216;La Charente \u00e9value ses coll\u00e8ges&#8217; CL 16 dec. 2016<\/a><\/p>\n<pre><code><iframe src=\"\/\/docs.google.com\/viewer?url=http%3A%2F%2Fwww.saint-paul-angouleme.fr%2Fapplication%2Fwp-content%2Fuploads%2F2017%2F02%2FLa-Charente-%C3%A9value-ses-coll%C3%A8ges-CL-16-dec-2016.pdf&hl=fr&embedded=true\" class=\"gde-frame\" style=\"width:100%; height:450px; border: none;\" scrolling=\"no\"><\/iframe>\n<p class=\"gde-text\"><a href=\"http:\/\/www.saint-paul-angouleme.fr\/application\/wp-content\/uploads\/2017\/02\/La-Charente-\u00e9value-ses-coll\u00e8ges-CL-16-dec-2016.pdf\" class=\"gde-link\">T\u00e9l\u00e9charger (PDF, 2.26MB)<\/a><\/p><\/code><\/pre>\n","protected":false},"excerpt":{"rendered":"<p>Charente Libre fait le point sur la situation des coll\u00e8ges de Charente et leur avenir. Il souligne la situation pr\u00e9occupante des plus petits \u00e9tablissements. Le comparatif effectifs \/ taux de r\u00e9ussite au Dipl\u00f4me National du Brevet fait appara\u00eetre que St Paul est le coll\u00e8ge le plus important du d\u00e9partement avec aussi un fort taux de &#8230; <a title=\"&#8220;La Charente \u00e9value ses coll\u00e8ges&#8221; (article CL du 16\/12\/2016)\" class=\"read-more\" href=\"https:\/\/www.saint-paul-angouleme.fr\/application\/la-charente-evalue-ses-colleges-article-cl-du-16122016\/\" aria-label=\"Read more about &#8220;La Charente \u00e9value ses coll\u00e8ges&#8221; (article CL du 16\/12\/2016)\">Lire la suite<\/a><\/p>\n","protected":false},"author":3,"featured_media":0,"comment_status":"open","ping_status":"open","sticky":false,"template":"","format":"image","meta":{"_exactmetrics_skip_tracking":false,"_exactmetrics_sitenote_active":false,"_exactmetrics_sitenote_note":"","_exactmetrics_sitenote_category":0,"footnotes":""},"categories":[3],"tags":[],"class_list":["post-105","post","type-post","status-publish","format-image","hentry","category-revue-de-presse","post_format-post-format-image"],"yoast_head":"<!-- This site is optimized with the Yoast SEO plugin v23.3 - https:\/\/yoast.com\/wordpress\/plugins\/seo\/ -->\n<title>&quot;La Charente \u00e9value ses coll\u00e8ges&quot; (article CL du 16\/12\/2016) - Actualit\u00e9s<\/title>\n<meta name=\"robots\" content=\"index, follow, max-snippet:-1, max-image-preview:large, max-video-preview:-1\" \/>\n<link rel=\"canonical\" href=\"https:\/\/www.saint-paul-angouleme.fr\/application\/la-charente-evalue-ses-colleges-article-cl-du-16122016\/\" \/>\n<meta property=\"og:locale\" content=\"fr_FR\" \/>\n<meta property=\"og:type\" content=\"article\" \/>\n<meta property=\"og:title\" content=\"&quot;La Charente \u00e9value ses coll\u00e8ges&quot; (article CL du 16\/12\/2016) - Actualit\u00e9s\" \/>\n<meta property=\"og:description\" content=\"Charente Libre fait le point sur la situation des coll\u00e8ges de Charente et leur avenir. Il souligne la situation pr\u00e9occupante des plus petits \u00e9tablissements. Le comparatif effectifs \/ taux de r\u00e9ussite au Dipl\u00f4me National du Brevet fait appara\u00eetre que St Paul est le coll\u00e8ge le plus important du d\u00e9partement avec aussi un fort taux de ... Lire la suite\" \/>\n<meta property=\"og:url\" content=\"https:\/\/www.saint-paul-angouleme.fr\/application\/la-charente-evalue-ses-colleges-article-cl-du-16122016\/\" \/>\n<meta property=\"og:site_name\" content=\"Actualit\u00e9s\" \/>\n<meta property=\"article:publisher\" content=\"https:\/\/www.facebook.com\/SaintPaulAngouleme16\/\" \/>\n<meta property=\"article:published_time\" content=\"2016-12-16T08:51:01+00:00\" \/>\n<meta property=\"article:modified_time\" content=\"2017-02-15T16:02:08+00:00\" \/>\n<meta name=\"author\" content=\"SAINT-PAUL\" \/>\n<meta name=\"twitter:card\" content=\"summary_large_image\" \/>\n<meta name=\"twitter:creator\" content=\"@StPaulAngoulem\" \/>\n<meta name=\"twitter:site\" content=\"@StPaulAngoulem\" \/>\n<meta name=\"twitter:label1\" content=\"\u00c9crit par\" \/>\n\t<meta name=\"twitter:data1\" content=\"SAINT-PAUL\" \/>\n<script type=\"application\/ld+json\" class=\"yoast-schema-graph\">{\"@context\":\"https:\/\/schema.org\",\"@graph\":[{\"@type\":\"Article\",\"@id\":\"https:\/\/www.saint-paul-angouleme.fr\/application\/la-charente-evalue-ses-colleges-article-cl-du-16122016\/#article\",\"isPartOf\":{\"@id\":\"https:\/\/www.saint-paul-angouleme.fr\/application\/la-charente-evalue-ses-colleges-article-cl-du-16122016\/\"},\"author\":{\"name\":\"SAINT-PAUL\",\"@id\":\"https:\/\/www.saint-paul-angouleme.fr\/application\/#\/schema\/person\/ea152930b1a3823659065827b1a5fb9b\"},\"headline\":\"&#8220;La Charente \u00e9value ses coll\u00e8ges&#8221; (article CL du 16\/12\/2016)\",\"datePublished\":\"2016-12-16T08:51:01+00:00\",\"dateModified\":\"2017-02-15T16:02:08+00:00\",\"mainEntityOfPage\":{\"@id\":\"https:\/\/www.saint-paul-angouleme.fr\/application\/la-charente-evalue-ses-colleges-article-cl-du-16122016\/\"},\"wordCount\":85,\"commentCount\":0,\"publisher\":{\"@id\":\"https:\/\/www.saint-paul-angouleme.fr\/application\/#organization\"},\"articleSection\":[\"Revue de presse\"],\"inLanguage\":\"fr-FR\",\"potentialAction\":[{\"@type\":\"CommentAction\",\"name\":\"Comment\",\"target\":[\"https:\/\/www.saint-paul-angouleme.fr\/application\/la-charente-evalue-ses-colleges-article-cl-du-16122016\/#respond\"]}]},{\"@type\":\"WebPage\",\"@id\":\"https:\/\/www.saint-paul-angouleme.fr\/application\/la-charente-evalue-ses-colleges-article-cl-du-16122016\/\",\"url\":\"https:\/\/www.saint-paul-angouleme.fr\/application\/la-charente-evalue-ses-colleges-article-cl-du-16122016\/\",\"name\":\"\\\"La Charente \u00e9value ses coll\u00e8ges\\\" (article CL du 16\/12\/2016) - Actualit\u00e9s\",\"isPartOf\":{\"@id\":\"https:\/\/www.saint-paul-angouleme.fr\/application\/#website\"},\"datePublished\":\"2016-12-16T08:51:01+00:00\",\"dateModified\":\"2017-02-15T16:02:08+00:00\",\"breadcrumb\":{\"@id\":\"https:\/\/www.saint-paul-angouleme.fr\/application\/la-charente-evalue-ses-colleges-article-cl-du-16122016\/#breadcrumb\"},\"inLanguage\":\"fr-FR\",\"potentialAction\":[{\"@type\":\"ReadAction\",\"target\":[\"https:\/\/www.saint-paul-angouleme.fr\/application\/la-charente-evalue-ses-colleges-article-cl-du-16122016\/\"]}]},{\"@type\":\"BreadcrumbList\",\"@id\":\"https:\/\/www.saint-paul-angouleme.fr\/application\/la-charente-evalue-ses-colleges-article-cl-du-16122016\/#breadcrumb\",\"itemListElement\":[{\"@type\":\"ListItem\",\"position\":1,\"name\":\"Accueil\",\"item\":\"http:\/\/www.saint-paul-angouleme.fr\/application\/\"},{\"@type\":\"ListItem\",\"position\":2,\"name\":\"&#8220;La Charente \u00e9value ses coll\u00e8ges&#8221; (article CL du 16\/12\/2016)\"}]},{\"@type\":\"WebSite\",\"@id\":\"https:\/\/www.saint-paul-angouleme.fr\/application\/#website\",\"url\":\"https:\/\/www.saint-paul-angouleme.fr\/application\/\",\"name\":\"Actualit\u00e9s\",\"description\":\"Actualit\u00e9s Saint Paul\",\"publisher\":{\"@id\":\"https:\/\/www.saint-paul-angouleme.fr\/application\/#organization\"},\"potentialAction\":[{\"@type\":\"SearchAction\",\"target\":{\"@type\":\"EntryPoint\",\"urlTemplate\":\"https:\/\/www.saint-paul-angouleme.fr\/application\/?s={search_term_string}\"},\"query-input\":\"required name=search_term_string\"}],\"inLanguage\":\"fr-FR\"},{\"@type\":\"Organization\",\"@id\":\"https:\/\/www.saint-paul-angouleme.fr\/application\/#organization\",\"name\":\"Ensemble scolaire Saint-Paul\",\"url\":\"https:\/\/www.saint-paul-angouleme.fr\/application\/\",\"logo\":{\"@type\":\"ImageObject\",\"inLanguage\":\"fr-FR\",\"@id\":\"https:\/\/www.saint-paul-angouleme.fr\/application\/#\/schema\/logo\/image\/\",\"url\":\"https:\/\/www.saint-paul-angouleme.fr\/application\/wp-content\/uploads\/2018\/08\/logo-saint-paul-couleurs.jpg\",\"contentUrl\":\"https:\/\/www.saint-paul-angouleme.fr\/application\/wp-content\/uploads\/2018\/08\/logo-saint-paul-couleurs.jpg\",\"width\":1890,\"height\":709,\"caption\":\"Ensemble scolaire Saint-Paul\"},\"image\":{\"@id\":\"https:\/\/www.saint-paul-angouleme.fr\/application\/#\/schema\/logo\/image\/\"},\"sameAs\":[\"https:\/\/www.facebook.com\/SaintPaulAngouleme16\/\",\"https:\/\/x.com\/StPaulAngoulem\",\"https:\/\/www.youtube.com\/channel\/UCRLpz1CmPVqc0gn--YyXvjA?view_as=subscriber\"]},{\"@type\":\"Person\",\"@id\":\"https:\/\/www.saint-paul-angouleme.fr\/application\/#\/schema\/person\/ea152930b1a3823659065827b1a5fb9b\",\"name\":\"SAINT-PAUL\",\"image\":{\"@type\":\"ImageObject\",\"inLanguage\":\"fr-FR\",\"@id\":\"https:\/\/www.saint-paul-angouleme.fr\/application\/#\/schema\/person\/image\/\",\"url\":\"https:\/\/secure.gravatar.com\/avatar\/eadb0ffebc02683a61d69038eb2924f0?s=96&r=g\",\"contentUrl\":\"https:\/\/secure.gravatar.com\/avatar\/eadb0ffebc02683a61d69038eb2924f0?s=96&r=g\",\"caption\":\"SAINT-PAUL\"},\"url\":\"https:\/\/www.saint-paul-angouleme.fr\/application\/author\/myriam\/\"}]}<\/script>\n<!-- \/ Yoast SEO plugin. -->","yoast_head_json":{"title":"\"La Charente \u00e9value ses coll\u00e8ges\" (article CL du 16\/12\/2016) - Actualit\u00e9s","robots":{"index":"index","follow":"follow","max-snippet":"max-snippet:-1","max-image-preview":"max-image-preview:large","max-video-preview":"max-video-preview:-1"},"canonical":"https:\/\/www.saint-paul-angouleme.fr\/application\/la-charente-evalue-ses-colleges-article-cl-du-16122016\/","og_locale":"fr_FR","og_type":"article","og_title":"\"La Charente \u00e9value ses coll\u00e8ges\" (article CL du 16\/12\/2016) - Actualit\u00e9s","og_description":"Charente Libre fait le point sur la situation des coll\u00e8ges de Charente et leur avenir. Il souligne la situation pr\u00e9occupante des plus petits \u00e9tablissements. Le comparatif effectifs \/ taux de r\u00e9ussite au Dipl\u00f4me National du Brevet fait appara\u00eetre que St Paul est le coll\u00e8ge le plus important du d\u00e9partement avec aussi un fort taux de ... Lire la suite","og_url":"https:\/\/www.saint-paul-angouleme.fr\/application\/la-charente-evalue-ses-colleges-article-cl-du-16122016\/","og_site_name":"Actualit\u00e9s","article_publisher":"https:\/\/www.facebook.com\/SaintPaulAngouleme16\/","article_published_time":"2016-12-16T08:51:01+00:00","article_modified_time":"2017-02-15T16:02:08+00:00","author":"SAINT-PAUL","twitter_card":"summary_large_image","twitter_creator":"@StPaulAngoulem","twitter_site":"@StPaulAngoulem","twitter_misc":{"\u00c9crit par":"SAINT-PAUL"},"schema":{"@context":"https:\/\/schema.org","@graph":[{"@type":"Article","@id":"https:\/\/www.saint-paul-angouleme.fr\/application\/la-charente-evalue-ses-colleges-article-cl-du-16122016\/#article","isPartOf":{"@id":"https:\/\/www.saint-paul-angouleme.fr\/application\/la-charente-evalue-ses-colleges-article-cl-du-16122016\/"},"author":{"name":"SAINT-PAUL","@id":"https:\/\/www.saint-paul-angouleme.fr\/application\/#\/schema\/person\/ea152930b1a3823659065827b1a5fb9b"},"headline":"&#8220;La Charente \u00e9value ses coll\u00e8ges&#8221; (article CL du 16\/12\/2016)","datePublished":"2016-12-16T08:51:01+00:00","dateModified":"2017-02-15T16:02:08+00:00","mainEntityOfPage":{"@id":"https:\/\/www.saint-paul-angouleme.fr\/application\/la-charente-evalue-ses-colleges-article-cl-du-16122016\/"},"wordCount":85,"commentCount":0,"publisher":{"@id":"https:\/\/www.saint-paul-angouleme.fr\/application\/#organization"},"articleSection":["Revue de presse"],"inLanguage":"fr-FR","potentialAction":[{"@type":"CommentAction","name":"Comment","target":["https:\/\/www.saint-paul-angouleme.fr\/application\/la-charente-evalue-ses-colleges-article-cl-du-16122016\/#respond"]}]},{"@type":"WebPage","@id":"https:\/\/www.saint-paul-angouleme.fr\/application\/la-charente-evalue-ses-colleges-article-cl-du-16122016\/","url":"https:\/\/www.saint-paul-angouleme.fr\/application\/la-charente-evalue-ses-colleges-article-cl-du-16122016\/","name":"\"La Charente \u00e9value ses coll\u00e8ges\" (article CL du 16\/12\/2016) - Actualit\u00e9s","isPartOf":{"@id":"https:\/\/www.saint-paul-angouleme.fr\/application\/#website"},"datePublished":"2016-12-16T08:51:01+00:00","dateModified":"2017-02-15T16:02:08+00:00","breadcrumb":{"@id":"https:\/\/www.saint-paul-angouleme.fr\/application\/la-charente-evalue-ses-colleges-article-cl-du-16122016\/#breadcrumb"},"inLanguage":"fr-FR","potentialAction":[{"@type":"ReadAction","target":["https:\/\/www.saint-paul-angouleme.fr\/application\/la-charente-evalue-ses-colleges-article-cl-du-16122016\/"]}]},{"@type":"BreadcrumbList","@id":"https:\/\/www.saint-paul-angouleme.fr\/application\/la-charente-evalue-ses-colleges-article-cl-du-16122016\/#breadcrumb","itemListElement":[{"@type":"ListItem","position":1,"name":"Accueil","item":"http:\/\/www.saint-paul-angouleme.fr\/application\/"},{"@type":"ListItem","position":2,"name":"&#8220;La Charente \u00e9value ses coll\u00e8ges&#8221; (article CL du 16\/12\/2016)"}]},{"@type":"WebSite","@id":"https:\/\/www.saint-paul-angouleme.fr\/application\/#website","url":"https:\/\/www.saint-paul-angouleme.fr\/application\/","name":"Actualit\u00e9s","description":"Actualit\u00e9s Saint Paul","publisher":{"@id":"https:\/\/www.saint-paul-angouleme.fr\/application\/#organization"},"potentialAction":[{"@type":"SearchAction","target":{"@type":"EntryPoint","urlTemplate":"https:\/\/www.saint-paul-angouleme.fr\/application\/?s={search_term_string}"},"query-input":"required name=search_term_string"}],"inLanguage":"fr-FR"},{"@type":"Organization","@id":"https:\/\/www.saint-paul-angouleme.fr\/application\/#organization","name":"Ensemble scolaire Saint-Paul","url":"https:\/\/www.saint-paul-angouleme.fr\/application\/","logo":{"@type":"ImageObject","inLanguage":"fr-FR","@id":"https:\/\/www.saint-paul-angouleme.fr\/application\/#\/schema\/logo\/image\/","url":"https:\/\/www.saint-paul-angouleme.fr\/application\/wp-content\/uploads\/2018\/08\/logo-saint-paul-couleurs.jpg","contentUrl":"https:\/\/www.saint-paul-angouleme.fr\/application\/wp-content\/uploads\/2018\/08\/logo-saint-paul-couleurs.jpg","width":1890,"height":709,"caption":"Ensemble scolaire Saint-Paul"},"image":{"@id":"https:\/\/www.saint-paul-angouleme.fr\/application\/#\/schema\/logo\/image\/"},"sameAs":["https:\/\/www.facebook.com\/SaintPaulAngouleme16\/","https:\/\/x.com\/StPaulAngoulem","https:\/\/www.youtube.com\/channel\/UCRLpz1CmPVqc0gn--YyXvjA?view_as=subscriber"]},{"@type":"Person","@id":"https:\/\/www.saint-paul-angouleme.fr\/application\/#\/schema\/person\/ea152930b1a3823659065827b1a5fb9b","name":"SAINT-PAUL","image":{"@type":"ImageObject","inLanguage":"fr-FR","@id":"https:\/\/www.saint-paul-angouleme.fr\/application\/#\/schema\/person\/image\/","url":"https:\/\/secure.gravatar.com\/avatar\/eadb0ffebc02683a61d69038eb2924f0?s=96&r=g","contentUrl":"https:\/\/secure.gravatar.com\/avatar\/eadb0ffebc02683a61d69038eb2924f0?s=96&r=g","caption":"SAINT-PAUL"},"url":"https:\/\/www.saint-paul-angouleme.fr\/application\/author\/myriam\/"}]}},"_links":{"self":[{"href":"https:\/\/www.saint-paul-angouleme.fr\/application\/wp-json\/wp\/v2\/posts\/105"}],"collection":[{"href":"https:\/\/www.saint-paul-angouleme.fr\/application\/wp-json\/wp\/v2\/posts"}],"about":[{"href":"https:\/\/www.saint-paul-angouleme.fr\/application\/wp-json\/wp\/v2\/types\/post"}],"author":[{"embeddable":true,"href":"https:\/\/www.saint-paul-angouleme.fr\/application\/wp-json\/wp\/v2\/users\/3"}],"replies":[{"embeddable":true,"href":"https:\/\/www.saint-paul-angouleme.fr\/application\/wp-json\/wp\/v2\/comments?post=105"}],"version-history":[{"count":11,"href":"https:\/\/www.saint-paul-angouleme.fr\/application\/wp-json\/wp\/v2\/posts\/105\/revisions"}],"predecessor-version":[{"id":125,"href":"https:\/\/www.saint-paul-angouleme.fr\/application\/wp-json\/wp\/v2\/posts\/105\/revisions\/125"}],"wp:attachment":[{"href":"https:\/\/www.saint-paul-angouleme.fr\/application\/wp-json\/wp\/v2\/media?parent=105"}],"wp:term":[{"taxonomy":"category","embeddable":true,"href":"https:\/\/www.saint-paul-angouleme.fr\/application\/wp-json\/wp\/v2\/categories?post=105"},{"taxonomy":"post_tag","embeddable":true,"href":"https:\/\/www.saint-paul-angouleme.fr\/application\/wp-json\/wp\/v2\/tags?post=105"}],"curies":[{"name":"wp","href":"https:\/\/api.w.org\/{rel}","templated":true}]}}